{"id":54311,"date":"2020-04-15T23:00:23","date_gmt":"2020-04-16T04:00:23","guid":{"rendered":"http:\/\/www.lospoliticosveracruz.com.mx\/?p=54311"},"modified":"2020-04-15T17:38:54","modified_gmt":"2020-04-15T22:38:54","slug":"hombre-lobo-o-coronavirus","status":"publish","type":"post","link":"https:\/\/lospoliticosveracruz.com\/?p=54311","title":{"rendered":"Hombre Lobo o Coronavirus"},"content":{"rendered":"<p><strong>Salvador Mu\u00f1oz<\/strong><\/p>\n<p><em>Los Pol\u00edticos\u00a0<\/em><\/p>\n<p><span style=\"font-weight: 400;\">Un \u201cHombre Lobo\u201d tiene en jaque a algunos poblados de Chiapas, como Coita, Ocozocoautla y Ocuilapa de Ju\u00e1rez\u2026 dicen que le tienen m\u00e1s miedo a este fen\u00f3meno que al Coronavirus\u2026<\/span><\/p>\n<p><span style=\"font-weight: 400;\">All\u00e1 por 1987-88, en Orizaba, empez\u00f3 a circular la especie de que hab\u00eda un Hombre Lobo. Bachilleres que gustaban de tomar la guitarra y llevar serenatas, transit\u00e1bamos por varias calles de la Pluviosilla con singular alegr\u00eda hasta que las guitarras se iban haciendo menos conforme pas\u00e1bamos por la casa de los integrantes y al final, s\u00f3lo qued\u00e1bamos dos: Melquiades y yo, quienes ten\u00edamos que cruzar la Alameda y la Estaci\u00f3n del Tren. \u00a1Se los juro que habl\u00e1bamos de cualquier cosa, menos de Hombres Lobo! pero bastaba cualquier pinche ruidito para que camin\u00e1ramos m\u00e1s aprisa y nuestro andar casi se convirtiera en carrera\u2026<\/span><\/p>\n<p><span style=\"font-weight: 400;\">Dice la Mujer que ac\u00e1 en Xalapa, ella o\u00eda la versi\u00f3n de una Loba en el cerro del Macuilt\u00e9petl, pero no tiene muchos datos porque ella era una ni\u00f1a no mayor de doce a\u00f1os. Por cierto, por esas fechas, se aproximaban las elecciones\u2026 s\u00ed, no hab\u00eda coronavirus, pero s\u00ed elecciones\u2026<\/span><\/p>\n<p><span style=\"font-weight: 400;\">Le digo a la Mujer que el cerebro trabaja de una forma muy canija m\u00e1s cuando se dan esta clase de rumores\u2026 no importaba que no creyera en esa leyenda urbana, era suficiente que mi subconsciente se activara para que una vez que dejara a Melquiades en la puerta de su vecindario, corriera raudo y veloz dos cuadras y cacho hasta llegar a la puerta de mi casa\u2026<\/span><\/p>\n<p><span style=\"font-weight: 400;\">Hoy no tenemos Hombres Lobo en Xalapa\u2026 pero s\u00ed cinco casos positivos de Coronavirus (hasta el martes por la noche)&#8230; en lo particular, realmente no le tengo miedo a la pandemia pero d\u00edgame, expl\u00edqueme, h\u00e1game entender el porqu\u00e9 si en la calle, alguien estornuda con todas las fuerzas que le permiten sus pulmones, sin cubrirse la boca y para rematar, se tapa una fosa nasal y expulsa mucosidad por la otra, tengo una enorme necesidad de salvar distancia lo m\u00e1s pronto posible de esa persona, cual si le fueran a salir colmillos, pelos, garras&#8230;<\/span><\/p>\n<p><span style=\"font-weight: 400;\">Al final, el Coronavirus viene a ser nuestro monstruo de Frankenstein moderno, pero sin chusma que pretenda destruirlo, salvo por nuestras autoridades\u2026 por ejemplo:<\/span><\/p>\n<p><span style=\"font-weight: 400;\">1.- La disposici\u00f3n municipal de que en todos los lugares p\u00fablicos se use cubrebocas, habla del inter\u00e9s del alcalde de Santiago Tuxtla por sus ciudadanos.<\/span><\/p>\n<p><span style=\"font-weight: 400;\">2.- El hecho de que se haya generado un \u201cret\u00e9n sanitario\u201d en los accesos a la ciudad, donde se revisa la temperatura de los\u00a0 pasajeros de cada veh\u00edculo, puede causar escozor en muchos, m\u00e1s cuando se impide el acceso a C\u00f3rdoba si registran fiebre, argumentando d\u00f3nde queda el libre tr\u00e1nsito\u2026 \u00e9ste queda abajo del bien com\u00fan, del resguardo de una comunidad\u2026<\/span><\/p>\n<p><span style=\"font-weight: 400;\">3.- Similar medida tom\u00f3 Tamiahua pero hace m\u00e1s de un mes\u2026 la alcaldesa Citlali Medell\u00edn no esper\u00f3 indicaciones de entidad federal o estatal ni de Salud; s\u00f3lo pens\u00f3 en el bien de su municipio\u2026<\/span><\/p>\n<p><span style=\"font-weight: 400;\">4.- Entre las medidas adoptadas por el ayuntamiento de Veracruz est\u00e1n las condonaciones, pr\u00f3rrogas y descuentos en cuotas, para enfrentar la pandemia de coronavirus.<\/span><\/p>\n<p><span style=\"font-weight: 400;\">5.- El llamado del alcalde de Alvarado a sus hom\u00f3logos de Medell\u00edn, Boca del R\u00edo y Veracruz a coordinarse por ser los puntos donde m\u00e1s se concentran casos de Coronavirus, habla de la preocupaci\u00f3n por la unidad de fuerzas en tiempos de sana distancia.<\/span><\/p>\n<p><span style=\"font-weight: 400;\">As\u00ed, con diversas medidas, de distintos tama\u00f1os y dimensiones, muchas autoridades municipales buscan preservar la salud de sus ciudadanos\u2026 esos ciudadanos que siguen la vida como si nada\u2026 el martes, una amiga que trabaja en Plaza \u00c1nimas, se sorprend\u00eda del ir y venir de la gente por los pasillos en el \u201cliving la vida loca\u201d, mientras que ella los ve desde su mascarilla hecha en casa. A lo mejor nos falta a los ciudadanos o\u00edr un discurso como el que dio el periodista Tom\u00e1s Zapata, de Campeche, quien calific\u00f3 de \u201cpendejos\u201d a los ciudadanos de esa entidad por no hacer caso al #QuedateEnCasa o quiz\u00e1s nos sea m\u00e1s f\u00e1cil generar el rumor de que hay un Hombre Lobo, un Chupacabras, una Camioneta levantando gente para sustraer \u00f3rganos, o cualquier otra leyenda urbana, porque nos queda claro que el Coronavirus no nos encierra por nada en la casa.<\/span><\/p>\n<p><span style=\"font-weight: 400;\">\u00a0<\/span><\/p>\n<p><span style=\"font-weight: 400;\">smcainito@gmail.com<\/span><\/p>\n","protected":false},"excerpt":{"rendered":"<p>Salvador Mu\u00f1oz Los Pol\u00edticos\u00a0 Un \u201cHombre Lobo\u201d tiene en jaque a algunos poblados de Chiapas, como Coita, Ocozocoautla y Ocuilapa de Ju\u00e1rez\u2026 dicen que le tienen m\u00e1s miedo a este fen\u00f3meno que al Coronavirus\u2026 All\u00e1 por 1987-88, en Orizaba, empez\u00f3 a circular la especie de que hab\u00eda un Hombre Lobo. Bachilleres que gustaban de tomar [&hellip;]<\/p>\n","protected":false},"author":2,"featured_media":0,"comment_status":"open","ping_status":"open","sticky":false,"template":"","format":"standard","meta":{"tdm_status":"","tdm_grid_status":"","footnotes":""},"categories":[70],"tags":[301,601,544,17467,17124,751,16264,17464,17460,7467,1389,17463,17462,17461,1639,17466,2646,1105,2837,17465,195,96],"class_list":{"0":"post-54311","1":"post","2":"type-post","3":"status-publish","4":"format-standard","6":"category-de-opinion","7":"tag-alvarado","8":"tag-boca-del-rio","9":"tag-chiapas","10":"tag-chupacabras","11":"tag-citlali-medellin","12":"tag-cordoba","13":"tag-coronavirus","14":"tag-frankenstein","15":"tag-hombre-lobo","16":"tag-macuiltepetl","17":"tag-medellin","18":"tag-ocozocoautla","19":"tag-ocuilapa-de-juarez","20":"tag-ocuipa","21":"tag-orizaba","22":"tag-pendejos","23":"tag-salvador-munoz","24":"tag-santiago-tuxtla","25":"tag-tamiahua","26":"tag-tomas-zapata","27":"tag-veracruz","28":"tag-xalapa"},"yoast_head":"<!-- This site is optimized with the Yoast SEO plugin v27.4 - https:\/\/yoast.com\/product\/yoast-seo-wordpress\/ -->\n<title>Hombre Lobo o Coronavirus - Los pol\u00edticos Veracruz<\/title>\n<meta name=\"robots\" content=\"index, follow, max-snippet:-1, max-image-preview:large, max-video-preview:-1\" \/>\n<link rel=\"canonical\" href=\"https:\/\/lospoliticosveracruz.com\/?p=54311\" \/>\n<meta property=\"og:locale\" content=\"es_ES\" \/>\n<meta property=\"og:type\" content=\"article\" \/>\n<meta property=\"og:title\" content=\"Hombre Lobo o Coronavirus - Los pol\u00edticos Veracruz\" \/>\n<meta property=\"og:description\" content=\"Salvador Mu\u00f1oz Los Pol\u00edticos\u00a0 Un \u201cHombre Lobo\u201d tiene en jaque a algunos poblados de Chiapas, como Coita, Ocozocoautla y Ocuilapa de Ju\u00e1rez\u2026 dicen que le tienen m\u00e1s miedo a este fen\u00f3meno que al Coronavirus\u2026 All\u00e1 por 1987-88, en Orizaba, empez\u00f3 a circular la especie de que hab\u00eda un Hombre Lobo. Bachilleres que gustaban de tomar [&hellip;]\" \/>\n<meta property=\"og:url\" content=\"https:\/\/lospoliticosveracruz.com\/?p=54311\" \/>\n<meta property=\"og:site_name\" content=\"Los pol\u00edticos Veracruz\" \/>\n<meta property=\"article:publisher\" content=\"https:\/\/www.facebook.com\/people\/Notimemes-de-los-Polticos\/61565672886568\/\" \/>\n<meta property=\"article:published_time\" content=\"2020-04-16T04:00:23+00:00\" \/>\n<meta property=\"og:image\" content=\"https:\/\/lospoliticosveracruz.com\/wp-content\/uploads\/2016\/07\/Logo-Dor.jpg\" \/>\n\t<meta property=\"og:image:width\" content=\"200\" \/>\n\t<meta property=\"og:image:height\" content=\"200\" \/>\n\t<meta property=\"og:image:type\" content=\"image\/jpeg\" \/>\n<meta name=\"author\" content=\"Lo viste en Los Pol\u00edticos\" \/>\n<meta name=\"twitter:card\" content=\"summary_large_image\" \/>\n<meta name=\"twitter:creator\" content=\"@LosPoliticosVer\" \/>\n<meta name=\"twitter:site\" content=\"@LosPoliticosVer\" \/>\n<meta name=\"twitter:label1\" content=\"Escrito por\" \/>\n\t<meta name=\"twitter:data1\" content=\"Lo viste en Los Pol\u00edticos\" \/>\n\t<meta name=\"twitter:label2\" content=\"Tiempo de lectura\" \/>\n\t<meta name=\"twitter:data2\" content=\"4 minutos\" \/>\n<script type=\"application\/ld+json\" class=\"yoast-schema-graph\">{\"@context\":\"https:\\\/\\\/schema.org\",\"@graph\":[{\"@type\":\"Article\",\"@id\":\"https:\\\/\\\/lospoliticosveracruz.com\\\/?p=54311#article\",\"isPartOf\":{\"@id\":\"https:\\\/\\\/lospoliticosveracruz.com\\\/?p=54311\"},\"author\":{\"name\":\"Lo viste en Los Pol\u00edticos\",\"@id\":\"https:\\\/\\\/lospoliticosveracruz.com\\\/#\\\/schema\\\/person\\\/b8702bb0e538456e6efd07080bf2a4a2\"},\"headline\":\"Hombre Lobo o Coronavirus\",\"datePublished\":\"2020-04-16T04:00:23+00:00\",\"mainEntityOfPage\":{\"@id\":\"https:\\\/\\\/lospoliticosveracruz.com\\\/?p=54311\"},\"wordCount\":768,\"commentCount\":0,\"publisher\":{\"@id\":\"https:\\\/\\\/lospoliticosveracruz.com\\\/#organization\"},\"keywords\":[\"Alvarado\",\"Boca del R\u00edo\",\"Chiapas\",\"Chupacabras\",\"Citlali Medell\u00edn\",\"C\u00f3rdoba\",\"coronavirus\",\"Frankenstein\",\"Hombre Lobo\",\"Macuilt\u00e9petl\",\"Medell\u00edn\",\"Ocozocoautla\",\"Ocuilapa de Ju\u00e1rez\",\"Ocuipa\",\"Orizaba\",\"pendejos\",\"Salvador Mu\u00f1oz\",\"Santiago Tuxtla\",\"Tamiahua\",\"Tom\u00e1s Zapata\",\"Veracruz\",\"Xalapa\"],\"articleSection\":[\"De Opini\u00f3n\"],\"inLanguage\":\"es\",\"potentialAction\":[{\"@type\":\"CommentAction\",\"name\":\"Comment\",\"target\":[\"https:\\\/\\\/lospoliticosveracruz.com\\\/?p=54311#respond\"]}]},{\"@type\":\"WebPage\",\"@id\":\"https:\\\/\\\/lospoliticosveracruz.com\\\/?p=54311\",\"url\":\"https:\\\/\\\/lospoliticosveracruz.com\\\/?p=54311\",\"name\":\"Hombre Lobo o Coronavirus - Los pol\u00edticos Veracruz\",\"isPartOf\":{\"@id\":\"https:\\\/\\\/lospoliticosveracruz.com\\\/#website\"},\"datePublished\":\"2020-04-16T04:00:23+00:00\",\"breadcrumb\":{\"@id\":\"https:\\\/\\\/lospoliticosveracruz.com\\\/?p=54311#breadcrumb\"},\"inLanguage\":\"es\",\"potentialAction\":[{\"@type\":\"ReadAction\",\"target\":[\"https:\\\/\\\/lospoliticosveracruz.com\\\/?p=54311\"]}]},{\"@type\":\"BreadcrumbList\",\"@id\":\"https:\\\/\\\/lospoliticosveracruz.com\\\/?p=54311#breadcrumb\",\"itemListElement\":[{\"@type\":\"ListItem\",\"position\":1,\"name\":\"Portada\",\"item\":\"https:\\\/\\\/lospoliticosveracruz.com\\\/\"},{\"@type\":\"ListItem\",\"position\":2,\"name\":\"Hombre Lobo o Coronavirus\"}]},{\"@type\":\"WebSite\",\"@id\":\"https:\\\/\\\/lospoliticosveracruz.com\\\/#website\",\"url\":\"https:\\\/\\\/lospoliticosveracruz.com\\\/\",\"name\":\"Los pol\u00edticos Veracruz\",\"description\":\"\",\"publisher\":{\"@id\":\"https:\\\/\\\/lospoliticosveracruz.com\\\/#organization\"},\"potentialAction\":[{\"@type\":\"SearchAction\",\"target\":{\"@type\":\"EntryPoint\",\"urlTemplate\":\"https:\\\/\\\/lospoliticosveracruz.com\\\/?s={search_term_string}\"},\"query-input\":{\"@type\":\"PropertyValueSpecification\",\"valueRequired\":true,\"valueName\":\"search_term_string\"}}],\"inLanguage\":\"es\"},{\"@type\":\"Organization\",\"@id\":\"https:\\\/\\\/lospoliticosveracruz.com\\\/#organization\",\"name\":\"Los pol\u00edticos Veracruz\",\"url\":\"https:\\\/\\\/lospoliticosveracruz.com\\\/\",\"logo\":{\"@type\":\"ImageObject\",\"inLanguage\":\"es\",\"@id\":\"https:\\\/\\\/lospoliticosveracruz.com\\\/#\\\/schema\\\/logo\\\/image\\\/\",\"url\":\"https:\\\/\\\/lospoliticosveracruz.com\\\/wp-content\\\/uploads\\\/2025\\\/12\\\/Logo-Nuevo-LOS-POLITICOS-1.jpg\",\"contentUrl\":\"https:\\\/\\\/lospoliticosveracruz.com\\\/wp-content\\\/uploads\\\/2025\\\/12\\\/Logo-Nuevo-LOS-POLITICOS-1.jpg\",\"width\":260,\"height\":70,\"caption\":\"Los pol\u00edticos Veracruz\"},\"image\":{\"@id\":\"https:\\\/\\\/lospoliticosveracruz.com\\\/#\\\/schema\\\/logo\\\/image\\\/\"},\"sameAs\":[\"https:\\\/\\\/www.facebook.com\\\/people\\\/Notimemes-de-los-Polticos\\\/61565672886568\\\/\",\"https:\\\/\\\/x.com\\\/LosPoliticosVer\"]},{\"@type\":\"Person\",\"@id\":\"https:\\\/\\\/lospoliticosveracruz.com\\\/#\\\/schema\\\/person\\\/b8702bb0e538456e6efd07080bf2a4a2\",\"name\":\"Lo viste en Los Pol\u00edticos\",\"image\":{\"@type\":\"ImageObject\",\"inLanguage\":\"es\",\"@id\":\"https:\\\/\\\/secure.gravatar.com\\\/avatar\\\/3a8de04a2656d44082be478bd6c086daa447c4651605818287b9532d3d0bd435?s=96&d=mm&r=g\",\"url\":\"https:\\\/\\\/secure.gravatar.com\\\/avatar\\\/3a8de04a2656d44082be478bd6c086daa447c4651605818287b9532d3d0bd435?s=96&d=mm&r=g\",\"contentUrl\":\"https:\\\/\\\/secure.gravatar.com\\\/avatar\\\/3a8de04a2656d44082be478bd6c086daa447c4651605818287b9532d3d0bd435?s=96&d=mm&r=g\",\"caption\":\"Lo viste en Los Pol\u00edticos\"},\"url\":\"https:\\\/\\\/lospoliticosveracruz.com\\\/?author=2\"}]}<\/script>\n<!-- \/ Yoast SEO plugin. -->","yoast_head_json":{"title":"Hombre Lobo o Coronavirus - Los pol\u00edticos Veracruz","robots":{"index":"index","follow":"follow","max-snippet":"max-snippet:-1","max-image-preview":"max-image-preview:large","max-video-preview":"max-video-preview:-1"},"canonical":"https:\/\/lospoliticosveracruz.com\/?p=54311","og_locale":"es_ES","og_type":"article","og_title":"Hombre Lobo o Coronavirus - Los pol\u00edticos Veracruz","og_description":"Salvador Mu\u00f1oz Los Pol\u00edticos\u00a0 Un \u201cHombre Lobo\u201d tiene en jaque a algunos poblados de Chiapas, como Coita, Ocozocoautla y Ocuilapa de Ju\u00e1rez\u2026 dicen que le tienen m\u00e1s miedo a este fen\u00f3meno que al Coronavirus\u2026 All\u00e1 por 1987-88, en Orizaba, empez\u00f3 a circular la especie de que hab\u00eda un Hombre Lobo. Bachilleres que gustaban de tomar [&hellip;]","og_url":"https:\/\/lospoliticosveracruz.com\/?p=54311","og_site_name":"Los pol\u00edticos Veracruz","article_publisher":"https:\/\/www.facebook.com\/people\/Notimemes-de-los-Polticos\/61565672886568\/","article_published_time":"2020-04-16T04:00:23+00:00","og_image":[{"width":200,"height":200,"url":"https:\/\/lospoliticosveracruz.com\/wp-content\/uploads\/2016\/07\/Logo-Dor.jpg","type":"image\/jpeg"}],"author":"Lo viste en Los Pol\u00edticos","twitter_card":"summary_large_image","twitter_creator":"@LosPoliticosVer","twitter_site":"@LosPoliticosVer","twitter_misc":{"Escrito por":"Lo viste en Los Pol\u00edticos","Tiempo de lectura":"4 minutos"},"schema":{"@context":"https:\/\/schema.org","@graph":[{"@type":"Article","@id":"https:\/\/lospoliticosveracruz.com\/?p=54311#article","isPartOf":{"@id":"https:\/\/lospoliticosveracruz.com\/?p=54311"},"author":{"name":"Lo viste en Los Pol\u00edticos","@id":"https:\/\/lospoliticosveracruz.com\/#\/schema\/person\/b8702bb0e538456e6efd07080bf2a4a2"},"headline":"Hombre Lobo o Coronavirus","datePublished":"2020-04-16T04:00:23+00:00","mainEntityOfPage":{"@id":"https:\/\/lospoliticosveracruz.com\/?p=54311"},"wordCount":768,"commentCount":0,"publisher":{"@id":"https:\/\/lospoliticosveracruz.com\/#organization"},"keywords":["Alvarado","Boca del R\u00edo","Chiapas","Chupacabras","Citlali Medell\u00edn","C\u00f3rdoba","coronavirus","Frankenstein","Hombre Lobo","Macuilt\u00e9petl","Medell\u00edn","Ocozocoautla","Ocuilapa de Ju\u00e1rez","Ocuipa","Orizaba","pendejos","Salvador Mu\u00f1oz","Santiago Tuxtla","Tamiahua","Tom\u00e1s Zapata","Veracruz","Xalapa"],"articleSection":["De Opini\u00f3n"],"inLanguage":"es","potentialAction":[{"@type":"CommentAction","name":"Comment","target":["https:\/\/lospoliticosveracruz.com\/?p=54311#respond"]}]},{"@type":"WebPage","@id":"https:\/\/lospoliticosveracruz.com\/?p=54311","url":"https:\/\/lospoliticosveracruz.com\/?p=54311","name":"Hombre Lobo o Coronavirus - Los pol\u00edticos Veracruz","isPartOf":{"@id":"https:\/\/lospoliticosveracruz.com\/#website"},"datePublished":"2020-04-16T04:00:23+00:00","breadcrumb":{"@id":"https:\/\/lospoliticosveracruz.com\/?p=54311#breadcrumb"},"inLanguage":"es","potentialAction":[{"@type":"ReadAction","target":["https:\/\/lospoliticosveracruz.com\/?p=54311"]}]},{"@type":"BreadcrumbList","@id":"https:\/\/lospoliticosveracruz.com\/?p=54311#breadcrumb","itemListElement":[{"@type":"ListItem","position":1,"name":"Portada","item":"https:\/\/lospoliticosveracruz.com\/"},{"@type":"ListItem","position":2,"name":"Hombre Lobo o Coronavirus"}]},{"@type":"WebSite","@id":"https:\/\/lospoliticosveracruz.com\/#website","url":"https:\/\/lospoliticosveracruz.com\/","name":"Los pol\u00edticos Veracruz","description":"","publisher":{"@id":"https:\/\/lospoliticosveracruz.com\/#organization"},"potentialAction":[{"@type":"SearchAction","target":{"@type":"EntryPoint","urlTemplate":"https:\/\/lospoliticosveracruz.com\/?s={search_term_string}"},"query-input":{"@type":"PropertyValueSpecification","valueRequired":true,"valueName":"search_term_string"}}],"inLanguage":"es"},{"@type":"Organization","@id":"https:\/\/lospoliticosveracruz.com\/#organization","name":"Los pol\u00edticos Veracruz","url":"https:\/\/lospoliticosveracruz.com\/","logo":{"@type":"ImageObject","inLanguage":"es","@id":"https:\/\/lospoliticosveracruz.com\/#\/schema\/logo\/image\/","url":"https:\/\/lospoliticosveracruz.com\/wp-content\/uploads\/2025\/12\/Logo-Nuevo-LOS-POLITICOS-1.jpg","contentUrl":"https:\/\/lospoliticosveracruz.com\/wp-content\/uploads\/2025\/12\/Logo-Nuevo-LOS-POLITICOS-1.jpg","width":260,"height":70,"caption":"Los pol\u00edticos Veracruz"},"image":{"@id":"https:\/\/lospoliticosveracruz.com\/#\/schema\/logo\/image\/"},"sameAs":["https:\/\/www.facebook.com\/people\/Notimemes-de-los-Polticos\/61565672886568\/","https:\/\/x.com\/LosPoliticosVer"]},{"@type":"Person","@id":"https:\/\/lospoliticosveracruz.com\/#\/schema\/person\/b8702bb0e538456e6efd07080bf2a4a2","name":"Lo viste en Los Pol\u00edticos","image":{"@type":"ImageObject","inLanguage":"es","@id":"https:\/\/secure.gravatar.com\/avatar\/3a8de04a2656d44082be478bd6c086daa447c4651605818287b9532d3d0bd435?s=96&d=mm&r=g","url":"https:\/\/secure.gravatar.com\/avatar\/3a8de04a2656d44082be478bd6c086daa447c4651605818287b9532d3d0bd435?s=96&d=mm&r=g","contentUrl":"https:\/\/secure.gravatar.com\/avatar\/3a8de04a2656d44082be478bd6c086daa447c4651605818287b9532d3d0bd435?s=96&d=mm&r=g","caption":"Lo viste en Los Pol\u00edticos"},"url":"https:\/\/lospoliticosveracruz.com\/?author=2"}]}},"_links":{"self":[{"href":"https:\/\/lospoliticosveracruz.com\/index.php?rest_route=\/wp\/v2\/posts\/54311","targetHints":{"allow":["GET"]}}],"collection":[{"href":"https:\/\/lospoliticosveracruz.com\/index.php?rest_route=\/wp\/v2\/posts"}],"about":[{"href":"https:\/\/lospoliticosveracruz.com\/index.php?rest_route=\/wp\/v2\/types\/post"}],"author":[{"embeddable":true,"href":"https:\/\/lospoliticosveracruz.com\/index.php?rest_route=\/wp\/v2\/users\/2"}],"replies":[{"embeddable":true,"href":"https:\/\/lospoliticosveracruz.com\/index.php?rest_route=%2Fwp%2Fv2%2Fcomments&post=54311"}],"version-history":[{"count":1,"href":"https:\/\/lospoliticosveracruz.com\/index.php?rest_route=\/wp\/v2\/posts\/54311\/revisions"}],"predecessor-version":[{"id":54313,"href":"https:\/\/lospoliticosveracruz.com\/index.php?rest_route=\/wp\/v2\/posts\/54311\/revisions\/54313"}],"wp:attachment":[{"href":"https:\/\/lospoliticosveracruz.com\/index.php?rest_route=%2Fwp%2Fv2%2Fmedia&parent=54311"}],"wp:term":[{"taxonomy":"category","embeddable":true,"href":"https:\/\/lospoliticosveracruz.com\/index.php?rest_route=%2Fwp%2Fv2%2Fcategories&post=54311"},{"taxonomy":"post_tag","embeddable":true,"href":"https:\/\/lospoliticosveracruz.com\/index.php?rest_route=%2Fwp%2Fv2%2Ftags&post=54311"}],"curies":[{"name":"wp","href":"https:\/\/api.w.org\/{rel}","templated":true}]}}