{"id":54314,"date":"2020-04-15T18:26:24","date_gmt":"2020-04-15T23:26:24","guid":{"rendered":"http:\/\/www.lospoliticosveracruz.com.mx\/?p=54314"},"modified":"2020-04-15T18:26:24","modified_gmt":"2020-04-15T23:26:24","slug":"no-no-estan-preparados","status":"publish","type":"post","link":"https:\/\/lospoliticosveracruz.com\/?p=54314","title":{"rendered":"No. No est\u00e1n preparados"},"content":{"rendered":"<p><strong>Ricardo V\u00e1zquez S.<\/strong><\/p>\n<p><em>Esfera Pol\u00edtica<\/em><\/p>\n<p>Mientras la pandemia en M\u00e9xico crece, abonada por incongruencias y contrariedades, el presidente L\u00f3pez mantiene en primer lugar su proyecto personal, con temas que para \u00e9l son estrat\u00e9gicos: refer\u00e9ndum revocatorio, Dos Bocas; la insistencia de culpar de todo a los conservadores, es ya una obsesi\u00f3n.<\/p>\n<p>Apenas comienza a tomar fuerza el Covid-19 en nuestro pa\u00eds -lamentablemente-, y ya puso en evidencia que se qued\u00f3 \u00fanicamente en la ret\u00f3rica, en el discurso, lo expresado por AMLO:<\/p>\n<p>\u201cEs nuestro pa\u00eds, afortunadamente, de los pa\u00edses m\u00e1s preparados y con menos riesgos por la afectaci\u00f3n de este virus, para que estemos tranquilos\u201d. Enero 28.<\/p>\n<p>\u201cNo debe de haber alarmas, se piensa que no es tan da\u00f1ino, tan fatal este virus llamado coronavirus\u201d. Enero 31<\/p>\n<p>\u201cAnte esta situaci\u00f3n especial de coronavirus, de la ca\u00edda en el precio del petr\u00f3leo, que tengamos calma, que estemos tranquilos. Nuestra econom\u00eda est\u00e1 fuerte, tenemos finanzas p\u00fablicas sanas, tenemos reservas suficientes para enfrentar cualquier crisis que se pudiese presentar\u201d. Marzo 12.<\/p>\n<p>\u201cQuiero aprovechar para decirles que estamos pendientes sobre la pandemia, sobre los da\u00f1os que causa y hay un plan, una estrategia, lo tengo que estar recordando, desde hace casi tres meses. Todo se ha venido llevando a cabo de acuerdo a ese plan\u00bb. Marzo 19.<\/p>\n<p>\u201cEl plan de rescate econ\u00f3mico por Coronavirus ser\u00e1 modelo a seguir por otros pa\u00edses\u201d. Abril 06.<\/p>\n<p>\u201cEn caso de saturaci\u00f3n de hospitales y carencia de servicios m\u00e9dicos, las autoridades sanitarias dar\u00e1n prioridad a los pacientes j\u00f3venes sobre los adultos\u00a0mayores para atenci\u00f3n de Covid-19\u201d. El decreto se public\u00f3 en el Diario Oficial de la Federaci\u00f3n, en el que precisa que se deber\u00e1 priorizar al paciente m\u00e1s joven con base en el principio vida-completa, es decir, aquellos con menor edad y que no tengan alguna enfermedad cr\u00f3nica recibir\u00e1n primero la atenci\u00f3n.\u00a0 Abril 14. -Ante esta medida publicada en el DOF, no hubo funcionario alguno que tuviera el valor de darla a conocer-.<\/p>\n<p>Interminables son las protestas y expresiones de enojo e impotencia, con l\u00e1grimas, por parte de personal m\u00e9dico y enfermer\u00eda pertenecientes al IMSS, ISSSTE, Secretar\u00eda de Salud, en distintas regiones del pa\u00eds porque consideran que los env\u00edan a la guerra sin armas, al carecer de preparaci\u00f3n y equipo adecuado para atender pacientes de Covid-19.<\/p>\n<p>Los trabajadores del sector salud han dado a conocer por diversos medios que autoridades hospitalarias los han obligado a negar defunciones por Coronavirus, el argumento oficial son muertes por neumon\u00eda at\u00edpica. Los grupos de choque est\u00e1n atentos y prestos a callar toda manifestaci\u00f3n de inconformidad de m\u00e9dicos y enfermeras.<\/p>\n<p>El plan econ\u00f3mico de M\u00e9xico para afrontar la COVID-19 es ortodoxo y austero. Otras naciones latinoamericanas han respondido a la emergencia sanitaria dando salarios de emergencia a trabajadores informales, han aumentado en niveles hist\u00f3ricos su gasto p\u00fablico o eliminaron el pago de servicios como electricidad y agua. No en M\u00e9xico&#8230; El presidente de M\u00e9xico cree que al atacar la crisis econ\u00f3mica del coronavirus con medidas de austeridad afectar\u00e1 a los m\u00e1s ricos y reducir\u00e1 la desigualdad. En realidad, los m\u00e1s pobres ser\u00e1n los m\u00e1s afectados. Afirm\u00f3 la analista Viri R\u00edos, este martes en The New York Times.<br \/>\nLos \u201cSugar Daddy\u201d que conforman la c\u00fapula de la 4T, \u00bfser\u00e1n excluidos de brindarles atenci\u00f3n m\u00e9dica en caso de que haya quienes resulten positivos al Covid-19, por el hecho de pertenecer a la tercera edad y algunos de estos por tener antecedentes de serios padecimientos?<br \/>\nImposible que sea de esa manera, por supuesto que no los van a dejar morir sin respirador artificial, sin la atenci\u00f3n m\u00e9dica adecuada. Ser\u00e1n atendidos de inmediato en alguno de los mejores hospitales de M\u00e9xico, o de Houston, como ya es su costumbre.<br \/>\nLas instrucciones y acciones emprendidas, o inacciones, habr\u00e1n de demostrar:<br \/>\n\u00a1Que se jodan los que no pertenecen a la \u00e9lite de poder!<br \/>\n\u201cComo M\u00e9xico no hay dos\u201d, exclamaci\u00f3n popular que causa emoci\u00f3n en determinados momentos.<br \/>\nEfectivamente. No existe otro pa\u00eds en el que su gobierno celebre el luto, dolor, la crisis econ\u00f3mica que provoca una pandemia: \u201cNos vino como anillo al dedo para afianzar el prop\u00f3sito de la transformaci\u00f3n\u201d. AMLO, Abril 02.<br \/>\nCiertamente. En ninguna otra naci\u00f3n se ha observado que la poblaci\u00f3n agreda a m\u00e9dicos y enfermeras por considerarlos un peligro de contagio, siendo que los profesionales de la salud son quienes est\u00e1n en el frente de batalla ante la guerra que tenemos encima.<br \/>\nDefinitivamente: No est\u00e1n preparados. No.<\/p>\n<p><a href=\"mailto:rvazquez002@yahoo.com.mx\" target=\"_blank\">rvazquez002@yahoo.com.mx<\/a><\/p>\n","protected":false},"excerpt":{"rendered":"<p>Ricardo V\u00e1zquez S. Esfera Pol\u00edtica Mientras la pandemia en M\u00e9xico crece, abonada por incongruencias y contrariedades, el presidente L\u00f3pez mantiene en primer lugar su proyecto personal, con temas que para \u00e9l son estrat\u00e9gicos: refer\u00e9ndum revocatorio, Dos Bocas; la insistencia de culpar de todo a los conservadores, es ya una obsesi\u00f3n. Apenas comienza a tomar fuerza [&hellip;]<\/p>\n","protected":false},"author":2,"featured_media":0,"comment_status":"open","ping_status":"open","sticky":false,"template":"","format":"standard","meta":{"tdm_status":"","tdm_grid_status":"","footnotes":""},"categories":[70],"tags":[16264,16673,12911,14643,1208,895,17192,17468,16542,995],"class_list":{"0":"post-54314","1":"post","2":"type-post","3":"status-publish","4":"format-standard","6":"category-de-opinion","7":"tag-coronavirus","8":"tag-covid-19","9":"tag-diario-oficial-de-la-federacion","10":"tag-dos-bocas","11":"tag-imss","12":"tag-issste","13":"tag-neumonia-atipica","14":"tag-referendum-revocatorio","15":"tag-ricardo-vazquez-s","16":"tag-secretaria-de-salud"},"yoast_head":"<!-- This site is optimized with the Yoast SEO plugin v27.4 - https:\/\/yoast.com\/product\/yoast-seo-wordpress\/ -->\n<title>No. No est\u00e1n preparados - Los pol\u00edticos Veracruz<\/title>\n<meta name=\"robots\" content=\"index, follow, max-snippet:-1, max-image-preview:large, max-video-preview:-1\" \/>\n<link rel=\"canonical\" href=\"https:\/\/lospoliticosveracruz.com\/?p=54314\" \/>\n<meta property=\"og:locale\" content=\"es_ES\" \/>\n<meta property=\"og:type\" content=\"article\" \/>\n<meta property=\"og:title\" content=\"No. No est\u00e1n preparados - Los pol\u00edticos Veracruz\" \/>\n<meta property=\"og:description\" content=\"Ricardo V\u00e1zquez S. Esfera Pol\u00edtica Mientras la pandemia en M\u00e9xico crece, abonada por incongruencias y contrariedades, el presidente L\u00f3pez mantiene en primer lugar su proyecto personal, con temas que para \u00e9l son estrat\u00e9gicos: refer\u00e9ndum revocatorio, Dos Bocas; la insistencia de culpar de todo a los conservadores, es ya una obsesi\u00f3n. Apenas comienza a tomar fuerza [&hellip;]\" \/>\n<meta property=\"og:url\" content=\"https:\/\/lospoliticosveracruz.com\/?p=54314\" \/>\n<meta property=\"og:site_name\" content=\"Los pol\u00edticos Veracruz\" \/>\n<meta property=\"article:publisher\" content=\"https:\/\/www.facebook.com\/people\/Notimemes-de-los-Polticos\/61565672886568\/\" \/>\n<meta property=\"article:published_time\" content=\"2020-04-15T23:26:24+00:00\" \/>\n<meta property=\"og:image\" content=\"https:\/\/lospoliticosveracruz.com\/wp-content\/uploads\/2016\/07\/Logo-Dor.jpg\" \/>\n\t<meta property=\"og:image:width\" content=\"200\" \/>\n\t<meta property=\"og:image:height\" content=\"200\" \/>\n\t<meta property=\"og:image:type\" content=\"image\/jpeg\" \/>\n<meta name=\"author\" content=\"Lo viste en Los Pol\u00edticos\" \/>\n<meta name=\"twitter:card\" content=\"summary_large_image\" \/>\n<meta name=\"twitter:creator\" content=\"@LosPoliticosVer\" \/>\n<meta name=\"twitter:site\" content=\"@LosPoliticosVer\" \/>\n<meta name=\"twitter:label1\" content=\"Escrito por\" \/>\n\t<meta name=\"twitter:data1\" content=\"Lo viste en Los Pol\u00edticos\" \/>\n\t<meta name=\"twitter:label2\" content=\"Tiempo de lectura\" \/>\n\t<meta name=\"twitter:data2\" content=\"4 minutos\" \/>\n<script type=\"application\/ld+json\" class=\"yoast-schema-graph\">{\"@context\":\"https:\\\/\\\/schema.org\",\"@graph\":[{\"@type\":\"Article\",\"@id\":\"https:\\\/\\\/lospoliticosveracruz.com\\\/?p=54314#article\",\"isPartOf\":{\"@id\":\"https:\\\/\\\/lospoliticosveracruz.com\\\/?p=54314\"},\"author\":{\"name\":\"Lo viste en Los Pol\u00edticos\",\"@id\":\"https:\\\/\\\/lospoliticosveracruz.com\\\/#\\\/schema\\\/person\\\/b8702bb0e538456e6efd07080bf2a4a2\"},\"headline\":\"No. No est\u00e1n preparados\",\"datePublished\":\"2020-04-15T23:26:24+00:00\",\"mainEntityOfPage\":{\"@id\":\"https:\\\/\\\/lospoliticosveracruz.com\\\/?p=54314\"},\"wordCount\":808,\"commentCount\":0,\"publisher\":{\"@id\":\"https:\\\/\\\/lospoliticosveracruz.com\\\/#organization\"},\"keywords\":[\"coronavirus\",\"Covid 19\",\"Diario Oficial de la Federaci\u00f3n\",\"Dos Bocas\",\"IMSS\",\"Issste\",\"Neumon\u00eda At\u00edpica\",\"refer\u00e9ndum revocatorio\",\"Ricardo V\u00e1zquez S.\",\"Secretar\u00eda de Salud\"],\"articleSection\":[\"De Opini\u00f3n\"],\"inLanguage\":\"es\",\"potentialAction\":[{\"@type\":\"CommentAction\",\"name\":\"Comment\",\"target\":[\"https:\\\/\\\/lospoliticosveracruz.com\\\/?p=54314#respond\"]}]},{\"@type\":\"WebPage\",\"@id\":\"https:\\\/\\\/lospoliticosveracruz.com\\\/?p=54314\",\"url\":\"https:\\\/\\\/lospoliticosveracruz.com\\\/?p=54314\",\"name\":\"No. No est\u00e1n preparados - Los pol\u00edticos Veracruz\",\"isPartOf\":{\"@id\":\"https:\\\/\\\/lospoliticosveracruz.com\\\/#website\"},\"datePublished\":\"2020-04-15T23:26:24+00:00\",\"breadcrumb\":{\"@id\":\"https:\\\/\\\/lospoliticosveracruz.com\\\/?p=54314#breadcrumb\"},\"inLanguage\":\"es\",\"potentialAction\":[{\"@type\":\"ReadAction\",\"target\":[\"https:\\\/\\\/lospoliticosveracruz.com\\\/?p=54314\"]}]},{\"@type\":\"BreadcrumbList\",\"@id\":\"https:\\\/\\\/lospoliticosveracruz.com\\\/?p=54314#breadcrumb\",\"itemListElement\":[{\"@type\":\"ListItem\",\"position\":1,\"name\":\"Portada\",\"item\":\"https:\\\/\\\/lospoliticosveracruz.com\\\/\"},{\"@type\":\"ListItem\",\"position\":2,\"name\":\"No. No est\u00e1n preparados\"}]},{\"@type\":\"WebSite\",\"@id\":\"https:\\\/\\\/lospoliticosveracruz.com\\\/#website\",\"url\":\"https:\\\/\\\/lospoliticosveracruz.com\\\/\",\"name\":\"Los pol\u00edticos Veracruz\",\"description\":\"\",\"publisher\":{\"@id\":\"https:\\\/\\\/lospoliticosveracruz.com\\\/#organization\"},\"potentialAction\":[{\"@type\":\"SearchAction\",\"target\":{\"@type\":\"EntryPoint\",\"urlTemplate\":\"https:\\\/\\\/lospoliticosveracruz.com\\\/?s={search_term_string}\"},\"query-input\":{\"@type\":\"PropertyValueSpecification\",\"valueRequired\":true,\"valueName\":\"search_term_string\"}}],\"inLanguage\":\"es\"},{\"@type\":\"Organization\",\"@id\":\"https:\\\/\\\/lospoliticosveracruz.com\\\/#organization\",\"name\":\"Los pol\u00edticos Veracruz\",\"url\":\"https:\\\/\\\/lospoliticosveracruz.com\\\/\",\"logo\":{\"@type\":\"ImageObject\",\"inLanguage\":\"es\",\"@id\":\"https:\\\/\\\/lospoliticosveracruz.com\\\/#\\\/schema\\\/logo\\\/image\\\/\",\"url\":\"https:\\\/\\\/lospoliticosveracruz.com\\\/wp-content\\\/uploads\\\/2025\\\/12\\\/Logo-Nuevo-LOS-POLITICOS-1.jpg\",\"contentUrl\":\"https:\\\/\\\/lospoliticosveracruz.com\\\/wp-content\\\/uploads\\\/2025\\\/12\\\/Logo-Nuevo-LOS-POLITICOS-1.jpg\",\"width\":260,\"height\":70,\"caption\":\"Los pol\u00edticos Veracruz\"},\"image\":{\"@id\":\"https:\\\/\\\/lospoliticosveracruz.com\\\/#\\\/schema\\\/logo\\\/image\\\/\"},\"sameAs\":[\"https:\\\/\\\/www.facebook.com\\\/people\\\/Notimemes-de-los-Polticos\\\/61565672886568\\\/\",\"https:\\\/\\\/x.com\\\/LosPoliticosVer\"]},{\"@type\":\"Person\",\"@id\":\"https:\\\/\\\/lospoliticosveracruz.com\\\/#\\\/schema\\\/person\\\/b8702bb0e538456e6efd07080bf2a4a2\",\"name\":\"Lo viste en Los Pol\u00edticos\",\"image\":{\"@type\":\"ImageObject\",\"inLanguage\":\"es\",\"@id\":\"https:\\\/\\\/secure.gravatar.com\\\/avatar\\\/3a8de04a2656d44082be478bd6c086daa447c4651605818287b9532d3d0bd435?s=96&d=mm&r=g\",\"url\":\"https:\\\/\\\/secure.gravatar.com\\\/avatar\\\/3a8de04a2656d44082be478bd6c086daa447c4651605818287b9532d3d0bd435?s=96&d=mm&r=g\",\"contentUrl\":\"https:\\\/\\\/secure.gravatar.com\\\/avatar\\\/3a8de04a2656d44082be478bd6c086daa447c4651605818287b9532d3d0bd435?s=96&d=mm&r=g\",\"caption\":\"Lo viste en Los Pol\u00edticos\"},\"url\":\"https:\\\/\\\/lospoliticosveracruz.com\\\/?author=2\"}]}<\/script>\n<!-- \/ Yoast SEO plugin. -->","yoast_head_json":{"title":"No. No est\u00e1n preparados - Los pol\u00edticos Veracruz","robots":{"index":"index","follow":"follow","max-snippet":"max-snippet:-1","max-image-preview":"max-image-preview:large","max-video-preview":"max-video-preview:-1"},"canonical":"https:\/\/lospoliticosveracruz.com\/?p=54314","og_locale":"es_ES","og_type":"article","og_title":"No. No est\u00e1n preparados - Los pol\u00edticos Veracruz","og_description":"Ricardo V\u00e1zquez S. Esfera Pol\u00edtica Mientras la pandemia en M\u00e9xico crece, abonada por incongruencias y contrariedades, el presidente L\u00f3pez mantiene en primer lugar su proyecto personal, con temas que para \u00e9l son estrat\u00e9gicos: refer\u00e9ndum revocatorio, Dos Bocas; la insistencia de culpar de todo a los conservadores, es ya una obsesi\u00f3n. Apenas comienza a tomar fuerza [&hellip;]","og_url":"https:\/\/lospoliticosveracruz.com\/?p=54314","og_site_name":"Los pol\u00edticos Veracruz","article_publisher":"https:\/\/www.facebook.com\/people\/Notimemes-de-los-Polticos\/61565672886568\/","article_published_time":"2020-04-15T23:26:24+00:00","og_image":[{"width":200,"height":200,"url":"https:\/\/lospoliticosveracruz.com\/wp-content\/uploads\/2016\/07\/Logo-Dor.jpg","type":"image\/jpeg"}],"author":"Lo viste en Los Pol\u00edticos","twitter_card":"summary_large_image","twitter_creator":"@LosPoliticosVer","twitter_site":"@LosPoliticosVer","twitter_misc":{"Escrito por":"Lo viste en Los Pol\u00edticos","Tiempo de lectura":"4 minutos"},"schema":{"@context":"https:\/\/schema.org","@graph":[{"@type":"Article","@id":"https:\/\/lospoliticosveracruz.com\/?p=54314#article","isPartOf":{"@id":"https:\/\/lospoliticosveracruz.com\/?p=54314"},"author":{"name":"Lo viste en Los Pol\u00edticos","@id":"https:\/\/lospoliticosveracruz.com\/#\/schema\/person\/b8702bb0e538456e6efd07080bf2a4a2"},"headline":"No. No est\u00e1n preparados","datePublished":"2020-04-15T23:26:24+00:00","mainEntityOfPage":{"@id":"https:\/\/lospoliticosveracruz.com\/?p=54314"},"wordCount":808,"commentCount":0,"publisher":{"@id":"https:\/\/lospoliticosveracruz.com\/#organization"},"keywords":["coronavirus","Covid 19","Diario Oficial de la Federaci\u00f3n","Dos Bocas","IMSS","Issste","Neumon\u00eda At\u00edpica","refer\u00e9ndum revocatorio","Ricardo V\u00e1zquez S.","Secretar\u00eda de Salud"],"articleSection":["De Opini\u00f3n"],"inLanguage":"es","potentialAction":[{"@type":"CommentAction","name":"Comment","target":["https:\/\/lospoliticosveracruz.com\/?p=54314#respond"]}]},{"@type":"WebPage","@id":"https:\/\/lospoliticosveracruz.com\/?p=54314","url":"https:\/\/lospoliticosveracruz.com\/?p=54314","name":"No. No est\u00e1n preparados - Los pol\u00edticos Veracruz","isPartOf":{"@id":"https:\/\/lospoliticosveracruz.com\/#website"},"datePublished":"2020-04-15T23:26:24+00:00","breadcrumb":{"@id":"https:\/\/lospoliticosveracruz.com\/?p=54314#breadcrumb"},"inLanguage":"es","potentialAction":[{"@type":"ReadAction","target":["https:\/\/lospoliticosveracruz.com\/?p=54314"]}]},{"@type":"BreadcrumbList","@id":"https:\/\/lospoliticosveracruz.com\/?p=54314#breadcrumb","itemListElement":[{"@type":"ListItem","position":1,"name":"Portada","item":"https:\/\/lospoliticosveracruz.com\/"},{"@type":"ListItem","position":2,"name":"No. No est\u00e1n preparados"}]},{"@type":"WebSite","@id":"https:\/\/lospoliticosveracruz.com\/#website","url":"https:\/\/lospoliticosveracruz.com\/","name":"Los pol\u00edticos Veracruz","description":"","publisher":{"@id":"https:\/\/lospoliticosveracruz.com\/#organization"},"potentialAction":[{"@type":"SearchAction","target":{"@type":"EntryPoint","urlTemplate":"https:\/\/lospoliticosveracruz.com\/?s={search_term_string}"},"query-input":{"@type":"PropertyValueSpecification","valueRequired":true,"valueName":"search_term_string"}}],"inLanguage":"es"},{"@type":"Organization","@id":"https:\/\/lospoliticosveracruz.com\/#organization","name":"Los pol\u00edticos Veracruz","url":"https:\/\/lospoliticosveracruz.com\/","logo":{"@type":"ImageObject","inLanguage":"es","@id":"https:\/\/lospoliticosveracruz.com\/#\/schema\/logo\/image\/","url":"https:\/\/lospoliticosveracruz.com\/wp-content\/uploads\/2025\/12\/Logo-Nuevo-LOS-POLITICOS-1.jpg","contentUrl":"https:\/\/lospoliticosveracruz.com\/wp-content\/uploads\/2025\/12\/Logo-Nuevo-LOS-POLITICOS-1.jpg","width":260,"height":70,"caption":"Los pol\u00edticos Veracruz"},"image":{"@id":"https:\/\/lospoliticosveracruz.com\/#\/schema\/logo\/image\/"},"sameAs":["https:\/\/www.facebook.com\/people\/Notimemes-de-los-Polticos\/61565672886568\/","https:\/\/x.com\/LosPoliticosVer"]},{"@type":"Person","@id":"https:\/\/lospoliticosveracruz.com\/#\/schema\/person\/b8702bb0e538456e6efd07080bf2a4a2","name":"Lo viste en Los Pol\u00edticos","image":{"@type":"ImageObject","inLanguage":"es","@id":"https:\/\/secure.gravatar.com\/avatar\/3a8de04a2656d44082be478bd6c086daa447c4651605818287b9532d3d0bd435?s=96&d=mm&r=g","url":"https:\/\/secure.gravatar.com\/avatar\/3a8de04a2656d44082be478bd6c086daa447c4651605818287b9532d3d0bd435?s=96&d=mm&r=g","contentUrl":"https:\/\/secure.gravatar.com\/avatar\/3a8de04a2656d44082be478bd6c086daa447c4651605818287b9532d3d0bd435?s=96&d=mm&r=g","caption":"Lo viste en Los Pol\u00edticos"},"url":"https:\/\/lospoliticosveracruz.com\/?author=2"}]}},"_links":{"self":[{"href":"https:\/\/lospoliticosveracruz.com\/index.php?rest_route=\/wp\/v2\/posts\/54314","targetHints":{"allow":["GET"]}}],"collection":[{"href":"https:\/\/lospoliticosveracruz.com\/index.php?rest_route=\/wp\/v2\/posts"}],"about":[{"href":"https:\/\/lospoliticosveracruz.com\/index.php?rest_route=\/wp\/v2\/types\/post"}],"author":[{"embeddable":true,"href":"https:\/\/lospoliticosveracruz.com\/index.php?rest_route=\/wp\/v2\/users\/2"}],"replies":[{"embeddable":true,"href":"https:\/\/lospoliticosveracruz.com\/index.php?rest_route=%2Fwp%2Fv2%2Fcomments&post=54314"}],"version-history":[{"count":1,"href":"https:\/\/lospoliticosveracruz.com\/index.php?rest_route=\/wp\/v2\/posts\/54314\/revisions"}],"predecessor-version":[{"id":54316,"href":"https:\/\/lospoliticosveracruz.com\/index.php?rest_route=\/wp\/v2\/posts\/54314\/revisions\/54316"}],"wp:attachment":[{"href":"https:\/\/lospoliticosveracruz.com\/index.php?rest_route=%2Fwp%2Fv2%2Fmedia&parent=54314"}],"wp:term":[{"taxonomy":"category","embeddable":true,"href":"https:\/\/lospoliticosveracruz.com\/index.php?rest_route=%2Fwp%2Fv2%2Fcategories&post=54314"},{"taxonomy":"post_tag","embeddable":true,"href":"https:\/\/lospoliticosveracruz.com\/index.php?rest_route=%2Fwp%2Fv2%2Ftags&post=54314"}],"curies":[{"name":"wp","href":"https:\/\/api.w.org\/{rel}","templated":true}]}}