{"id":54365,"date":"2020-04-17T23:00:50","date_gmt":"2020-04-18T04:00:50","guid":{"rendered":"http:\/\/www.lospoliticosveracruz.com.mx\/?p=54365"},"modified":"2020-04-17T20:14:22","modified_gmt":"2020-04-18T01:14:22","slug":"hoteles-y-moteles-en-tiempos-de-covid-19","status":"publish","type":"post","link":"https:\/\/lospoliticosveracruz.com\/?p=54365","title":{"rendered":"Hoteles y Moteles en tiempos de Covid-19"},"content":{"rendered":"<p><strong>Brenda Caballero<\/strong><\/p>\n<p><em>N\u00fameros Rojos<\/em><\/p>\n<p><span style=\"font-weight: 400;\">\u201c\u00a1Sal de compras y regresa ba\u00f1ado a tu casa! En Moteles Xalapa nos preocupamos por ti\u201d. De inmediato vuelvo a la publicaci\u00f3n de Facebook, pues llama mi atenci\u00f3n eso de \u201cregresar ba\u00f1ado\u201d, pues seg\u00fan me han contado, esos lugares hasta secadoras de cabello tienen.<\/span><\/p>\n<p><span style=\"font-weight: 400;\">No puedo evitar seguir leyendo: \u201cSi tu \u00fanico escape es salir al supermercado, \u00a1ven con nosotros!, danos tu lista y mientras t\u00fa disfrutas, nosotros te la llevamos a la puerta de tu habitaci\u00f3n\u201d. V\u00e1lido s\u00f3lo Motel Cielo Good Luck y Hotel Cielo Concept Hotel, #QuedateEnMotelesXalapa, #ViveElFinDeLMundoEnMotelesXalapa.<\/span><\/p>\n<p><span style=\"font-weight: 400;\">No cabe duda que la crisis econ\u00f3mica que estamos viviendo actualmente por el coronavirus nos hacen muy creativos, y m\u00e1s porque a los empresarios de hoteles y moteles sin duda alguna, les est\u00e1 pegando muy fuerte en sus ingresos. Bueno, tambi\u00e9n les est\u00e1 pegando a las parejas quedarse en su casa, pero \u00e9sa&#8230; \u00a1\u00e9sa es otra historia!<\/span><\/p>\n<p><span style=\"font-weight: 400;\">Mire que en verdad le est\u00e1 pegando a la industria hotelera, pues de acuerdo a un informe que tenemos en nuestras manos, la Asociaci\u00f3n de Hoteles y Moteles de Xalapa y la Regi\u00f3n reporta que al jueves 16 de abril de 2020, en una encuesta que se hizo a 27 de sus agremiados en Xalapa y la regi\u00f3n, para saber la situaci\u00f3n actual que guardan ante la emergencia sanitaria provocada por el contagio del Covid-19, tan solo 9 establecimientos siguen abiertos con normalidad, lo que representa un 33 por ciento; 12\u00a0 han reducido sus operaciones, es decir, han modificado sus horarios, su plantilla laboral y habitaciones, lo que representa el 44 por ciento. Mientras, en 6 hoteles agremiados han tenido que suspender sus actividades de manera temporal, ya que menos del 5 por ciento son los que se arriesgan en esta emergencia sanitaria a salir y hospedarse en un hotel o a entrar a un motel y desbordar sus pasiones en tiempos de Covid-19.<\/span><\/p>\n<p><span style=\"font-weight: 400;\">Lo que m\u00e1s preocupa de la pandemia aparte de nuestra salud, es la crisis econ\u00f3mica que se nos viene encima y que nos quedar\u00e1 por un largo rato. Sin duda, el principal reto es la conservaci\u00f3n de los empleos.<\/span><\/p>\n<p><span style=\"font-weight: 400;\">De acuerdo al reporte de agremiados hoteleros, el 62 por ciento de sus colaboradores contin\u00faan trabajando con normalidad en hoteles y auto hoteles; mientras, el 29 por ciento han sido enviados a su casa temporalmente \u201cde descanso\u201d. Lo terrible en este sondeo, es que un 9 por ciento de los colaboradores han sido liquidados. Aunque cabe aclarar que dentro de esta liquidaci\u00f3n, hay el compromiso de recuperar su empleo una vez que se estabilice la situaci\u00f3n.<\/span><\/p>\n<p><span style=\"font-weight: 400;\">Veo al Hombre desde la ventana que regresa con lo encargado del mandado. No puedo evitar pensar en la publicaci\u00f3n de Facebook. \u00bfOler\u00e1 a jab\u00f3n chiquito? \u00a1Ja! Respiro tranquila\u2026 al final recuerdo que nada m\u00e1s fue por las tortillas\u2026 quien va por la despensa \u00a1soy yo!<\/span><\/p>\n<p><span style=\"font-weight: 400;\">@NumerosRojos_BC<\/span><\/p>\n<p><span style=\"font-weight: 400;\">caballero_brenda@hotmail.com<\/span><\/p>\n","protected":false},"excerpt":{"rendered":"<p>Brenda Caballero N\u00fameros Rojos \u201c\u00a1Sal de compras y regresa ba\u00f1ado a tu casa! En Moteles Xalapa nos preocupamos por ti\u201d. De inmediato vuelvo a la publicaci\u00f3n de Facebook, pues llama mi atenci\u00f3n eso de \u201cregresar ba\u00f1ado\u201d, pues seg\u00fan me han contado, esos lugares hasta secadoras de cabello tienen. No puedo evitar seguir leyendo: \u201cSi tu [&hellip;]<\/p>\n","protected":false},"author":2,"featured_media":0,"comment_status":"open","ping_status":"open","sticky":false,"template":"","format":"standard","meta":{"tdm_status":"","tdm_grid_status":"","footnotes":""},"categories":[70],"tags":[2687,17496,16673,242,17495,17494,96],"class_list":{"0":"post-54365","1":"post","2":"type-post","3":"status-publish","4":"format-standard","6":"category-de-opinion","7":"tag-brenda-caballero","8":"tag-cielo-concept-hotel","9":"tag-covid-19","10":"tag-facebook","11":"tag-motel-cielo-good-luck","12":"tag-moteles-xalapa","13":"tag-xalapa"},"yoast_head":"<!-- This site is optimized with the Yoast SEO plugin v27.4 - https:\/\/yoast.com\/product\/yoast-seo-wordpress\/ -->\n<title>Hoteles y Moteles en tiempos de Covid-19 - Los pol\u00edticos Veracruz<\/title>\n<meta name=\"robots\" content=\"index, follow, max-snippet:-1, max-image-preview:large, max-video-preview:-1\" \/>\n<link rel=\"canonical\" href=\"https:\/\/lospoliticosveracruz.com\/?p=54365\" \/>\n<meta property=\"og:locale\" content=\"es_ES\" \/>\n<meta property=\"og:type\" content=\"article\" \/>\n<meta property=\"og:title\" content=\"Hoteles y Moteles en tiempos de Covid-19 - Los pol\u00edticos Veracruz\" \/>\n<meta property=\"og:description\" content=\"Brenda Caballero N\u00fameros Rojos \u201c\u00a1Sal de compras y regresa ba\u00f1ado a tu casa! En Moteles Xalapa nos preocupamos por ti\u201d. De inmediato vuelvo a la publicaci\u00f3n de Facebook, pues llama mi atenci\u00f3n eso de \u201cregresar ba\u00f1ado\u201d, pues seg\u00fan me han contado, esos lugares hasta secadoras de cabello tienen. No puedo evitar seguir leyendo: \u201cSi tu [&hellip;]\" \/>\n<meta property=\"og:url\" content=\"https:\/\/lospoliticosveracruz.com\/?p=54365\" \/>\n<meta property=\"og:site_name\" content=\"Los pol\u00edticos Veracruz\" \/>\n<meta property=\"article:publisher\" content=\"https:\/\/www.facebook.com\/people\/Notimemes-de-los-Polticos\/61565672886568\/\" \/>\n<meta property=\"article:published_time\" content=\"2020-04-18T04:00:50+00:00\" \/>\n<meta property=\"og:image\" content=\"https:\/\/lospoliticosveracruz.com\/wp-content\/uploads\/2016\/07\/Logo-Dor.jpg\" \/>\n\t<meta property=\"og:image:width\" content=\"200\" \/>\n\t<meta property=\"og:image:height\" content=\"200\" \/>\n\t<meta property=\"og:image:type\" content=\"image\/jpeg\" \/>\n<meta name=\"author\" content=\"Lo viste en Los Pol\u00edticos\" \/>\n<meta name=\"twitter:card\" content=\"summary_large_image\" \/>\n<meta name=\"twitter:creator\" content=\"@LosPoliticosVer\" \/>\n<meta name=\"twitter:site\" content=\"@LosPoliticosVer\" \/>\n<meta name=\"twitter:label1\" content=\"Escrito por\" \/>\n\t<meta name=\"twitter:data1\" content=\"Lo viste en Los Pol\u00edticos\" \/>\n\t<meta name=\"twitter:label2\" content=\"Tiempo de lectura\" \/>\n\t<meta name=\"twitter:data2\" content=\"2 minutos\" \/>\n<script type=\"application\/ld+json\" class=\"yoast-schema-graph\">{\"@context\":\"https:\\\/\\\/schema.org\",\"@graph\":[{\"@type\":\"Article\",\"@id\":\"https:\\\/\\\/lospoliticosveracruz.com\\\/?p=54365#article\",\"isPartOf\":{\"@id\":\"https:\\\/\\\/lospoliticosveracruz.com\\\/?p=54365\"},\"author\":{\"name\":\"Lo viste en Los Pol\u00edticos\",\"@id\":\"https:\\\/\\\/lospoliticosveracruz.com\\\/#\\\/schema\\\/person\\\/b8702bb0e538456e6efd07080bf2a4a2\"},\"headline\":\"Hoteles y Moteles en tiempos de Covid-19\",\"datePublished\":\"2020-04-18T04:00:50+00:00\",\"mainEntityOfPage\":{\"@id\":\"https:\\\/\\\/lospoliticosveracruz.com\\\/?p=54365\"},\"wordCount\":502,\"commentCount\":0,\"publisher\":{\"@id\":\"https:\\\/\\\/lospoliticosveracruz.com\\\/#organization\"},\"keywords\":[\"Brenda Caballero\",\"Cielo Concept Hotel\",\"Covid 19\",\"facebook\",\"Motel Cielo Good Luck\",\"Moteles Xalapa\",\"Xalapa\"],\"articleSection\":[\"De Opini\u00f3n\"],\"inLanguage\":\"es\",\"potentialAction\":[{\"@type\":\"CommentAction\",\"name\":\"Comment\",\"target\":[\"https:\\\/\\\/lospoliticosveracruz.com\\\/?p=54365#respond\"]}]},{\"@type\":\"WebPage\",\"@id\":\"https:\\\/\\\/lospoliticosveracruz.com\\\/?p=54365\",\"url\":\"https:\\\/\\\/lospoliticosveracruz.com\\\/?p=54365\",\"name\":\"Hoteles y Moteles en tiempos de Covid-19 - Los pol\u00edticos Veracruz\",\"isPartOf\":{\"@id\":\"https:\\\/\\\/lospoliticosveracruz.com\\\/#website\"},\"datePublished\":\"2020-04-18T04:00:50+00:00\",\"breadcrumb\":{\"@id\":\"https:\\\/\\\/lospoliticosveracruz.com\\\/?p=54365#breadcrumb\"},\"inLanguage\":\"es\",\"potentialAction\":[{\"@type\":\"ReadAction\",\"target\":[\"https:\\\/\\\/lospoliticosveracruz.com\\\/?p=54365\"]}]},{\"@type\":\"BreadcrumbList\",\"@id\":\"https:\\\/\\\/lospoliticosveracruz.com\\\/?p=54365#breadcrumb\",\"itemListElement\":[{\"@type\":\"ListItem\",\"position\":1,\"name\":\"Portada\",\"item\":\"https:\\\/\\\/lospoliticosveracruz.com\\\/\"},{\"@type\":\"ListItem\",\"position\":2,\"name\":\"Hoteles y Moteles en tiempos de Covid-19\"}]},{\"@type\":\"WebSite\",\"@id\":\"https:\\\/\\\/lospoliticosveracruz.com\\\/#website\",\"url\":\"https:\\\/\\\/lospoliticosveracruz.com\\\/\",\"name\":\"Los pol\u00edticos Veracruz\",\"description\":\"\",\"publisher\":{\"@id\":\"https:\\\/\\\/lospoliticosveracruz.com\\\/#organization\"},\"potentialAction\":[{\"@type\":\"SearchAction\",\"target\":{\"@type\":\"EntryPoint\",\"urlTemplate\":\"https:\\\/\\\/lospoliticosveracruz.com\\\/?s={search_term_string}\"},\"query-input\":{\"@type\":\"PropertyValueSpecification\",\"valueRequired\":true,\"valueName\":\"search_term_string\"}}],\"inLanguage\":\"es\"},{\"@type\":\"Organization\",\"@id\":\"https:\\\/\\\/lospoliticosveracruz.com\\\/#organization\",\"name\":\"Los pol\u00edticos Veracruz\",\"url\":\"https:\\\/\\\/lospoliticosveracruz.com\\\/\",\"logo\":{\"@type\":\"ImageObject\",\"inLanguage\":\"es\",\"@id\":\"https:\\\/\\\/lospoliticosveracruz.com\\\/#\\\/schema\\\/logo\\\/image\\\/\",\"url\":\"https:\\\/\\\/lospoliticosveracruz.com\\\/wp-content\\\/uploads\\\/2025\\\/12\\\/Logo-Nuevo-LOS-POLITICOS-1.jpg\",\"contentUrl\":\"https:\\\/\\\/lospoliticosveracruz.com\\\/wp-content\\\/uploads\\\/2025\\\/12\\\/Logo-Nuevo-LOS-POLITICOS-1.jpg\",\"width\":260,\"height\":70,\"caption\":\"Los pol\u00edticos Veracruz\"},\"image\":{\"@id\":\"https:\\\/\\\/lospoliticosveracruz.com\\\/#\\\/schema\\\/logo\\\/image\\\/\"},\"sameAs\":[\"https:\\\/\\\/www.facebook.com\\\/people\\\/Notimemes-de-los-Polticos\\\/61565672886568\\\/\",\"https:\\\/\\\/x.com\\\/LosPoliticosVer\"]},{\"@type\":\"Person\",\"@id\":\"https:\\\/\\\/lospoliticosveracruz.com\\\/#\\\/schema\\\/person\\\/b8702bb0e538456e6efd07080bf2a4a2\",\"name\":\"Lo viste en Los Pol\u00edticos\",\"image\":{\"@type\":\"ImageObject\",\"inLanguage\":\"es\",\"@id\":\"https:\\\/\\\/secure.gravatar.com\\\/avatar\\\/3a8de04a2656d44082be478bd6c086daa447c4651605818287b9532d3d0bd435?s=96&d=mm&r=g\",\"url\":\"https:\\\/\\\/secure.gravatar.com\\\/avatar\\\/3a8de04a2656d44082be478bd6c086daa447c4651605818287b9532d3d0bd435?s=96&d=mm&r=g\",\"contentUrl\":\"https:\\\/\\\/secure.gravatar.com\\\/avatar\\\/3a8de04a2656d44082be478bd6c086daa447c4651605818287b9532d3d0bd435?s=96&d=mm&r=g\",\"caption\":\"Lo viste en Los Pol\u00edticos\"},\"url\":\"https:\\\/\\\/lospoliticosveracruz.com\\\/?author=2\"}]}<\/script>\n<!-- \/ Yoast SEO plugin. -->","yoast_head_json":{"title":"Hoteles y Moteles en tiempos de Covid-19 - Los pol\u00edticos Veracruz","robots":{"index":"index","follow":"follow","max-snippet":"max-snippet:-1","max-image-preview":"max-image-preview:large","max-video-preview":"max-video-preview:-1"},"canonical":"https:\/\/lospoliticosveracruz.com\/?p=54365","og_locale":"es_ES","og_type":"article","og_title":"Hoteles y Moteles en tiempos de Covid-19 - Los pol\u00edticos Veracruz","og_description":"Brenda Caballero N\u00fameros Rojos \u201c\u00a1Sal de compras y regresa ba\u00f1ado a tu casa! En Moteles Xalapa nos preocupamos por ti\u201d. De inmediato vuelvo a la publicaci\u00f3n de Facebook, pues llama mi atenci\u00f3n eso de \u201cregresar ba\u00f1ado\u201d, pues seg\u00fan me han contado, esos lugares hasta secadoras de cabello tienen. No puedo evitar seguir leyendo: \u201cSi tu [&hellip;]","og_url":"https:\/\/lospoliticosveracruz.com\/?p=54365","og_site_name":"Los pol\u00edticos Veracruz","article_publisher":"https:\/\/www.facebook.com\/people\/Notimemes-de-los-Polticos\/61565672886568\/","article_published_time":"2020-04-18T04:00:50+00:00","og_image":[{"width":200,"height":200,"url":"https:\/\/lospoliticosveracruz.com\/wp-content\/uploads\/2016\/07\/Logo-Dor.jpg","type":"image\/jpeg"}],"author":"Lo viste en Los Pol\u00edticos","twitter_card":"summary_large_image","twitter_creator":"@LosPoliticosVer","twitter_site":"@LosPoliticosVer","twitter_misc":{"Escrito por":"Lo viste en Los Pol\u00edticos","Tiempo de lectura":"2 minutos"},"schema":{"@context":"https:\/\/schema.org","@graph":[{"@type":"Article","@id":"https:\/\/lospoliticosveracruz.com\/?p=54365#article","isPartOf":{"@id":"https:\/\/lospoliticosveracruz.com\/?p=54365"},"author":{"name":"Lo viste en Los Pol\u00edticos","@id":"https:\/\/lospoliticosveracruz.com\/#\/schema\/person\/b8702bb0e538456e6efd07080bf2a4a2"},"headline":"Hoteles y Moteles en tiempos de Covid-19","datePublished":"2020-04-18T04:00:50+00:00","mainEntityOfPage":{"@id":"https:\/\/lospoliticosveracruz.com\/?p=54365"},"wordCount":502,"commentCount":0,"publisher":{"@id":"https:\/\/lospoliticosveracruz.com\/#organization"},"keywords":["Brenda Caballero","Cielo Concept Hotel","Covid 19","facebook","Motel Cielo Good Luck","Moteles Xalapa","Xalapa"],"articleSection":["De Opini\u00f3n"],"inLanguage":"es","potentialAction":[{"@type":"CommentAction","name":"Comment","target":["https:\/\/lospoliticosveracruz.com\/?p=54365#respond"]}]},{"@type":"WebPage","@id":"https:\/\/lospoliticosveracruz.com\/?p=54365","url":"https:\/\/lospoliticosveracruz.com\/?p=54365","name":"Hoteles y Moteles en tiempos de Covid-19 - Los pol\u00edticos Veracruz","isPartOf":{"@id":"https:\/\/lospoliticosveracruz.com\/#website"},"datePublished":"2020-04-18T04:00:50+00:00","breadcrumb":{"@id":"https:\/\/lospoliticosveracruz.com\/?p=54365#breadcrumb"},"inLanguage":"es","potentialAction":[{"@type":"ReadAction","target":["https:\/\/lospoliticosveracruz.com\/?p=54365"]}]},{"@type":"BreadcrumbList","@id":"https:\/\/lospoliticosveracruz.com\/?p=54365#breadcrumb","itemListElement":[{"@type":"ListItem","position":1,"name":"Portada","item":"https:\/\/lospoliticosveracruz.com\/"},{"@type":"ListItem","position":2,"name":"Hoteles y Moteles en tiempos de Covid-19"}]},{"@type":"WebSite","@id":"https:\/\/lospoliticosveracruz.com\/#website","url":"https:\/\/lospoliticosveracruz.com\/","name":"Los pol\u00edticos Veracruz","description":"","publisher":{"@id":"https:\/\/lospoliticosveracruz.com\/#organization"},"potentialAction":[{"@type":"SearchAction","target":{"@type":"EntryPoint","urlTemplate":"https:\/\/lospoliticosveracruz.com\/?s={search_term_string}"},"query-input":{"@type":"PropertyValueSpecification","valueRequired":true,"valueName":"search_term_string"}}],"inLanguage":"es"},{"@type":"Organization","@id":"https:\/\/lospoliticosveracruz.com\/#organization","name":"Los pol\u00edticos Veracruz","url":"https:\/\/lospoliticosveracruz.com\/","logo":{"@type":"ImageObject","inLanguage":"es","@id":"https:\/\/lospoliticosveracruz.com\/#\/schema\/logo\/image\/","url":"https:\/\/lospoliticosveracruz.com\/wp-content\/uploads\/2025\/12\/Logo-Nuevo-LOS-POLITICOS-1.jpg","contentUrl":"https:\/\/lospoliticosveracruz.com\/wp-content\/uploads\/2025\/12\/Logo-Nuevo-LOS-POLITICOS-1.jpg","width":260,"height":70,"caption":"Los pol\u00edticos Veracruz"},"image":{"@id":"https:\/\/lospoliticosveracruz.com\/#\/schema\/logo\/image\/"},"sameAs":["https:\/\/www.facebook.com\/people\/Notimemes-de-los-Polticos\/61565672886568\/","https:\/\/x.com\/LosPoliticosVer"]},{"@type":"Person","@id":"https:\/\/lospoliticosveracruz.com\/#\/schema\/person\/b8702bb0e538456e6efd07080bf2a4a2","name":"Lo viste en Los Pol\u00edticos","image":{"@type":"ImageObject","inLanguage":"es","@id":"https:\/\/secure.gravatar.com\/avatar\/3a8de04a2656d44082be478bd6c086daa447c4651605818287b9532d3d0bd435?s=96&d=mm&r=g","url":"https:\/\/secure.gravatar.com\/avatar\/3a8de04a2656d44082be478bd6c086daa447c4651605818287b9532d3d0bd435?s=96&d=mm&r=g","contentUrl":"https:\/\/secure.gravatar.com\/avatar\/3a8de04a2656d44082be478bd6c086daa447c4651605818287b9532d3d0bd435?s=96&d=mm&r=g","caption":"Lo viste en Los Pol\u00edticos"},"url":"https:\/\/lospoliticosveracruz.com\/?author=2"}]}},"_links":{"self":[{"href":"https:\/\/lospoliticosveracruz.com\/index.php?rest_route=\/wp\/v2\/posts\/54365","targetHints":{"allow":["GET"]}}],"collection":[{"href":"https:\/\/lospoliticosveracruz.com\/index.php?rest_route=\/wp\/v2\/posts"}],"about":[{"href":"https:\/\/lospoliticosveracruz.com\/index.php?rest_route=\/wp\/v2\/types\/post"}],"author":[{"embeddable":true,"href":"https:\/\/lospoliticosveracruz.com\/index.php?rest_route=\/wp\/v2\/users\/2"}],"replies":[{"embeddable":true,"href":"https:\/\/lospoliticosveracruz.com\/index.php?rest_route=%2Fwp%2Fv2%2Fcomments&post=54365"}],"version-history":[{"count":1,"href":"https:\/\/lospoliticosveracruz.com\/index.php?rest_route=\/wp\/v2\/posts\/54365\/revisions"}],"predecessor-version":[{"id":54367,"href":"https:\/\/lospoliticosveracruz.com\/index.php?rest_route=\/wp\/v2\/posts\/54365\/revisions\/54367"}],"wp:attachment":[{"href":"https:\/\/lospoliticosveracruz.com\/index.php?rest_route=%2Fwp%2Fv2%2Fmedia&parent=54365"}],"wp:term":[{"taxonomy":"category","embeddable":true,"href":"https:\/\/lospoliticosveracruz.com\/index.php?rest_route=%2Fwp%2Fv2%2Fcategories&post=54365"},{"taxonomy":"post_tag","embeddable":true,"href":"https:\/\/lospoliticosveracruz.com\/index.php?rest_route=%2Fwp%2Fv2%2Ftags&post=54365"}],"curies":[{"name":"wp","href":"https:\/\/api.w.org\/{rel}","templated":true}]}}