{"id":54372,"date":"2020-04-18T12:01:12","date_gmt":"2020-04-18T17:01:12","guid":{"rendered":"http:\/\/www.lospoliticosveracruz.com.mx\/?p=54372"},"modified":"2020-04-18T12:01:12","modified_gmt":"2020-04-18T17:01:12","slug":"cuic-en-cuarentena-empresarial","status":"publish","type":"post","link":"https:\/\/lospoliticosveracruz.com\/?p=54372","title":{"rendered":"Cuic, en cuarentena empresarial"},"content":{"rendered":"<p><strong>Ricardo Ch\u00faa<\/strong><\/p>\n<p><em>Sale y Vale<\/em><\/p>\n<p>QUE VERGUENZA&#8230; Deber\u00eda ser para el gobernador, Cuitl\u00e1huac Garc\u00eda y el secretario de Salud estatal, Roberto Ramos Alor, que las primeras personas en el frente de \u00abbatalla\u00bb contra el Coronavirus, como son los m\u00e9dicos de los hospitales generales p\u00fablicos en Veracruz, como el de este puerto, por no tener equipo adecuado de protecci\u00f3n para no contagiarse de este mal cuando atienden enfermos&#8230; Est\u00e9n usando \u00aboveroles\u00bb hechos de bolsas de pl\u00e1stico que est\u00e1n puestas sobre sus cuerpos&#8230; Eso si es NO TENER MADRE&#8230;<\/p>\n<p>Ya ser\u00eda el tiempo que los suministros para los galenos estuvieran presentes&#8230; M\u00e1s por el tiempo que ha pasado desde que inicio la \u00abcuarentena\u00bb por esta pandem\u00eda&#8230; Y no puede ser posible que los m\u00e9dicos de este hospital regional que recibe el mayor n\u00famero de pacientes y enfermos en la entidad, anden protegi\u00e9ndose del COVID con bolsas de pl\u00e1stico&#8230; Y si est\u00e1n as\u00ed ahora que aun no se rebasa la fase 2&#8230; \u00bfC\u00f3mo estar\u00e1n cuando entremos a la Fase 3?&#8230; Es verdaderamente incre\u00edble&#8230;<\/p>\n<p>EMPRESARIOS Y CUITL\u00c1HUAC&#8230; A pesar que el gobierno del Estado ya dio postura sobre la forma que tratar\u00e1 el tema de peticiones que hace el sector empresarial en Veracruz para que puedan salir del conflicto laboral y econ\u00f3mico que tienen sus compa\u00f1\u00edas por la presencia del Coronavirus&#8230; Estos \u00abRicos y Sabrosos\u00bb de la entidad se\u00f1alan que el gobernador, Cuitl\u00e1huac Garc\u00eda, no ha entendido que si bien es cierto, hoy existe una realidad nacional, se debe dar cuenta que son con distintas realidades locales qu\u00e9 hay que atender&#8230;<\/p>\n<p>En reuniones en privado&#8230; Los hombres del dinero han hecho \u00e9nfasis a sus dirigentes de organismos empresariales y a propios funcionarios de la SEDECOP que van en nombre de Cuitl\u00e1huac a las citas&#8230; Que no ellos como empresarios no tienen los mismos conflictos que los mismos miembros de su sector que est\u00e1n en Monterrey o Tuxtla Guti\u00e9rrez&#8230; Y a esos temas locales productivos, son a los que piden que Garc\u00eda Jim\u00e9nez le ponga atenci\u00f3n&#8230;. No es el mismo problema en Nuevo Le\u00f3n o Chiapas que en Veracruz&#8230;<\/p>\n<p>En las mismas \u00abgrillas\u00bb empresariales que se han realizado en Xalapa, Veracruz y Boca del R\u00edo&#8230; Han comentado que Cuitl\u00e1huac Garc\u00eda se encuentra asumiendo, el mismo papel del Presidente, y, lo que es peor&#8230; Negando una realidad&#8230; Ya que en este momento debe asumir su responsabilidad de Gobernador del Estado ante la emergencia&#8230; Pero, al parecer, eso no lo hace as\u00ed y deja al sector productivo al garete&#8230; Ni siquiera los convoca de manera real&#8230; Eso es lo grave&#8230; Menos porque no ofrece soluciones&#8230;<\/p>\n<p>En estas reuniones de empresarios en Veracruz, han se\u00f1alado que si bien est\u00e1n consientes que la emergencia de salud en la entidad, va a traer graves consecuencias&#8230; Tambi\u00e9n est\u00e1 va a afectar al sector productivo y empleo&#8230; Lo cual llevar\u00e1 que el Estado viva una crisis econ\u00f3mica sin precedentes&#8230; Ya que de entrada, Cuitl\u00e1uhac no ha tomado la medida m\u00e1s urgente en el sector productivo, que ser\u00eda la de crear un Comit\u00e9 de Emergencia por el Empleo y la Econom\u00eda&#8230; Misma que ser\u00eda tripartita (Gobierno, empresarios y clase trabajadora)&#8230;<\/p>\n<p>La cual, se\u00f1alan los \u00abRicos y Sabrosos\u00bb, les servir\u00eda para tomar las decisiones correctas en cuanto a que no haya cierre de empresas y no crezca el desempleo&#8230; Adem\u00e1s de que en el tema de los altos costos al servicio de la CFE en plena contingencia&#8230; El como gobernador debiera ser el interlocutor con Manuel Bartlett, ya que en un mes se van a presentar graves problemas para el pago de luz en plena temperada de calor para las empresas y familias&#8230; Pero no lo ha hecho y ni lo quiere hacer&#8230;<\/p>\n<p>Pero lo m\u00e1s grave&#8230; Es que el mismo gobierno federal y estatal ha establecido el aislamiento social&#8230; Pero, lo que no se vale es que no pienses en las consecuencias que con ello traer\u00e1s.. Y para el colmo, no quieras como administraci\u00f3n hacer un diferimiento y no condonaci\u00f3n de impuestos federales y estatales&#8230; Y que es ah\u00ed como gobierno donde condenas a las empresas a mejor cerrar, que mantenerse vigentes creando empleos&#8230; Ya que ning\u00fan empresario con sentido com\u00fan quieren perder su dinero o fortunas&#8230;<\/p>\n<p>Si a nivel nacional, las c\u00e1maras empresariales dicen que hay un estimado en la p\u00e9rdida de empleo de un mill\u00f3n 600 mil fuentes de laborales&#8230; Y que el 30 por ciento de las 5 mil 900 empresas ( formales e informales ) iban directo a la quiebra en estos momentos de la pandem\u00eda&#8230; Hay que imaginarse cu\u00e1l ser\u00eda la situaci\u00f3n real para Veracruz, en estos momentos que hay una econom\u00eda d\u00e9bil&#8230; Y no hay desarrollo econ\u00f3mico real desde hace varios a\u00f1os&#8230; Pero que en este gobierno de MORENA se ha acentuado m\u00e1s&#8230;<\/p>\n<p>As\u00ed que los mismos empresarios en Veracruz est\u00e1n consientes&#8230; Que si el propio Cuitl\u00e1huac Garc\u00eda en su figura de gobernador, no convoca a un gran Pacto por el Empleo y la Econom\u00eda, entonces, la recesi\u00f3n y crisis econ\u00f3mica en la entidad.. Se estar\u00e1n viviendo en plena fase 3 de la contingencia sanitaria por el Coronavirus&#8230; Y para salir de esta crisis llevara m\u00e1s tiempo del que tarde todo el sexenio de gobierno de MORENA&#8230; La crisis ser\u00e1 horrible&#8230; AMEN&#8230;<\/p>\n<p>PD&#8230; Lo dicho en reuniones de los empresarios en d\u00edas pasados&#8230; Ya se est\u00e1n haciendo patente en la Plaza Lerdo de Xalapa.. Las protestas del sector productivo en Veracruz (formal e informal) est\u00e1n a la orden del d\u00eda&#8230; Son personas que al cierre de empresas y comercios se van a la calle&#8230; Sin saber que hacer o como enfrentar ahora la crisis econ\u00f3mica familiar porque no tienen dinero con que darles de comer a sus hijos&#8230; Aunado que se tienen que cuidar que no les de la enfermedad&#8230; Muy grave el asunto&#8230; Y lo que falta por ver&#8230; M\u00c1S AMEN&#8230;<\/p>\n","protected":false},"excerpt":{"rendered":"<p>Ricardo Ch\u00faa Sale y Vale QUE VERGUENZA&#8230; Deber\u00eda ser para el gobernador, Cuitl\u00e1huac Garc\u00eda y el secretario de Salud estatal, Roberto Ramos Alor, que las primeras personas en el frente de \u00abbatalla\u00bb contra el Coronavirus, como son los m\u00e9dicos de los hospitales generales p\u00fablicos en Veracruz, como el de este puerto, por no tener equipo [&hellip;]<\/p>\n","protected":false},"author":2,"featured_media":0,"comment_status":"open","ping_status":"open","sticky":false,"template":"","format":"standard","meta":{"tdm_status":"","tdm_grid_status":"","footnotes":""},"categories":[70],"tags":[601,544,16264,1681,17087,17252,1242,1243,13604,12606,5102,6740,195,96],"class_list":{"0":"post-54372","1":"post","2":"type-post","3":"status-publish","4":"format-standard","6":"category-de-opinion","7":"tag-boca-del-rio","8":"tag-chiapas","9":"tag-coronavirus","10":"tag-cuitlahuac-garcia","11":"tag-fase-2","12":"tag-fase-3","13":"tag-monterrey","14":"tag-nuevo-leon","15":"tag-ricardo-chua","16":"tag-roberto-ramos-alor","17":"tag-sedecop","18":"tag-tuxtla-gutierrez","19":"tag-veracruz","20":"tag-xalapa"},"yoast_head":"<!-- This site is optimized with the Yoast SEO plugin v27.4 - https:\/\/yoast.com\/product\/yoast-seo-wordpress\/ -->\n<title>Cuic, en cuarentena empresarial - Los pol\u00edticos Veracruz<\/title>\n<meta name=\"robots\" content=\"index, follow, max-snippet:-1, max-image-preview:large, max-video-preview:-1\" \/>\n<link rel=\"canonical\" href=\"https:\/\/lospoliticosveracruz.com\/?p=54372\" \/>\n<meta property=\"og:locale\" content=\"es_ES\" \/>\n<meta property=\"og:type\" content=\"article\" \/>\n<meta property=\"og:title\" content=\"Cuic, en cuarentena empresarial - Los pol\u00edticos Veracruz\" \/>\n<meta property=\"og:description\" content=\"Ricardo Ch\u00faa Sale y Vale QUE VERGUENZA&#8230; Deber\u00eda ser para el gobernador, Cuitl\u00e1huac Garc\u00eda y el secretario de Salud estatal, Roberto Ramos Alor, que las primeras personas en el frente de \u00abbatalla\u00bb contra el Coronavirus, como son los m\u00e9dicos de los hospitales generales p\u00fablicos en Veracruz, como el de este puerto, por no tener equipo [&hellip;]\" \/>\n<meta property=\"og:url\" content=\"https:\/\/lospoliticosveracruz.com\/?p=54372\" \/>\n<meta property=\"og:site_name\" content=\"Los pol\u00edticos Veracruz\" \/>\n<meta property=\"article:publisher\" content=\"https:\/\/www.facebook.com\/people\/Notimemes-de-los-Polticos\/61565672886568\/\" \/>\n<meta property=\"article:published_time\" content=\"2020-04-18T17:01:12+00:00\" \/>\n<meta property=\"og:image\" content=\"https:\/\/lospoliticosveracruz.com\/wp-content\/uploads\/2016\/07\/Logo-Dor.jpg\" \/>\n\t<meta property=\"og:image:width\" content=\"200\" \/>\n\t<meta property=\"og:image:height\" content=\"200\" \/>\n\t<meta property=\"og:image:type\" content=\"image\/jpeg\" \/>\n<meta name=\"author\" content=\"Lo viste en Los Pol\u00edticos\" \/>\n<meta name=\"twitter:card\" content=\"summary_large_image\" \/>\n<meta name=\"twitter:creator\" content=\"@LosPoliticosVer\" \/>\n<meta name=\"twitter:site\" content=\"@LosPoliticosVer\" \/>\n<meta name=\"twitter:label1\" content=\"Escrito por\" \/>\n\t<meta name=\"twitter:data1\" content=\"Lo viste en Los Pol\u00edticos\" \/>\n\t<meta name=\"twitter:label2\" content=\"Tiempo de lectura\" \/>\n\t<meta name=\"twitter:data2\" content=\"5 minutos\" \/>\n<script type=\"application\/ld+json\" class=\"yoast-schema-graph\">{\"@context\":\"https:\\\/\\\/schema.org\",\"@graph\":[{\"@type\":\"Article\",\"@id\":\"https:\\\/\\\/lospoliticosveracruz.com\\\/?p=54372#article\",\"isPartOf\":{\"@id\":\"https:\\\/\\\/lospoliticosveracruz.com\\\/?p=54372\"},\"author\":{\"name\":\"Lo viste en Los Pol\u00edticos\",\"@id\":\"https:\\\/\\\/lospoliticosveracruz.com\\\/#\\\/schema\\\/person\\\/b8702bb0e538456e6efd07080bf2a4a2\"},\"headline\":\"Cuic, en cuarentena empresarial\",\"datePublished\":\"2020-04-18T17:01:12+00:00\",\"mainEntityOfPage\":{\"@id\":\"https:\\\/\\\/lospoliticosveracruz.com\\\/?p=54372\"},\"wordCount\":1041,\"commentCount\":0,\"publisher\":{\"@id\":\"https:\\\/\\\/lospoliticosveracruz.com\\\/#organization\"},\"keywords\":[\"Boca del R\u00edo\",\"Chiapas\",\"coronavirus\",\"Cuitl\u00e1huac Garc\u00eda\",\"Fase 2\",\"Fase 3\",\"Monterrey\",\"Nuevo Le\u00f3n\",\"Ricardo Ch\u00faa\",\"Roberto Ramos Alor\",\"Sedecop\",\"Tuxtla Guti\u00e9rrez\",\"Veracruz\",\"Xalapa\"],\"articleSection\":[\"De Opini\u00f3n\"],\"inLanguage\":\"es\",\"potentialAction\":[{\"@type\":\"CommentAction\",\"name\":\"Comment\",\"target\":[\"https:\\\/\\\/lospoliticosveracruz.com\\\/?p=54372#respond\"]}]},{\"@type\":\"WebPage\",\"@id\":\"https:\\\/\\\/lospoliticosveracruz.com\\\/?p=54372\",\"url\":\"https:\\\/\\\/lospoliticosveracruz.com\\\/?p=54372\",\"name\":\"Cuic, en cuarentena empresarial - Los pol\u00edticos Veracruz\",\"isPartOf\":{\"@id\":\"https:\\\/\\\/lospoliticosveracruz.com\\\/#website\"},\"datePublished\":\"2020-04-18T17:01:12+00:00\",\"breadcrumb\":{\"@id\":\"https:\\\/\\\/lospoliticosveracruz.com\\\/?p=54372#breadcrumb\"},\"inLanguage\":\"es\",\"potentialAction\":[{\"@type\":\"ReadAction\",\"target\":[\"https:\\\/\\\/lospoliticosveracruz.com\\\/?p=54372\"]}]},{\"@type\":\"BreadcrumbList\",\"@id\":\"https:\\\/\\\/lospoliticosveracruz.com\\\/?p=54372#breadcrumb\",\"itemListElement\":[{\"@type\":\"ListItem\",\"position\":1,\"name\":\"Portada\",\"item\":\"https:\\\/\\\/lospoliticosveracruz.com\\\/\"},{\"@type\":\"ListItem\",\"position\":2,\"name\":\"Cuic, en cuarentena empresarial\"}]},{\"@type\":\"WebSite\",\"@id\":\"https:\\\/\\\/lospoliticosveracruz.com\\\/#website\",\"url\":\"https:\\\/\\\/lospoliticosveracruz.com\\\/\",\"name\":\"Los pol\u00edticos Veracruz\",\"description\":\"\",\"publisher\":{\"@id\":\"https:\\\/\\\/lospoliticosveracruz.com\\\/#organization\"},\"potentialAction\":[{\"@type\":\"SearchAction\",\"target\":{\"@type\":\"EntryPoint\",\"urlTemplate\":\"https:\\\/\\\/lospoliticosveracruz.com\\\/?s={search_term_string}\"},\"query-input\":{\"@type\":\"PropertyValueSpecification\",\"valueRequired\":true,\"valueName\":\"search_term_string\"}}],\"inLanguage\":\"es\"},{\"@type\":\"Organization\",\"@id\":\"https:\\\/\\\/lospoliticosveracruz.com\\\/#organization\",\"name\":\"Los pol\u00edticos Veracruz\",\"url\":\"https:\\\/\\\/lospoliticosveracruz.com\\\/\",\"logo\":{\"@type\":\"ImageObject\",\"inLanguage\":\"es\",\"@id\":\"https:\\\/\\\/lospoliticosveracruz.com\\\/#\\\/schema\\\/logo\\\/image\\\/\",\"url\":\"https:\\\/\\\/lospoliticosveracruz.com\\\/wp-content\\\/uploads\\\/2025\\\/12\\\/Logo-Nuevo-LOS-POLITICOS-1.jpg\",\"contentUrl\":\"https:\\\/\\\/lospoliticosveracruz.com\\\/wp-content\\\/uploads\\\/2025\\\/12\\\/Logo-Nuevo-LOS-POLITICOS-1.jpg\",\"width\":260,\"height\":70,\"caption\":\"Los pol\u00edticos Veracruz\"},\"image\":{\"@id\":\"https:\\\/\\\/lospoliticosveracruz.com\\\/#\\\/schema\\\/logo\\\/image\\\/\"},\"sameAs\":[\"https:\\\/\\\/www.facebook.com\\\/people\\\/Notimemes-de-los-Polticos\\\/61565672886568\\\/\",\"https:\\\/\\\/x.com\\\/LosPoliticosVer\"]},{\"@type\":\"Person\",\"@id\":\"https:\\\/\\\/lospoliticosveracruz.com\\\/#\\\/schema\\\/person\\\/b8702bb0e538456e6efd07080bf2a4a2\",\"name\":\"Lo viste en Los Pol\u00edticos\",\"image\":{\"@type\":\"ImageObject\",\"inLanguage\":\"es\",\"@id\":\"https:\\\/\\\/secure.gravatar.com\\\/avatar\\\/3a8de04a2656d44082be478bd6c086daa447c4651605818287b9532d3d0bd435?s=96&d=mm&r=g\",\"url\":\"https:\\\/\\\/secure.gravatar.com\\\/avatar\\\/3a8de04a2656d44082be478bd6c086daa447c4651605818287b9532d3d0bd435?s=96&d=mm&r=g\",\"contentUrl\":\"https:\\\/\\\/secure.gravatar.com\\\/avatar\\\/3a8de04a2656d44082be478bd6c086daa447c4651605818287b9532d3d0bd435?s=96&d=mm&r=g\",\"caption\":\"Lo viste en Los Pol\u00edticos\"},\"url\":\"https:\\\/\\\/lospoliticosveracruz.com\\\/?author=2\"}]}<\/script>\n<!-- \/ Yoast SEO plugin. -->","yoast_head_json":{"title":"Cuic, en cuarentena empresarial - Los pol\u00edticos Veracruz","robots":{"index":"index","follow":"follow","max-snippet":"max-snippet:-1","max-image-preview":"max-image-preview:large","max-video-preview":"max-video-preview:-1"},"canonical":"https:\/\/lospoliticosveracruz.com\/?p=54372","og_locale":"es_ES","og_type":"article","og_title":"Cuic, en cuarentena empresarial - Los pol\u00edticos Veracruz","og_description":"Ricardo Ch\u00faa Sale y Vale QUE VERGUENZA&#8230; Deber\u00eda ser para el gobernador, Cuitl\u00e1huac Garc\u00eda y el secretario de Salud estatal, Roberto Ramos Alor, que las primeras personas en el frente de \u00abbatalla\u00bb contra el Coronavirus, como son los m\u00e9dicos de los hospitales generales p\u00fablicos en Veracruz, como el de este puerto, por no tener equipo [&hellip;]","og_url":"https:\/\/lospoliticosveracruz.com\/?p=54372","og_site_name":"Los pol\u00edticos Veracruz","article_publisher":"https:\/\/www.facebook.com\/people\/Notimemes-de-los-Polticos\/61565672886568\/","article_published_time":"2020-04-18T17:01:12+00:00","og_image":[{"width":200,"height":200,"url":"https:\/\/lospoliticosveracruz.com\/wp-content\/uploads\/2016\/07\/Logo-Dor.jpg","type":"image\/jpeg"}],"author":"Lo viste en Los Pol\u00edticos","twitter_card":"summary_large_image","twitter_creator":"@LosPoliticosVer","twitter_site":"@LosPoliticosVer","twitter_misc":{"Escrito por":"Lo viste en Los Pol\u00edticos","Tiempo de lectura":"5 minutos"},"schema":{"@context":"https:\/\/schema.org","@graph":[{"@type":"Article","@id":"https:\/\/lospoliticosveracruz.com\/?p=54372#article","isPartOf":{"@id":"https:\/\/lospoliticosveracruz.com\/?p=54372"},"author":{"name":"Lo viste en Los Pol\u00edticos","@id":"https:\/\/lospoliticosveracruz.com\/#\/schema\/person\/b8702bb0e538456e6efd07080bf2a4a2"},"headline":"Cuic, en cuarentena empresarial","datePublished":"2020-04-18T17:01:12+00:00","mainEntityOfPage":{"@id":"https:\/\/lospoliticosveracruz.com\/?p=54372"},"wordCount":1041,"commentCount":0,"publisher":{"@id":"https:\/\/lospoliticosveracruz.com\/#organization"},"keywords":["Boca del R\u00edo","Chiapas","coronavirus","Cuitl\u00e1huac Garc\u00eda","Fase 2","Fase 3","Monterrey","Nuevo Le\u00f3n","Ricardo Ch\u00faa","Roberto Ramos Alor","Sedecop","Tuxtla Guti\u00e9rrez","Veracruz","Xalapa"],"articleSection":["De Opini\u00f3n"],"inLanguage":"es","potentialAction":[{"@type":"CommentAction","name":"Comment","target":["https:\/\/lospoliticosveracruz.com\/?p=54372#respond"]}]},{"@type":"WebPage","@id":"https:\/\/lospoliticosveracruz.com\/?p=54372","url":"https:\/\/lospoliticosveracruz.com\/?p=54372","name":"Cuic, en cuarentena empresarial - Los pol\u00edticos Veracruz","isPartOf":{"@id":"https:\/\/lospoliticosveracruz.com\/#website"},"datePublished":"2020-04-18T17:01:12+00:00","breadcrumb":{"@id":"https:\/\/lospoliticosveracruz.com\/?p=54372#breadcrumb"},"inLanguage":"es","potentialAction":[{"@type":"ReadAction","target":["https:\/\/lospoliticosveracruz.com\/?p=54372"]}]},{"@type":"BreadcrumbList","@id":"https:\/\/lospoliticosveracruz.com\/?p=54372#breadcrumb","itemListElement":[{"@type":"ListItem","position":1,"name":"Portada","item":"https:\/\/lospoliticosveracruz.com\/"},{"@type":"ListItem","position":2,"name":"Cuic, en cuarentena empresarial"}]},{"@type":"WebSite","@id":"https:\/\/lospoliticosveracruz.com\/#website","url":"https:\/\/lospoliticosveracruz.com\/","name":"Los pol\u00edticos Veracruz","description":"","publisher":{"@id":"https:\/\/lospoliticosveracruz.com\/#organization"},"potentialAction":[{"@type":"SearchAction","target":{"@type":"EntryPoint","urlTemplate":"https:\/\/lospoliticosveracruz.com\/?s={search_term_string}"},"query-input":{"@type":"PropertyValueSpecification","valueRequired":true,"valueName":"search_term_string"}}],"inLanguage":"es"},{"@type":"Organization","@id":"https:\/\/lospoliticosveracruz.com\/#organization","name":"Los pol\u00edticos Veracruz","url":"https:\/\/lospoliticosveracruz.com\/","logo":{"@type":"ImageObject","inLanguage":"es","@id":"https:\/\/lospoliticosveracruz.com\/#\/schema\/logo\/image\/","url":"https:\/\/lospoliticosveracruz.com\/wp-content\/uploads\/2025\/12\/Logo-Nuevo-LOS-POLITICOS-1.jpg","contentUrl":"https:\/\/lospoliticosveracruz.com\/wp-content\/uploads\/2025\/12\/Logo-Nuevo-LOS-POLITICOS-1.jpg","width":260,"height":70,"caption":"Los pol\u00edticos Veracruz"},"image":{"@id":"https:\/\/lospoliticosveracruz.com\/#\/schema\/logo\/image\/"},"sameAs":["https:\/\/www.facebook.com\/people\/Notimemes-de-los-Polticos\/61565672886568\/","https:\/\/x.com\/LosPoliticosVer"]},{"@type":"Person","@id":"https:\/\/lospoliticosveracruz.com\/#\/schema\/person\/b8702bb0e538456e6efd07080bf2a4a2","name":"Lo viste en Los Pol\u00edticos","image":{"@type":"ImageObject","inLanguage":"es","@id":"https:\/\/secure.gravatar.com\/avatar\/3a8de04a2656d44082be478bd6c086daa447c4651605818287b9532d3d0bd435?s=96&d=mm&r=g","url":"https:\/\/secure.gravatar.com\/avatar\/3a8de04a2656d44082be478bd6c086daa447c4651605818287b9532d3d0bd435?s=96&d=mm&r=g","contentUrl":"https:\/\/secure.gravatar.com\/avatar\/3a8de04a2656d44082be478bd6c086daa447c4651605818287b9532d3d0bd435?s=96&d=mm&r=g","caption":"Lo viste en Los Pol\u00edticos"},"url":"https:\/\/lospoliticosveracruz.com\/?author=2"}]}},"_links":{"self":[{"href":"https:\/\/lospoliticosveracruz.com\/index.php?rest_route=\/wp\/v2\/posts\/54372","targetHints":{"allow":["GET"]}}],"collection":[{"href":"https:\/\/lospoliticosveracruz.com\/index.php?rest_route=\/wp\/v2\/posts"}],"about":[{"href":"https:\/\/lospoliticosveracruz.com\/index.php?rest_route=\/wp\/v2\/types\/post"}],"author":[{"embeddable":true,"href":"https:\/\/lospoliticosveracruz.com\/index.php?rest_route=\/wp\/v2\/users\/2"}],"replies":[{"embeddable":true,"href":"https:\/\/lospoliticosveracruz.com\/index.php?rest_route=%2Fwp%2Fv2%2Fcomments&post=54372"}],"version-history":[{"count":1,"href":"https:\/\/lospoliticosveracruz.com\/index.php?rest_route=\/wp\/v2\/posts\/54372\/revisions"}],"predecessor-version":[{"id":54373,"href":"https:\/\/lospoliticosveracruz.com\/index.php?rest_route=\/wp\/v2\/posts\/54372\/revisions\/54373"}],"wp:attachment":[{"href":"https:\/\/lospoliticosveracruz.com\/index.php?rest_route=%2Fwp%2Fv2%2Fmedia&parent=54372"}],"wp:term":[{"taxonomy":"category","embeddable":true,"href":"https:\/\/lospoliticosveracruz.com\/index.php?rest_route=%2Fwp%2Fv2%2Fcategories&post=54372"},{"taxonomy":"post_tag","embeddable":true,"href":"https:\/\/lospoliticosveracruz.com\/index.php?rest_route=%2Fwp%2Fv2%2Ftags&post=54372"}],"curies":[{"name":"wp","href":"https:\/\/api.w.org\/{rel}","templated":true}]}}