{"id":54398,"date":"2020-04-19T23:00:55","date_gmt":"2020-04-20T04:00:55","guid":{"rendered":"http:\/\/www.lospoliticosveracruz.com.mx\/?p=54398"},"modified":"2020-04-19T15:49:41","modified_gmt":"2020-04-19T20:49:41","slug":"zenyazen-bienvenido","status":"publish","type":"post","link":"https:\/\/lospoliticosveracruz.com\/?p=54398","title":{"rendered":"Zenyazen, \u00a1bienvenido!"},"content":{"rendered":"<p><strong>Salvador Mu\u00f1oz<\/strong><\/p>\n<p><em>Los Politicos<\/em><\/p>\n<p><span style=\"font-weight: 400;\">En casa de Santi, mi sobrhijo, ya preparan la impresora porque este lunes regresa a clases\u2026 virtuales. No hab\u00eda comprendido el porqu\u00e9 de la impresora pero record\u00e9 que hace unas semanas, mi cu\u00f1ada me ped\u00eda ayuda para pasar las tareas de Santi a PDF y me cay\u00f3 el 20: les mandan la tarea, la imprimen, la realizan sobre papel y entonces despu\u00e9s la mandan a su maestra por correo electr\u00f3nico. Adem\u00e1s, mi sobrino toma clases en l\u00ednea con su \u201cMiss Teriosa\u201d (as\u00ed le bromeo) desde su laptop. Es decir, sin ning\u00fan problema, este lunes, Santi retoma sus clases en l\u00ednea despu\u00e9s de que se prolongue la cuarentena por la pandemia\u2026 salvo que se fuera la luz, la internet o algo extraordinario\u2026<\/span><\/p>\n<p><span style=\"font-weight: 400;\">En Veracruz, en esto de tomar clases a distancia, fuimos pioneros con algo que tiene rato que no escucho ni para bien ni para mal: los Telebachilleratos. Este novedoso sistema de ense\u00f1anza que inici\u00f3 con un cartucho de VHS y un gu\u00eda escolar, tuvo tanto \u00e9xito que igual se expandi\u00f3 como pandemia en otros estados que demandaban su servicio.<\/span><\/p>\n<p><span style=\"font-weight: 400;\">Hace unos d\u00edas, un amigo me dijo lo siguiente (en una conversaci\u00f3n por l\u00ednea):\u00a0<\/span><\/p>\n<p><span style=\"font-weight: 400;\">\u201cF\u00edjate que en la escuela de los ni\u00f1os encargaron ver las clases del Canal Once. Retransmiten la se\u00f1al de Nuevo Le\u00f3n para Primaria, y la verdad \u00a1qu\u00e9 chida calidad, contenidos y seguimiento le ponen a ese programa! Y pues aqu\u00ed Veracruz tiene a RTV que la verdad no rifa chido\u201d.<\/span><\/p>\n<p><span style=\"font-weight: 400;\">Contin\u00faa con su explicaci\u00f3n: \u201cEn los programas de Nuevo Le\u00f3n arrancan las clases dando un acertijo, no tan f\u00e1cil (sospecho que sus hijos s\u00ed lo saben responder, pero \u00e9l no) y la respuesta la dan hasta terminar el programa&#8230; esa estrategia obliga a los alumnos a estar pendiente hasta el final de la clase\u201d.<\/span><\/p>\n<p><span style=\"font-weight: 400;\">Agrega que al programa meten a un \u00abpati\u00f1o\u00bb que seg\u00fan no sabe nada y hace preguntas est\u00fapidas y eso hace m\u00e1s divertido el proceso Ense\u00f1anza-Aprendizaje. Creo que \u201cLord Mol\u00e9cula\u201d es norte\u00f1o\u2026<\/span><\/p>\n<p><span style=\"font-weight: 400;\">Bueno, habla un padre de familia que igual se pone con sus hijos a ver las clases y que est\u00e1 al pendiente de su educaci\u00f3n\u2026 y que de seguro le gustan los acertijos\u2026 y las maestras regias.<\/span><\/p>\n<p><span style=\"font-weight: 400;\">El asunto es que platico con la Mujer, que Santiago no ha de tener problemas con esto de las clases en l\u00ednea y es seguro que muchos ni\u00f1os tampoco\u2026 son una generaci\u00f3n que aprende de tutoriales y en los que hasta yo he tenido que entrarle, aprendiendo de j\u00f3venes que suenan no menores de 12 a\u00f1os\u2026 aunque siendo sinceros, Santi es uno de esos ni\u00f1os afortunados que crecen con las herramientas propias de esto que llaman Generaci\u00f3n Millenial\u2026 la realidad, muchos de nuestros ni\u00f1os y j\u00f3venes est\u00e1n distanciados de la tecnolog\u00eda\u2026<\/span><\/p>\n<p><span style=\"font-weight: 400;\">Retomo el texto que encontr\u00e9 de una amiga, Mary Mora Garc\u00eda, que sabe de estas \u00e1reas de Educaci\u00f3n, sobre las clases en l\u00ednea:<\/span><\/p>\n<p><span style=\"font-weight: 400;\">\u201cLa SEP exige clases online, material en plataforma, descargable, y amenaza con que se perder\u00e1 el a\u00f1o.<\/span><\/p>\n<p><span style=\"font-weight: 400;\">\u201cLos estudiantes:<\/span><\/p>\n<p><span style=\"font-weight: 400;\">\u201c\u2013Profe, yo no tengo computadora, voy a tratar de conseguirme una. \u00bfO lo puedo hacer en el cuaderno, sacarle fotos y mand\u00e1rselas?<\/span><\/p>\n<p><span style=\"font-weight: 400;\">\u201c\u2013Profe, en mi casa s\u00f3lo hay un celular y s\u00f3lo sirve para hacer llamadas.<\/span><\/p>\n<p><span style=\"font-weight: 400;\">\u201c\u2013Profe, yo no tengo Internet para navegar, el de mi celular es s\u00f3lo redes sociales, no me cargan las plataformas, no puedo bajar la app.<\/span><\/p>\n<p><span style=\"font-weight: 400;\">\u201c\u2013Profe, el tel\u00e9fono de mi mami es viejo, no puedo usar Internet ni puedo llamarla cada vez que no entiendo \u00bfqu\u00e9 hago?<\/span><\/p>\n<p><span style=\"font-weight: 400;\">\u201c\u2013Profe, yo tengo Internet, pero est\u00e1 remalo, no me carga.<\/span><\/p>\n<p><span style=\"font-weight: 400;\">\u201c\u2013Profe, yo no tengo impresora, y con mi abuelita en la casa no puedo salir, s\u00f3lo sale mi pap\u00e1.<\/span><\/p>\n<p><span style=\"font-weight: 400;\">\u201c\u2013Profe, mis pap\u00e1s siguen trabajando, estoy cuidando a mis hermanos y primos; les ayudo a hacer sus tareas; no s\u00e9 si pueda conectarme y avanzar en las m\u00edas.<\/span><\/p>\n<p><span style=\"font-weight: 400;\">\u201c\u2013Profe, y si no entiendo le puedo escribir para que me ayude, \u00bfno le molesta?<\/span><\/p>\n<p><span style=\"font-weight: 400;\">\u201c\u2013Profe, \u00bfcu\u00e1ndo volvemos? No entiendo lo que hay que hacer y mi mam\u00e1 tampoco<\/span><\/p>\n<p><span style=\"font-weight: 400;\">\u201c\u2013Profe, ya me enred\u00e9. \u00a1Har\u00e9 lo que pueda, no m\u00e1s!<\/span><\/p>\n<p><span style=\"font-weight: 400;\">\u201c\u2013Profe , si no carga, podemos enviarnos audios por wathsapp.<\/span><\/p>\n<p><span style=\"font-weight: 400;\">\u201c\u2013Profe, \u00bfvoy a quedar repitiendo aunque haga las tareas que me manda?<\/span><\/p>\n<p><span style=\"font-weight: 400;\">Estos casos, para algunos hipot\u00e9ticos, para otros, quiz\u00e1s cercanos a la realidad, pueden marcar quiz\u00e1s flojera por parte del alumnado, en aras de \u201caprovechar\u201d la cuarentena y no hacer nada, aunque tambi\u00e9n exhibir el mundo de desigualdad que viven nuestros ni\u00f1os y j\u00f3venes&#8230;<\/span><\/p>\n<p><span style=\"font-weight: 400;\">Es posible que el maestro o la maestra entienda que no todos sus alumnos est\u00e1n en las mismas condiciones socio-econ\u00f3micas para recibir una clase por l\u00ednea\u2026 la pregunta es si nuestras autoridades educativas lo entiendan\u2026<\/span><\/p>\n<p><span style=\"font-weight: 400;\">Ya nada m\u00e1s les expongo dos casos: \u00bfQu\u00e9 pasa en las casas, donde puede haber tres hijos y una sola computadora (ya ni citar la laptop)&#8230;? \u00bfO si el padre est\u00e1 en el Home Office?<\/span><\/p>\n<p><span style=\"font-weight: 400;\">Con este escenario, se puede decir a los ni\u00f1os en sus estudios por l\u00ednea: \u00a1Bienvenidos a clases! y a Zenyazen \u00bfBienvenido a la realidad?<\/span><\/p>\n<p>&nbsp;<\/p>\n<p><span style=\"font-weight: 400;\">smcainito@gmail.com<\/span><\/p>\n<p>&nbsp;<\/p>\n","protected":false},"excerpt":{"rendered":"<p>Salvador Mu\u00f1oz Los Politicos En casa de Santi, mi sobrhijo, ya preparan la impresora porque este lunes regresa a clases\u2026 virtuales. No hab\u00eda comprendido el porqu\u00e9 de la impresora pero record\u00e9 que hace unas semanas, mi cu\u00f1ada me ped\u00eda ayuda para pasar las tareas de Santi a PDF y me cay\u00f3 el 20: les mandan [&hellip;]<\/p>\n","protected":false},"author":2,"featured_media":0,"comment_status":"open","ping_status":"open","sticky":false,"template":"","format":"standard","meta":{"tdm_status":"","tdm_grid_status":"","footnotes":""},"categories":[70],"tags":[17510,17245,17511,1243,2646,11713,195],"class_list":{"0":"post-54398","1":"post","2":"type-post","3":"status-publish","4":"format-standard","6":"category-de-opinion","7":"tag-canal-once","8":"tag-lord-molecula","9":"tag-mary-mora-garcia","10":"tag-nuevo-leon","11":"tag-salvador-munoz","12":"tag-telebachilleratos","13":"tag-veracruz"},"yoast_head":"<!-- This site is optimized with the Yoast SEO plugin v27.4 - https:\/\/yoast.com\/product\/yoast-seo-wordpress\/ -->\n<title>Zenyazen, \u00a1bienvenido! - Los pol\u00edticos Veracruz<\/title>\n<meta name=\"robots\" content=\"index, follow, max-snippet:-1, max-image-preview:large, max-video-preview:-1\" \/>\n<link rel=\"canonical\" href=\"https:\/\/lospoliticosveracruz.com\/?p=54398\" \/>\n<meta property=\"og:locale\" content=\"es_ES\" \/>\n<meta property=\"og:type\" content=\"article\" \/>\n<meta property=\"og:title\" content=\"Zenyazen, \u00a1bienvenido! - Los pol\u00edticos Veracruz\" \/>\n<meta property=\"og:description\" content=\"Salvador Mu\u00f1oz Los Politicos En casa de Santi, mi sobrhijo, ya preparan la impresora porque este lunes regresa a clases\u2026 virtuales. No hab\u00eda comprendido el porqu\u00e9 de la impresora pero record\u00e9 que hace unas semanas, mi cu\u00f1ada me ped\u00eda ayuda para pasar las tareas de Santi a PDF y me cay\u00f3 el 20: les mandan [&hellip;]\" \/>\n<meta property=\"og:url\" content=\"https:\/\/lospoliticosveracruz.com\/?p=54398\" \/>\n<meta property=\"og:site_name\" content=\"Los pol\u00edticos Veracruz\" \/>\n<meta property=\"article:publisher\" content=\"https:\/\/www.facebook.com\/people\/Notimemes-de-los-Polticos\/61565672886568\/\" \/>\n<meta property=\"article:published_time\" content=\"2020-04-20T04:00:55+00:00\" \/>\n<meta property=\"og:image\" content=\"https:\/\/lospoliticosveracruz.com\/wp-content\/uploads\/2016\/07\/Logo-Dor.jpg\" \/>\n\t<meta property=\"og:image:width\" content=\"200\" \/>\n\t<meta property=\"og:image:height\" content=\"200\" \/>\n\t<meta property=\"og:image:type\" content=\"image\/jpeg\" \/>\n<meta name=\"author\" content=\"Lo viste en Los Pol\u00edticos\" \/>\n<meta name=\"twitter:card\" content=\"summary_large_image\" \/>\n<meta name=\"twitter:creator\" content=\"@LosPoliticosVer\" \/>\n<meta name=\"twitter:site\" content=\"@LosPoliticosVer\" \/>\n<meta name=\"twitter:label1\" content=\"Escrito por\" \/>\n\t<meta name=\"twitter:data1\" content=\"Lo viste en Los Pol\u00edticos\" \/>\n\t<meta name=\"twitter:label2\" content=\"Tiempo de lectura\" \/>\n\t<meta name=\"twitter:data2\" content=\"5 minutos\" \/>\n<script type=\"application\/ld+json\" class=\"yoast-schema-graph\">{\"@context\":\"https:\\\/\\\/schema.org\",\"@graph\":[{\"@type\":\"Article\",\"@id\":\"https:\\\/\\\/lospoliticosveracruz.com\\\/?p=54398#article\",\"isPartOf\":{\"@id\":\"https:\\\/\\\/lospoliticosveracruz.com\\\/?p=54398\"},\"author\":{\"name\":\"Lo viste en Los Pol\u00edticos\",\"@id\":\"https:\\\/\\\/lospoliticosveracruz.com\\\/#\\\/schema\\\/person\\\/b8702bb0e538456e6efd07080bf2a4a2\"},\"headline\":\"Zenyazen, \u00a1bienvenido!\",\"datePublished\":\"2020-04-20T04:00:55+00:00\",\"mainEntityOfPage\":{\"@id\":\"https:\\\/\\\/lospoliticosveracruz.com\\\/?p=54398\"},\"wordCount\":914,\"commentCount\":1,\"publisher\":{\"@id\":\"https:\\\/\\\/lospoliticosveracruz.com\\\/#organization\"},\"keywords\":[\"Canal Once\",\"Lord Mol\u00e9cula\",\"Mary Mora Garc\u00eda\",\"Nuevo Le\u00f3n\",\"Salvador Mu\u00f1oz\",\"telebachilleratos\",\"Veracruz\"],\"articleSection\":[\"De Opini\u00f3n\"],\"inLanguage\":\"es\",\"potentialAction\":[{\"@type\":\"CommentAction\",\"name\":\"Comment\",\"target\":[\"https:\\\/\\\/lospoliticosveracruz.com\\\/?p=54398#respond\"]}]},{\"@type\":\"WebPage\",\"@id\":\"https:\\\/\\\/lospoliticosveracruz.com\\\/?p=54398\",\"url\":\"https:\\\/\\\/lospoliticosveracruz.com\\\/?p=54398\",\"name\":\"Zenyazen, \u00a1bienvenido! - Los pol\u00edticos Veracruz\",\"isPartOf\":{\"@id\":\"https:\\\/\\\/lospoliticosveracruz.com\\\/#website\"},\"datePublished\":\"2020-04-20T04:00:55+00:00\",\"breadcrumb\":{\"@id\":\"https:\\\/\\\/lospoliticosveracruz.com\\\/?p=54398#breadcrumb\"},\"inLanguage\":\"es\",\"potentialAction\":[{\"@type\":\"ReadAction\",\"target\":[\"https:\\\/\\\/lospoliticosveracruz.com\\\/?p=54398\"]}]},{\"@type\":\"BreadcrumbList\",\"@id\":\"https:\\\/\\\/lospoliticosveracruz.com\\\/?p=54398#breadcrumb\",\"itemListElement\":[{\"@type\":\"ListItem\",\"position\":1,\"name\":\"Portada\",\"item\":\"https:\\\/\\\/lospoliticosveracruz.com\\\/\"},{\"@type\":\"ListItem\",\"position\":2,\"name\":\"Zenyazen, \u00a1bienvenido!\"}]},{\"@type\":\"WebSite\",\"@id\":\"https:\\\/\\\/lospoliticosveracruz.com\\\/#website\",\"url\":\"https:\\\/\\\/lospoliticosveracruz.com\\\/\",\"name\":\"Los pol\u00edticos Veracruz\",\"description\":\"\",\"publisher\":{\"@id\":\"https:\\\/\\\/lospoliticosveracruz.com\\\/#organization\"},\"potentialAction\":[{\"@type\":\"SearchAction\",\"target\":{\"@type\":\"EntryPoint\",\"urlTemplate\":\"https:\\\/\\\/lospoliticosveracruz.com\\\/?s={search_term_string}\"},\"query-input\":{\"@type\":\"PropertyValueSpecification\",\"valueRequired\":true,\"valueName\":\"search_term_string\"}}],\"inLanguage\":\"es\"},{\"@type\":\"Organization\",\"@id\":\"https:\\\/\\\/lospoliticosveracruz.com\\\/#organization\",\"name\":\"Los pol\u00edticos Veracruz\",\"url\":\"https:\\\/\\\/lospoliticosveracruz.com\\\/\",\"logo\":{\"@type\":\"ImageObject\",\"inLanguage\":\"es\",\"@id\":\"https:\\\/\\\/lospoliticosveracruz.com\\\/#\\\/schema\\\/logo\\\/image\\\/\",\"url\":\"https:\\\/\\\/lospoliticosveracruz.com\\\/wp-content\\\/uploads\\\/2025\\\/12\\\/Logo-Nuevo-LOS-POLITICOS-1.jpg\",\"contentUrl\":\"https:\\\/\\\/lospoliticosveracruz.com\\\/wp-content\\\/uploads\\\/2025\\\/12\\\/Logo-Nuevo-LOS-POLITICOS-1.jpg\",\"width\":260,\"height\":70,\"caption\":\"Los pol\u00edticos Veracruz\"},\"image\":{\"@id\":\"https:\\\/\\\/lospoliticosveracruz.com\\\/#\\\/schema\\\/logo\\\/image\\\/\"},\"sameAs\":[\"https:\\\/\\\/www.facebook.com\\\/people\\\/Notimemes-de-los-Polticos\\\/61565672886568\\\/\",\"https:\\\/\\\/x.com\\\/LosPoliticosVer\"]},{\"@type\":\"Person\",\"@id\":\"https:\\\/\\\/lospoliticosveracruz.com\\\/#\\\/schema\\\/person\\\/b8702bb0e538456e6efd07080bf2a4a2\",\"name\":\"Lo viste en Los Pol\u00edticos\",\"image\":{\"@type\":\"ImageObject\",\"inLanguage\":\"es\",\"@id\":\"https:\\\/\\\/secure.gravatar.com\\\/avatar\\\/3a8de04a2656d44082be478bd6c086daa447c4651605818287b9532d3d0bd435?s=96&d=mm&r=g\",\"url\":\"https:\\\/\\\/secure.gravatar.com\\\/avatar\\\/3a8de04a2656d44082be478bd6c086daa447c4651605818287b9532d3d0bd435?s=96&d=mm&r=g\",\"contentUrl\":\"https:\\\/\\\/secure.gravatar.com\\\/avatar\\\/3a8de04a2656d44082be478bd6c086daa447c4651605818287b9532d3d0bd435?s=96&d=mm&r=g\",\"caption\":\"Lo viste en Los Pol\u00edticos\"},\"url\":\"https:\\\/\\\/lospoliticosveracruz.com\\\/?author=2\"}]}<\/script>\n<!-- \/ Yoast SEO plugin. -->","yoast_head_json":{"title":"Zenyazen, \u00a1bienvenido! - Los pol\u00edticos Veracruz","robots":{"index":"index","follow":"follow","max-snippet":"max-snippet:-1","max-image-preview":"max-image-preview:large","max-video-preview":"max-video-preview:-1"},"canonical":"https:\/\/lospoliticosveracruz.com\/?p=54398","og_locale":"es_ES","og_type":"article","og_title":"Zenyazen, \u00a1bienvenido! - Los pol\u00edticos Veracruz","og_description":"Salvador Mu\u00f1oz Los Politicos En casa de Santi, mi sobrhijo, ya preparan la impresora porque este lunes regresa a clases\u2026 virtuales. No hab\u00eda comprendido el porqu\u00e9 de la impresora pero record\u00e9 que hace unas semanas, mi cu\u00f1ada me ped\u00eda ayuda para pasar las tareas de Santi a PDF y me cay\u00f3 el 20: les mandan [&hellip;]","og_url":"https:\/\/lospoliticosveracruz.com\/?p=54398","og_site_name":"Los pol\u00edticos Veracruz","article_publisher":"https:\/\/www.facebook.com\/people\/Notimemes-de-los-Polticos\/61565672886568\/","article_published_time":"2020-04-20T04:00:55+00:00","og_image":[{"width":200,"height":200,"url":"https:\/\/lospoliticosveracruz.com\/wp-content\/uploads\/2016\/07\/Logo-Dor.jpg","type":"image\/jpeg"}],"author":"Lo viste en Los Pol\u00edticos","twitter_card":"summary_large_image","twitter_creator":"@LosPoliticosVer","twitter_site":"@LosPoliticosVer","twitter_misc":{"Escrito por":"Lo viste en Los Pol\u00edticos","Tiempo de lectura":"5 minutos"},"schema":{"@context":"https:\/\/schema.org","@graph":[{"@type":"Article","@id":"https:\/\/lospoliticosveracruz.com\/?p=54398#article","isPartOf":{"@id":"https:\/\/lospoliticosveracruz.com\/?p=54398"},"author":{"name":"Lo viste en Los Pol\u00edticos","@id":"https:\/\/lospoliticosveracruz.com\/#\/schema\/person\/b8702bb0e538456e6efd07080bf2a4a2"},"headline":"Zenyazen, \u00a1bienvenido!","datePublished":"2020-04-20T04:00:55+00:00","mainEntityOfPage":{"@id":"https:\/\/lospoliticosveracruz.com\/?p=54398"},"wordCount":914,"commentCount":1,"publisher":{"@id":"https:\/\/lospoliticosveracruz.com\/#organization"},"keywords":["Canal Once","Lord Mol\u00e9cula","Mary Mora Garc\u00eda","Nuevo Le\u00f3n","Salvador Mu\u00f1oz","telebachilleratos","Veracruz"],"articleSection":["De Opini\u00f3n"],"inLanguage":"es","potentialAction":[{"@type":"CommentAction","name":"Comment","target":["https:\/\/lospoliticosveracruz.com\/?p=54398#respond"]}]},{"@type":"WebPage","@id":"https:\/\/lospoliticosveracruz.com\/?p=54398","url":"https:\/\/lospoliticosveracruz.com\/?p=54398","name":"Zenyazen, \u00a1bienvenido! - Los pol\u00edticos Veracruz","isPartOf":{"@id":"https:\/\/lospoliticosveracruz.com\/#website"},"datePublished":"2020-04-20T04:00:55+00:00","breadcrumb":{"@id":"https:\/\/lospoliticosveracruz.com\/?p=54398#breadcrumb"},"inLanguage":"es","potentialAction":[{"@type":"ReadAction","target":["https:\/\/lospoliticosveracruz.com\/?p=54398"]}]},{"@type":"BreadcrumbList","@id":"https:\/\/lospoliticosveracruz.com\/?p=54398#breadcrumb","itemListElement":[{"@type":"ListItem","position":1,"name":"Portada","item":"https:\/\/lospoliticosveracruz.com\/"},{"@type":"ListItem","position":2,"name":"Zenyazen, \u00a1bienvenido!"}]},{"@type":"WebSite","@id":"https:\/\/lospoliticosveracruz.com\/#website","url":"https:\/\/lospoliticosveracruz.com\/","name":"Los pol\u00edticos Veracruz","description":"","publisher":{"@id":"https:\/\/lospoliticosveracruz.com\/#organization"},"potentialAction":[{"@type":"SearchAction","target":{"@type":"EntryPoint","urlTemplate":"https:\/\/lospoliticosveracruz.com\/?s={search_term_string}"},"query-input":{"@type":"PropertyValueSpecification","valueRequired":true,"valueName":"search_term_string"}}],"inLanguage":"es"},{"@type":"Organization","@id":"https:\/\/lospoliticosveracruz.com\/#organization","name":"Los pol\u00edticos Veracruz","url":"https:\/\/lospoliticosveracruz.com\/","logo":{"@type":"ImageObject","inLanguage":"es","@id":"https:\/\/lospoliticosveracruz.com\/#\/schema\/logo\/image\/","url":"https:\/\/lospoliticosveracruz.com\/wp-content\/uploads\/2025\/12\/Logo-Nuevo-LOS-POLITICOS-1.jpg","contentUrl":"https:\/\/lospoliticosveracruz.com\/wp-content\/uploads\/2025\/12\/Logo-Nuevo-LOS-POLITICOS-1.jpg","width":260,"height":70,"caption":"Los pol\u00edticos Veracruz"},"image":{"@id":"https:\/\/lospoliticosveracruz.com\/#\/schema\/logo\/image\/"},"sameAs":["https:\/\/www.facebook.com\/people\/Notimemes-de-los-Polticos\/61565672886568\/","https:\/\/x.com\/LosPoliticosVer"]},{"@type":"Person","@id":"https:\/\/lospoliticosveracruz.com\/#\/schema\/person\/b8702bb0e538456e6efd07080bf2a4a2","name":"Lo viste en Los Pol\u00edticos","image":{"@type":"ImageObject","inLanguage":"es","@id":"https:\/\/secure.gravatar.com\/avatar\/3a8de04a2656d44082be478bd6c086daa447c4651605818287b9532d3d0bd435?s=96&d=mm&r=g","url":"https:\/\/secure.gravatar.com\/avatar\/3a8de04a2656d44082be478bd6c086daa447c4651605818287b9532d3d0bd435?s=96&d=mm&r=g","contentUrl":"https:\/\/secure.gravatar.com\/avatar\/3a8de04a2656d44082be478bd6c086daa447c4651605818287b9532d3d0bd435?s=96&d=mm&r=g","caption":"Lo viste en Los Pol\u00edticos"},"url":"https:\/\/lospoliticosveracruz.com\/?author=2"}]}},"_links":{"self":[{"href":"https:\/\/lospoliticosveracruz.com\/index.php?rest_route=\/wp\/v2\/posts\/54398","targetHints":{"allow":["GET"]}}],"collection":[{"href":"https:\/\/lospoliticosveracruz.com\/index.php?rest_route=\/wp\/v2\/posts"}],"about":[{"href":"https:\/\/lospoliticosveracruz.com\/index.php?rest_route=\/wp\/v2\/types\/post"}],"author":[{"embeddable":true,"href":"https:\/\/lospoliticosveracruz.com\/index.php?rest_route=\/wp\/v2\/users\/2"}],"replies":[{"embeddable":true,"href":"https:\/\/lospoliticosveracruz.com\/index.php?rest_route=%2Fwp%2Fv2%2Fcomments&post=54398"}],"version-history":[{"count":1,"href":"https:\/\/lospoliticosveracruz.com\/index.php?rest_route=\/wp\/v2\/posts\/54398\/revisions"}],"predecessor-version":[{"id":54400,"href":"https:\/\/lospoliticosveracruz.com\/index.php?rest_route=\/wp\/v2\/posts\/54398\/revisions\/54400"}],"wp:attachment":[{"href":"https:\/\/lospoliticosveracruz.com\/index.php?rest_route=%2Fwp%2Fv2%2Fmedia&parent=54398"}],"wp:term":[{"taxonomy":"category","embeddable":true,"href":"https:\/\/lospoliticosveracruz.com\/index.php?rest_route=%2Fwp%2Fv2%2Fcategories&post=54398"},{"taxonomy":"post_tag","embeddable":true,"href":"https:\/\/lospoliticosveracruz.com\/index.php?rest_route=%2Fwp%2Fv2%2Ftags&post=54398"}],"curies":[{"name":"wp","href":"https:\/\/api.w.org\/{rel}","templated":true}]}}