{"id":54408,"date":"2020-04-20T08:24:00","date_gmt":"2020-04-20T13:24:00","guid":{"rendered":"http:\/\/www.lospoliticosveracruz.com.mx\/?p=54408"},"modified":"2020-04-20T08:24:00","modified_gmt":"2020-04-20T13:24:00","slug":"alvarado-irresponsabilidad-y-uso-del-covid-19","status":"publish","type":"post","link":"https:\/\/lospoliticosveracruz.com\/?p=54408","title":{"rendered":"Alvarado, irresponsabilidad y uso del Covid-19"},"content":{"rendered":"<p><strong>Luis Alberto Romero<\/strong><\/p>\n<p><em>Hora cero<\/em><\/p>\n<p>Con tres casos confirmados de coronavirus y cinco sospechosos, el municipio de Alvarado se ubica en una zona de alto riesgo, la conurbaci\u00f3n con Veracruz, Boca del R\u00edo y Medell\u00edn de Bravo.<\/p>\n<p>En esa zona se ubican 82 de los 146 casos de todo el estado, as\u00ed como 226 de los 567 sospechosos (cifras actualizadas al domingo 19 de abril).<\/p>\n<p>Conociendo el riesgo, las autoridades municipales encabezadas por Bogar Ruiz Rosas convocaron a cientos de personas para realizar un reparto masivo de despensas.<\/p>\n<p>El pasado 9 de abril, la autoridad local difundi\u00f3 una serie de indicaciones para enfrentar la contingencia sanitaria; entre ellas, prohibir concentraciones; sin embargo, cientos de alvarade\u00f1os se congregaron, a convocatoria del Ayuntamiento, para el reparto de despensas en la unidad deportiva Miguel Alem\u00e1n.<\/p>\n<p>Esa distribuci\u00f3n de despensas caus\u00f3 indignaci\u00f3n en un amplio sector de la poblaci\u00f3n del lugar, no s\u00f3lo por el riesgo de contagios, sino porque esos apoyos fueron canalizados al municipio desde hace meses por el DIF estatal.<\/p>\n<p>El gobierno local, sin embargo, no realiz\u00f3 la entrega cuando llegaron esos productos; aguard\u00f3, esper\u00f3 con las despensas en bodega.<\/p>\n<p>Fue hasta hace unos d\u00edas cuando el alcalde determin\u00f3 que las despensas del DIF estatal fueran distribuidas entre la poblaci\u00f3n, pero el logo impreso por el gobierno de Cuitl\u00e1huac Garc\u00eda fue tapado con calcoman\u00edas para promover a su administraci\u00f3n.<\/p>\n<p>En Alvarado comenzaron a difundirse en redes sociales los videos y las fotograf\u00edas del reparto de las despensas y de las cajas entregadas por el Ayuntamiento; la gente beneficiada desprend\u00eda las etiquetas colocadas por los trabajadores del municipio y encontraba la farsa; Bogar Ruiz s\u00f3lo utiliz\u00f3 esos apoyos para promover su imagen. Y luego el alcalde se pregunta por qu\u00e9 hasta el saludo le cortaron en las altas esferas de la administraci\u00f3n estatal.<\/p>\n<p>Por si fuera poco, las cajas habr\u00edan sido violadas y una parte de los productos, robados o desviados. Por ello no falta quien sospeche que el alcalde podr\u00eda haber guardado esos art\u00edculos de primera necesidad para las pr\u00f3ximas campa\u00f1as pol\u00edticas.<\/p>\n<p>En paralelo, el edil inici\u00f3 una campa\u00f1a para alertar sobre el peligro de contagios y exhibi\u00f3 de forma irresponsable a una mujer del lugar, a quien ubic\u00f3 como la primera v\u00edctima mortal del coronavirus.<\/p>\n<p>En realidad, la mujer enfrentaba viejos problemas de salud y muri\u00f3 por causas ajenas al temible virus; sin embargo, familiares y amigos de la fallecida protestaron de forma airada por el supuesto uso pol\u00edtico de la defunci\u00f3n.<\/p>\n<p>Se filtr\u00f3 entonces la posible intenci\u00f3n detr\u00e1s de esa campa\u00f1a orquestada por la autoridad municipal: convencer a la poblaci\u00f3n sobre la supuesta necesidad de pedir un pr\u00e9stamo de 20 millones de pesos para enfrentar la pandemia.<\/p>\n<p>El gobierno municipal est\u00e1 en quiebra como consecuencia del coronavirus; la enfermedad anul\u00f3 cualquier esfuerzo de recaudaci\u00f3n y es necesario pedir esos 20 millones, argumenta Bogar Ruiz.<\/p>\n<p>Debido a la falta de credibilidad \u2013sus paisanos le conocen muy bien\u2013, el alcalde de Alvarado fue muy criticado en redes sociales, donde hubo reclamos por la falta de obras; en ese municipio, la poblaci\u00f3n ve con desconfianza la desesperaci\u00f3n de Ruiz Rosas por conseguir ese millonario pr\u00e9stamo. Veremos qu\u00e9 dice al respecto el Congreso de Veracruz.<\/p>\n<p>Por otro lado, ser\u00eda muy sano \u2013dados los antecedentes\u2013, que el gobierno estatal determine canalizar de forma directa los apoyos a la poblaci\u00f3n de ese municipio, sin arriesgarse a un uso pol\u00edtico de los mismos por parte del ayuntamiento. @luisromero85<\/p>\n","protected":false},"excerpt":{"rendered":"<p>Luis Alberto Romero Hora cero Con tres casos confirmados de coronavirus y cinco sospechosos, el municipio de Alvarado se ubica en una zona de alto riesgo, la conurbaci\u00f3n con Veracruz, Boca del R\u00edo y Medell\u00edn de Bravo. En esa zona se ubican 82 de los 146 casos de todo el estado, as\u00ed como 226 de [&hellip;]<\/p>\n","protected":false},"author":2,"featured_media":0,"comment_status":"open","ping_status":"open","sticky":false,"template":"","format":"standard","meta":{"tdm_status":"","tdm_grid_status":"","footnotes":""},"categories":[70],"tags":[301,601,16264,2669,1420,195],"class_list":{"0":"post-54408","1":"post","2":"type-post","3":"status-publish","4":"format-standard","6":"category-de-opinion","7":"tag-alvarado","8":"tag-boca-del-rio","9":"tag-coronavirus","10":"tag-luis-alberto-romero","11":"tag-medellin-de-bravo","12":"tag-veracruz"},"yoast_head":"<!-- This site is optimized with the Yoast SEO plugin v27.4 - https:\/\/yoast.com\/product\/yoast-seo-wordpress\/ -->\n<title>Alvarado, irresponsabilidad y uso del Covid-19 - Los pol\u00edticos Veracruz<\/title>\n<meta name=\"robots\" content=\"index, follow, max-snippet:-1, max-image-preview:large, max-video-preview:-1\" \/>\n<link rel=\"canonical\" href=\"https:\/\/lospoliticosveracruz.com\/?p=54408\" \/>\n<meta property=\"og:locale\" content=\"es_ES\" \/>\n<meta property=\"og:type\" content=\"article\" \/>\n<meta property=\"og:title\" content=\"Alvarado, irresponsabilidad y uso del Covid-19 - Los pol\u00edticos Veracruz\" \/>\n<meta property=\"og:description\" content=\"Luis Alberto Romero Hora cero Con tres casos confirmados de coronavirus y cinco sospechosos, el municipio de Alvarado se ubica en una zona de alto riesgo, la conurbaci\u00f3n con Veracruz, Boca del R\u00edo y Medell\u00edn de Bravo. En esa zona se ubican 82 de los 146 casos de todo el estado, as\u00ed como 226 de [&hellip;]\" \/>\n<meta property=\"og:url\" content=\"https:\/\/lospoliticosveracruz.com\/?p=54408\" \/>\n<meta property=\"og:site_name\" content=\"Los pol\u00edticos Veracruz\" \/>\n<meta property=\"article:publisher\" content=\"https:\/\/www.facebook.com\/people\/Notimemes-de-los-Polticos\/61565672886568\/\" \/>\n<meta property=\"article:published_time\" content=\"2020-04-20T13:24:00+00:00\" \/>\n<meta property=\"og:image\" content=\"https:\/\/lospoliticosveracruz.com\/wp-content\/uploads\/2016\/07\/Logo-Dor.jpg\" \/>\n\t<meta property=\"og:image:width\" content=\"200\" \/>\n\t<meta property=\"og:image:height\" content=\"200\" \/>\n\t<meta property=\"og:image:type\" content=\"image\/jpeg\" \/>\n<meta name=\"author\" content=\"Lo viste en Los Pol\u00edticos\" \/>\n<meta name=\"twitter:card\" content=\"summary_large_image\" \/>\n<meta name=\"twitter:creator\" content=\"@LosPoliticosVer\" \/>\n<meta name=\"twitter:site\" content=\"@LosPoliticosVer\" \/>\n<meta name=\"twitter:label1\" content=\"Escrito por\" \/>\n\t<meta name=\"twitter:data1\" content=\"Lo viste en Los Pol\u00edticos\" \/>\n\t<meta name=\"twitter:label2\" content=\"Tiempo de lectura\" \/>\n\t<meta name=\"twitter:data2\" content=\"3 minutos\" \/>\n<script type=\"application\/ld+json\" class=\"yoast-schema-graph\">{\"@context\":\"https:\\\/\\\/schema.org\",\"@graph\":[{\"@type\":\"Article\",\"@id\":\"https:\\\/\\\/lospoliticosveracruz.com\\\/?p=54408#article\",\"isPartOf\":{\"@id\":\"https:\\\/\\\/lospoliticosveracruz.com\\\/?p=54408\"},\"author\":{\"name\":\"Lo viste en Los Pol\u00edticos\",\"@id\":\"https:\\\/\\\/lospoliticosveracruz.com\\\/#\\\/schema\\\/person\\\/b8702bb0e538456e6efd07080bf2a4a2\"},\"headline\":\"Alvarado, irresponsabilidad y uso del Covid-19\",\"datePublished\":\"2020-04-20T13:24:00+00:00\",\"mainEntityOfPage\":{\"@id\":\"https:\\\/\\\/lospoliticosveracruz.com\\\/?p=54408\"},\"wordCount\":611,\"commentCount\":0,\"publisher\":{\"@id\":\"https:\\\/\\\/lospoliticosveracruz.com\\\/#organization\"},\"keywords\":[\"Alvarado\",\"Boca del R\u00edo\",\"coronavirus\",\"Luis Alberto Romero\",\"Medell\u00edn de Bravo\",\"Veracruz\"],\"articleSection\":[\"De Opini\u00f3n\"],\"inLanguage\":\"es\",\"potentialAction\":[{\"@type\":\"CommentAction\",\"name\":\"Comment\",\"target\":[\"https:\\\/\\\/lospoliticosveracruz.com\\\/?p=54408#respond\"]}]},{\"@type\":\"WebPage\",\"@id\":\"https:\\\/\\\/lospoliticosveracruz.com\\\/?p=54408\",\"url\":\"https:\\\/\\\/lospoliticosveracruz.com\\\/?p=54408\",\"name\":\"Alvarado, irresponsabilidad y uso del Covid-19 - Los pol\u00edticos Veracruz\",\"isPartOf\":{\"@id\":\"https:\\\/\\\/lospoliticosveracruz.com\\\/#website\"},\"datePublished\":\"2020-04-20T13:24:00+00:00\",\"breadcrumb\":{\"@id\":\"https:\\\/\\\/lospoliticosveracruz.com\\\/?p=54408#breadcrumb\"},\"inLanguage\":\"es\",\"potentialAction\":[{\"@type\":\"ReadAction\",\"target\":[\"https:\\\/\\\/lospoliticosveracruz.com\\\/?p=54408\"]}]},{\"@type\":\"BreadcrumbList\",\"@id\":\"https:\\\/\\\/lospoliticosveracruz.com\\\/?p=54408#breadcrumb\",\"itemListElement\":[{\"@type\":\"ListItem\",\"position\":1,\"name\":\"Portada\",\"item\":\"https:\\\/\\\/lospoliticosveracruz.com\\\/\"},{\"@type\":\"ListItem\",\"position\":2,\"name\":\"Alvarado, irresponsabilidad y uso del Covid-19\"}]},{\"@type\":\"WebSite\",\"@id\":\"https:\\\/\\\/lospoliticosveracruz.com\\\/#website\",\"url\":\"https:\\\/\\\/lospoliticosveracruz.com\\\/\",\"name\":\"Los pol\u00edticos Veracruz\",\"description\":\"\",\"publisher\":{\"@id\":\"https:\\\/\\\/lospoliticosveracruz.com\\\/#organization\"},\"potentialAction\":[{\"@type\":\"SearchAction\",\"target\":{\"@type\":\"EntryPoint\",\"urlTemplate\":\"https:\\\/\\\/lospoliticosveracruz.com\\\/?s={search_term_string}\"},\"query-input\":{\"@type\":\"PropertyValueSpecification\",\"valueRequired\":true,\"valueName\":\"search_term_string\"}}],\"inLanguage\":\"es\"},{\"@type\":\"Organization\",\"@id\":\"https:\\\/\\\/lospoliticosveracruz.com\\\/#organization\",\"name\":\"Los pol\u00edticos Veracruz\",\"url\":\"https:\\\/\\\/lospoliticosveracruz.com\\\/\",\"logo\":{\"@type\":\"ImageObject\",\"inLanguage\":\"es\",\"@id\":\"https:\\\/\\\/lospoliticosveracruz.com\\\/#\\\/schema\\\/logo\\\/image\\\/\",\"url\":\"https:\\\/\\\/lospoliticosveracruz.com\\\/wp-content\\\/uploads\\\/2025\\\/12\\\/Logo-Nuevo-LOS-POLITICOS-1.jpg\",\"contentUrl\":\"https:\\\/\\\/lospoliticosveracruz.com\\\/wp-content\\\/uploads\\\/2025\\\/12\\\/Logo-Nuevo-LOS-POLITICOS-1.jpg\",\"width\":260,\"height\":70,\"caption\":\"Los pol\u00edticos Veracruz\"},\"image\":{\"@id\":\"https:\\\/\\\/lospoliticosveracruz.com\\\/#\\\/schema\\\/logo\\\/image\\\/\"},\"sameAs\":[\"https:\\\/\\\/www.facebook.com\\\/people\\\/Notimemes-de-los-Polticos\\\/61565672886568\\\/\",\"https:\\\/\\\/x.com\\\/LosPoliticosVer\"]},{\"@type\":\"Person\",\"@id\":\"https:\\\/\\\/lospoliticosveracruz.com\\\/#\\\/schema\\\/person\\\/b8702bb0e538456e6efd07080bf2a4a2\",\"name\":\"Lo viste en Los Pol\u00edticos\",\"image\":{\"@type\":\"ImageObject\",\"inLanguage\":\"es\",\"@id\":\"https:\\\/\\\/secure.gravatar.com\\\/avatar\\\/3a8de04a2656d44082be478bd6c086daa447c4651605818287b9532d3d0bd435?s=96&d=mm&r=g\",\"url\":\"https:\\\/\\\/secure.gravatar.com\\\/avatar\\\/3a8de04a2656d44082be478bd6c086daa447c4651605818287b9532d3d0bd435?s=96&d=mm&r=g\",\"contentUrl\":\"https:\\\/\\\/secure.gravatar.com\\\/avatar\\\/3a8de04a2656d44082be478bd6c086daa447c4651605818287b9532d3d0bd435?s=96&d=mm&r=g\",\"caption\":\"Lo viste en Los Pol\u00edticos\"},\"url\":\"https:\\\/\\\/lospoliticosveracruz.com\\\/?author=2\"}]}<\/script>\n<!-- \/ Yoast SEO plugin. -->","yoast_head_json":{"title":"Alvarado, irresponsabilidad y uso del Covid-19 - Los pol\u00edticos Veracruz","robots":{"index":"index","follow":"follow","max-snippet":"max-snippet:-1","max-image-preview":"max-image-preview:large","max-video-preview":"max-video-preview:-1"},"canonical":"https:\/\/lospoliticosveracruz.com\/?p=54408","og_locale":"es_ES","og_type":"article","og_title":"Alvarado, irresponsabilidad y uso del Covid-19 - Los pol\u00edticos Veracruz","og_description":"Luis Alberto Romero Hora cero Con tres casos confirmados de coronavirus y cinco sospechosos, el municipio de Alvarado se ubica en una zona de alto riesgo, la conurbaci\u00f3n con Veracruz, Boca del R\u00edo y Medell\u00edn de Bravo. En esa zona se ubican 82 de los 146 casos de todo el estado, as\u00ed como 226 de [&hellip;]","og_url":"https:\/\/lospoliticosveracruz.com\/?p=54408","og_site_name":"Los pol\u00edticos Veracruz","article_publisher":"https:\/\/www.facebook.com\/people\/Notimemes-de-los-Polticos\/61565672886568\/","article_published_time":"2020-04-20T13:24:00+00:00","og_image":[{"width":200,"height":200,"url":"https:\/\/lospoliticosveracruz.com\/wp-content\/uploads\/2016\/07\/Logo-Dor.jpg","type":"image\/jpeg"}],"author":"Lo viste en Los Pol\u00edticos","twitter_card":"summary_large_image","twitter_creator":"@LosPoliticosVer","twitter_site":"@LosPoliticosVer","twitter_misc":{"Escrito por":"Lo viste en Los Pol\u00edticos","Tiempo de lectura":"3 minutos"},"schema":{"@context":"https:\/\/schema.org","@graph":[{"@type":"Article","@id":"https:\/\/lospoliticosveracruz.com\/?p=54408#article","isPartOf":{"@id":"https:\/\/lospoliticosveracruz.com\/?p=54408"},"author":{"name":"Lo viste en Los Pol\u00edticos","@id":"https:\/\/lospoliticosveracruz.com\/#\/schema\/person\/b8702bb0e538456e6efd07080bf2a4a2"},"headline":"Alvarado, irresponsabilidad y uso del Covid-19","datePublished":"2020-04-20T13:24:00+00:00","mainEntityOfPage":{"@id":"https:\/\/lospoliticosveracruz.com\/?p=54408"},"wordCount":611,"commentCount":0,"publisher":{"@id":"https:\/\/lospoliticosveracruz.com\/#organization"},"keywords":["Alvarado","Boca del R\u00edo","coronavirus","Luis Alberto Romero","Medell\u00edn de Bravo","Veracruz"],"articleSection":["De Opini\u00f3n"],"inLanguage":"es","potentialAction":[{"@type":"CommentAction","name":"Comment","target":["https:\/\/lospoliticosveracruz.com\/?p=54408#respond"]}]},{"@type":"WebPage","@id":"https:\/\/lospoliticosveracruz.com\/?p=54408","url":"https:\/\/lospoliticosveracruz.com\/?p=54408","name":"Alvarado, irresponsabilidad y uso del Covid-19 - Los pol\u00edticos Veracruz","isPartOf":{"@id":"https:\/\/lospoliticosveracruz.com\/#website"},"datePublished":"2020-04-20T13:24:00+00:00","breadcrumb":{"@id":"https:\/\/lospoliticosveracruz.com\/?p=54408#breadcrumb"},"inLanguage":"es","potentialAction":[{"@type":"ReadAction","target":["https:\/\/lospoliticosveracruz.com\/?p=54408"]}]},{"@type":"BreadcrumbList","@id":"https:\/\/lospoliticosveracruz.com\/?p=54408#breadcrumb","itemListElement":[{"@type":"ListItem","position":1,"name":"Portada","item":"https:\/\/lospoliticosveracruz.com\/"},{"@type":"ListItem","position":2,"name":"Alvarado, irresponsabilidad y uso del Covid-19"}]},{"@type":"WebSite","@id":"https:\/\/lospoliticosveracruz.com\/#website","url":"https:\/\/lospoliticosveracruz.com\/","name":"Los pol\u00edticos Veracruz","description":"","publisher":{"@id":"https:\/\/lospoliticosveracruz.com\/#organization"},"potentialAction":[{"@type":"SearchAction","target":{"@type":"EntryPoint","urlTemplate":"https:\/\/lospoliticosveracruz.com\/?s={search_term_string}"},"query-input":{"@type":"PropertyValueSpecification","valueRequired":true,"valueName":"search_term_string"}}],"inLanguage":"es"},{"@type":"Organization","@id":"https:\/\/lospoliticosveracruz.com\/#organization","name":"Los pol\u00edticos Veracruz","url":"https:\/\/lospoliticosveracruz.com\/","logo":{"@type":"ImageObject","inLanguage":"es","@id":"https:\/\/lospoliticosveracruz.com\/#\/schema\/logo\/image\/","url":"https:\/\/lospoliticosveracruz.com\/wp-content\/uploads\/2025\/12\/Logo-Nuevo-LOS-POLITICOS-1.jpg","contentUrl":"https:\/\/lospoliticosveracruz.com\/wp-content\/uploads\/2025\/12\/Logo-Nuevo-LOS-POLITICOS-1.jpg","width":260,"height":70,"caption":"Los pol\u00edticos Veracruz"},"image":{"@id":"https:\/\/lospoliticosveracruz.com\/#\/schema\/logo\/image\/"},"sameAs":["https:\/\/www.facebook.com\/people\/Notimemes-de-los-Polticos\/61565672886568\/","https:\/\/x.com\/LosPoliticosVer"]},{"@type":"Person","@id":"https:\/\/lospoliticosveracruz.com\/#\/schema\/person\/b8702bb0e538456e6efd07080bf2a4a2","name":"Lo viste en Los Pol\u00edticos","image":{"@type":"ImageObject","inLanguage":"es","@id":"https:\/\/secure.gravatar.com\/avatar\/3a8de04a2656d44082be478bd6c086daa447c4651605818287b9532d3d0bd435?s=96&d=mm&r=g","url":"https:\/\/secure.gravatar.com\/avatar\/3a8de04a2656d44082be478bd6c086daa447c4651605818287b9532d3d0bd435?s=96&d=mm&r=g","contentUrl":"https:\/\/secure.gravatar.com\/avatar\/3a8de04a2656d44082be478bd6c086daa447c4651605818287b9532d3d0bd435?s=96&d=mm&r=g","caption":"Lo viste en Los Pol\u00edticos"},"url":"https:\/\/lospoliticosveracruz.com\/?author=2"}]}},"_links":{"self":[{"href":"https:\/\/lospoliticosveracruz.com\/index.php?rest_route=\/wp\/v2\/posts\/54408","targetHints":{"allow":["GET"]}}],"collection":[{"href":"https:\/\/lospoliticosveracruz.com\/index.php?rest_route=\/wp\/v2\/posts"}],"about":[{"href":"https:\/\/lospoliticosveracruz.com\/index.php?rest_route=\/wp\/v2\/types\/post"}],"author":[{"embeddable":true,"href":"https:\/\/lospoliticosveracruz.com\/index.php?rest_route=\/wp\/v2\/users\/2"}],"replies":[{"embeddable":true,"href":"https:\/\/lospoliticosveracruz.com\/index.php?rest_route=%2Fwp%2Fv2%2Fcomments&post=54408"}],"version-history":[{"count":1,"href":"https:\/\/lospoliticosveracruz.com\/index.php?rest_route=\/wp\/v2\/posts\/54408\/revisions"}],"predecessor-version":[{"id":54410,"href":"https:\/\/lospoliticosveracruz.com\/index.php?rest_route=\/wp\/v2\/posts\/54408\/revisions\/54410"}],"wp:attachment":[{"href":"https:\/\/lospoliticosveracruz.com\/index.php?rest_route=%2Fwp%2Fv2%2Fmedia&parent=54408"}],"wp:term":[{"taxonomy":"category","embeddable":true,"href":"https:\/\/lospoliticosveracruz.com\/index.php?rest_route=%2Fwp%2Fv2%2Fcategories&post=54408"},{"taxonomy":"post_tag","embeddable":true,"href":"https:\/\/lospoliticosveracruz.com\/index.php?rest_route=%2Fwp%2Fv2%2Ftags&post=54408"}],"curies":[{"name":"wp","href":"https:\/\/api.w.org\/{rel}","templated":true}]}}