{"id":54455,"date":"2020-04-21T15:07:16","date_gmt":"2020-04-21T20:07:16","guid":{"rendered":"http:\/\/www.lospoliticosveracruz.com.mx\/?p=54455"},"modified":"2020-04-21T15:07:16","modified_gmt":"2020-04-21T20:07:16","slug":"fase-3-amlo-el-abuelito-gobernadores-los-papas","status":"publish","type":"post","link":"https:\/\/lospoliticosveracruz.com\/?p=54455","title":{"rendered":"Fase 3: AMLO, el abuelito; gobernadores, los pap\u00e1s"},"content":{"rendered":"<p><strong>Miguel Polanco<\/strong><\/p>\n<p><em>Contracomunis<\/em><\/p>\n<p>Se declar\u00f3 la Fase 3 de la epidemia de Covid-19 en M\u00e9xico. Y s\u00ed: as\u00ed, sin m\u00e1s, solo \u201cse declar\u00f3\u201d; como un mero \u201ctr\u00e1mite\u201d, por incre\u00edble que parezca.<\/p>\n<p>L\u00f3pez Gatell se limit\u00f3 a decir: \u201cqueremos dar por iniciada la Fase 3\u201d, como si se tratara de una decisi\u00f3n de contentillo, repitiendo discurso y sin implementar medidas m\u00e1s estrictas para el reforzamiento de la Jornada Nacional de Sana Distancia, y mucho menos explicando c\u00f3mo han asumido esta fase otros pa\u00edses.<\/p>\n<p>Seg\u00fan la Organizaci\u00f3n Mundial de la Salud (OMS), de la Fase 1 a la 3, las medidas b\u00e1sicamente se basan en la contenci\u00f3n y monitoreo regionalizado del avance epid\u00e9mico.<\/p>\n<p>Sin embargo, esto no exime a los Gobiernos de intervenir con la aplicaci\u00f3n de medidas m\u00e1s estrictas, en caso de que la curva de contagios no presente achatamientos representativos hasta el momento de declarar la Fase 3.<\/p>\n<p>Esto lo han entendido al menos dos gobernadores del pa\u00eds, que \u201crompiendo\u201d el pacto federalista, han decidido no seguir las indicaciones de la Cuarta e implementar\u00e1n, a partir de la Fase 3, medidas m\u00e1s estrictas en su respectivos estados.<\/p>\n<p>De esta manera, Jalisco y Michoac\u00e1n, con Enrique Alfaro y Silvano Aureoles, respectivamente, han decidido, por ejemplo, poner a funcionar las sanciones para quien no obedezca el aislamiento, por lo que ahora en esas entidades, la cuarentena es obligatoria, as\u00ed como el uso de cubrebocas para actividades laborales imprescindibles.<\/p>\n<p>Y es que apenas el s\u00e1bado pasado, el presidente L\u00f3pez Obrador emit\u00eda un mensaje a la naci\u00f3n, en el que de manera irresponsable \u201creconoc\u00eda\u201d al pueblo mexicano por \u201cportarse bien\u201d ante la epidemia que aqueja al pa\u00eds.<\/p>\n<p>Pero est\u00e1 claro que eso no es cierto.<\/p>\n<p>Tan solo en el periodo de Semana Santa (cuando estuvimos en Fase 2), la aparici\u00f3n de vacacionistas en las playas, gente en los espacios p\u00fablicos, negocios abiertos y alta afluencia en los mismos, fue una constante.<\/p>\n<p>No obedecimos, esa es la realidad.<\/p>\n<p>Pero haci\u00e9ndola de \u201cabuelito consentidor\u201d, L\u00f3pez apapacha al pueblo mexicano, mientras los gobernadores de Jalisco y Michoac\u00e1n fungen como los \u201cpap\u00e1s\u201d que implementan una verdadera disciplina.<\/p>\n<p>No obstante, si algo nos ha quedado claro en esta crisis de salud at\u00edpica para M\u00e9xico (y el mundo), es que la comunicaci\u00f3n del Gobierno Federal -la 4T- se ha basado en no alterar sus planes&#8230; ni con una pandemia encima.<\/p>\n<p>Con el precio del crudo por los suelos (de hecho, al momento de cerrar esta columna no vale nada, cotizado en -2.32 d\u00f3lares por barril) y a pesar de ello, continuar con aquel capricho llamado \u201cDos Bocas\u201d, as\u00ed como la aprobaci\u00f3n fast track de la Ley General de Amnist\u00eda, con la cual el Gobierno \u201cobrar\u00e1\u201d como redentor de entre 5 mil a 6 mil delincuentes que podr\u00edan salir libres en los pr\u00f3ximos meses (asegurando por consiguiente la misma cantidad de votos); al r\u00e9gimen actual definitivamente parece no importarle mucho la problem\u00e1tica de salud actual, vi\u00e9ndola -reitero- como mero tr\u00e1mite.<\/p>\n<p>Ellos siguen con su \u201cplan\u201d y el personal de Salud agredido y expuesto, la insuficiencia de material m\u00e9dico, as\u00ed como el reforzamiento de medidas para contener la propagaci\u00f3n del Covid-19 ante la indisciplina de la sociedad, todo esto, puede esperar.<\/p>\n<p>Pero eso s\u00ed, por favor, al menos no nos enga\u00f1emos: L\u00f3pez est\u00e1 cuidando sus votos, no la salud de los mexicanos.<\/p>\n","protected":false},"excerpt":{"rendered":"<p>Miguel Polanco Contracomunis Se declar\u00f3 la Fase 3 de la epidemia de Covid-19 en M\u00e9xico. Y s\u00ed: as\u00ed, sin m\u00e1s, solo \u201cse declar\u00f3\u201d; como un mero \u201ctr\u00e1mite\u201d, por incre\u00edble que parezca. L\u00f3pez Gatell se limit\u00f3 a decir: \u201cqueremos dar por iniciada la Fase 3\u201d, como si se tratara de una decisi\u00f3n de contentillo, repitiendo discurso [&hellip;]<\/p>\n","protected":false},"author":2,"featured_media":0,"comment_status":"open","ping_status":"open","sticky":false,"template":"","format":"standard","meta":{"tdm_status":"","tdm_grid_status":"","footnotes":""},"categories":[70],"tags":[16673,14643,9841,17252,3406,3815,17499,395,1286,16586,15211,17239,2244,2363],"class_list":{"0":"post-54455","1":"post","2":"type-post","3":"status-publish","4":"format-standard","6":"category-de-opinion","7":"tag-covid-19","8":"tag-dos-bocas","9":"tag-enrique-alfaro","10":"tag-fase-3","11":"tag-gobernadores","12":"tag-jalisco","13":"tag-lopez-gatell","14":"tag-mexico","15":"tag-michoacan","16":"tag-miguel-polanco","17":"tag-organizacion-mundial-de-la-salud","18":"tag-sana-distancia","19":"tag-semana-santa","20":"tag-silvano-aureoles"},"yoast_head":"<!-- This site is optimized with the Yoast SEO plugin v27.4 - https:\/\/yoast.com\/product\/yoast-seo-wordpress\/ -->\n<title>Fase 3: AMLO, el abuelito; gobernadores, los pap\u00e1s - Los pol\u00edticos Veracruz<\/title>\n<meta name=\"robots\" content=\"index, follow, max-snippet:-1, max-image-preview:large, max-video-preview:-1\" \/>\n<link rel=\"canonical\" href=\"https:\/\/lospoliticosveracruz.com\/?p=54455\" \/>\n<meta property=\"og:locale\" content=\"es_ES\" \/>\n<meta property=\"og:type\" content=\"article\" \/>\n<meta property=\"og:title\" content=\"Fase 3: AMLO, el abuelito; gobernadores, los pap\u00e1s - Los pol\u00edticos Veracruz\" \/>\n<meta property=\"og:description\" content=\"Miguel Polanco Contracomunis Se declar\u00f3 la Fase 3 de la epidemia de Covid-19 en M\u00e9xico. Y s\u00ed: as\u00ed, sin m\u00e1s, solo \u201cse declar\u00f3\u201d; como un mero \u201ctr\u00e1mite\u201d, por incre\u00edble que parezca. L\u00f3pez Gatell se limit\u00f3 a decir: \u201cqueremos dar por iniciada la Fase 3\u201d, como si se tratara de una decisi\u00f3n de contentillo, repitiendo discurso [&hellip;]\" \/>\n<meta property=\"og:url\" content=\"https:\/\/lospoliticosveracruz.com\/?p=54455\" \/>\n<meta property=\"og:site_name\" content=\"Los pol\u00edticos Veracruz\" \/>\n<meta property=\"article:publisher\" content=\"https:\/\/www.facebook.com\/people\/Notimemes-de-los-Polticos\/61565672886568\/\" \/>\n<meta property=\"article:published_time\" content=\"2020-04-21T20:07:16+00:00\" \/>\n<meta property=\"og:image\" content=\"https:\/\/lospoliticosveracruz.com\/wp-content\/uploads\/2016\/07\/Logo-Dor.jpg\" \/>\n\t<meta property=\"og:image:width\" content=\"200\" \/>\n\t<meta property=\"og:image:height\" content=\"200\" \/>\n\t<meta property=\"og:image:type\" content=\"image\/jpeg\" \/>\n<meta name=\"author\" content=\"Lo viste en Los Pol\u00edticos\" \/>\n<meta name=\"twitter:card\" content=\"summary_large_image\" \/>\n<meta name=\"twitter:creator\" content=\"@LosPoliticosVer\" \/>\n<meta name=\"twitter:site\" content=\"@LosPoliticosVer\" \/>\n<meta name=\"twitter:label1\" content=\"Escrito por\" \/>\n\t<meta name=\"twitter:data1\" content=\"Lo viste en Los Pol\u00edticos\" \/>\n\t<meta name=\"twitter:label2\" content=\"Tiempo de lectura\" \/>\n\t<meta name=\"twitter:data2\" content=\"3 minutos\" \/>\n<script type=\"application\/ld+json\" class=\"yoast-schema-graph\">{\"@context\":\"https:\\\/\\\/schema.org\",\"@graph\":[{\"@type\":\"Article\",\"@id\":\"https:\\\/\\\/lospoliticosveracruz.com\\\/?p=54455#article\",\"isPartOf\":{\"@id\":\"https:\\\/\\\/lospoliticosveracruz.com\\\/?p=54455\"},\"author\":{\"name\":\"Lo viste en Los Pol\u00edticos\",\"@id\":\"https:\\\/\\\/lospoliticosveracruz.com\\\/#\\\/schema\\\/person\\\/b8702bb0e538456e6efd07080bf2a4a2\"},\"headline\":\"Fase 3: AMLO, el abuelito; gobernadores, los pap\u00e1s\",\"datePublished\":\"2020-04-21T20:07:16+00:00\",\"mainEntityOfPage\":{\"@id\":\"https:\\\/\\\/lospoliticosveracruz.com\\\/?p=54455\"},\"wordCount\":597,\"commentCount\":0,\"publisher\":{\"@id\":\"https:\\\/\\\/lospoliticosveracruz.com\\\/#organization\"},\"keywords\":[\"Covid 19\",\"Dos Bocas\",\"Enrique Alfaro\",\"Fase 3\",\"gobernadores\",\"Jalisco\",\"L\u00f3pez Gatell\",\"M\u00e9xico\",\"Michoac\u00e1n\",\"Miguel Polanco\",\"Organizaci\u00f3n Mundial de la Salud\",\"sana distancia\",\"Semana Santa\",\"Silvano Aureoles\"],\"articleSection\":[\"De Opini\u00f3n\"],\"inLanguage\":\"es\",\"potentialAction\":[{\"@type\":\"CommentAction\",\"name\":\"Comment\",\"target\":[\"https:\\\/\\\/lospoliticosveracruz.com\\\/?p=54455#respond\"]}]},{\"@type\":\"WebPage\",\"@id\":\"https:\\\/\\\/lospoliticosveracruz.com\\\/?p=54455\",\"url\":\"https:\\\/\\\/lospoliticosveracruz.com\\\/?p=54455\",\"name\":\"Fase 3: AMLO, el abuelito; gobernadores, los pap\u00e1s - Los pol\u00edticos Veracruz\",\"isPartOf\":{\"@id\":\"https:\\\/\\\/lospoliticosveracruz.com\\\/#website\"},\"datePublished\":\"2020-04-21T20:07:16+00:00\",\"breadcrumb\":{\"@id\":\"https:\\\/\\\/lospoliticosveracruz.com\\\/?p=54455#breadcrumb\"},\"inLanguage\":\"es\",\"potentialAction\":[{\"@type\":\"ReadAction\",\"target\":[\"https:\\\/\\\/lospoliticosveracruz.com\\\/?p=54455\"]}]},{\"@type\":\"BreadcrumbList\",\"@id\":\"https:\\\/\\\/lospoliticosveracruz.com\\\/?p=54455#breadcrumb\",\"itemListElement\":[{\"@type\":\"ListItem\",\"position\":1,\"name\":\"Portada\",\"item\":\"https:\\\/\\\/lospoliticosveracruz.com\\\/\"},{\"@type\":\"ListItem\",\"position\":2,\"name\":\"Fase 3: AMLO, el abuelito; gobernadores, los pap\u00e1s\"}]},{\"@type\":\"WebSite\",\"@id\":\"https:\\\/\\\/lospoliticosveracruz.com\\\/#website\",\"url\":\"https:\\\/\\\/lospoliticosveracruz.com\\\/\",\"name\":\"Los pol\u00edticos Veracruz\",\"description\":\"\",\"publisher\":{\"@id\":\"https:\\\/\\\/lospoliticosveracruz.com\\\/#organization\"},\"potentialAction\":[{\"@type\":\"SearchAction\",\"target\":{\"@type\":\"EntryPoint\",\"urlTemplate\":\"https:\\\/\\\/lospoliticosveracruz.com\\\/?s={search_term_string}\"},\"query-input\":{\"@type\":\"PropertyValueSpecification\",\"valueRequired\":true,\"valueName\":\"search_term_string\"}}],\"inLanguage\":\"es\"},{\"@type\":\"Organization\",\"@id\":\"https:\\\/\\\/lospoliticosveracruz.com\\\/#organization\",\"name\":\"Los pol\u00edticos Veracruz\",\"url\":\"https:\\\/\\\/lospoliticosveracruz.com\\\/\",\"logo\":{\"@type\":\"ImageObject\",\"inLanguage\":\"es\",\"@id\":\"https:\\\/\\\/lospoliticosveracruz.com\\\/#\\\/schema\\\/logo\\\/image\\\/\",\"url\":\"https:\\\/\\\/lospoliticosveracruz.com\\\/wp-content\\\/uploads\\\/2025\\\/12\\\/Logo-Nuevo-LOS-POLITICOS-1.jpg\",\"contentUrl\":\"https:\\\/\\\/lospoliticosveracruz.com\\\/wp-content\\\/uploads\\\/2025\\\/12\\\/Logo-Nuevo-LOS-POLITICOS-1.jpg\",\"width\":260,\"height\":70,\"caption\":\"Los pol\u00edticos Veracruz\"},\"image\":{\"@id\":\"https:\\\/\\\/lospoliticosveracruz.com\\\/#\\\/schema\\\/logo\\\/image\\\/\"},\"sameAs\":[\"https:\\\/\\\/www.facebook.com\\\/people\\\/Notimemes-de-los-Polticos\\\/61565672886568\\\/\",\"https:\\\/\\\/x.com\\\/LosPoliticosVer\"]},{\"@type\":\"Person\",\"@id\":\"https:\\\/\\\/lospoliticosveracruz.com\\\/#\\\/schema\\\/person\\\/b8702bb0e538456e6efd07080bf2a4a2\",\"name\":\"Lo viste en Los Pol\u00edticos\",\"image\":{\"@type\":\"ImageObject\",\"inLanguage\":\"es\",\"@id\":\"https:\\\/\\\/secure.gravatar.com\\\/avatar\\\/3a8de04a2656d44082be478bd6c086daa447c4651605818287b9532d3d0bd435?s=96&d=mm&r=g\",\"url\":\"https:\\\/\\\/secure.gravatar.com\\\/avatar\\\/3a8de04a2656d44082be478bd6c086daa447c4651605818287b9532d3d0bd435?s=96&d=mm&r=g\",\"contentUrl\":\"https:\\\/\\\/secure.gravatar.com\\\/avatar\\\/3a8de04a2656d44082be478bd6c086daa447c4651605818287b9532d3d0bd435?s=96&d=mm&r=g\",\"caption\":\"Lo viste en Los Pol\u00edticos\"},\"url\":\"https:\\\/\\\/lospoliticosveracruz.com\\\/?author=2\"}]}<\/script>\n<!-- \/ Yoast SEO plugin. -->","yoast_head_json":{"title":"Fase 3: AMLO, el abuelito; gobernadores, los pap\u00e1s - Los pol\u00edticos Veracruz","robots":{"index":"index","follow":"follow","max-snippet":"max-snippet:-1","max-image-preview":"max-image-preview:large","max-video-preview":"max-video-preview:-1"},"canonical":"https:\/\/lospoliticosveracruz.com\/?p=54455","og_locale":"es_ES","og_type":"article","og_title":"Fase 3: AMLO, el abuelito; gobernadores, los pap\u00e1s - Los pol\u00edticos Veracruz","og_description":"Miguel Polanco Contracomunis Se declar\u00f3 la Fase 3 de la epidemia de Covid-19 en M\u00e9xico. Y s\u00ed: as\u00ed, sin m\u00e1s, solo \u201cse declar\u00f3\u201d; como un mero \u201ctr\u00e1mite\u201d, por incre\u00edble que parezca. L\u00f3pez Gatell se limit\u00f3 a decir: \u201cqueremos dar por iniciada la Fase 3\u201d, como si se tratara de una decisi\u00f3n de contentillo, repitiendo discurso [&hellip;]","og_url":"https:\/\/lospoliticosveracruz.com\/?p=54455","og_site_name":"Los pol\u00edticos Veracruz","article_publisher":"https:\/\/www.facebook.com\/people\/Notimemes-de-los-Polticos\/61565672886568\/","article_published_time":"2020-04-21T20:07:16+00:00","og_image":[{"width":200,"height":200,"url":"https:\/\/lospoliticosveracruz.com\/wp-content\/uploads\/2016\/07\/Logo-Dor.jpg","type":"image\/jpeg"}],"author":"Lo viste en Los Pol\u00edticos","twitter_card":"summary_large_image","twitter_creator":"@LosPoliticosVer","twitter_site":"@LosPoliticosVer","twitter_misc":{"Escrito por":"Lo viste en Los Pol\u00edticos","Tiempo de lectura":"3 minutos"},"schema":{"@context":"https:\/\/schema.org","@graph":[{"@type":"Article","@id":"https:\/\/lospoliticosveracruz.com\/?p=54455#article","isPartOf":{"@id":"https:\/\/lospoliticosveracruz.com\/?p=54455"},"author":{"name":"Lo viste en Los Pol\u00edticos","@id":"https:\/\/lospoliticosveracruz.com\/#\/schema\/person\/b8702bb0e538456e6efd07080bf2a4a2"},"headline":"Fase 3: AMLO, el abuelito; gobernadores, los pap\u00e1s","datePublished":"2020-04-21T20:07:16+00:00","mainEntityOfPage":{"@id":"https:\/\/lospoliticosveracruz.com\/?p=54455"},"wordCount":597,"commentCount":0,"publisher":{"@id":"https:\/\/lospoliticosveracruz.com\/#organization"},"keywords":["Covid 19","Dos Bocas","Enrique Alfaro","Fase 3","gobernadores","Jalisco","L\u00f3pez Gatell","M\u00e9xico","Michoac\u00e1n","Miguel Polanco","Organizaci\u00f3n Mundial de la Salud","sana distancia","Semana Santa","Silvano Aureoles"],"articleSection":["De Opini\u00f3n"],"inLanguage":"es","potentialAction":[{"@type":"CommentAction","name":"Comment","target":["https:\/\/lospoliticosveracruz.com\/?p=54455#respond"]}]},{"@type":"WebPage","@id":"https:\/\/lospoliticosveracruz.com\/?p=54455","url":"https:\/\/lospoliticosveracruz.com\/?p=54455","name":"Fase 3: AMLO, el abuelito; gobernadores, los pap\u00e1s - Los pol\u00edticos Veracruz","isPartOf":{"@id":"https:\/\/lospoliticosveracruz.com\/#website"},"datePublished":"2020-04-21T20:07:16+00:00","breadcrumb":{"@id":"https:\/\/lospoliticosveracruz.com\/?p=54455#breadcrumb"},"inLanguage":"es","potentialAction":[{"@type":"ReadAction","target":["https:\/\/lospoliticosveracruz.com\/?p=54455"]}]},{"@type":"BreadcrumbList","@id":"https:\/\/lospoliticosveracruz.com\/?p=54455#breadcrumb","itemListElement":[{"@type":"ListItem","position":1,"name":"Portada","item":"https:\/\/lospoliticosveracruz.com\/"},{"@type":"ListItem","position":2,"name":"Fase 3: AMLO, el abuelito; gobernadores, los pap\u00e1s"}]},{"@type":"WebSite","@id":"https:\/\/lospoliticosveracruz.com\/#website","url":"https:\/\/lospoliticosveracruz.com\/","name":"Los pol\u00edticos Veracruz","description":"","publisher":{"@id":"https:\/\/lospoliticosveracruz.com\/#organization"},"potentialAction":[{"@type":"SearchAction","target":{"@type":"EntryPoint","urlTemplate":"https:\/\/lospoliticosveracruz.com\/?s={search_term_string}"},"query-input":{"@type":"PropertyValueSpecification","valueRequired":true,"valueName":"search_term_string"}}],"inLanguage":"es"},{"@type":"Organization","@id":"https:\/\/lospoliticosveracruz.com\/#organization","name":"Los pol\u00edticos Veracruz","url":"https:\/\/lospoliticosveracruz.com\/","logo":{"@type":"ImageObject","inLanguage":"es","@id":"https:\/\/lospoliticosveracruz.com\/#\/schema\/logo\/image\/","url":"https:\/\/lospoliticosveracruz.com\/wp-content\/uploads\/2025\/12\/Logo-Nuevo-LOS-POLITICOS-1.jpg","contentUrl":"https:\/\/lospoliticosveracruz.com\/wp-content\/uploads\/2025\/12\/Logo-Nuevo-LOS-POLITICOS-1.jpg","width":260,"height":70,"caption":"Los pol\u00edticos Veracruz"},"image":{"@id":"https:\/\/lospoliticosveracruz.com\/#\/schema\/logo\/image\/"},"sameAs":["https:\/\/www.facebook.com\/people\/Notimemes-de-los-Polticos\/61565672886568\/","https:\/\/x.com\/LosPoliticosVer"]},{"@type":"Person","@id":"https:\/\/lospoliticosveracruz.com\/#\/schema\/person\/b8702bb0e538456e6efd07080bf2a4a2","name":"Lo viste en Los Pol\u00edticos","image":{"@type":"ImageObject","inLanguage":"es","@id":"https:\/\/secure.gravatar.com\/avatar\/3a8de04a2656d44082be478bd6c086daa447c4651605818287b9532d3d0bd435?s=96&d=mm&r=g","url":"https:\/\/secure.gravatar.com\/avatar\/3a8de04a2656d44082be478bd6c086daa447c4651605818287b9532d3d0bd435?s=96&d=mm&r=g","contentUrl":"https:\/\/secure.gravatar.com\/avatar\/3a8de04a2656d44082be478bd6c086daa447c4651605818287b9532d3d0bd435?s=96&d=mm&r=g","caption":"Lo viste en Los Pol\u00edticos"},"url":"https:\/\/lospoliticosveracruz.com\/?author=2"}]}},"_links":{"self":[{"href":"https:\/\/lospoliticosveracruz.com\/index.php?rest_route=\/wp\/v2\/posts\/54455","targetHints":{"allow":["GET"]}}],"collection":[{"href":"https:\/\/lospoliticosveracruz.com\/index.php?rest_route=\/wp\/v2\/posts"}],"about":[{"href":"https:\/\/lospoliticosveracruz.com\/index.php?rest_route=\/wp\/v2\/types\/post"}],"author":[{"embeddable":true,"href":"https:\/\/lospoliticosveracruz.com\/index.php?rest_route=\/wp\/v2\/users\/2"}],"replies":[{"embeddable":true,"href":"https:\/\/lospoliticosveracruz.com\/index.php?rest_route=%2Fwp%2Fv2%2Fcomments&post=54455"}],"version-history":[{"count":1,"href":"https:\/\/lospoliticosveracruz.com\/index.php?rest_route=\/wp\/v2\/posts\/54455\/revisions"}],"predecessor-version":[{"id":54457,"href":"https:\/\/lospoliticosveracruz.com\/index.php?rest_route=\/wp\/v2\/posts\/54455\/revisions\/54457"}],"wp:attachment":[{"href":"https:\/\/lospoliticosveracruz.com\/index.php?rest_route=%2Fwp%2Fv2%2Fmedia&parent=54455"}],"wp:term":[{"taxonomy":"category","embeddable":true,"href":"https:\/\/lospoliticosveracruz.com\/index.php?rest_route=%2Fwp%2Fv2%2Fcategories&post=54455"},{"taxonomy":"post_tag","embeddable":true,"href":"https:\/\/lospoliticosveracruz.com\/index.php?rest_route=%2Fwp%2Fv2%2Ftags&post=54455"}],"curies":[{"name":"wp","href":"https:\/\/api.w.org\/{rel}","templated":true}]}}