{"id":54485,"date":"2020-04-22T09:32:02","date_gmt":"2020-04-22T14:32:02","guid":{"rendered":"http:\/\/www.lospoliticosveracruz.com.mx\/?p=54485"},"modified":"2020-04-22T09:32:02","modified_gmt":"2020-04-22T14:32:02","slug":"la-industria-de-la-piel","status":"publish","type":"post","link":"https:\/\/lospoliticosveracruz.com\/?p=54485","title":{"rendered":"La industria de la piel"},"content":{"rendered":"<p><strong>Maricarmen Garc\u00eda El\u00edas<\/strong><\/p>\n<p><em>Animalia<\/em><\/p>\n<p>La semana pasada comentamos lo importante que es crear conciencia y cultura y c\u00f3mo la pandemia del COVID-19 est\u00e1 orillando a las personas a hacerlo, si no por la buenas s\u00ed de forma irremediable pues al menos en los alimentos de consumo en China habr\u00e1 reformas importantes. Sin embargo contin\u00faan a\u00fan pr\u00e1cticas como la industria de la piel y el cuero no solo en ese pa\u00eds sino en casi todo el mundo, que existen debido la demanda de la gente.<\/p>\n<p>Una de las cosas que hemos aprendido con el COVID-19 es a economizar gastos y priorizar aquellos que en verdad son necesarios, a estas alturas muchas de las familias a quienes les es posible permanecer en casa ya ahorraron significativamente en gasolina durante esta cuarentena y en otras cosas, al ir una sola persona a hacer las compras se gasta menos que cuando va toda la familia, y qu\u00e9 decir de la comida, basta ver la serie de tutoriales que\u00a0 han subido las \u00faltimas semanas en diversas plataformas como YouTube donde lo mismo se puede aprender a hacer desde una rica ensalada o pizza hasta un platillo m\u00e1s elaborado, todo paso a paso y con ingredientes accesibles, al final de estos tutoriales la gente deja comentarios de lo mucho que ahorran al cocinar y comer en casa.<\/p>\n<p>La pandemia tambi\u00e9n ha permitido que nos demos cuenta de que hay art\u00edculos que no son prioridad y de las que podemos prescindir, por ejemplo los \u00a0productos hechos de piel no son en estos momentos una prioridad. \u00a0El cuero puede provenir de vacas, cerdos, cabras y ovejas; de animales ex\u00f3ticos como caimanes, avestruces y canguros; y hasta de perros y gatos, quienes son matados por su carne y su piel en China, pa\u00eds que exporta las pieles de esos animales a todo el mundo y debido a que el cuero normalmente no es etiquetado, nunca se sabe realmente de qu\u00e9 animal proviene ese cintur\u00f3n que tenemos en casa.<\/p>\n<p>La presidenta de PETA (Personas por el Trato \u00e9tico de los Animales) Ingrid Newkirk en un mensaje de concientizaci\u00f3n sobre este tema, expone la historia de Meyli una perrita y relata \u201c\u2026est\u00e1 aterrorizada, el piso a su alrededor est\u00e1 resbaladizo por la sangre de docenas de perros asesinados antes que ella, sus cuerpos colgados de ganchos, o dentro de tinas con agua\u2026Pronto, un trabajador la sacar\u00e1 del corral con pinzas de metal y la golpear\u00e1 en la cabeza con un palo de madera. Como muchos otros, puede que no muera instant\u00e1neamente, y se retuerza y luche para respirar incluso despu\u00e9s de que la hayan degollado y desollado. Meyli no es distinta a los perros leales y amorosos que comparten muchos de nuestros hogares, pero en lugar de recibir afecto, la matar\u00e1n violentamente para que su piel se pueda convertir en un cintur\u00f3n o un par de guantes\u201d, comenta Ingrid.<\/p>\n<p>Lo que los perros como Meyli experimentan en mataderos chinos les sucede a muchos otros animales en todo el mundo. Las granjas industriales -sin excepci\u00f3n- tienen \u00a0carencias extremas de higiene, hacinamiento, maltrato en el transporte, a los animales se les castra, marca, se les corta la cola y cuernos sin analg\u00e9sicos, se les despelleja cuando a\u00fan est\u00e1n semi inconscientes. Comprar art\u00edculos de piel o cuero contribuye a financiar la crueldad de las granjas industriales donde anualmente sacrifican a mil millones de animales a nivel mundial, la piel es el subproducto m\u00e1s importante econ\u00f3micamente de la industria de la carne. Adem\u00e1s al usar estos art\u00edculos \u00a0se es c\u00f3mplice de la destrucci\u00f3n ambiental causada por la industria de la carne, as\u00ed como la contaminaci\u00f3n causada por las toxinas usadas en el curtido. \u00a1Toma acci\u00f3n y crea conciencia \u00a1 gaem80@gmail.com<\/p>\n<p>&nbsp;<\/p>\n","protected":false},"excerpt":{"rendered":"<p>Maricarmen Garc\u00eda El\u00edas Animalia La semana pasada comentamos lo importante que es crear conciencia y cultura y c\u00f3mo la pandemia del COVID-19 est\u00e1 orillando a las personas a hacerlo, si no por la buenas s\u00ed de forma irremediable pues al menos en los alimentos de consumo en China habr\u00e1 reformas importantes. Sin embargo contin\u00faan a\u00fan [&hellip;]<\/p>\n","protected":false},"author":2,"featured_media":0,"comment_status":"open","ping_status":"open","sticky":false,"template":"","format":"standard","meta":{"tdm_status":"","tdm_grid_status":"","footnotes":""},"categories":[70],"tags":[811,16673,1351,17532,17535,16828,17536,17534,17533],"class_list":{"0":"post-54485","1":"post","2":"type-post","3":"status-publish","4":"format-standard","6":"category-de-opinion","7":"tag-china","8":"tag-covid-19","9":"tag-gasolina","10":"tag-industria-de-la-piel","11":"tag-ingrid-newkirk","12":"tag-maricarmen-garcia-elias","13":"tag-meyli","14":"tag-personas-por-el-trato-etico-de-los-animales","15":"tag-peta"},"yoast_head":"<!-- This site is optimized with the Yoast SEO plugin v27.4 - https:\/\/yoast.com\/product\/yoast-seo-wordpress\/ -->\n<title>La industria de la piel - Los pol\u00edticos Veracruz<\/title>\n<meta name=\"robots\" content=\"index, follow, max-snippet:-1, max-image-preview:large, max-video-preview:-1\" \/>\n<link rel=\"canonical\" href=\"https:\/\/lospoliticosveracruz.com\/?p=54485\" \/>\n<meta property=\"og:locale\" content=\"es_ES\" \/>\n<meta property=\"og:type\" content=\"article\" \/>\n<meta property=\"og:title\" content=\"La industria de la piel - Los pol\u00edticos Veracruz\" \/>\n<meta property=\"og:description\" content=\"Maricarmen Garc\u00eda El\u00edas Animalia La semana pasada comentamos lo importante que es crear conciencia y cultura y c\u00f3mo la pandemia del COVID-19 est\u00e1 orillando a las personas a hacerlo, si no por la buenas s\u00ed de forma irremediable pues al menos en los alimentos de consumo en China habr\u00e1 reformas importantes. Sin embargo contin\u00faan a\u00fan [&hellip;]\" \/>\n<meta property=\"og:url\" content=\"https:\/\/lospoliticosveracruz.com\/?p=54485\" \/>\n<meta property=\"og:site_name\" content=\"Los pol\u00edticos Veracruz\" \/>\n<meta property=\"article:publisher\" content=\"https:\/\/www.facebook.com\/people\/Notimemes-de-los-Polticos\/61565672886568\/\" \/>\n<meta property=\"article:published_time\" content=\"2020-04-22T14:32:02+00:00\" \/>\n<meta property=\"og:image\" content=\"https:\/\/lospoliticosveracruz.com\/wp-content\/uploads\/2016\/07\/Logo-Dor.jpg\" \/>\n\t<meta property=\"og:image:width\" content=\"200\" \/>\n\t<meta property=\"og:image:height\" content=\"200\" \/>\n\t<meta property=\"og:image:type\" content=\"image\/jpeg\" \/>\n<meta name=\"author\" content=\"Lo viste en Los Pol\u00edticos\" \/>\n<meta name=\"twitter:card\" content=\"summary_large_image\" \/>\n<meta name=\"twitter:creator\" content=\"@LosPoliticosVer\" \/>\n<meta name=\"twitter:site\" content=\"@LosPoliticosVer\" \/>\n<meta name=\"twitter:label1\" content=\"Escrito por\" \/>\n\t<meta name=\"twitter:data1\" content=\"Lo viste en Los Pol\u00edticos\" \/>\n\t<meta name=\"twitter:label2\" content=\"Tiempo de lectura\" \/>\n\t<meta name=\"twitter:data2\" content=\"3 minutos\" \/>\n<script type=\"application\/ld+json\" class=\"yoast-schema-graph\">{\"@context\":\"https:\\\/\\\/schema.org\",\"@graph\":[{\"@type\":\"Article\",\"@id\":\"https:\\\/\\\/lospoliticosveracruz.com\\\/?p=54485#article\",\"isPartOf\":{\"@id\":\"https:\\\/\\\/lospoliticosveracruz.com\\\/?p=54485\"},\"author\":{\"name\":\"Lo viste en Los Pol\u00edticos\",\"@id\":\"https:\\\/\\\/lospoliticosveracruz.com\\\/#\\\/schema\\\/person\\\/b8702bb0e538456e6efd07080bf2a4a2\"},\"headline\":\"La industria de la piel\",\"datePublished\":\"2020-04-22T14:32:02+00:00\",\"mainEntityOfPage\":{\"@id\":\"https:\\\/\\\/lospoliticosveracruz.com\\\/?p=54485\"},\"wordCount\":654,\"commentCount\":0,\"publisher\":{\"@id\":\"https:\\\/\\\/lospoliticosveracruz.com\\\/#organization\"},\"keywords\":[\"China\",\"Covid 19\",\"gasolina\",\"industria de la piel\",\"Ingrid Newkirk\",\"Maricarmen Garc\u00eda El\u00edas\",\"Meyli\",\"Personas por el Trato \u00e9tico de los Animales\",\"PETA\"],\"articleSection\":[\"De Opini\u00f3n\"],\"inLanguage\":\"es\",\"potentialAction\":[{\"@type\":\"CommentAction\",\"name\":\"Comment\",\"target\":[\"https:\\\/\\\/lospoliticosveracruz.com\\\/?p=54485#respond\"]}]},{\"@type\":\"WebPage\",\"@id\":\"https:\\\/\\\/lospoliticosveracruz.com\\\/?p=54485\",\"url\":\"https:\\\/\\\/lospoliticosveracruz.com\\\/?p=54485\",\"name\":\"La industria de la piel - Los pol\u00edticos Veracruz\",\"isPartOf\":{\"@id\":\"https:\\\/\\\/lospoliticosveracruz.com\\\/#website\"},\"datePublished\":\"2020-04-22T14:32:02+00:00\",\"breadcrumb\":{\"@id\":\"https:\\\/\\\/lospoliticosveracruz.com\\\/?p=54485#breadcrumb\"},\"inLanguage\":\"es\",\"potentialAction\":[{\"@type\":\"ReadAction\",\"target\":[\"https:\\\/\\\/lospoliticosveracruz.com\\\/?p=54485\"]}]},{\"@type\":\"BreadcrumbList\",\"@id\":\"https:\\\/\\\/lospoliticosveracruz.com\\\/?p=54485#breadcrumb\",\"itemListElement\":[{\"@type\":\"ListItem\",\"position\":1,\"name\":\"Portada\",\"item\":\"https:\\\/\\\/lospoliticosveracruz.com\\\/\"},{\"@type\":\"ListItem\",\"position\":2,\"name\":\"La industria de la piel\"}]},{\"@type\":\"WebSite\",\"@id\":\"https:\\\/\\\/lospoliticosveracruz.com\\\/#website\",\"url\":\"https:\\\/\\\/lospoliticosveracruz.com\\\/\",\"name\":\"Los pol\u00edticos Veracruz\",\"description\":\"\",\"publisher\":{\"@id\":\"https:\\\/\\\/lospoliticosveracruz.com\\\/#organization\"},\"potentialAction\":[{\"@type\":\"SearchAction\",\"target\":{\"@type\":\"EntryPoint\",\"urlTemplate\":\"https:\\\/\\\/lospoliticosveracruz.com\\\/?s={search_term_string}\"},\"query-input\":{\"@type\":\"PropertyValueSpecification\",\"valueRequired\":true,\"valueName\":\"search_term_string\"}}],\"inLanguage\":\"es\"},{\"@type\":\"Organization\",\"@id\":\"https:\\\/\\\/lospoliticosveracruz.com\\\/#organization\",\"name\":\"Los pol\u00edticos Veracruz\",\"url\":\"https:\\\/\\\/lospoliticosveracruz.com\\\/\",\"logo\":{\"@type\":\"ImageObject\",\"inLanguage\":\"es\",\"@id\":\"https:\\\/\\\/lospoliticosveracruz.com\\\/#\\\/schema\\\/logo\\\/image\\\/\",\"url\":\"https:\\\/\\\/lospoliticosveracruz.com\\\/wp-content\\\/uploads\\\/2025\\\/12\\\/Logo-Nuevo-LOS-POLITICOS-1.jpg\",\"contentUrl\":\"https:\\\/\\\/lospoliticosveracruz.com\\\/wp-content\\\/uploads\\\/2025\\\/12\\\/Logo-Nuevo-LOS-POLITICOS-1.jpg\",\"width\":260,\"height\":70,\"caption\":\"Los pol\u00edticos Veracruz\"},\"image\":{\"@id\":\"https:\\\/\\\/lospoliticosveracruz.com\\\/#\\\/schema\\\/logo\\\/image\\\/\"},\"sameAs\":[\"https:\\\/\\\/www.facebook.com\\\/people\\\/Notimemes-de-los-Polticos\\\/61565672886568\\\/\",\"https:\\\/\\\/x.com\\\/LosPoliticosVer\"]},{\"@type\":\"Person\",\"@id\":\"https:\\\/\\\/lospoliticosveracruz.com\\\/#\\\/schema\\\/person\\\/b8702bb0e538456e6efd07080bf2a4a2\",\"name\":\"Lo viste en Los Pol\u00edticos\",\"image\":{\"@type\":\"ImageObject\",\"inLanguage\":\"es\",\"@id\":\"https:\\\/\\\/secure.gravatar.com\\\/avatar\\\/3a8de04a2656d44082be478bd6c086daa447c4651605818287b9532d3d0bd435?s=96&d=mm&r=g\",\"url\":\"https:\\\/\\\/secure.gravatar.com\\\/avatar\\\/3a8de04a2656d44082be478bd6c086daa447c4651605818287b9532d3d0bd435?s=96&d=mm&r=g\",\"contentUrl\":\"https:\\\/\\\/secure.gravatar.com\\\/avatar\\\/3a8de04a2656d44082be478bd6c086daa447c4651605818287b9532d3d0bd435?s=96&d=mm&r=g\",\"caption\":\"Lo viste en Los Pol\u00edticos\"},\"url\":\"https:\\\/\\\/lospoliticosveracruz.com\\\/?author=2\"}]}<\/script>\n<!-- \/ Yoast SEO plugin. -->","yoast_head_json":{"title":"La industria de la piel - Los pol\u00edticos Veracruz","robots":{"index":"index","follow":"follow","max-snippet":"max-snippet:-1","max-image-preview":"max-image-preview:large","max-video-preview":"max-video-preview:-1"},"canonical":"https:\/\/lospoliticosveracruz.com\/?p=54485","og_locale":"es_ES","og_type":"article","og_title":"La industria de la piel - Los pol\u00edticos Veracruz","og_description":"Maricarmen Garc\u00eda El\u00edas Animalia La semana pasada comentamos lo importante que es crear conciencia y cultura y c\u00f3mo la pandemia del COVID-19 est\u00e1 orillando a las personas a hacerlo, si no por la buenas s\u00ed de forma irremediable pues al menos en los alimentos de consumo en China habr\u00e1 reformas importantes. Sin embargo contin\u00faan a\u00fan [&hellip;]","og_url":"https:\/\/lospoliticosveracruz.com\/?p=54485","og_site_name":"Los pol\u00edticos Veracruz","article_publisher":"https:\/\/www.facebook.com\/people\/Notimemes-de-los-Polticos\/61565672886568\/","article_published_time":"2020-04-22T14:32:02+00:00","og_image":[{"width":200,"height":200,"url":"https:\/\/lospoliticosveracruz.com\/wp-content\/uploads\/2016\/07\/Logo-Dor.jpg","type":"image\/jpeg"}],"author":"Lo viste en Los Pol\u00edticos","twitter_card":"summary_large_image","twitter_creator":"@LosPoliticosVer","twitter_site":"@LosPoliticosVer","twitter_misc":{"Escrito por":"Lo viste en Los Pol\u00edticos","Tiempo de lectura":"3 minutos"},"schema":{"@context":"https:\/\/schema.org","@graph":[{"@type":"Article","@id":"https:\/\/lospoliticosveracruz.com\/?p=54485#article","isPartOf":{"@id":"https:\/\/lospoliticosveracruz.com\/?p=54485"},"author":{"name":"Lo viste en Los Pol\u00edticos","@id":"https:\/\/lospoliticosveracruz.com\/#\/schema\/person\/b8702bb0e538456e6efd07080bf2a4a2"},"headline":"La industria de la piel","datePublished":"2020-04-22T14:32:02+00:00","mainEntityOfPage":{"@id":"https:\/\/lospoliticosveracruz.com\/?p=54485"},"wordCount":654,"commentCount":0,"publisher":{"@id":"https:\/\/lospoliticosveracruz.com\/#organization"},"keywords":["China","Covid 19","gasolina","industria de la piel","Ingrid Newkirk","Maricarmen Garc\u00eda El\u00edas","Meyli","Personas por el Trato \u00e9tico de los Animales","PETA"],"articleSection":["De Opini\u00f3n"],"inLanguage":"es","potentialAction":[{"@type":"CommentAction","name":"Comment","target":["https:\/\/lospoliticosveracruz.com\/?p=54485#respond"]}]},{"@type":"WebPage","@id":"https:\/\/lospoliticosveracruz.com\/?p=54485","url":"https:\/\/lospoliticosveracruz.com\/?p=54485","name":"La industria de la piel - Los pol\u00edticos Veracruz","isPartOf":{"@id":"https:\/\/lospoliticosveracruz.com\/#website"},"datePublished":"2020-04-22T14:32:02+00:00","breadcrumb":{"@id":"https:\/\/lospoliticosveracruz.com\/?p=54485#breadcrumb"},"inLanguage":"es","potentialAction":[{"@type":"ReadAction","target":["https:\/\/lospoliticosveracruz.com\/?p=54485"]}]},{"@type":"BreadcrumbList","@id":"https:\/\/lospoliticosveracruz.com\/?p=54485#breadcrumb","itemListElement":[{"@type":"ListItem","position":1,"name":"Portada","item":"https:\/\/lospoliticosveracruz.com\/"},{"@type":"ListItem","position":2,"name":"La industria de la piel"}]},{"@type":"WebSite","@id":"https:\/\/lospoliticosveracruz.com\/#website","url":"https:\/\/lospoliticosveracruz.com\/","name":"Los pol\u00edticos Veracruz","description":"","publisher":{"@id":"https:\/\/lospoliticosveracruz.com\/#organization"},"potentialAction":[{"@type":"SearchAction","target":{"@type":"EntryPoint","urlTemplate":"https:\/\/lospoliticosveracruz.com\/?s={search_term_string}"},"query-input":{"@type":"PropertyValueSpecification","valueRequired":true,"valueName":"search_term_string"}}],"inLanguage":"es"},{"@type":"Organization","@id":"https:\/\/lospoliticosveracruz.com\/#organization","name":"Los pol\u00edticos Veracruz","url":"https:\/\/lospoliticosveracruz.com\/","logo":{"@type":"ImageObject","inLanguage":"es","@id":"https:\/\/lospoliticosveracruz.com\/#\/schema\/logo\/image\/","url":"https:\/\/lospoliticosveracruz.com\/wp-content\/uploads\/2025\/12\/Logo-Nuevo-LOS-POLITICOS-1.jpg","contentUrl":"https:\/\/lospoliticosveracruz.com\/wp-content\/uploads\/2025\/12\/Logo-Nuevo-LOS-POLITICOS-1.jpg","width":260,"height":70,"caption":"Los pol\u00edticos Veracruz"},"image":{"@id":"https:\/\/lospoliticosveracruz.com\/#\/schema\/logo\/image\/"},"sameAs":["https:\/\/www.facebook.com\/people\/Notimemes-de-los-Polticos\/61565672886568\/","https:\/\/x.com\/LosPoliticosVer"]},{"@type":"Person","@id":"https:\/\/lospoliticosveracruz.com\/#\/schema\/person\/b8702bb0e538456e6efd07080bf2a4a2","name":"Lo viste en Los Pol\u00edticos","image":{"@type":"ImageObject","inLanguage":"es","@id":"https:\/\/secure.gravatar.com\/avatar\/3a8de04a2656d44082be478bd6c086daa447c4651605818287b9532d3d0bd435?s=96&d=mm&r=g","url":"https:\/\/secure.gravatar.com\/avatar\/3a8de04a2656d44082be478bd6c086daa447c4651605818287b9532d3d0bd435?s=96&d=mm&r=g","contentUrl":"https:\/\/secure.gravatar.com\/avatar\/3a8de04a2656d44082be478bd6c086daa447c4651605818287b9532d3d0bd435?s=96&d=mm&r=g","caption":"Lo viste en Los Pol\u00edticos"},"url":"https:\/\/lospoliticosveracruz.com\/?author=2"}]}},"_links":{"self":[{"href":"https:\/\/lospoliticosveracruz.com\/index.php?rest_route=\/wp\/v2\/posts\/54485","targetHints":{"allow":["GET"]}}],"collection":[{"href":"https:\/\/lospoliticosveracruz.com\/index.php?rest_route=\/wp\/v2\/posts"}],"about":[{"href":"https:\/\/lospoliticosveracruz.com\/index.php?rest_route=\/wp\/v2\/types\/post"}],"author":[{"embeddable":true,"href":"https:\/\/lospoliticosveracruz.com\/index.php?rest_route=\/wp\/v2\/users\/2"}],"replies":[{"embeddable":true,"href":"https:\/\/lospoliticosveracruz.com\/index.php?rest_route=%2Fwp%2Fv2%2Fcomments&post=54485"}],"version-history":[{"count":1,"href":"https:\/\/lospoliticosveracruz.com\/index.php?rest_route=\/wp\/v2\/posts\/54485\/revisions"}],"predecessor-version":[{"id":54487,"href":"https:\/\/lospoliticosveracruz.com\/index.php?rest_route=\/wp\/v2\/posts\/54485\/revisions\/54487"}],"wp:attachment":[{"href":"https:\/\/lospoliticosveracruz.com\/index.php?rest_route=%2Fwp%2Fv2%2Fmedia&parent=54485"}],"wp:term":[{"taxonomy":"category","embeddable":true,"href":"https:\/\/lospoliticosveracruz.com\/index.php?rest_route=%2Fwp%2Fv2%2Fcategories&post=54485"},{"taxonomy":"post_tag","embeddable":true,"href":"https:\/\/lospoliticosveracruz.com\/index.php?rest_route=%2Fwp%2Fv2%2Ftags&post=54485"}],"curies":[{"name":"wp","href":"https:\/\/api.w.org\/{rel}","templated":true}]}}