{"id":54517,"date":"2020-04-23T09:32:19","date_gmt":"2020-04-23T14:32:19","guid":{"rendered":"http:\/\/www.lospoliticosveracruz.com.mx\/?p=54517"},"modified":"2020-04-23T09:32:19","modified_gmt":"2020-04-23T14:32:19","slug":"eric-a-la-perro-bermudez-en-el-coronavirus","status":"publish","type":"post","link":"https:\/\/lospoliticosveracruz.com\/?p=54517","title":{"rendered":"Eric, a la Perro Berm\u00fadez en el Coronavirus&#8230;"},"content":{"rendered":"<p><strong>Ricardo Ch\u00faa<\/strong><\/p>\n<p><em>Sale y Vale<\/em><\/p>\n<p>LA DISPUTA Y LA FASE 3&#8230; Hace menos de un mes, en este espacio mencion\u00e1bamos, que las disputas entre el gobierno estatal de Veracruz y los ayuntamientos gobernados por la oposici\u00f3n a MORENA&#8230; Eras est\u00e9riles, in\u00fatiles y que a la larga crear\u00edan un serio da\u00f1o al trabajo coordinado que deber\u00edan tener las autoridades, en plena pandem\u00eda del Coronavirus&#8230; 20 d\u00edas despu\u00e9s, el tiempo nos dio la raz\u00f3n&#8230; La amenaza lleg\u00f3 de la administraci\u00f3n de Cuitl\u00e1huac Garc\u00eda a estos mun\u00edcipes que se han \u00abrebelado\u00bb a medidas ejercidas contra el COVID&#8230;.<\/p>\n<p>Eric Cisneros, secretario de Gobierno, anunci\u00f3 que \u00abaplicar\u00e1 la ley\u00bb a todo aquel alcalde que \u00abcierre sus puertas\u00bb para evitar el libre tr\u00e1nsito de ciudadanos por alguno de los 212 municipios&#8230; No hay estado de excepci\u00f3n, por lo tanto es una garant\u00eda constitucional&#8230; En eso, Eric tiene raz\u00f3n&#8230; Si lo hace para \u00absalvaguardar\u00bb la Constituci\u00f3n, no se equivoca&#8230; Pero su GRAVE ERROR, es que no ha tenido comunicaci\u00f3n durante la pandemia con presidentes municipales y opt\u00f3 mejor por AMEDRENTARLOS&#8230; DEMASIADO TARDE .. \u00bfNO?&#8230;<\/p>\n<p>Cisneros Burgos, en su calidad de encargado de la pol\u00edtica interior de Veracruz, no fue capaz NUNCA sentarse con opositores de las zonas urbanas m\u00e1s pobladas en esta Fase 1 y 2 del COVID&#8230; Para ver que acciones tomar y evitar que hospitales se colapsen de enfermos&#8230; No lo hizo porque no hay que ser \u00abpitonisos\u00bb para \u00abadivinar\u00bb, que no tiene la m\u00ednima intenci\u00f3n de sentarse con ellos porque NO SON DE MORENA&#8230; Son panistas, priistas o perredistas&#8230; Y no est\u00e1n dispuestos a dejar a su partido para \u00abcoogobernar\u00bb con \u00e9l&#8230; Fuchi, Wuacala&#8230;<\/p>\n<p>Ocup\u00f3 una estrategia muy usada, de aplicar \u00abfr\u00edo\u00bb y luego lanzar advertencias que los alcaldes no se mandan solos, que tienen que respetar la ley y un sinn\u00famero de etc\u00e9teras&#8230; Pero nada de una reuni\u00f3n informativa o pl\u00e1ticas para enfrentar la PANDEMIA&#8230; Eric sigue en la lucha electoral del 2018&#8230; Y, como dicen sus adversario, como apenas conoce Veracruz, pues, no le queda m\u00e1s que pelearse hasta con los suyos para acceder y controlar al poder&#8230; Obvio, Cuitl\u00e1huac se lo permite o lo rebasa&#8230; AS\u00cd DE SIMPLE&#8230;<\/p>\n<p>Si el secretario de Gobierno no hubiera actuado de forma despectiva y no mostrara poco talento pol\u00edtico en su desempe\u00f1o, se hubiera \u00abpintado\u00bb de h\u00e9roe&#8230; Si \u00e9l hubiera llamado a Fernando Yunes, Bogar Ruiz, Humberto Morelli y hasta Polo Deschamps, que fue a su primer informe en 2019, a una reuni\u00f3n de colaboraci\u00f3n por la contingencia y alguno de ellos, no hubiera asistido, entonces, \u00bfQuienes ser\u00eda el villano?&#8230; Pero no quiso o no lo \u00abdejaron\u00bb&#8230; Lo primero es lo m\u00e1s viable&#8230; Y como el hubiera no existe&#8230; BYE&#8230;<\/p>\n<p>Adem\u00e1s si Eric Cisneros fuera un negociador de izquierda y operador, como se jacta seg\u00fan diputados locales cercanos a \u00e9l, que \u00abprimero los pobres\u00bb, que primero \u00abel pueblo bueno\u00bb, entonces, entender\u00eda que los acuerdos con alcaldes eran m\u00e1s que necesarios&#8230; Sobre todo en municipios urbanos, que est\u00e1n siendo afectados por el Coronavirus&#8230; No s\u00f3lo Veracruz y Boca del R\u00edo que son del PAN.. Sino Xalapa y Coatzacoalcos que son de MORENA y que tienen alcaldes a los que el virus, ya los rebaso&#8230; Pero ni ah\u00ed&#8230;.<\/p>\n<p>Lo que quiz\u00e1s, no tom\u00f3 en cuenta Cisneros Burgos, es algo sencillo, y que ahora los ciudadanos le reclaman al gobernador, Cuitl\u00e1huac Garc\u00eda, que se supone es su Jefe Pol\u00edtico, y, es, que la sociedad le se\u00f1ala en los municipios, que ve una INACCI\u00d3N del gobierno estatal y que s\u00f3lo los alcaldes est\u00e1n respondiendo con ayudas de todo tipo (sanitaria, econ\u00f3mica y hasta en despensas) porque, seg\u00fan, Cuitl\u00e1huac no toma control de la situaci\u00f3n&#8230; Esta DISPERSO..<\/p>\n<p>Ah\u00ed fue el ERROR del secretario de Gobierno&#8230; Que no tom\u00f3 en cuenta que la mayor\u00eda de esa ciudadan\u00eda que vot\u00f3 por MORENA en 2018 y que por ello est\u00e1n en el poder&#8230; Es la sociedad que habita en esos municipios y est\u00e1n viviendo los estragos de todo lo que est\u00e1 dejando la pandem\u00eda (econ\u00f3micos, sociales, culturales y hasta familiares) y como \u00e9l es de MORENA, no quiere buscar soluciones en conjunto con los alcaldes de oposici\u00f3n sino enfrentamientos para \u00abdebilitarlos\u00bb y asustarlos\u00bb&#8230; No les interesa y que el pueblo \u00abse joda\u00bb&#8230;<\/p>\n<p>En otra situaci\u00f3n, que le FALTO VISI\u00d3N a Cisneros Burgos&#8230;. Es que al menos, hasta el 2021, ser\u00e1n m\u00e1s de 190 municipios de los 212 que hay, que son gobernados por un partido diferente a MORENA.. As\u00ed que aunque no quiera, si en realidad buscan el bien ciudadano, tienen que acordar con esos alcaldes&#8230; Y como se ve que est\u00e1n actuando. es muy dif\u00edcil que el \u00abpueblo bueno\u00bb les de un voto m\u00e1s de \u00abconfianza\u00bb a los Morenos&#8230; Con esas acciones hacen que el alcalde m\u00e1s burdo, se vea como todo un \u00abestadista\u00bb&#8230; \u00bfO no?&#8230;<\/p>\n<p>La misma sociedad en sondeos y encuestas hechas por empresas serias y partidos pol\u00edticos, le ha \u00abinformado\u00bb al gobierno estatal, que si sus funcionarios siguen actuando de manera sectaria y \u00abencerrados\u00bb en Palacio de Gobierno siguiendo la \u00abborrachera del poder\u00bb del 2018&#8230; La DESAPROBACI\u00d3N a la administraci\u00f3n de Cuitl\u00e1huac ser\u00e1 cada d\u00eda m\u00e1s grande&#8230; Y con esas \u00abamenazas\u00bb a los alcaldes&#8230; \u00bfA d\u00f3nde quieren llegar?&#8230; A que se unan m\u00e1s para enfrentarlos en 2021&#8230; \u00bfEs la duda?&#8230;<\/p>\n<p>Cisneros, pues, ha demostrado poco talento hasta para \u00abaplicarles fideli\u00f1as\u00bb a mun\u00edcipes&#8230; Prefiere tratarlos con el \u00abhigado\u00bb, demostrarles desd\u00e9n, que aplicarles \u00abEl Arte de la Guerra\u00bb&#8230; Muchos mun\u00edcipes ni caso le hacen&#8230; M\u00e1s en estos tiempos de la pandem\u00eda&#8230; Le pas\u00f3 con Fernando Yunes, le quiso llamar la atenci\u00f3n, le dijo \u00abchiquito, lo quiso sobajar.. Al final sali\u00f3 exhibido por el hijo del ex gobernador m\u00e1s odiado por \u00e9l&#8230; Luego Bogar Ruiz les dijo que no los ayudan con el Coronavirus&#8230; Y les aplic\u00f3 una \u00abtunda\u00bb medi\u00e1tica&#8230;<\/p>\n<p>El alcalde de Catemaco hizo lo mismo&#8230; La alcaldesa de Tamiahua, Citlali Medell\u00edn le \u00abcerro\u00bb el acceso al pueblo y nada paso&#8230; Lo mismo hizo Herviz en Cabada&#8230; El alcalde que pusieron en Actopan, ya se rebelo&#8230; Hipo-Crito en Xalapa, \u00abgrilla\u00bb al gobierno estatal en colonias de que son los culpables, que el n\u00famero de enfermos crezca.. Y de nuevo, una larga lista de etc\u00e9teras.. Ahora manda una advertencia, en vez, de buscar auxiliar a municipios afectados por el virus&#8230; Prefiere la camorra, que acordar el bien de la ciudadan\u00eda&#8230;<\/p>\n<p>S\u00f3lo hay que recordarle a Eric Cisneros, que convertirse en el \u00abMALO\u00bb y no en el \u00abAMLO\u00bb de la pol\u00edtica veracruzana, en los \u00faltimos 10 a\u00f1os, no ha llevado a buen puerto, a quienes han jugado ese papel&#8230; Que recuerde que Javier Duarte se reclu\u00eda en Casa Veracruz y como termin\u00f3&#8230; Que Miguel Yunes todo lo decid\u00eda para \u00e9l y como perdi\u00f3&#8230; Eric apenas lleva 17 meses y que vea como est\u00e1 su imagen, la de Cuitl\u00e1huac, del gobierno y de MORENA en Veracruz&#8230; Los jugadores cambian, el juego no&#8230; AMEN&#8230; EL QUE AVISA, NO TRAICIONA&#8230;<\/p>\n","protected":false},"excerpt":{"rendered":"<p>Ricardo Ch\u00faa Sale y Vale LA DISPUTA Y LA FASE 3&#8230; Hace menos de un mes, en este espacio mencion\u00e1bamos, que las disputas entre el gobierno estatal de Veracruz y los ayuntamientos gobernados por la oposici\u00f3n a MORENA&#8230; Eras est\u00e9riles, in\u00fatiles y que a la larga crear\u00edan un serio da\u00f1o al trabajo coordinado que deber\u00edan [&hellip;]<\/p>\n","protected":false},"author":2,"featured_media":0,"comment_status":"open","ping_status":"open","sticky":false,"template":"","format":"standard","meta":{"tdm_status":"","tdm_grid_status":"","footnotes":""},"categories":[70],"tags":[16264,1681,12686,1026,13604,195],"class_list":{"0":"post-54517","1":"post","2":"type-post","3":"status-publish","4":"format-standard","6":"category-de-opinion","7":"tag-coronavirus","8":"tag-cuitlahuac-garcia","9":"tag-eric-cisneros","10":"tag-morena","11":"tag-ricardo-chua","12":"tag-veracruz"},"yoast_head":"<!-- This site is optimized with the Yoast SEO plugin v27.4 - https:\/\/yoast.com\/product\/yoast-seo-wordpress\/ -->\n<title>Eric, a la Perro Berm\u00fadez en el Coronavirus... - Los pol\u00edticos Veracruz<\/title>\n<meta name=\"robots\" content=\"index, follow, max-snippet:-1, max-image-preview:large, max-video-preview:-1\" \/>\n<link rel=\"canonical\" href=\"https:\/\/lospoliticosveracruz.com\/?p=54517\" \/>\n<meta property=\"og:locale\" content=\"es_ES\" \/>\n<meta property=\"og:type\" content=\"article\" \/>\n<meta property=\"og:title\" content=\"Eric, a la Perro Berm\u00fadez en el Coronavirus... - Los pol\u00edticos Veracruz\" \/>\n<meta property=\"og:description\" content=\"Ricardo Ch\u00faa Sale y Vale LA DISPUTA Y LA FASE 3&#8230; Hace menos de un mes, en este espacio mencion\u00e1bamos, que las disputas entre el gobierno estatal de Veracruz y los ayuntamientos gobernados por la oposici\u00f3n a MORENA&#8230; Eras est\u00e9riles, in\u00fatiles y que a la larga crear\u00edan un serio da\u00f1o al trabajo coordinado que deber\u00edan [&hellip;]\" \/>\n<meta property=\"og:url\" content=\"https:\/\/lospoliticosveracruz.com\/?p=54517\" \/>\n<meta property=\"og:site_name\" content=\"Los pol\u00edticos Veracruz\" \/>\n<meta property=\"article:publisher\" content=\"https:\/\/www.facebook.com\/people\/Notimemes-de-los-Polticos\/61565672886568\/\" \/>\n<meta property=\"article:published_time\" content=\"2020-04-23T14:32:19+00:00\" \/>\n<meta property=\"og:image\" content=\"https:\/\/lospoliticosveracruz.com\/wp-content\/uploads\/2016\/07\/Logo-Dor.jpg\" \/>\n\t<meta property=\"og:image:width\" content=\"200\" \/>\n\t<meta property=\"og:image:height\" content=\"200\" \/>\n\t<meta property=\"og:image:type\" content=\"image\/jpeg\" \/>\n<meta name=\"author\" content=\"Lo viste en Los Pol\u00edticos\" \/>\n<meta name=\"twitter:card\" content=\"summary_large_image\" \/>\n<meta name=\"twitter:creator\" content=\"@LosPoliticosVer\" \/>\n<meta name=\"twitter:site\" content=\"@LosPoliticosVer\" \/>\n<meta name=\"twitter:label1\" content=\"Escrito por\" \/>\n\t<meta name=\"twitter:data1\" content=\"Lo viste en Los Pol\u00edticos\" \/>\n\t<meta name=\"twitter:label2\" content=\"Tiempo de lectura\" \/>\n\t<meta name=\"twitter:data2\" content=\"6 minutos\" \/>\n<script type=\"application\/ld+json\" class=\"yoast-schema-graph\">{\"@context\":\"https:\\\/\\\/schema.org\",\"@graph\":[{\"@type\":\"Article\",\"@id\":\"https:\\\/\\\/lospoliticosveracruz.com\\\/?p=54517#article\",\"isPartOf\":{\"@id\":\"https:\\\/\\\/lospoliticosveracruz.com\\\/?p=54517\"},\"author\":{\"name\":\"Lo viste en Los Pol\u00edticos\",\"@id\":\"https:\\\/\\\/lospoliticosveracruz.com\\\/#\\\/schema\\\/person\\\/b8702bb0e538456e6efd07080bf2a4a2\"},\"headline\":\"Eric, a la Perro Berm\u00fadez en el Coronavirus&#8230;\",\"datePublished\":\"2020-04-23T14:32:19+00:00\",\"mainEntityOfPage\":{\"@id\":\"https:\\\/\\\/lospoliticosveracruz.com\\\/?p=54517\"},\"wordCount\":1239,\"commentCount\":0,\"publisher\":{\"@id\":\"https:\\\/\\\/lospoliticosveracruz.com\\\/#organization\"},\"keywords\":[\"coronavirus\",\"Cuitl\u00e1huac Garc\u00eda\",\"Eric Cisneros\",\"Morena\",\"Ricardo Ch\u00faa\",\"Veracruz\"],\"articleSection\":[\"De Opini\u00f3n\"],\"inLanguage\":\"es\",\"potentialAction\":[{\"@type\":\"CommentAction\",\"name\":\"Comment\",\"target\":[\"https:\\\/\\\/lospoliticosveracruz.com\\\/?p=54517#respond\"]}]},{\"@type\":\"WebPage\",\"@id\":\"https:\\\/\\\/lospoliticosveracruz.com\\\/?p=54517\",\"url\":\"https:\\\/\\\/lospoliticosveracruz.com\\\/?p=54517\",\"name\":\"Eric, a la Perro Berm\u00fadez en el Coronavirus... - Los pol\u00edticos Veracruz\",\"isPartOf\":{\"@id\":\"https:\\\/\\\/lospoliticosveracruz.com\\\/#website\"},\"datePublished\":\"2020-04-23T14:32:19+00:00\",\"breadcrumb\":{\"@id\":\"https:\\\/\\\/lospoliticosveracruz.com\\\/?p=54517#breadcrumb\"},\"inLanguage\":\"es\",\"potentialAction\":[{\"@type\":\"ReadAction\",\"target\":[\"https:\\\/\\\/lospoliticosveracruz.com\\\/?p=54517\"]}]},{\"@type\":\"BreadcrumbList\",\"@id\":\"https:\\\/\\\/lospoliticosveracruz.com\\\/?p=54517#breadcrumb\",\"itemListElement\":[{\"@type\":\"ListItem\",\"position\":1,\"name\":\"Portada\",\"item\":\"https:\\\/\\\/lospoliticosveracruz.com\\\/\"},{\"@type\":\"ListItem\",\"position\":2,\"name\":\"Eric, a la Perro Berm\u00fadez en el Coronavirus&#8230;\"}]},{\"@type\":\"WebSite\",\"@id\":\"https:\\\/\\\/lospoliticosveracruz.com\\\/#website\",\"url\":\"https:\\\/\\\/lospoliticosveracruz.com\\\/\",\"name\":\"Los pol\u00edticos Veracruz\",\"description\":\"\",\"publisher\":{\"@id\":\"https:\\\/\\\/lospoliticosveracruz.com\\\/#organization\"},\"potentialAction\":[{\"@type\":\"SearchAction\",\"target\":{\"@type\":\"EntryPoint\",\"urlTemplate\":\"https:\\\/\\\/lospoliticosveracruz.com\\\/?s={search_term_string}\"},\"query-input\":{\"@type\":\"PropertyValueSpecification\",\"valueRequired\":true,\"valueName\":\"search_term_string\"}}],\"inLanguage\":\"es\"},{\"@type\":\"Organization\",\"@id\":\"https:\\\/\\\/lospoliticosveracruz.com\\\/#organization\",\"name\":\"Los pol\u00edticos Veracruz\",\"url\":\"https:\\\/\\\/lospoliticosveracruz.com\\\/\",\"logo\":{\"@type\":\"ImageObject\",\"inLanguage\":\"es\",\"@id\":\"https:\\\/\\\/lospoliticosveracruz.com\\\/#\\\/schema\\\/logo\\\/image\\\/\",\"url\":\"https:\\\/\\\/lospoliticosveracruz.com\\\/wp-content\\\/uploads\\\/2025\\\/12\\\/Logo-Nuevo-LOS-POLITICOS-1.jpg\",\"contentUrl\":\"https:\\\/\\\/lospoliticosveracruz.com\\\/wp-content\\\/uploads\\\/2025\\\/12\\\/Logo-Nuevo-LOS-POLITICOS-1.jpg\",\"width\":260,\"height\":70,\"caption\":\"Los pol\u00edticos Veracruz\"},\"image\":{\"@id\":\"https:\\\/\\\/lospoliticosveracruz.com\\\/#\\\/schema\\\/logo\\\/image\\\/\"},\"sameAs\":[\"https:\\\/\\\/www.facebook.com\\\/people\\\/Notimemes-de-los-Polticos\\\/61565672886568\\\/\",\"https:\\\/\\\/x.com\\\/LosPoliticosVer\"]},{\"@type\":\"Person\",\"@id\":\"https:\\\/\\\/lospoliticosveracruz.com\\\/#\\\/schema\\\/person\\\/b8702bb0e538456e6efd07080bf2a4a2\",\"name\":\"Lo viste en Los Pol\u00edticos\",\"image\":{\"@type\":\"ImageObject\",\"inLanguage\":\"es\",\"@id\":\"https:\\\/\\\/secure.gravatar.com\\\/avatar\\\/3a8de04a2656d44082be478bd6c086daa447c4651605818287b9532d3d0bd435?s=96&d=mm&r=g\",\"url\":\"https:\\\/\\\/secure.gravatar.com\\\/avatar\\\/3a8de04a2656d44082be478bd6c086daa447c4651605818287b9532d3d0bd435?s=96&d=mm&r=g\",\"contentUrl\":\"https:\\\/\\\/secure.gravatar.com\\\/avatar\\\/3a8de04a2656d44082be478bd6c086daa447c4651605818287b9532d3d0bd435?s=96&d=mm&r=g\",\"caption\":\"Lo viste en Los Pol\u00edticos\"},\"url\":\"https:\\\/\\\/lospoliticosveracruz.com\\\/?author=2\"}]}<\/script>\n<!-- \/ Yoast SEO plugin. -->","yoast_head_json":{"title":"Eric, a la Perro Berm\u00fadez en el Coronavirus... - Los pol\u00edticos Veracruz","robots":{"index":"index","follow":"follow","max-snippet":"max-snippet:-1","max-image-preview":"max-image-preview:large","max-video-preview":"max-video-preview:-1"},"canonical":"https:\/\/lospoliticosveracruz.com\/?p=54517","og_locale":"es_ES","og_type":"article","og_title":"Eric, a la Perro Berm\u00fadez en el Coronavirus... - Los pol\u00edticos Veracruz","og_description":"Ricardo Ch\u00faa Sale y Vale LA DISPUTA Y LA FASE 3&#8230; Hace menos de un mes, en este espacio mencion\u00e1bamos, que las disputas entre el gobierno estatal de Veracruz y los ayuntamientos gobernados por la oposici\u00f3n a MORENA&#8230; Eras est\u00e9riles, in\u00fatiles y que a la larga crear\u00edan un serio da\u00f1o al trabajo coordinado que deber\u00edan [&hellip;]","og_url":"https:\/\/lospoliticosveracruz.com\/?p=54517","og_site_name":"Los pol\u00edticos Veracruz","article_publisher":"https:\/\/www.facebook.com\/people\/Notimemes-de-los-Polticos\/61565672886568\/","article_published_time":"2020-04-23T14:32:19+00:00","og_image":[{"width":200,"height":200,"url":"https:\/\/lospoliticosveracruz.com\/wp-content\/uploads\/2016\/07\/Logo-Dor.jpg","type":"image\/jpeg"}],"author":"Lo viste en Los Pol\u00edticos","twitter_card":"summary_large_image","twitter_creator":"@LosPoliticosVer","twitter_site":"@LosPoliticosVer","twitter_misc":{"Escrito por":"Lo viste en Los Pol\u00edticos","Tiempo de lectura":"6 minutos"},"schema":{"@context":"https:\/\/schema.org","@graph":[{"@type":"Article","@id":"https:\/\/lospoliticosveracruz.com\/?p=54517#article","isPartOf":{"@id":"https:\/\/lospoliticosveracruz.com\/?p=54517"},"author":{"name":"Lo viste en Los Pol\u00edticos","@id":"https:\/\/lospoliticosveracruz.com\/#\/schema\/person\/b8702bb0e538456e6efd07080bf2a4a2"},"headline":"Eric, a la Perro Berm\u00fadez en el Coronavirus&#8230;","datePublished":"2020-04-23T14:32:19+00:00","mainEntityOfPage":{"@id":"https:\/\/lospoliticosveracruz.com\/?p=54517"},"wordCount":1239,"commentCount":0,"publisher":{"@id":"https:\/\/lospoliticosveracruz.com\/#organization"},"keywords":["coronavirus","Cuitl\u00e1huac Garc\u00eda","Eric Cisneros","Morena","Ricardo Ch\u00faa","Veracruz"],"articleSection":["De Opini\u00f3n"],"inLanguage":"es","potentialAction":[{"@type":"CommentAction","name":"Comment","target":["https:\/\/lospoliticosveracruz.com\/?p=54517#respond"]}]},{"@type":"WebPage","@id":"https:\/\/lospoliticosveracruz.com\/?p=54517","url":"https:\/\/lospoliticosveracruz.com\/?p=54517","name":"Eric, a la Perro Berm\u00fadez en el Coronavirus... - Los pol\u00edticos Veracruz","isPartOf":{"@id":"https:\/\/lospoliticosveracruz.com\/#website"},"datePublished":"2020-04-23T14:32:19+00:00","breadcrumb":{"@id":"https:\/\/lospoliticosveracruz.com\/?p=54517#breadcrumb"},"inLanguage":"es","potentialAction":[{"@type":"ReadAction","target":["https:\/\/lospoliticosveracruz.com\/?p=54517"]}]},{"@type":"BreadcrumbList","@id":"https:\/\/lospoliticosveracruz.com\/?p=54517#breadcrumb","itemListElement":[{"@type":"ListItem","position":1,"name":"Portada","item":"https:\/\/lospoliticosveracruz.com\/"},{"@type":"ListItem","position":2,"name":"Eric, a la Perro Berm\u00fadez en el Coronavirus&#8230;"}]},{"@type":"WebSite","@id":"https:\/\/lospoliticosveracruz.com\/#website","url":"https:\/\/lospoliticosveracruz.com\/","name":"Los pol\u00edticos Veracruz","description":"","publisher":{"@id":"https:\/\/lospoliticosveracruz.com\/#organization"},"potentialAction":[{"@type":"SearchAction","target":{"@type":"EntryPoint","urlTemplate":"https:\/\/lospoliticosveracruz.com\/?s={search_term_string}"},"query-input":{"@type":"PropertyValueSpecification","valueRequired":true,"valueName":"search_term_string"}}],"inLanguage":"es"},{"@type":"Organization","@id":"https:\/\/lospoliticosveracruz.com\/#organization","name":"Los pol\u00edticos Veracruz","url":"https:\/\/lospoliticosveracruz.com\/","logo":{"@type":"ImageObject","inLanguage":"es","@id":"https:\/\/lospoliticosveracruz.com\/#\/schema\/logo\/image\/","url":"https:\/\/lospoliticosveracruz.com\/wp-content\/uploads\/2025\/12\/Logo-Nuevo-LOS-POLITICOS-1.jpg","contentUrl":"https:\/\/lospoliticosveracruz.com\/wp-content\/uploads\/2025\/12\/Logo-Nuevo-LOS-POLITICOS-1.jpg","width":260,"height":70,"caption":"Los pol\u00edticos Veracruz"},"image":{"@id":"https:\/\/lospoliticosveracruz.com\/#\/schema\/logo\/image\/"},"sameAs":["https:\/\/www.facebook.com\/people\/Notimemes-de-los-Polticos\/61565672886568\/","https:\/\/x.com\/LosPoliticosVer"]},{"@type":"Person","@id":"https:\/\/lospoliticosveracruz.com\/#\/schema\/person\/b8702bb0e538456e6efd07080bf2a4a2","name":"Lo viste en Los Pol\u00edticos","image":{"@type":"ImageObject","inLanguage":"es","@id":"https:\/\/secure.gravatar.com\/avatar\/3a8de04a2656d44082be478bd6c086daa447c4651605818287b9532d3d0bd435?s=96&d=mm&r=g","url":"https:\/\/secure.gravatar.com\/avatar\/3a8de04a2656d44082be478bd6c086daa447c4651605818287b9532d3d0bd435?s=96&d=mm&r=g","contentUrl":"https:\/\/secure.gravatar.com\/avatar\/3a8de04a2656d44082be478bd6c086daa447c4651605818287b9532d3d0bd435?s=96&d=mm&r=g","caption":"Lo viste en Los Pol\u00edticos"},"url":"https:\/\/lospoliticosveracruz.com\/?author=2"}]}},"_links":{"self":[{"href":"https:\/\/lospoliticosveracruz.com\/index.php?rest_route=\/wp\/v2\/posts\/54517","targetHints":{"allow":["GET"]}}],"collection":[{"href":"https:\/\/lospoliticosveracruz.com\/index.php?rest_route=\/wp\/v2\/posts"}],"about":[{"href":"https:\/\/lospoliticosveracruz.com\/index.php?rest_route=\/wp\/v2\/types\/post"}],"author":[{"embeddable":true,"href":"https:\/\/lospoliticosveracruz.com\/index.php?rest_route=\/wp\/v2\/users\/2"}],"replies":[{"embeddable":true,"href":"https:\/\/lospoliticosveracruz.com\/index.php?rest_route=%2Fwp%2Fv2%2Fcomments&post=54517"}],"version-history":[{"count":1,"href":"https:\/\/lospoliticosveracruz.com\/index.php?rest_route=\/wp\/v2\/posts\/54517\/revisions"}],"predecessor-version":[{"id":54518,"href":"https:\/\/lospoliticosveracruz.com\/index.php?rest_route=\/wp\/v2\/posts\/54517\/revisions\/54518"}],"wp:attachment":[{"href":"https:\/\/lospoliticosveracruz.com\/index.php?rest_route=%2Fwp%2Fv2%2Fmedia&parent=54517"}],"wp:term":[{"taxonomy":"category","embeddable":true,"href":"https:\/\/lospoliticosveracruz.com\/index.php?rest_route=%2Fwp%2Fv2%2Fcategories&post=54517"},{"taxonomy":"post_tag","embeddable":true,"href":"https:\/\/lospoliticosveracruz.com\/index.php?rest_route=%2Fwp%2Fv2%2Ftags&post=54517"}],"curies":[{"name":"wp","href":"https:\/\/api.w.org\/{rel}","templated":true}]}}