{"id":54525,"date":"2020-04-23T11:12:40","date_gmt":"2020-04-23T16:12:40","guid":{"rendered":"http:\/\/www.lospoliticosveracruz.com.mx\/?p=54525"},"modified":"2020-04-23T11:12:40","modified_gmt":"2020-04-23T16:12:40","slug":"lo-vi-en-el-facebook","status":"publish","type":"post","link":"https:\/\/lospoliticosveracruz.com\/?p=54525","title":{"rendered":"Lo vi en el Facebook"},"content":{"rendered":"<p><strong>\u00a0Elena C\u00f3rdova Molina <\/strong><\/p>\n<p><em>Luna Nueva <\/em><\/p>\n<p>Muchos hemos o\u00eddo hablar del t\u00e9rmino \u201cfake news\u201d; y no todos tenemos idea de lo que significa. En general, se refiere a las \u201cnoticias falsas\u201d que circulan en las redes sociales y medios de comunicaci\u00f3n masiva.<\/p>\n<p>Coloquialmente decimos que se trata de rumores, cuyos efectos tratan de crear tendencia en la opini\u00f3n p\u00fablica, sorprendiendo la buena fe de las personas que creen en todo lo que ven y leen.<\/p>\n<p>Como dato cultural agrego que las \u201cfake news\u201d son la evoluci\u00f3n a lo que antes le dec\u00edan chismes, infundios, habladur\u00edas y rumores en una localidad peque\u00f1a, asustando a las conciencias, que a la vez disfrutaban al ser propagados. De ah\u00ed el t\u00e9rmino \u201cpueblo chico infierno grande\u201d. Ahora no es\u2026 \u00a0dicen o me contaron, sino lo vi en el Facebook. En las redes sociales.<\/p>\n<p>En la actualidad, las noticias falsas, tienen dos or\u00edgenes ciertos. La primera, es una industria que genera miles de d\u00f3lares en ganancias, y la llaman \u201cel negocio de las noticias falsas\u201d. Por ejemplo, una persona o grupo crean un perfil o una web de noticias falsas, la gente por curiosidad las ve y comparte, y gracias a su velocidad para difundirse, m\u00e1s por el morbo,\u00a0 obtienen miles de visualizaciones. Los famosos likes que generan dinero por cada me gusta, diez mil, veinte y as\u00ed\u2026 tan grave es el asunto que un estudio demostr\u00f3 hoy que, Facebook no ubica el 70% de las noticias falsas en espa\u00f1ol sobre el coronavirus. El pasado 16 de abril, Facebook\u00a0anunci\u00f3 que comenz\u00f3 a enviar mensajes a los usuarios que interact\u00faen con contenidos falsos o err\u00f3neos sobre el\u00a0coronavirus\u00a0para la epidemia, pero de la informaci\u00f3n. As\u00ed, cada persona al acceder a\u00a0noticias falsas\u00a0sobre la pandemia ser\u00e1 redireccionada al apartado de versiones desmentidas por la Organizaci\u00f3n Mundial de la Salud (OMS). Vean el tama\u00f1o de esto, cada mes visitan a Facebook casi 2 mil cuarenta y un mill\u00f3n de usuarios, solo detr\u00e1s de Google y YouTube.\u00a0 Y casi el 40 por ciento de las personas adultas utiliza esta red social.<\/p>\n<p>En segundo lugar, tenemos al uso pol\u00edtico que se les da a la fake news. Es, por decir, un \u201carma destructiva\u201d, pues los efectos alcanzan lo mismo la industria, gobiernos y grandes sectores poblacionales. El propio Papa Francisco se pronunci\u00f3 sobre el tema acusando que \u201cLas noticias falsas son una se\u00f1al de actitudes intolerantes e hipersensibles y s\u00f3lo llevan a la propagaci\u00f3n de arrogancia y odio. Ese es el resultado final de la mentira\u201d, y agrego que \u201clos periodistas y usuarios de redes sociales deber\u00edan rechazar y desenmascarar \u201ct\u00e1cticas de serpientes manipuladoras que fomentan la divisi\u00f3n y sirven a intereses pol\u00edticos y econ\u00f3micos\u201d.<\/p>\n<p>Nos encontramos en una dif\u00edcil situaci\u00f3n en lo econ\u00f3mico, pol\u00edtico y social, con mayor gravedad en la salud p\u00fablica. Somos presa f\u00e1cil de las noticias falsas. La gravedad de difundir noticias falsas en estos momentos es que genera la alarma social, afectando la salud mental. La ola de noticias falsas relacionadas con el COVID-19 en las redes sociales se mueve a trav\u00e9s de datos enga\u00f1osos, noticias como m\u00e9todos para prevenir, diagnosticar la enfermedad, teor\u00edas de conspiraci\u00f3n, profec\u00edas, etc. Las \u201cfake news\u201d, adem\u00e1s afectan y generan angustia, confusi\u00f3n y estr\u00e9s cr\u00f3nico.<\/p>\n<p>Ahora bien, \u00bfhay forma de contrarrestar esta tendencia que sobresale en los diversos medios de comunicaci\u00f3n? S\u00ed. La forma m\u00e1s responsable de actuar son algunos sencillos pasos. Empecemos por confirmar los hechos, analizar los contenidos, ver el origen o las fuentes y tambi\u00e9n consultando e investigando otras fuentes m\u00e1s confiables. Es decir, comparar lo publicado con otros medios expertos y otras fuentes.\u00a0 En pocas palabras saber lo que es un chisme y lo que es una realidad\u2026\u00a0 eso, en estos momentos nos dar\u00e1 paz y tranquilidad.<\/p>\n","protected":false},"excerpt":{"rendered":"<p>\u00a0Elena C\u00f3rdova Molina Luna Nueva Muchos hemos o\u00eddo hablar del t\u00e9rmino \u201cfake news\u201d; y no todos tenemos idea de lo que significa. En general, se refiere a las \u201cnoticias falsas\u201d que circulan en las redes sociales y medios de comunicaci\u00f3n masiva. Coloquialmente decimos que se trata de rumores, cuyos efectos tratan de crear tendencia en [&hellip;]<\/p>\n","protected":false},"author":2,"featured_media":0,"comment_status":"open","ping_status":"open","sticky":false,"template":"","format":"standard","meta":{"tdm_status":"","tdm_grid_status":"","footnotes":""},"categories":[70],"tags":[17563,242,8714,17565,17564,17562,6369,15211,15170],"class_list":{"0":"post-54525","1":"post","2":"type-post","3":"status-publish","4":"format-standard","6":"category-de-opinion","7":"tag-chismes","8":"tag-facebook","9":"tag-fake-news","10":"tag-habladurias","11":"tag-infundios","12":"tag-noticias-falsas","13":"tag-oms","14":"tag-organizacion-mundial-de-la-salud","15":"tag-rumores"},"yoast_head":"<!-- This site is optimized with the Yoast SEO plugin v27.4 - https:\/\/yoast.com\/product\/yoast-seo-wordpress\/ -->\n<title>Lo vi en el Facebook - Los pol\u00edticos Veracruz<\/title>\n<meta name=\"robots\" content=\"index, follow, max-snippet:-1, max-image-preview:large, max-video-preview:-1\" \/>\n<link rel=\"canonical\" href=\"https:\/\/lospoliticosveracruz.com\/?p=54525\" \/>\n<meta property=\"og:locale\" content=\"es_ES\" \/>\n<meta property=\"og:type\" content=\"article\" \/>\n<meta property=\"og:title\" content=\"Lo vi en el Facebook - Los pol\u00edticos Veracruz\" \/>\n<meta property=\"og:description\" content=\"\u00a0Elena C\u00f3rdova Molina Luna Nueva Muchos hemos o\u00eddo hablar del t\u00e9rmino \u201cfake news\u201d; y no todos tenemos idea de lo que significa. En general, se refiere a las \u201cnoticias falsas\u201d que circulan en las redes sociales y medios de comunicaci\u00f3n masiva. Coloquialmente decimos que se trata de rumores, cuyos efectos tratan de crear tendencia en [&hellip;]\" \/>\n<meta property=\"og:url\" content=\"https:\/\/lospoliticosveracruz.com\/?p=54525\" \/>\n<meta property=\"og:site_name\" content=\"Los pol\u00edticos Veracruz\" \/>\n<meta property=\"article:publisher\" content=\"https:\/\/www.facebook.com\/people\/Notimemes-de-los-Polticos\/61565672886568\/\" \/>\n<meta property=\"article:published_time\" content=\"2020-04-23T16:12:40+00:00\" \/>\n<meta property=\"og:image\" content=\"https:\/\/lospoliticosveracruz.com\/wp-content\/uploads\/2016\/07\/Logo-Dor.jpg\" \/>\n\t<meta property=\"og:image:width\" content=\"200\" \/>\n\t<meta property=\"og:image:height\" content=\"200\" \/>\n\t<meta property=\"og:image:type\" content=\"image\/jpeg\" \/>\n<meta name=\"author\" content=\"Lo viste en Los Pol\u00edticos\" \/>\n<meta name=\"twitter:card\" content=\"summary_large_image\" \/>\n<meta name=\"twitter:creator\" content=\"@LosPoliticosVer\" \/>\n<meta name=\"twitter:site\" content=\"@LosPoliticosVer\" \/>\n<meta name=\"twitter:label1\" content=\"Escrito por\" \/>\n\t<meta name=\"twitter:data1\" content=\"Lo viste en Los Pol\u00edticos\" \/>\n\t<meta name=\"twitter:label2\" content=\"Tiempo de lectura\" \/>\n\t<meta name=\"twitter:data2\" content=\"3 minutos\" \/>\n<script type=\"application\/ld+json\" class=\"yoast-schema-graph\">{\"@context\":\"https:\\\/\\\/schema.org\",\"@graph\":[{\"@type\":\"Article\",\"@id\":\"https:\\\/\\\/lospoliticosveracruz.com\\\/?p=54525#article\",\"isPartOf\":{\"@id\":\"https:\\\/\\\/lospoliticosveracruz.com\\\/?p=54525\"},\"author\":{\"name\":\"Lo viste en Los Pol\u00edticos\",\"@id\":\"https:\\\/\\\/lospoliticosveracruz.com\\\/#\\\/schema\\\/person\\\/b8702bb0e538456e6efd07080bf2a4a2\"},\"headline\":\"Lo vi en el Facebook\",\"datePublished\":\"2020-04-23T16:12:40+00:00\",\"mainEntityOfPage\":{\"@id\":\"https:\\\/\\\/lospoliticosveracruz.com\\\/?p=54525\"},\"wordCount\":674,\"commentCount\":0,\"publisher\":{\"@id\":\"https:\\\/\\\/lospoliticosveracruz.com\\\/#organization\"},\"keywords\":[\"chismes\",\"facebook\",\"Fake News\",\"habladur\u00edas\",\"infundios\",\"noticias falsas\",\"OMS\",\"Organizaci\u00f3n Mundial de la Salud\",\"Rumores\"],\"articleSection\":[\"De Opini\u00f3n\"],\"inLanguage\":\"es\",\"potentialAction\":[{\"@type\":\"CommentAction\",\"name\":\"Comment\",\"target\":[\"https:\\\/\\\/lospoliticosveracruz.com\\\/?p=54525#respond\"]}]},{\"@type\":\"WebPage\",\"@id\":\"https:\\\/\\\/lospoliticosveracruz.com\\\/?p=54525\",\"url\":\"https:\\\/\\\/lospoliticosveracruz.com\\\/?p=54525\",\"name\":\"Lo vi en el Facebook - Los pol\u00edticos Veracruz\",\"isPartOf\":{\"@id\":\"https:\\\/\\\/lospoliticosveracruz.com\\\/#website\"},\"datePublished\":\"2020-04-23T16:12:40+00:00\",\"breadcrumb\":{\"@id\":\"https:\\\/\\\/lospoliticosveracruz.com\\\/?p=54525#breadcrumb\"},\"inLanguage\":\"es\",\"potentialAction\":[{\"@type\":\"ReadAction\",\"target\":[\"https:\\\/\\\/lospoliticosveracruz.com\\\/?p=54525\"]}]},{\"@type\":\"BreadcrumbList\",\"@id\":\"https:\\\/\\\/lospoliticosveracruz.com\\\/?p=54525#breadcrumb\",\"itemListElement\":[{\"@type\":\"ListItem\",\"position\":1,\"name\":\"Portada\",\"item\":\"https:\\\/\\\/lospoliticosveracruz.com\\\/\"},{\"@type\":\"ListItem\",\"position\":2,\"name\":\"Lo vi en el Facebook\"}]},{\"@type\":\"WebSite\",\"@id\":\"https:\\\/\\\/lospoliticosveracruz.com\\\/#website\",\"url\":\"https:\\\/\\\/lospoliticosveracruz.com\\\/\",\"name\":\"Los pol\u00edticos Veracruz\",\"description\":\"\",\"publisher\":{\"@id\":\"https:\\\/\\\/lospoliticosveracruz.com\\\/#organization\"},\"potentialAction\":[{\"@type\":\"SearchAction\",\"target\":{\"@type\":\"EntryPoint\",\"urlTemplate\":\"https:\\\/\\\/lospoliticosveracruz.com\\\/?s={search_term_string}\"},\"query-input\":{\"@type\":\"PropertyValueSpecification\",\"valueRequired\":true,\"valueName\":\"search_term_string\"}}],\"inLanguage\":\"es\"},{\"@type\":\"Organization\",\"@id\":\"https:\\\/\\\/lospoliticosveracruz.com\\\/#organization\",\"name\":\"Los pol\u00edticos Veracruz\",\"url\":\"https:\\\/\\\/lospoliticosveracruz.com\\\/\",\"logo\":{\"@type\":\"ImageObject\",\"inLanguage\":\"es\",\"@id\":\"https:\\\/\\\/lospoliticosveracruz.com\\\/#\\\/schema\\\/logo\\\/image\\\/\",\"url\":\"https:\\\/\\\/lospoliticosveracruz.com\\\/wp-content\\\/uploads\\\/2025\\\/12\\\/Logo-Nuevo-LOS-POLITICOS-1.jpg\",\"contentUrl\":\"https:\\\/\\\/lospoliticosveracruz.com\\\/wp-content\\\/uploads\\\/2025\\\/12\\\/Logo-Nuevo-LOS-POLITICOS-1.jpg\",\"width\":260,\"height\":70,\"caption\":\"Los pol\u00edticos Veracruz\"},\"image\":{\"@id\":\"https:\\\/\\\/lospoliticosveracruz.com\\\/#\\\/schema\\\/logo\\\/image\\\/\"},\"sameAs\":[\"https:\\\/\\\/www.facebook.com\\\/people\\\/Notimemes-de-los-Polticos\\\/61565672886568\\\/\",\"https:\\\/\\\/x.com\\\/LosPoliticosVer\"]},{\"@type\":\"Person\",\"@id\":\"https:\\\/\\\/lospoliticosveracruz.com\\\/#\\\/schema\\\/person\\\/b8702bb0e538456e6efd07080bf2a4a2\",\"name\":\"Lo viste en Los Pol\u00edticos\",\"image\":{\"@type\":\"ImageObject\",\"inLanguage\":\"es\",\"@id\":\"https:\\\/\\\/secure.gravatar.com\\\/avatar\\\/3a8de04a2656d44082be478bd6c086daa447c4651605818287b9532d3d0bd435?s=96&d=mm&r=g\",\"url\":\"https:\\\/\\\/secure.gravatar.com\\\/avatar\\\/3a8de04a2656d44082be478bd6c086daa447c4651605818287b9532d3d0bd435?s=96&d=mm&r=g\",\"contentUrl\":\"https:\\\/\\\/secure.gravatar.com\\\/avatar\\\/3a8de04a2656d44082be478bd6c086daa447c4651605818287b9532d3d0bd435?s=96&d=mm&r=g\",\"caption\":\"Lo viste en Los Pol\u00edticos\"},\"url\":\"https:\\\/\\\/lospoliticosveracruz.com\\\/?author=2\"}]}<\/script>\n<!-- \/ Yoast SEO plugin. -->","yoast_head_json":{"title":"Lo vi en el Facebook - Los pol\u00edticos Veracruz","robots":{"index":"index","follow":"follow","max-snippet":"max-snippet:-1","max-image-preview":"max-image-preview:large","max-video-preview":"max-video-preview:-1"},"canonical":"https:\/\/lospoliticosveracruz.com\/?p=54525","og_locale":"es_ES","og_type":"article","og_title":"Lo vi en el Facebook - Los pol\u00edticos Veracruz","og_description":"\u00a0Elena C\u00f3rdova Molina Luna Nueva Muchos hemos o\u00eddo hablar del t\u00e9rmino \u201cfake news\u201d; y no todos tenemos idea de lo que significa. En general, se refiere a las \u201cnoticias falsas\u201d que circulan en las redes sociales y medios de comunicaci\u00f3n masiva. Coloquialmente decimos que se trata de rumores, cuyos efectos tratan de crear tendencia en [&hellip;]","og_url":"https:\/\/lospoliticosveracruz.com\/?p=54525","og_site_name":"Los pol\u00edticos Veracruz","article_publisher":"https:\/\/www.facebook.com\/people\/Notimemes-de-los-Polticos\/61565672886568\/","article_published_time":"2020-04-23T16:12:40+00:00","og_image":[{"width":200,"height":200,"url":"https:\/\/lospoliticosveracruz.com\/wp-content\/uploads\/2016\/07\/Logo-Dor.jpg","type":"image\/jpeg"}],"author":"Lo viste en Los Pol\u00edticos","twitter_card":"summary_large_image","twitter_creator":"@LosPoliticosVer","twitter_site":"@LosPoliticosVer","twitter_misc":{"Escrito por":"Lo viste en Los Pol\u00edticos","Tiempo de lectura":"3 minutos"},"schema":{"@context":"https:\/\/schema.org","@graph":[{"@type":"Article","@id":"https:\/\/lospoliticosveracruz.com\/?p=54525#article","isPartOf":{"@id":"https:\/\/lospoliticosveracruz.com\/?p=54525"},"author":{"name":"Lo viste en Los Pol\u00edticos","@id":"https:\/\/lospoliticosveracruz.com\/#\/schema\/person\/b8702bb0e538456e6efd07080bf2a4a2"},"headline":"Lo vi en el Facebook","datePublished":"2020-04-23T16:12:40+00:00","mainEntityOfPage":{"@id":"https:\/\/lospoliticosveracruz.com\/?p=54525"},"wordCount":674,"commentCount":0,"publisher":{"@id":"https:\/\/lospoliticosveracruz.com\/#organization"},"keywords":["chismes","facebook","Fake News","habladur\u00edas","infundios","noticias falsas","OMS","Organizaci\u00f3n Mundial de la Salud","Rumores"],"articleSection":["De Opini\u00f3n"],"inLanguage":"es","potentialAction":[{"@type":"CommentAction","name":"Comment","target":["https:\/\/lospoliticosveracruz.com\/?p=54525#respond"]}]},{"@type":"WebPage","@id":"https:\/\/lospoliticosveracruz.com\/?p=54525","url":"https:\/\/lospoliticosveracruz.com\/?p=54525","name":"Lo vi en el Facebook - Los pol\u00edticos Veracruz","isPartOf":{"@id":"https:\/\/lospoliticosveracruz.com\/#website"},"datePublished":"2020-04-23T16:12:40+00:00","breadcrumb":{"@id":"https:\/\/lospoliticosveracruz.com\/?p=54525#breadcrumb"},"inLanguage":"es","potentialAction":[{"@type":"ReadAction","target":["https:\/\/lospoliticosveracruz.com\/?p=54525"]}]},{"@type":"BreadcrumbList","@id":"https:\/\/lospoliticosveracruz.com\/?p=54525#breadcrumb","itemListElement":[{"@type":"ListItem","position":1,"name":"Portada","item":"https:\/\/lospoliticosveracruz.com\/"},{"@type":"ListItem","position":2,"name":"Lo vi en el Facebook"}]},{"@type":"WebSite","@id":"https:\/\/lospoliticosveracruz.com\/#website","url":"https:\/\/lospoliticosveracruz.com\/","name":"Los pol\u00edticos Veracruz","description":"","publisher":{"@id":"https:\/\/lospoliticosveracruz.com\/#organization"},"potentialAction":[{"@type":"SearchAction","target":{"@type":"EntryPoint","urlTemplate":"https:\/\/lospoliticosveracruz.com\/?s={search_term_string}"},"query-input":{"@type":"PropertyValueSpecification","valueRequired":true,"valueName":"search_term_string"}}],"inLanguage":"es"},{"@type":"Organization","@id":"https:\/\/lospoliticosveracruz.com\/#organization","name":"Los pol\u00edticos Veracruz","url":"https:\/\/lospoliticosveracruz.com\/","logo":{"@type":"ImageObject","inLanguage":"es","@id":"https:\/\/lospoliticosveracruz.com\/#\/schema\/logo\/image\/","url":"https:\/\/lospoliticosveracruz.com\/wp-content\/uploads\/2025\/12\/Logo-Nuevo-LOS-POLITICOS-1.jpg","contentUrl":"https:\/\/lospoliticosveracruz.com\/wp-content\/uploads\/2025\/12\/Logo-Nuevo-LOS-POLITICOS-1.jpg","width":260,"height":70,"caption":"Los pol\u00edticos Veracruz"},"image":{"@id":"https:\/\/lospoliticosveracruz.com\/#\/schema\/logo\/image\/"},"sameAs":["https:\/\/www.facebook.com\/people\/Notimemes-de-los-Polticos\/61565672886568\/","https:\/\/x.com\/LosPoliticosVer"]},{"@type":"Person","@id":"https:\/\/lospoliticosveracruz.com\/#\/schema\/person\/b8702bb0e538456e6efd07080bf2a4a2","name":"Lo viste en Los Pol\u00edticos","image":{"@type":"ImageObject","inLanguage":"es","@id":"https:\/\/secure.gravatar.com\/avatar\/3a8de04a2656d44082be478bd6c086daa447c4651605818287b9532d3d0bd435?s=96&d=mm&r=g","url":"https:\/\/secure.gravatar.com\/avatar\/3a8de04a2656d44082be478bd6c086daa447c4651605818287b9532d3d0bd435?s=96&d=mm&r=g","contentUrl":"https:\/\/secure.gravatar.com\/avatar\/3a8de04a2656d44082be478bd6c086daa447c4651605818287b9532d3d0bd435?s=96&d=mm&r=g","caption":"Lo viste en Los Pol\u00edticos"},"url":"https:\/\/lospoliticosveracruz.com\/?author=2"}]}},"_links":{"self":[{"href":"https:\/\/lospoliticosveracruz.com\/index.php?rest_route=\/wp\/v2\/posts\/54525","targetHints":{"allow":["GET"]}}],"collection":[{"href":"https:\/\/lospoliticosveracruz.com\/index.php?rest_route=\/wp\/v2\/posts"}],"about":[{"href":"https:\/\/lospoliticosveracruz.com\/index.php?rest_route=\/wp\/v2\/types\/post"}],"author":[{"embeddable":true,"href":"https:\/\/lospoliticosveracruz.com\/index.php?rest_route=\/wp\/v2\/users\/2"}],"replies":[{"embeddable":true,"href":"https:\/\/lospoliticosveracruz.com\/index.php?rest_route=%2Fwp%2Fv2%2Fcomments&post=54525"}],"version-history":[{"count":1,"href":"https:\/\/lospoliticosveracruz.com\/index.php?rest_route=\/wp\/v2\/posts\/54525\/revisions"}],"predecessor-version":[{"id":54527,"href":"https:\/\/lospoliticosveracruz.com\/index.php?rest_route=\/wp\/v2\/posts\/54525\/revisions\/54527"}],"wp:attachment":[{"href":"https:\/\/lospoliticosveracruz.com\/index.php?rest_route=%2Fwp%2Fv2%2Fmedia&parent=54525"}],"wp:term":[{"taxonomy":"category","embeddable":true,"href":"https:\/\/lospoliticosveracruz.com\/index.php?rest_route=%2Fwp%2Fv2%2Fcategories&post=54525"},{"taxonomy":"post_tag","embeddable":true,"href":"https:\/\/lospoliticosveracruz.com\/index.php?rest_route=%2Fwp%2Fv2%2Ftags&post=54525"}],"curies":[{"name":"wp","href":"https:\/\/api.w.org\/{rel}","templated":true}]}}