{"id":54550,"date":"2020-04-23T20:04:13","date_gmt":"2020-04-24T01:04:13","guid":{"rendered":"http:\/\/www.lospoliticosveracruz.com.mx\/?p=54550"},"modified":"2020-04-23T20:04:13","modified_gmt":"2020-04-24T01:04:13","slug":"la-imparticion-justicia-esta-en-cuarentena","status":"publish","type":"post","link":"https:\/\/lospoliticosveracruz.com\/?p=54550","title":{"rendered":"La impartici\u00f3n justicia est\u00e1 en cuarentena"},"content":{"rendered":"<p class=\"s3\"><strong><span class=\"s2\"><span class=\"bumpedFont15\">Felipe de Jes\u00fas Fern\u00e1ndez Basilio<\/span><\/span><\/strong><\/p>\n<p class=\"s3\"><em><span class=\"s2\"><span class=\"bumpedFont15\">Desde A Janela<\/span><\/span><\/em><\/p>\n<p class=\"s3\"><span class=\"s2\"><span class=\"bumpedFont15\">Ya he dicho en este espacio varias veces <\/span><\/span><span class=\"s2\"><span class=\"bumpedFont15\">que,<\/span><\/span><span class=\"s2\"><span class=\"bumpedFont15\"> pese a que la creencia general es que los maestros o los diputados son los gremios m\u00e1s caros, ineficientes y flojos a cargo del erario, la verdad es que el gremio judicial siempre los ha superado con su tortuguismo laboral y con los amplios periodos de vacaciones y d\u00edas feriados que disfrutan.<\/span><\/span><\/p>\n<p class=\"s5\"><span class=\"s2\"><span class=\"bumpedFont15\">Como muestra podemos ver que tanto en el calendario escolar como en los calendarios legislativos hay mayores periodos laborales que en los calendarios de cualquier poder judicial del pa\u00eds<\/span><\/span><span class=\"s2\"><span class=\"bumpedFont15\">, quienes adem\u00e1s del gran caudal de d\u00edas no laborales que disfrutan tambi\u00e9n se dan el lujo de suspender parcialmente las actividades de su \u00f3rgano jurisdiccional cuando alguno de quienes laboran ah\u00ed cumple a\u00f1os o celebra una ocasi\u00f3n especial; cualquiera que est\u00e9 relacionado con las actividades jurisdiccionales bien sabe de esas encerronas en los archivos o en las zonas m\u00e1s apartadas de los establecimientos judiciales que paralizan una o dos horas la labor del \u00f3rgano jurisdiccional.<\/span><\/span><\/p>\n<p class=\"s5\"><span class=\"s2\"><span class=\"bumpedFont15\">Bueno, eso suced\u00eda en tiempos normales m\u00e1s ahora que se estableci\u00f3 una cuarentena a nivel nacional los poderes judiciales se superaron a s\u00ed mismos en su holganza y cerraron sus puertas tal y como <\/span><\/span><span class=\"s2\"><span class=\"bumpedFont15\">reza<\/span><\/span><span class=\"s2\"><span class=\"bumpedFont15\"> un conocido eslogan publicitario de <\/span><\/span><span class=\"s2\"><span class=\"bumpedFont15\">alg\u00fan<\/span><\/span><span class=\"s2\"><span class=\"bumpedFont15\"> medio de comunicaci\u00f3n <\/span><\/span><span class=\"s6\"><span class=\"bumpedFont15\">\u201cprimero que todos y antes que nadie\u201d<\/span><\/span><span class=\"s2\"><span class=\"bumpedFont15\">, ya que desde 18 de marzo simplemente se evaporaron y dejaron al pa\u00eds con solo dos poderes<\/span><\/span><span class=\"s2\"><span class=\"bumpedFont15\">, ya que las escuelas se quedaron una semana m\u00e1s y los poderes legislativos aunque sea para saquear al pa\u00eds al desaparecer fideicomisos o ejecutar vendettas pol\u00edticas contra opositores como en el caso de Veracruz siguen funcionando.<\/span><\/span><\/p>\n<p class=\"s5\"><span class=\"s2\"><span class=\"bumpedFont15\">Pero volviendo al tema que nos ocupa, lo anterior parecer\u00eda c\u00f3mico o incluso como una muestra de preocupaci\u00f3n genuina por la salud de funcionarios judiciales, abogados y justiciables en general mas en realidad es una tragedia y <\/span><\/span><span class=\"s2\"><span class=\"bumpedFont15\">lo <\/span><\/span><span class=\"s2\"><span class=\"bumpedFont15\">es<\/span><\/span><span class=\"s2\"><span class=\"bumpedFont15\"> porque<\/span><\/span><span class=\"s2\"><span class=\"bumpedFont15\"> pese a que la actividad de impartici\u00f3n de justicia es una de las llamadas actividades esenciales y que por lo tanto <\/span><\/span><span class=\"s2\"><span class=\"bumpedFont15\">puede<\/span><\/span><span class=\"s2\"><span class=\"bumpedFont15\">continuar<\/span><\/span><span class=\"s2\"><span class=\"bumpedFont15\"> sus actividades<\/span><\/span><span class=\"s2\"><span class=\"bumpedFont15\"> con todas las medidas establecidas para tal efecto seg\u00fan lo establecido<\/span><\/span><span class=\"s2\"><span class=\"bumpedFont15\"> en el art\u00edculo primero fracci\u00f3n II inciso b) del acuerdo administrativo publicado por el secretario de salud el pasado 31 de marzo y que aunque dicho acuerdo fuera modificado por otro similar el 21 de abril que en nada incide en lo esencial que es la actividad jurisdiccional, ya que lo \u00fanico que hace en lo que nos ocupa es modificar los plazos de la cuarentena sin tocar la clasificaci\u00f3n de actividades<\/span><\/span><span class=\"s2\"><span class=\"bumpedFont15\">;<\/span><\/span><span class=\"s2\"><span class=\"bumpedFont15\"> los consejos de la judicatura federal y locales emitieron sendas circulares para que m\u00e1s del 90 por ciento de sus funcionarios se fueran a sus casas y dejaran tirados los asuntos sometidos a la potestad judicial.<\/span><\/span><\/p>\n<p class=\"s5\"><span class=\"s2\"><span class=\"bumpedFont15\">Y el decir <\/span><\/span><span class=\"s6\"><span class=\"bumpedFont15\">\u201cdejar tirados\u201d<\/span><\/span><span class=\"s2\"><span class=\"bumpedFont15\"> los asuntos no es ninguna met\u00e1fora ya que es lo que en verdad sucedi\u00f3, ya que se quedaron amparos a medio tr\u00e1mite, medios preparatorios a juicio de cualquier situaci\u00f3n de la misma manera y hasta juicios de temas muy sensibles quedaron en el limbo<\/span><\/span><span class=\"s2\"><span class=\"bumpedFont15\">;<\/span><\/span><span class=\"s2\"><span class=\"bumpedFont15\"> es decir los poderes judiciales del pa\u00eds actuaron con una irresponsabilidad total frente a la sociedad en general y en particular frente a quienes requieren de sus servicios.<\/span><\/span><\/p>\n<p class=\"s5\"><span class=\"s2\"><span class=\"bumpedFont15\">Y aunque digan que dejaron guardias para atender los asuntos de mayor trascendencia social como lo son los procesos penales o los familiares en los que se encuentren involucrados menores o incapaces, lo cierto es que esas guardias sirven para muy poco y no desempe\u00f1an de manera completa su tarea y lo mismo sucede con las guardias para los juicios de amparo.<\/span><\/span><\/p>\n<p class=\"s5\"><span class=\"s2\"><span class=\"bumpedFont15\">Lo anterior lo digo y lo sostengo porque conozco casos en los que decretan dep\u00f3sitos de menores solo escuchando al solicitante y entrevistando al depositario e incluso acudiendo al domicilio propuesto para que el dep\u00f3sito se lleve a cabo pero ya sin escuchar a la otra parte ni mucho menos resolviendo en definitiva el mismo y con ello solo se concede una medida provisional derivada de la informaci\u00f3n solicitada por el promovente de la medida mas <\/span><\/span><span class=\"s2\"><span class=\"bumpedFont15\">no se alcanza a lograr una soluci\u00f3n integral y eso que el esp\u00edritu de la medida es garantizar el inter\u00e9s superior de la persona depositada, lo cual solo se logra escuchando a todos los involucrados, mas eso no se va a hacer hasta que se restablezcan las labores normales del \u00f3rgano jurisdiccional.<\/span><\/span><\/p>\n<p class=\"s5\"><span class=\"s2\"><span class=\"bumpedFont15\">Tambi\u00e9n est\u00e1n los casos en los que se demandan alimentos y solo se acepta la demanda inicial mas no se da la posibilidad de contestarla y en muchos casos se ejecutan los embargos parciales de salario sin dar ocasi\u00f3n al afectado de combatirlos y la cosa es peor si este vive en un lugar alejado de la sede del juicio, ya que ni siquiera es emplazado para contestar la demanda por estar de cuarentena el juez municipal que debe de llevar a cabo el emplazamiento.<\/span><\/span><\/p>\n<p class=\"s5\"><span class=\"s2\"><span class=\"bumpedFont15\">O <\/span><\/span><span class=\"s2\"><span class=\"bumpedFont15\">\u00bf<\/span><\/span><span class=\"s2\"><span class=\"bumpedFont15\">qu\u00e9 me dicen de alguien que se encuentra privado de su libertad y a quien la guardia judicial le resuelve su t\u00e9rmino y decide mantenerlo en prisi\u00f3n preventiva mas el resto de su proceso queda en la incertidumbre y ya no puede salir de prisi\u00f3n logrando una sentencia absolutoria o un acuerdo reparatorio porque esas actividades solo se llevar\u00e1n a cabo cuando<\/span><\/span><span class=\"s2\"><span class=\"bumpedFont15\">pase la cuarentena?<\/span><\/span><\/p>\n<p class=\"s5\"><span class=\"s2\"><span class=\"bumpedFont15\">De igual manera sucede con los juicios de amparo, en los que solo se dictan medidas previas como la suspensi\u00f3n del acto reclamado, lo cual en principio parece l\u00f3gico porque lo importante en estos casos es que cese la actividad de la autoridad que es lesiva para los particulares, mas qu\u00e9 sucede si \u00e9sta no se logra y luego resulta que es posible destruir el acto reclamado mediante la sentencia del amparo, lo cual tampoco va a suceder en un tiempo razonable debido a que deben de agotarse tanto la cuarentena como los plazos de por s\u00ed ya tardados del juicio.<\/span><\/span><\/p>\n<p class=\"s5\"><span class=\"s2\"><span class=\"bumpedFont15\">En fin, estos son algunos ejemplos de por qu\u00e9 la impartici\u00f3n de justicia no debi\u00f3 de detenerse ni tampoco quedar en manos de guardias m\u00ednimas que no saben bien a bien en qu\u00e9 consiste su funci\u00f3n, ya que el fin pr\u00e1ctico con lo que est\u00e1 aconteciendo en los poderes judiciales consiste en mantener las injusticias que llevaron a solicitar su intervenci\u00f3n o incluso crear nuevas<\/span><\/span><span class=\"s2\"><span class=\"bumpedFont15\"> como las ya mencionadas.<\/span><\/span><\/p>\n<p class=\"s5\"><span class=\"s2\"><span class=\"bumpedFont15\">Mas si todo lo anterior no fuera poco, todav\u00eda cometen otra injusticia m\u00e1s ya que los funcionarios de las ramas judiciales desde ministros y magistrados hasta personal de intendencia est\u00e1n cobrando sus salarios completos sin hacer casi nada y no es que es que no est\u00e9 de acuerdo en que tengan salarios altos, ya que por su especializaci\u00f3n y profesionalizaci\u00f3n es necesario que los tengan; sin embargo en lo que ya no estoy de acuerdo es en que lo cobren completo casi sin trabajar cuando el casero tiene que reducir o cobrar menor renta o el tendero que vende menos o muchos trabajadores de empresas particulares que tienen que aceptar una disminuci\u00f3n de sueldo o pago en parcialidades del mismo con tal de preservar la fuente de trabajo; al menos por solidaridad deber\u00edan de donar una muy buena parte de sus emolumentos mientras dure la contingencia.<\/span><\/span><\/p>\n<p class=\"s5\"><span class=\"s2\"><span class=\"bumpedFont15\">Por <\/span><\/span><span class=\"s2\"><span class=\"bumpedFont15\">\u00faltimo<\/span><\/span><span class=\"s2\"><span class=\"bumpedFont15\"> agrego que si la cuarentena se alarga, como es casi seguro que suceda debido a la mala conducci\u00f3n que se ha tenido por parte de las autoridades sanitarias, a ver si no salen que regresan en junio o julio solo para irse de vacaciones tres semana<\/span><\/span><span class=\"s2\"><span class=\"bumpedFont15\">s<\/span><\/span> <span class=\"s2\"><span class=\"bumpedFont15\">en<\/span><\/span><span class=\"s2\"><span class=\"bumpedFont15\"> verano, porque ya estaban consideradas en la circular que establece su calendario anual de actividades<\/span><\/span><span class=\"s2\"><span class=\"bumpedFont15\">.<\/span><\/span><a name=\"_GoBack\"><\/a><\/p>\n<p><a href=\"mailto:felfebas@gmail.com\"><span class=\"s7\"><span class=\"bumpedFont15\">felfebas@gmail.com<\/span><\/span><\/a><\/p>\n<p class=\"s3\"><span class=\"s2\"><span class=\"bumpedFont15\">Twitter: @FelipeFBasilio<\/span><\/span><\/p>\n","protected":false},"excerpt":{"rendered":"<p>Felipe de Jes\u00fas Fern\u00e1ndez Basilio Desde A Janela Ya he dicho en este espacio varias veces que, pese a que la creencia general es que los maestros o los diputados son los gremios m\u00e1s caros, ineficientes y flojos a cargo del erario, la verdad es que el gremio judicial siempre los ha superado con su [&hellip;]<\/p>\n","protected":false},"author":2,"featured_media":46470,"comment_status":"open","ping_status":"open","sticky":false,"template":"","format":"standard","meta":{"tdm_status":"","tdm_grid_status":"","footnotes":""},"categories":[70],"tags":[6933,17571,16969,12710,195],"class_list":{"0":"post-54550","1":"post","2":"type-post","3":"status-publish","4":"format-standard","5":"has-post-thumbnail","7":"category-de-opinion","8":"tag-calendario-escolar","9":"tag-calendarios-legislativos","10":"tag-cuarentena","11":"tag-felipe-de-jesus-fernandez-basilio","12":"tag-veracruz"},"yoast_head":"<!-- This site is optimized with the Yoast SEO plugin v27.4 - https:\/\/yoast.com\/product\/yoast-seo-wordpress\/ -->\n<title>La impartici\u00f3n justicia est\u00e1 en cuarentena - Los pol\u00edticos Veracruz<\/title>\n<meta name=\"robots\" content=\"index, follow, max-snippet:-1, max-image-preview:large, max-video-preview:-1\" \/>\n<link rel=\"canonical\" href=\"https:\/\/lospoliticosveracruz.com\/?p=54550\" \/>\n<meta property=\"og:locale\" content=\"es_ES\" \/>\n<meta property=\"og:type\" content=\"article\" \/>\n<meta property=\"og:title\" content=\"La impartici\u00f3n justicia est\u00e1 en cuarentena - Los pol\u00edticos Veracruz\" \/>\n<meta property=\"og:description\" content=\"Felipe de Jes\u00fas Fern\u00e1ndez Basilio Desde A Janela Ya he dicho en este espacio varias veces que, pese a que la creencia general es que los maestros o los diputados son los gremios m\u00e1s caros, ineficientes y flojos a cargo del erario, la verdad es que el gremio judicial siempre los ha superado con su [&hellip;]\" \/>\n<meta property=\"og:url\" content=\"https:\/\/lospoliticosveracruz.com\/?p=54550\" \/>\n<meta property=\"og:site_name\" content=\"Los pol\u00edticos Veracruz\" \/>\n<meta property=\"article:publisher\" content=\"https:\/\/www.facebook.com\/people\/Notimemes-de-los-Polticos\/61565672886568\/\" \/>\n<meta property=\"article:published_time\" content=\"2020-04-24T01:04:13+00:00\" \/>\n<meta property=\"og:image\" content=\"https:\/\/lospoliticosveracruz.com\/wp-content\/uploads\/2019\/01\/Poder-judicial.jpg\" \/>\n\t<meta property=\"og:image:width\" content=\"600\" \/>\n\t<meta property=\"og:image:height\" content=\"346\" \/>\n\t<meta property=\"og:image:type\" content=\"image\/jpeg\" \/>\n<meta name=\"author\" content=\"Lo viste en Los Pol\u00edticos\" \/>\n<meta name=\"twitter:card\" content=\"summary_large_image\" \/>\n<meta name=\"twitter:creator\" content=\"@LosPoliticosVer\" \/>\n<meta name=\"twitter:site\" content=\"@LosPoliticosVer\" \/>\n<meta name=\"twitter:label1\" content=\"Escrito por\" \/>\n\t<meta name=\"twitter:data1\" content=\"Lo viste en Los Pol\u00edticos\" \/>\n\t<meta name=\"twitter:label2\" content=\"Tiempo de lectura\" \/>\n\t<meta name=\"twitter:data2\" content=\"7 minutos\" \/>\n<script type=\"application\/ld+json\" class=\"yoast-schema-graph\">{\"@context\":\"https:\\\/\\\/schema.org\",\"@graph\":[{\"@type\":\"Article\",\"@id\":\"https:\\\/\\\/lospoliticosveracruz.com\\\/?p=54550#article\",\"isPartOf\":{\"@id\":\"https:\\\/\\\/lospoliticosveracruz.com\\\/?p=54550\"},\"author\":{\"name\":\"Lo viste en Los Pol\u00edticos\",\"@id\":\"https:\\\/\\\/lospoliticosveracruz.com\\\/#\\\/schema\\\/person\\\/b8702bb0e538456e6efd07080bf2a4a2\"},\"headline\":\"La impartici\u00f3n justicia est\u00e1 en cuarentena\",\"datePublished\":\"2020-04-24T01:04:13+00:00\",\"mainEntityOfPage\":{\"@id\":\"https:\\\/\\\/lospoliticosveracruz.com\\\/?p=54550\"},\"wordCount\":1329,\"commentCount\":0,\"publisher\":{\"@id\":\"https:\\\/\\\/lospoliticosveracruz.com\\\/#organization\"},\"image\":{\"@id\":\"https:\\\/\\\/lospoliticosveracruz.com\\\/?p=54550#primaryimage\"},\"thumbnailUrl\":\"https:\\\/\\\/lospoliticosveracruz.com\\\/wp-content\\\/uploads\\\/2019\\\/01\\\/Poder-judicial.jpg\",\"keywords\":[\"Calendario escolar\",\"calendarios legislativos\",\"Cuarentena\",\"Felipe de Jes\u00fas Fern\u00e1ndez Basilio\",\"Veracruz\"],\"articleSection\":[\"De Opini\u00f3n\"],\"inLanguage\":\"es\",\"potentialAction\":[{\"@type\":\"CommentAction\",\"name\":\"Comment\",\"target\":[\"https:\\\/\\\/lospoliticosveracruz.com\\\/?p=54550#respond\"]}]},{\"@type\":\"WebPage\",\"@id\":\"https:\\\/\\\/lospoliticosveracruz.com\\\/?p=54550\",\"url\":\"https:\\\/\\\/lospoliticosveracruz.com\\\/?p=54550\",\"name\":\"La impartici\u00f3n justicia est\u00e1 en cuarentena - Los pol\u00edticos Veracruz\",\"isPartOf\":{\"@id\":\"https:\\\/\\\/lospoliticosveracruz.com\\\/#website\"},\"primaryImageOfPage\":{\"@id\":\"https:\\\/\\\/lospoliticosveracruz.com\\\/?p=54550#primaryimage\"},\"image\":{\"@id\":\"https:\\\/\\\/lospoliticosveracruz.com\\\/?p=54550#primaryimage\"},\"thumbnailUrl\":\"https:\\\/\\\/lospoliticosveracruz.com\\\/wp-content\\\/uploads\\\/2019\\\/01\\\/Poder-judicial.jpg\",\"datePublished\":\"2020-04-24T01:04:13+00:00\",\"breadcrumb\":{\"@id\":\"https:\\\/\\\/lospoliticosveracruz.com\\\/?p=54550#breadcrumb\"},\"inLanguage\":\"es\",\"potentialAction\":[{\"@type\":\"ReadAction\",\"target\":[\"https:\\\/\\\/lospoliticosveracruz.com\\\/?p=54550\"]}]},{\"@type\":\"ImageObject\",\"inLanguage\":\"es\",\"@id\":\"https:\\\/\\\/lospoliticosveracruz.com\\\/?p=54550#primaryimage\",\"url\":\"https:\\\/\\\/lospoliticosveracruz.com\\\/wp-content\\\/uploads\\\/2019\\\/01\\\/Poder-judicial.jpg\",\"contentUrl\":\"https:\\\/\\\/lospoliticosveracruz.com\\\/wp-content\\\/uploads\\\/2019\\\/01\\\/Poder-judicial.jpg\",\"width\":600,\"height\":346},{\"@type\":\"BreadcrumbList\",\"@id\":\"https:\\\/\\\/lospoliticosveracruz.com\\\/?p=54550#breadcrumb\",\"itemListElement\":[{\"@type\":\"ListItem\",\"position\":1,\"name\":\"Portada\",\"item\":\"https:\\\/\\\/lospoliticosveracruz.com\\\/\"},{\"@type\":\"ListItem\",\"position\":2,\"name\":\"La impartici\u00f3n justicia est\u00e1 en cuarentena\"}]},{\"@type\":\"WebSite\",\"@id\":\"https:\\\/\\\/lospoliticosveracruz.com\\\/#website\",\"url\":\"https:\\\/\\\/lospoliticosveracruz.com\\\/\",\"name\":\"Los pol\u00edticos Veracruz\",\"description\":\"\",\"publisher\":{\"@id\":\"https:\\\/\\\/lospoliticosveracruz.com\\\/#organization\"},\"potentialAction\":[{\"@type\":\"SearchAction\",\"target\":{\"@type\":\"EntryPoint\",\"urlTemplate\":\"https:\\\/\\\/lospoliticosveracruz.com\\\/?s={search_term_string}\"},\"query-input\":{\"@type\":\"PropertyValueSpecification\",\"valueRequired\":true,\"valueName\":\"search_term_string\"}}],\"inLanguage\":\"es\"},{\"@type\":\"Organization\",\"@id\":\"https:\\\/\\\/lospoliticosveracruz.com\\\/#organization\",\"name\":\"Los pol\u00edticos Veracruz\",\"url\":\"https:\\\/\\\/lospoliticosveracruz.com\\\/\",\"logo\":{\"@type\":\"ImageObject\",\"inLanguage\":\"es\",\"@id\":\"https:\\\/\\\/lospoliticosveracruz.com\\\/#\\\/schema\\\/logo\\\/image\\\/\",\"url\":\"https:\\\/\\\/lospoliticosveracruz.com\\\/wp-content\\\/uploads\\\/2025\\\/12\\\/Logo-Nuevo-LOS-POLITICOS-1.jpg\",\"contentUrl\":\"https:\\\/\\\/lospoliticosveracruz.com\\\/wp-content\\\/uploads\\\/2025\\\/12\\\/Logo-Nuevo-LOS-POLITICOS-1.jpg\",\"width\":260,\"height\":70,\"caption\":\"Los pol\u00edticos Veracruz\"},\"image\":{\"@id\":\"https:\\\/\\\/lospoliticosveracruz.com\\\/#\\\/schema\\\/logo\\\/image\\\/\"},\"sameAs\":[\"https:\\\/\\\/www.facebook.com\\\/people\\\/Notimemes-de-los-Polticos\\\/61565672886568\\\/\",\"https:\\\/\\\/x.com\\\/LosPoliticosVer\"]},{\"@type\":\"Person\",\"@id\":\"https:\\\/\\\/lospoliticosveracruz.com\\\/#\\\/schema\\\/person\\\/b8702bb0e538456e6efd07080bf2a4a2\",\"name\":\"Lo viste en Los Pol\u00edticos\",\"image\":{\"@type\":\"ImageObject\",\"inLanguage\":\"es\",\"@id\":\"https:\\\/\\\/secure.gravatar.com\\\/avatar\\\/3a8de04a2656d44082be478bd6c086daa447c4651605818287b9532d3d0bd435?s=96&d=mm&r=g\",\"url\":\"https:\\\/\\\/secure.gravatar.com\\\/avatar\\\/3a8de04a2656d44082be478bd6c086daa447c4651605818287b9532d3d0bd435?s=96&d=mm&r=g\",\"contentUrl\":\"https:\\\/\\\/secure.gravatar.com\\\/avatar\\\/3a8de04a2656d44082be478bd6c086daa447c4651605818287b9532d3d0bd435?s=96&d=mm&r=g\",\"caption\":\"Lo viste en Los Pol\u00edticos\"},\"url\":\"https:\\\/\\\/lospoliticosveracruz.com\\\/?author=2\"}]}<\/script>\n<!-- \/ Yoast SEO plugin. -->","yoast_head_json":{"title":"La impartici\u00f3n justicia est\u00e1 en cuarentena - Los pol\u00edticos Veracruz","robots":{"index":"index","follow":"follow","max-snippet":"max-snippet:-1","max-image-preview":"max-image-preview:large","max-video-preview":"max-video-preview:-1"},"canonical":"https:\/\/lospoliticosveracruz.com\/?p=54550","og_locale":"es_ES","og_type":"article","og_title":"La impartici\u00f3n justicia est\u00e1 en cuarentena - Los pol\u00edticos Veracruz","og_description":"Felipe de Jes\u00fas Fern\u00e1ndez Basilio Desde A Janela Ya he dicho en este espacio varias veces que, pese a que la creencia general es que los maestros o los diputados son los gremios m\u00e1s caros, ineficientes y flojos a cargo del erario, la verdad es que el gremio judicial siempre los ha superado con su [&hellip;]","og_url":"https:\/\/lospoliticosveracruz.com\/?p=54550","og_site_name":"Los pol\u00edticos Veracruz","article_publisher":"https:\/\/www.facebook.com\/people\/Notimemes-de-los-Polticos\/61565672886568\/","article_published_time":"2020-04-24T01:04:13+00:00","og_image":[{"width":600,"height":346,"url":"https:\/\/lospoliticosveracruz.com\/wp-content\/uploads\/2019\/01\/Poder-judicial.jpg","type":"image\/jpeg"}],"author":"Lo viste en Los Pol\u00edticos","twitter_card":"summary_large_image","twitter_creator":"@LosPoliticosVer","twitter_site":"@LosPoliticosVer","twitter_misc":{"Escrito por":"Lo viste en Los Pol\u00edticos","Tiempo de lectura":"7 minutos"},"schema":{"@context":"https:\/\/schema.org","@graph":[{"@type":"Article","@id":"https:\/\/lospoliticosveracruz.com\/?p=54550#article","isPartOf":{"@id":"https:\/\/lospoliticosveracruz.com\/?p=54550"},"author":{"name":"Lo viste en Los Pol\u00edticos","@id":"https:\/\/lospoliticosveracruz.com\/#\/schema\/person\/b8702bb0e538456e6efd07080bf2a4a2"},"headline":"La impartici\u00f3n justicia est\u00e1 en cuarentena","datePublished":"2020-04-24T01:04:13+00:00","mainEntityOfPage":{"@id":"https:\/\/lospoliticosveracruz.com\/?p=54550"},"wordCount":1329,"commentCount":0,"publisher":{"@id":"https:\/\/lospoliticosveracruz.com\/#organization"},"image":{"@id":"https:\/\/lospoliticosveracruz.com\/?p=54550#primaryimage"},"thumbnailUrl":"https:\/\/lospoliticosveracruz.com\/wp-content\/uploads\/2019\/01\/Poder-judicial.jpg","keywords":["Calendario escolar","calendarios legislativos","Cuarentena","Felipe de Jes\u00fas Fern\u00e1ndez Basilio","Veracruz"],"articleSection":["De Opini\u00f3n"],"inLanguage":"es","potentialAction":[{"@type":"CommentAction","name":"Comment","target":["https:\/\/lospoliticosveracruz.com\/?p=54550#respond"]}]},{"@type":"WebPage","@id":"https:\/\/lospoliticosveracruz.com\/?p=54550","url":"https:\/\/lospoliticosveracruz.com\/?p=54550","name":"La impartici\u00f3n justicia est\u00e1 en cuarentena - Los pol\u00edticos Veracruz","isPartOf":{"@id":"https:\/\/lospoliticosveracruz.com\/#website"},"primaryImageOfPage":{"@id":"https:\/\/lospoliticosveracruz.com\/?p=54550#primaryimage"},"image":{"@id":"https:\/\/lospoliticosveracruz.com\/?p=54550#primaryimage"},"thumbnailUrl":"https:\/\/lospoliticosveracruz.com\/wp-content\/uploads\/2019\/01\/Poder-judicial.jpg","datePublished":"2020-04-24T01:04:13+00:00","breadcrumb":{"@id":"https:\/\/lospoliticosveracruz.com\/?p=54550#breadcrumb"},"inLanguage":"es","potentialAction":[{"@type":"ReadAction","target":["https:\/\/lospoliticosveracruz.com\/?p=54550"]}]},{"@type":"ImageObject","inLanguage":"es","@id":"https:\/\/lospoliticosveracruz.com\/?p=54550#primaryimage","url":"https:\/\/lospoliticosveracruz.com\/wp-content\/uploads\/2019\/01\/Poder-judicial.jpg","contentUrl":"https:\/\/lospoliticosveracruz.com\/wp-content\/uploads\/2019\/01\/Poder-judicial.jpg","width":600,"height":346},{"@type":"BreadcrumbList","@id":"https:\/\/lospoliticosveracruz.com\/?p=54550#breadcrumb","itemListElement":[{"@type":"ListItem","position":1,"name":"Portada","item":"https:\/\/lospoliticosveracruz.com\/"},{"@type":"ListItem","position":2,"name":"La impartici\u00f3n justicia est\u00e1 en cuarentena"}]},{"@type":"WebSite","@id":"https:\/\/lospoliticosveracruz.com\/#website","url":"https:\/\/lospoliticosveracruz.com\/","name":"Los pol\u00edticos Veracruz","description":"","publisher":{"@id":"https:\/\/lospoliticosveracruz.com\/#organization"},"potentialAction":[{"@type":"SearchAction","target":{"@type":"EntryPoint","urlTemplate":"https:\/\/lospoliticosveracruz.com\/?s={search_term_string}"},"query-input":{"@type":"PropertyValueSpecification","valueRequired":true,"valueName":"search_term_string"}}],"inLanguage":"es"},{"@type":"Organization","@id":"https:\/\/lospoliticosveracruz.com\/#organization","name":"Los pol\u00edticos Veracruz","url":"https:\/\/lospoliticosveracruz.com\/","logo":{"@type":"ImageObject","inLanguage":"es","@id":"https:\/\/lospoliticosveracruz.com\/#\/schema\/logo\/image\/","url":"https:\/\/lospoliticosveracruz.com\/wp-content\/uploads\/2025\/12\/Logo-Nuevo-LOS-POLITICOS-1.jpg","contentUrl":"https:\/\/lospoliticosveracruz.com\/wp-content\/uploads\/2025\/12\/Logo-Nuevo-LOS-POLITICOS-1.jpg","width":260,"height":70,"caption":"Los pol\u00edticos Veracruz"},"image":{"@id":"https:\/\/lospoliticosveracruz.com\/#\/schema\/logo\/image\/"},"sameAs":["https:\/\/www.facebook.com\/people\/Notimemes-de-los-Polticos\/61565672886568\/","https:\/\/x.com\/LosPoliticosVer"]},{"@type":"Person","@id":"https:\/\/lospoliticosveracruz.com\/#\/schema\/person\/b8702bb0e538456e6efd07080bf2a4a2","name":"Lo viste en Los Pol\u00edticos","image":{"@type":"ImageObject","inLanguage":"es","@id":"https:\/\/secure.gravatar.com\/avatar\/3a8de04a2656d44082be478bd6c086daa447c4651605818287b9532d3d0bd435?s=96&d=mm&r=g","url":"https:\/\/secure.gravatar.com\/avatar\/3a8de04a2656d44082be478bd6c086daa447c4651605818287b9532d3d0bd435?s=96&d=mm&r=g","contentUrl":"https:\/\/secure.gravatar.com\/avatar\/3a8de04a2656d44082be478bd6c086daa447c4651605818287b9532d3d0bd435?s=96&d=mm&r=g","caption":"Lo viste en Los Pol\u00edticos"},"url":"https:\/\/lospoliticosveracruz.com\/?author=2"}]}},"_links":{"self":[{"href":"https:\/\/lospoliticosveracruz.com\/index.php?rest_route=\/wp\/v2\/posts\/54550","targetHints":{"allow":["GET"]}}],"collection":[{"href":"https:\/\/lospoliticosveracruz.com\/index.php?rest_route=\/wp\/v2\/posts"}],"about":[{"href":"https:\/\/lospoliticosveracruz.com\/index.php?rest_route=\/wp\/v2\/types\/post"}],"author":[{"embeddable":true,"href":"https:\/\/lospoliticosveracruz.com\/index.php?rest_route=\/wp\/v2\/users\/2"}],"replies":[{"embeddable":true,"href":"https:\/\/lospoliticosveracruz.com\/index.php?rest_route=%2Fwp%2Fv2%2Fcomments&post=54550"}],"version-history":[{"count":2,"href":"https:\/\/lospoliticosveracruz.com\/index.php?rest_route=\/wp\/v2\/posts\/54550\/revisions"}],"predecessor-version":[{"id":54553,"href":"https:\/\/lospoliticosveracruz.com\/index.php?rest_route=\/wp\/v2\/posts\/54550\/revisions\/54553"}],"wp:featuredmedia":[{"embeddable":true,"href":"https:\/\/lospoliticosveracruz.com\/index.php?rest_route=\/wp\/v2\/media\/46470"}],"wp:attachment":[{"href":"https:\/\/lospoliticosveracruz.com\/index.php?rest_route=%2Fwp%2Fv2%2Fmedia&parent=54550"}],"wp:term":[{"taxonomy":"category","embeddable":true,"href":"https:\/\/lospoliticosveracruz.com\/index.php?rest_route=%2Fwp%2Fv2%2Fcategories&post=54550"},{"taxonomy":"post_tag","embeddable":true,"href":"https:\/\/lospoliticosveracruz.com\/index.php?rest_route=%2Fwp%2Fv2%2Ftags&post=54550"}],"curies":[{"name":"wp","href":"https:\/\/api.w.org\/{rel}","templated":true}]}}