{"id":54603,"date":"2020-04-27T09:55:26","date_gmt":"2020-04-27T14:55:26","guid":{"rendered":"http:\/\/www.lospoliticosveracruz.com.mx\/?p=54603"},"modified":"2020-04-27T09:55:26","modified_gmt":"2020-04-27T14:55:26","slug":"pepe-con-todo-el-apoyo-vero-con-todo-el-apoyo","status":"publish","type":"post","link":"https:\/\/lospoliticosveracruz.com\/?p=54603","title":{"rendered":"Pepe, con todo el apoyo; Vero, \u00bfcon todo el apoyo?"},"content":{"rendered":"<p><strong>Ricardo Ch\u00faa<\/strong><\/p>\n<p><em>Sale y Vale<\/em><\/p>\n<p>OJO&#8230; Ojal\u00e1 y la CEAPP tampoco se equivoque&#8230;<\/p>\n<p>CRIMEN SIN CASTIGO&#8230; Las investigaciones del crimen de la periodista papanteca, Mar\u00eda Elena Ferral, sucedido el pasado 30 de marzo, ha dado un vuelco hasta nivel nacional&#8230; Luego que este s\u00e1bado fueran detenidos por la Fiscal\u00eda del Estado, su ex pareja sentimental, un regidor de Papantla y un periodista, PRESUNTAMENTE por estar involucrados en el crimen&#8230; Pero la defensa de la presunta inocencia del reportero Jos\u00e9 N&#8230; Ha sido inesperada por parte sus compa\u00f1eros, amigos y familia.. Y, por eso, hay muchas dudas en el caso&#8230;<\/p>\n<p>Hasta la valent\u00eda mostrada por la esposa del periodista detenido, Nora Flores asegurando a la opini\u00f3n p\u00fablica que su marido \u00abno puso\u00bb a Ferral, el d\u00eda que fue victimada, y que fue ella qui\u00e9n lo cito en ese lugar, demuestra que no CEDE A PRESIONES y ACUSA a la propia FGE de que est\u00e1 buscando un \u00abchivo expiatorio\u00bb para este caso&#8230; Ayer lo comentamos en este espacio&#8230; Si Ver\u00f3nica Hern\u00e1ndez no demuestra fehacientemente que Jos\u00e9 N es culpable&#8230; Este asunto se la saldr\u00e1 de las manos y las consecuencias ser\u00e1n graves para ella&#8230;<\/p>\n<p>Por salud propia de la FGE, de los familiares de Maria Elena y la familia de Pepe C\u00e1rdenas&#8230; Esto tiene que ser aclarado, no dejar dudas y dar a conocer a detalles porque acusan al periodista de haber \u00abpuesto\u00bb a su compa\u00f1era para ser victimada por sicarios&#8230; De no hacerlo, las dudas crecer\u00e1n y EL RUMOR de que detr\u00e1s de todo esto, se debe a que hay \u00abendurecimiento\u00bb del gobierno del Estado para acallar a las voces criticas en la administraci\u00f3n de Cuitl\u00e1huac Garc\u00eda&#8230; No van a cesar a partir de hoy&#8230;<\/p>\n<p>Sobre todo despu\u00e9s que el Presidente, Andr\u00e9s Manuel L\u00f3pez Obrador, emprendi\u00f3 una campa\u00f1a contra periodistas cr\u00edticos a su gobierno&#8230; Cuitlahuac Garc\u00eda, que se\u00f1alan es la \u00abcopia\u00bb de AMLO, pudo empezar hacer lo mismo en Veracruz&#8230; Ocupando un \u00abbrazo ejecutor\u00bb como la FGE&#8230; Ya que Ver\u00f3nica Hern\u00e1ndez, era funcionaria estatal, minutos antes de tomar posesi\u00f3n dentro de la dependencia&#8230; Por eso, todo estar\u00e1 bajo sospecha si no esclarecen este crimen&#8230;Y no dejan duda al respecto..<\/p>\n<p>Por estos hechos y por la defensa de periodistas a favor de Jos\u00e9 N&#8230; La VERSI\u00d3N M\u00c1S FUERTE QUE MANEJAN EN VERACRUZ&#8230; Es del ENDURECIMIENTO sobre la prensa critica al gobierno de Cuitl\u00e1huac Garc\u00eda&#8230; M\u00e1s si L\u00f3pez Obrador, dio el ejemplo en Palacio Nacional acusando a quienes lo cuestionan, de que no son \u00abprensa buena\u00bb&#8230; En claro linchamiento Presidencial&#8230; Si eso pasa en la federaci\u00f3n, que se puede esperar del gobierno de Veracruz&#8230;.Por eso temen \u00abcascada\u00bb de ataques a periodistas considerados ENEMIGOS DE LA 4T&#8230;<\/p>\n<p>En el caso de Jos\u00e9 N, si no se demuestra su culpabilidad, puede ser la primera muestra de ello&#8230;Ya que si con L\u00f3pez Obrador es la intenci\u00f3n, es obvio que con Cuitl\u00e1huac es la implementaci\u00f3n&#8230; PODEROSAS FUENTES han comentado que una de las PRUEBAS que tiene la FGE sobre su culpabilidad, es un mensaje de celular, donde le dec\u00eda a Ferral, que se pusiera un \u00abchaleco antibalas\u00bb.. Lo que no se sabe, si ese mensaje lleg\u00f3 al m\u00f3vil&#8230; Antes o despu\u00e9s de ser asesinada&#8230; Y esa es la GRAN PRUEBA en su contra&#8230;<\/p>\n<p>Pero la esposa, Nora Flores, se\u00f1ala que \u00e9l fue ayudar cuando le dispararon&#8230; No se podr\u00eda ser tan c\u00ednico y m\u00e1s con una persona, que sosten\u00edas una amistad a\u00f1eja y p\u00fablica&#8230; As\u00ed que el caso es raro&#8230; Y lo dicho por la esposa, se puede pensar que ya hay testigos falsos&#8230; Ya que tambi\u00e9n dentro de la Fiscal\u00eda, hay una \u00abcarniceria\u00bb por quedarse con el cargo que ostentaba Jorge Winckler&#8230; Obvio que Ver\u00f3nica Hern\u00e1ndez lo quiere para ella&#8230; Y este tipo de detenciones en casos muy sonados en Veracruz, le da \u00abreflectores\u00bb&#8230;<\/p>\n<p>Lo que no esper\u00f3, es que la reacci\u00f3n de la opini\u00f3n p\u00fablica y medios a favor de Jos\u00e9 N fuera as\u00ed&#8230; Y eso \u00abentrampo\u00bb todo&#8230; Todo esto hizo eco en Veracruz&#8230; Ya que la trayectoria de Jos\u00e9 C\u00e1rdenas habla por si mismo&#8230; Por eso tuvo el apoyo del gremio&#8230; Si hubiera indicios que \u00e9l fuera participe, no tuviera esa defensa y se presumir\u00eda que \u00e9l fuera autor intelectual o material, pero no&#8230; La prensa alega inocencia y que s\u00f3lo es un \u00abchivo expiatorio\u00bb&#8230;<\/p>\n<p>Hay UN DATO que no se deja pasar&#8230; Los elementos de la Secretar\u00eda de Seguridad P\u00fablica no se metieron para nada&#8230; S\u00f3lo fue un asunto de la Polic\u00eda Ministerial, es decir, la FGE&#8230; Qu\u00e9 fue lo que hizo que Hugo Guti\u00e9rrez Maldonado, no quisiera meterse&#8230; Hay que recordar que el titular de la SSP ha sido ministerio p\u00fablico, sabe de estos temas&#8230; Y quiz\u00e1s, no quiso salir \u00abembarrado\u00bb y dej\u00f3 todo en manos de la FGE&#8230; Para qui\u00e9n ser\u00eda la responsabilidad, si Jos\u00e9 N es inocente&#8230; \u00bfDe Ver\u00f3nica?&#8230; Ah\u00ed est\u00e1 el detalle&#8230;<\/p>\n<p>EN RESUMEN&#8230; El caso es que nunca se hab\u00eda visto algo as\u00ed en Veracruz y en el tema central de Jos\u00e9 N, se tendr\u00edan que contestar varios razonamientos: 1: Las pruebas son muy endebles y seguramente inventadas&#8230; 2: La respuesta del gremio apoy\u00e1ndolo, ni modo que todos sean c\u00f3mplices de un asesinato&#8230; 3: Ese hecho, no se hab\u00eda visto en el gremio, si bien la solidaridad era s\u00f3lo con periodistas asesinados, nunca hab\u00edan apoyado a un compa\u00f1ero preso de esa manera&#8230;<\/p>\n<p>4: La confianza de la esposa, quien dice \u00abvivimos al d\u00eda, all\u00ed est\u00e1n nuestras cuentas bancarias\u00bb&#8230; 5: Un periodista en estos tiempos, no le alcanza su sueldo para contratar a un sicario, si ese fuera el caso, es inveros\u00edmil que cuando atentaron en contra de ella, \u00e9l la fuera a auxiliar&#8230; 6: Desde la declaraci\u00f3n, dijo a todos que observ\u00f3 la intenci\u00f3n de incriminarlo.. 7: En la carpeta de investigaci\u00f3n, aparece como \u00abprejuzgado\u00bb, vulnerando el Principio de Inocencia, como si fuera \u00abarmado\u00bb para decir que Veracruz tiene la mejor Fiscal\u00eda, por lo r\u00e1pido al resolver el caso..<\/p>\n<p>8: La hija de Maria Elena tiene una opini\u00f3n favorable hacia la FGJ, opini\u00f3n que difiere con la mayor\u00eda de los periodistas de Papantla. Pide apoyar la investigaci\u00f3n de la Fiscal\u00eda y no duda en ning\u00fan momento de qui\u00e9n fue a auxiliar a su mam\u00e1&#8230; Para finalizar&#8230; S\u00f3lo hay que checar sus trabajos period\u00edsticos y columnas de Maria Elena Ferral, que p\u00fablico antes de ser asesinada, para ver a quienes criticaba, que eran a los hombres poderosos del Totonacapan y no a sus compa\u00f1eros periodistas o que los acusara de manera abierta de amenazas en su contra&#8230;<\/p>\n<p>Pero pareciera que esta Fiscal\u00eda y gran parte de funcionarios de ceste gobierno estatal, tiene como una ESTRATEGIA \u00bfpol\u00edtica? el no desmantelar a ning\u00fan cacicazgos aliado que pueden ayudar a MORENA en 2021&#8230; M\u00e1s cuando se presume que en ese distrito de Papantla&#8230; El partido de Cuitl\u00e1huac podr\u00eda ganar varios municipios en el 2021.. Por eso podr\u00edan optar por construir \u00abpresuntos culpables\u00bb&#8230; AMEN&#8230; LA POL\u00cdTICA ANTES QUE LA VERDADERA JUSTICIA.. HASTA QUE SE DEMUESTRE LO CONTRARIO&#8230;<\/p>\n","protected":false},"excerpt":{"rendered":"<p>Ricardo Ch\u00faa Sale y Vale OJO&#8230; Ojal\u00e1 y la CEAPP tampoco se equivoque&#8230; CRIMEN SIN CASTIGO&#8230; Las investigaciones del crimen de la periodista papanteca, Mar\u00eda Elena Ferral, sucedido el pasado 30 de marzo, ha dado un vuelco hasta nivel nacional&#8230; Luego que este s\u00e1bado fueran detenidos por la Fiscal\u00eda del Estado, su ex pareja sentimental, [&hellip;]<\/p>\n","protected":false},"author":2,"featured_media":0,"comment_status":"open","ping_status":"open","sticky":false,"template":"","format":"standard","meta":{"tdm_status":"","tdm_grid_status":"","footnotes":""},"categories":[70],"tags":[618,4476,17597,1563,17598,17188,1026,13604,195],"class_list":{"0":"post-54603","1":"post","2":"type-post","3":"status-publish","4":"format-standard","6":"category-de-opinion","7":"tag-andres-manuel-lopez-obrador","8":"tag-ceapp","9":"tag-chivo-expiatorio","10":"tag-cuitlahuac-garcia-jimenez","11":"tag-jose-cardenas","12":"tag-maria-elena-ferral","13":"tag-morena","14":"tag-ricardo-chua","15":"tag-veracruz"},"yoast_head":"<!-- This site is optimized with the Yoast SEO plugin v27.4 - https:\/\/yoast.com\/product\/yoast-seo-wordpress\/ -->\n<title>Pepe, con todo el apoyo; Vero, \u00bfcon todo el apoyo? - Los pol\u00edticos Veracruz<\/title>\n<meta name=\"robots\" content=\"index, follow, max-snippet:-1, max-image-preview:large, max-video-preview:-1\" \/>\n<link rel=\"canonical\" href=\"https:\/\/lospoliticosveracruz.com\/?p=54603\" \/>\n<meta property=\"og:locale\" content=\"es_ES\" \/>\n<meta property=\"og:type\" content=\"article\" \/>\n<meta property=\"og:title\" content=\"Pepe, con todo el apoyo; Vero, \u00bfcon todo el apoyo? - Los pol\u00edticos Veracruz\" \/>\n<meta property=\"og:description\" content=\"Ricardo Ch\u00faa Sale y Vale OJO&#8230; Ojal\u00e1 y la CEAPP tampoco se equivoque&#8230; CRIMEN SIN CASTIGO&#8230; Las investigaciones del crimen de la periodista papanteca, Mar\u00eda Elena Ferral, sucedido el pasado 30 de marzo, ha dado un vuelco hasta nivel nacional&#8230; Luego que este s\u00e1bado fueran detenidos por la Fiscal\u00eda del Estado, su ex pareja sentimental, [&hellip;]\" \/>\n<meta property=\"og:url\" content=\"https:\/\/lospoliticosveracruz.com\/?p=54603\" \/>\n<meta property=\"og:site_name\" content=\"Los pol\u00edticos Veracruz\" \/>\n<meta property=\"article:publisher\" content=\"https:\/\/www.facebook.com\/people\/Notimemes-de-los-Polticos\/61565672886568\/\" \/>\n<meta property=\"article:published_time\" content=\"2020-04-27T14:55:26+00:00\" \/>\n<meta property=\"og:image\" content=\"https:\/\/lospoliticosveracruz.com\/wp-content\/uploads\/2016\/07\/Logo-Dor.jpg\" \/>\n\t<meta property=\"og:image:width\" content=\"200\" \/>\n\t<meta property=\"og:image:height\" content=\"200\" \/>\n\t<meta property=\"og:image:type\" content=\"image\/jpeg\" \/>\n<meta name=\"author\" content=\"Lo viste en Los Pol\u00edticos\" \/>\n<meta name=\"twitter:card\" content=\"summary_large_image\" \/>\n<meta name=\"twitter:creator\" content=\"@LosPoliticosVer\" \/>\n<meta name=\"twitter:site\" content=\"@LosPoliticosVer\" \/>\n<meta name=\"twitter:label1\" content=\"Escrito por\" \/>\n\t<meta name=\"twitter:data1\" content=\"Lo viste en Los Pol\u00edticos\" \/>\n\t<meta name=\"twitter:label2\" content=\"Tiempo de lectura\" \/>\n\t<meta name=\"twitter:data2\" content=\"6 minutos\" \/>\n<script type=\"application\/ld+json\" class=\"yoast-schema-graph\">{\"@context\":\"https:\\\/\\\/schema.org\",\"@graph\":[{\"@type\":\"Article\",\"@id\":\"https:\\\/\\\/lospoliticosveracruz.com\\\/?p=54603#article\",\"isPartOf\":{\"@id\":\"https:\\\/\\\/lospoliticosveracruz.com\\\/?p=54603\"},\"author\":{\"name\":\"Lo viste en Los Pol\u00edticos\",\"@id\":\"https:\\\/\\\/lospoliticosveracruz.com\\\/#\\\/schema\\\/person\\\/b8702bb0e538456e6efd07080bf2a4a2\"},\"headline\":\"Pepe, con todo el apoyo; Vero, \u00bfcon todo el apoyo?\",\"datePublished\":\"2020-04-27T14:55:26+00:00\",\"mainEntityOfPage\":{\"@id\":\"https:\\\/\\\/lospoliticosveracruz.com\\\/?p=54603\"},\"wordCount\":1262,\"commentCount\":0,\"publisher\":{\"@id\":\"https:\\\/\\\/lospoliticosveracruz.com\\\/#organization\"},\"keywords\":[\"Andr\u00e9s Manuel L\u00f3pez Obrador\",\"CEAPP\",\"chivo expiatorio\",\"Cuitl\u00e1huac Garc\u00eda Jim\u00e9nez\",\"Jos\u00e9 C\u00e1rdenas\",\"Mar\u00eda Elena Ferral\",\"Morena\",\"Ricardo Ch\u00faa\",\"Veracruz\"],\"articleSection\":[\"De Opini\u00f3n\"],\"inLanguage\":\"es\",\"potentialAction\":[{\"@type\":\"CommentAction\",\"name\":\"Comment\",\"target\":[\"https:\\\/\\\/lospoliticosveracruz.com\\\/?p=54603#respond\"]}]},{\"@type\":\"WebPage\",\"@id\":\"https:\\\/\\\/lospoliticosveracruz.com\\\/?p=54603\",\"url\":\"https:\\\/\\\/lospoliticosveracruz.com\\\/?p=54603\",\"name\":\"Pepe, con todo el apoyo; Vero, \u00bfcon todo el apoyo? - Los pol\u00edticos Veracruz\",\"isPartOf\":{\"@id\":\"https:\\\/\\\/lospoliticosveracruz.com\\\/#website\"},\"datePublished\":\"2020-04-27T14:55:26+00:00\",\"breadcrumb\":{\"@id\":\"https:\\\/\\\/lospoliticosveracruz.com\\\/?p=54603#breadcrumb\"},\"inLanguage\":\"es\",\"potentialAction\":[{\"@type\":\"ReadAction\",\"target\":[\"https:\\\/\\\/lospoliticosveracruz.com\\\/?p=54603\"]}]},{\"@type\":\"BreadcrumbList\",\"@id\":\"https:\\\/\\\/lospoliticosveracruz.com\\\/?p=54603#breadcrumb\",\"itemListElement\":[{\"@type\":\"ListItem\",\"position\":1,\"name\":\"Portada\",\"item\":\"https:\\\/\\\/lospoliticosveracruz.com\\\/\"},{\"@type\":\"ListItem\",\"position\":2,\"name\":\"Pepe, con todo el apoyo; Vero, \u00bfcon todo el apoyo?\"}]},{\"@type\":\"WebSite\",\"@id\":\"https:\\\/\\\/lospoliticosveracruz.com\\\/#website\",\"url\":\"https:\\\/\\\/lospoliticosveracruz.com\\\/\",\"name\":\"Los pol\u00edticos Veracruz\",\"description\":\"\",\"publisher\":{\"@id\":\"https:\\\/\\\/lospoliticosveracruz.com\\\/#organization\"},\"potentialAction\":[{\"@type\":\"SearchAction\",\"target\":{\"@type\":\"EntryPoint\",\"urlTemplate\":\"https:\\\/\\\/lospoliticosveracruz.com\\\/?s={search_term_string}\"},\"query-input\":{\"@type\":\"PropertyValueSpecification\",\"valueRequired\":true,\"valueName\":\"search_term_string\"}}],\"inLanguage\":\"es\"},{\"@type\":\"Organization\",\"@id\":\"https:\\\/\\\/lospoliticosveracruz.com\\\/#organization\",\"name\":\"Los pol\u00edticos Veracruz\",\"url\":\"https:\\\/\\\/lospoliticosveracruz.com\\\/\",\"logo\":{\"@type\":\"ImageObject\",\"inLanguage\":\"es\",\"@id\":\"https:\\\/\\\/lospoliticosveracruz.com\\\/#\\\/schema\\\/logo\\\/image\\\/\",\"url\":\"https:\\\/\\\/lospoliticosveracruz.com\\\/wp-content\\\/uploads\\\/2025\\\/12\\\/Logo-Nuevo-LOS-POLITICOS-1.jpg\",\"contentUrl\":\"https:\\\/\\\/lospoliticosveracruz.com\\\/wp-content\\\/uploads\\\/2025\\\/12\\\/Logo-Nuevo-LOS-POLITICOS-1.jpg\",\"width\":260,\"height\":70,\"caption\":\"Los pol\u00edticos Veracruz\"},\"image\":{\"@id\":\"https:\\\/\\\/lospoliticosveracruz.com\\\/#\\\/schema\\\/logo\\\/image\\\/\"},\"sameAs\":[\"https:\\\/\\\/www.facebook.com\\\/people\\\/Notimemes-de-los-Polticos\\\/61565672886568\\\/\",\"https:\\\/\\\/x.com\\\/LosPoliticosVer\"]},{\"@type\":\"Person\",\"@id\":\"https:\\\/\\\/lospoliticosveracruz.com\\\/#\\\/schema\\\/person\\\/b8702bb0e538456e6efd07080bf2a4a2\",\"name\":\"Lo viste en Los Pol\u00edticos\",\"image\":{\"@type\":\"ImageObject\",\"inLanguage\":\"es\",\"@id\":\"https:\\\/\\\/secure.gravatar.com\\\/avatar\\\/3a8de04a2656d44082be478bd6c086daa447c4651605818287b9532d3d0bd435?s=96&d=mm&r=g\",\"url\":\"https:\\\/\\\/secure.gravatar.com\\\/avatar\\\/3a8de04a2656d44082be478bd6c086daa447c4651605818287b9532d3d0bd435?s=96&d=mm&r=g\",\"contentUrl\":\"https:\\\/\\\/secure.gravatar.com\\\/avatar\\\/3a8de04a2656d44082be478bd6c086daa447c4651605818287b9532d3d0bd435?s=96&d=mm&r=g\",\"caption\":\"Lo viste en Los Pol\u00edticos\"},\"url\":\"https:\\\/\\\/lospoliticosveracruz.com\\\/?author=2\"}]}<\/script>\n<!-- \/ Yoast SEO plugin. -->","yoast_head_json":{"title":"Pepe, con todo el apoyo; Vero, \u00bfcon todo el apoyo? - Los pol\u00edticos Veracruz","robots":{"index":"index","follow":"follow","max-snippet":"max-snippet:-1","max-image-preview":"max-image-preview:large","max-video-preview":"max-video-preview:-1"},"canonical":"https:\/\/lospoliticosveracruz.com\/?p=54603","og_locale":"es_ES","og_type":"article","og_title":"Pepe, con todo el apoyo; Vero, \u00bfcon todo el apoyo? - Los pol\u00edticos Veracruz","og_description":"Ricardo Ch\u00faa Sale y Vale OJO&#8230; Ojal\u00e1 y la CEAPP tampoco se equivoque&#8230; CRIMEN SIN CASTIGO&#8230; Las investigaciones del crimen de la periodista papanteca, Mar\u00eda Elena Ferral, sucedido el pasado 30 de marzo, ha dado un vuelco hasta nivel nacional&#8230; Luego que este s\u00e1bado fueran detenidos por la Fiscal\u00eda del Estado, su ex pareja sentimental, [&hellip;]","og_url":"https:\/\/lospoliticosveracruz.com\/?p=54603","og_site_name":"Los pol\u00edticos Veracruz","article_publisher":"https:\/\/www.facebook.com\/people\/Notimemes-de-los-Polticos\/61565672886568\/","article_published_time":"2020-04-27T14:55:26+00:00","og_image":[{"width":200,"height":200,"url":"https:\/\/lospoliticosveracruz.com\/wp-content\/uploads\/2016\/07\/Logo-Dor.jpg","type":"image\/jpeg"}],"author":"Lo viste en Los Pol\u00edticos","twitter_card":"summary_large_image","twitter_creator":"@LosPoliticosVer","twitter_site":"@LosPoliticosVer","twitter_misc":{"Escrito por":"Lo viste en Los Pol\u00edticos","Tiempo de lectura":"6 minutos"},"schema":{"@context":"https:\/\/schema.org","@graph":[{"@type":"Article","@id":"https:\/\/lospoliticosveracruz.com\/?p=54603#article","isPartOf":{"@id":"https:\/\/lospoliticosveracruz.com\/?p=54603"},"author":{"name":"Lo viste en Los Pol\u00edticos","@id":"https:\/\/lospoliticosveracruz.com\/#\/schema\/person\/b8702bb0e538456e6efd07080bf2a4a2"},"headline":"Pepe, con todo el apoyo; Vero, \u00bfcon todo el apoyo?","datePublished":"2020-04-27T14:55:26+00:00","mainEntityOfPage":{"@id":"https:\/\/lospoliticosveracruz.com\/?p=54603"},"wordCount":1262,"commentCount":0,"publisher":{"@id":"https:\/\/lospoliticosveracruz.com\/#organization"},"keywords":["Andr\u00e9s Manuel L\u00f3pez Obrador","CEAPP","chivo expiatorio","Cuitl\u00e1huac Garc\u00eda Jim\u00e9nez","Jos\u00e9 C\u00e1rdenas","Mar\u00eda Elena Ferral","Morena","Ricardo Ch\u00faa","Veracruz"],"articleSection":["De Opini\u00f3n"],"inLanguage":"es","potentialAction":[{"@type":"CommentAction","name":"Comment","target":["https:\/\/lospoliticosveracruz.com\/?p=54603#respond"]}]},{"@type":"WebPage","@id":"https:\/\/lospoliticosveracruz.com\/?p=54603","url":"https:\/\/lospoliticosveracruz.com\/?p=54603","name":"Pepe, con todo el apoyo; Vero, \u00bfcon todo el apoyo? - Los pol\u00edticos Veracruz","isPartOf":{"@id":"https:\/\/lospoliticosveracruz.com\/#website"},"datePublished":"2020-04-27T14:55:26+00:00","breadcrumb":{"@id":"https:\/\/lospoliticosveracruz.com\/?p=54603#breadcrumb"},"inLanguage":"es","potentialAction":[{"@type":"ReadAction","target":["https:\/\/lospoliticosveracruz.com\/?p=54603"]}]},{"@type":"BreadcrumbList","@id":"https:\/\/lospoliticosveracruz.com\/?p=54603#breadcrumb","itemListElement":[{"@type":"ListItem","position":1,"name":"Portada","item":"https:\/\/lospoliticosveracruz.com\/"},{"@type":"ListItem","position":2,"name":"Pepe, con todo el apoyo; Vero, \u00bfcon todo el apoyo?"}]},{"@type":"WebSite","@id":"https:\/\/lospoliticosveracruz.com\/#website","url":"https:\/\/lospoliticosveracruz.com\/","name":"Los pol\u00edticos Veracruz","description":"","publisher":{"@id":"https:\/\/lospoliticosveracruz.com\/#organization"},"potentialAction":[{"@type":"SearchAction","target":{"@type":"EntryPoint","urlTemplate":"https:\/\/lospoliticosveracruz.com\/?s={search_term_string}"},"query-input":{"@type":"PropertyValueSpecification","valueRequired":true,"valueName":"search_term_string"}}],"inLanguage":"es"},{"@type":"Organization","@id":"https:\/\/lospoliticosveracruz.com\/#organization","name":"Los pol\u00edticos Veracruz","url":"https:\/\/lospoliticosveracruz.com\/","logo":{"@type":"ImageObject","inLanguage":"es","@id":"https:\/\/lospoliticosveracruz.com\/#\/schema\/logo\/image\/","url":"https:\/\/lospoliticosveracruz.com\/wp-content\/uploads\/2025\/12\/Logo-Nuevo-LOS-POLITICOS-1.jpg","contentUrl":"https:\/\/lospoliticosveracruz.com\/wp-content\/uploads\/2025\/12\/Logo-Nuevo-LOS-POLITICOS-1.jpg","width":260,"height":70,"caption":"Los pol\u00edticos Veracruz"},"image":{"@id":"https:\/\/lospoliticosveracruz.com\/#\/schema\/logo\/image\/"},"sameAs":["https:\/\/www.facebook.com\/people\/Notimemes-de-los-Polticos\/61565672886568\/","https:\/\/x.com\/LosPoliticosVer"]},{"@type":"Person","@id":"https:\/\/lospoliticosveracruz.com\/#\/schema\/person\/b8702bb0e538456e6efd07080bf2a4a2","name":"Lo viste en Los Pol\u00edticos","image":{"@type":"ImageObject","inLanguage":"es","@id":"https:\/\/secure.gravatar.com\/avatar\/3a8de04a2656d44082be478bd6c086daa447c4651605818287b9532d3d0bd435?s=96&d=mm&r=g","url":"https:\/\/secure.gravatar.com\/avatar\/3a8de04a2656d44082be478bd6c086daa447c4651605818287b9532d3d0bd435?s=96&d=mm&r=g","contentUrl":"https:\/\/secure.gravatar.com\/avatar\/3a8de04a2656d44082be478bd6c086daa447c4651605818287b9532d3d0bd435?s=96&d=mm&r=g","caption":"Lo viste en Los Pol\u00edticos"},"url":"https:\/\/lospoliticosveracruz.com\/?author=2"}]}},"_links":{"self":[{"href":"https:\/\/lospoliticosveracruz.com\/index.php?rest_route=\/wp\/v2\/posts\/54603","targetHints":{"allow":["GET"]}}],"collection":[{"href":"https:\/\/lospoliticosveracruz.com\/index.php?rest_route=\/wp\/v2\/posts"}],"about":[{"href":"https:\/\/lospoliticosveracruz.com\/index.php?rest_route=\/wp\/v2\/types\/post"}],"author":[{"embeddable":true,"href":"https:\/\/lospoliticosveracruz.com\/index.php?rest_route=\/wp\/v2\/users\/2"}],"replies":[{"embeddable":true,"href":"https:\/\/lospoliticosveracruz.com\/index.php?rest_route=%2Fwp%2Fv2%2Fcomments&post=54603"}],"version-history":[{"count":1,"href":"https:\/\/lospoliticosveracruz.com\/index.php?rest_route=\/wp\/v2\/posts\/54603\/revisions"}],"predecessor-version":[{"id":54605,"href":"https:\/\/lospoliticosveracruz.com\/index.php?rest_route=\/wp\/v2\/posts\/54603\/revisions\/54605"}],"wp:attachment":[{"href":"https:\/\/lospoliticosveracruz.com\/index.php?rest_route=%2Fwp%2Fv2%2Fmedia&parent=54603"}],"wp:term":[{"taxonomy":"category","embeddable":true,"href":"https:\/\/lospoliticosveracruz.com\/index.php?rest_route=%2Fwp%2Fv2%2Fcategories&post=54603"},{"taxonomy":"post_tag","embeddable":true,"href":"https:\/\/lospoliticosveracruz.com\/index.php?rest_route=%2Fwp%2Fv2%2Ftags&post=54603"}],"curies":[{"name":"wp","href":"https:\/\/api.w.org\/{rel}","templated":true}]}}