{"id":54805,"date":"2020-05-05T09:02:27","date_gmt":"2020-05-05T14:02:27","guid":{"rendered":"http:\/\/www.lospoliticosveracruz.com.mx\/?p=54805"},"modified":"2020-05-05T09:02:27","modified_gmt":"2020-05-05T14:02:27","slug":"vicencio-arguelles-mordida-de-lengua","status":"publish","type":"post","link":"https:\/\/lospoliticosveracruz.com\/?p=54805","title":{"rendered":"Vicencio-Arg\u00fcelles: Mordida de lengua"},"content":{"rendered":"<p><strong>Ricardo Ch\u00faa<\/strong><\/p>\n<p><em>Sale y Vale<\/em><\/p>\n<p>OJO&#8230; Mucha gente en Veracruz contin\u00faa preguntado si verdaderamente, es cierto que el virus del COVID-19 existe en el mundo&#8230; Lo que les responden en redes sociales, es contundente a todos aquellos que son incr\u00e9dulos: \u00abSe\u00f1ores.. Las iglesias y bares se cerraron en esta contingencia&#8230; Y cuando el cielo y el infierno&#8230; Se ponen de acuerdo en algo&#8230; Es que el problema debe ser muy serio\u00bb&#8230;. AMEN Y VADE RETRO..<\/p>\n<p>CUITL\u00c1HUAC, EL CONSERVADOR&#8230; Desde las oficinas de Palacio de Gobierno, han vuelto a iniciar una \u00abguerra sucia o fuego amigo\u00bb contra la reci\u00e9n depuesta porque NO FUE CESADA, ex secretar\u00eda del Trabajo, Guadalupe Arg\u00fcelles y su esposo, Gonzalo Vicencio, secretario General de MORENA en Veracruz, con la \u00fanica finalidad de \u00abbajarlo del caballo\u00bb y que de una vez, por todas, deje el camino libre para lograr la presidencia del partido para Esteban Ram\u00edrez Zepeta, el \u00abFavorito\u00bb del gobernador, Cuitl\u00e1huac Garc\u00eda, para quedarse en el cargo&#8230;<\/p>\n<p>Aqu\u00ed lo que menos importa es, si el hijo del matrimonio Vicencio Arguelles, haya sido detenido con estupefacientes y en un carro oficial del gobierno del Estado&#8230; Ya que esta administraci\u00f3n no investiga nada al respecto&#8230; Lo que desea es politizar la renuncia de la ex funcionaria y \u00abquemar\u00bb a su marido dentro de MORENA ocupando el presunto delito del hijo&#8230; Cu\u00e1ntas veces no se ha visto eso&#8230; Se\u00f1alan a la ex titular de STPS de haber actuado con \u00abINFLUYENTISMO\u00bb en su cargo&#8230; Y QUI\u00c9N LES DIO EL EJEMPLO.. A poco creen que fue as\u00ed nada m\u00e1s&#8230;.<\/p>\n<p>Si el gobierno estatal y sus ALTOS FUNCIONARIOS antes de hablar de INFLUYENTISMO para \u00abgolpear\u00bb pol\u00edticamente al adversario m\u00e1s fuerte que tiene Cuitl\u00e1huac Garc\u00eda para la dirigencia de MORENA&#8230; Ponen a la Contralor\u00eda del Estado a investigar el tr\u00e1fico de influencias y conflictos de intereses por la LARGA LISTA DE FAMILIARES en PUESTOS CLAVES en Sefiplan, Seguridad P\u00fablica, DIF, SEDESOL, SIOP y muchas dependencias donde se operan recursos adiestra y siniestra&#8230; Se llevar\u00edan \u00abgratas\u00bb sorpresas<\/p>\n<p>Sobre todo porque DOS de los principales \u00abinquilinos\u00bb de Palacio de Gobierno, no saldr\u00edan bien librados de la investigaci\u00f3n&#8230; Pero en MORENA es cosa de todos los d\u00edas&#8230; Sobre todo porque al interior del partido&#8230; Sus bases est\u00e1n consientes, que parte de esos recursos (no todos porque algo se queda) se utilizan para financiar la campa\u00f1a del \u00abfavorito\u00bb del gobierno para tratar de imponerlo como su l\u00edder estatal&#8230; \u00bfAcaso pensaron que MORENA ser\u00eda diferente?&#8230; Si Cuitl\u00e1huac es un \u00abconservador\u00bb&#8230; LOS JUGADORES CAMBIAN, EL JUEGO NO&#8230;<\/p>\n<p>DE NUEVO, LA ENSE\u00d1ANZA&#8230; Hace un tiempo mencionamos que cierto pol\u00edtico veracruzano durante el sexenio de Miguel Alem\u00e1n Velasco en Veracruz, le pregunt\u00f3 al ex Presidente, Luis Echeverr\u00eda Alvarez, que se encontraba de visita familiar en Tlacotalpan&#8230; Ah\u00ed, ambos, sentados en una silla tlacotalpe\u00f1a, le solt\u00f3 la pregunta: \u00ab\u00bfSe\u00f1or para que le sirve un gobernador a un Presidente en funciones?\u00bb.. Echeverr\u00eda respondi\u00f3 escuetamente: \u00abSiempre han servido s\u00f3lo para dos cosas, no m\u00e1s\u00bb&#8230;<\/p>\n<p>Abundo el Ex Presidente: \u00abUno para no crearle problemas al Presidente y lo segundo para GANAR elecciones locales en sus Estados\u00bb&#8230; Esto lo recordamos porque L\u00f3pez Obrador, es una \u00abhechura\u00bb pol\u00edtica del \u00abEcheverrismo\u00bb.. Y, en Veracruz, las quejas de la sociedad son la mismas: Pandem\u00eda del Coronavirus descontrolada, crisis econ\u00f3mica creciente y violencia generalizada&#8230; S\u00f3lo faltan las elecciones locales&#8230; \u00bfEntregar\u00e1 MORENA y gobierno estatal buenas cuentas en Veracruz\u00bb&#8230; No confunda con \u00abtemporada de zop\u00edlotes\u00bb&#8230; S\u00f3lo es duda&#8230;<\/p>\n<p>Y Cuitl\u00e1hauc lo sabe.. Ya que todos estos reclamos son para el Presidente (\u00c9l como gobernador ya le crea m\u00e1s problemas)&#8230; Para el colmo, \u00aben la plenitud del pinche poder\u00bb tanto federal como estatal&#8230; Veracruz, uno de los sitios, que dio 2 millones de votos a AMLO, es donde la aprobaci\u00f3n a su administraci\u00f3n ha bajado una barbaridad&#8230;. Los partidos pol\u00edticos de oposici\u00f3n se\u00f1alan que si hoy fuera la elecci\u00f3n presidencial&#8230; A duras penas, la entidad le estar\u00eda dando UN MILL\u00d3N de votos a L\u00f3pez Obrador&#8230; \u00bfD\u00f3nde est\u00e1 el otro mill\u00f3n?&#8230;<\/p>\n<p>Acaso esa baja en su aprobaci\u00f3n como gobierno federal&#8230; \u00bfNo es crearle un problema al Presidente?&#8230; Y el responsable del partido y del gobierno de Veracruz tiene nombre y apellido: Cuitl\u00e1huac Garc\u00eda Jim\u00e9nez&#8230; Y es que si no pudo mantener los indicadores altos para su gobierno, que s\u00f3lo obtuvo 400 mil votos menos que el Presidente, menos iba a poder mantener esos indicadores para L\u00f3pez Obrador&#8230; 17 meses y la ca\u00edda de ambos gobiernos, es m\u00e1s que latente&#8230; Perdieron el apoyo de la sociedad s\u00f3lo conservan sus bases&#8230;<\/p>\n<p>Sobre todo porque ahora le est\u00e1 echando la culpa al Presidente de M\u00e9xico&#8230; Que ni siquiera hace p\u00fablico un RESPALDO al gobierno de Cuitl\u00e1huac Garc\u00eda, como hac\u00eda en 2019&#8230; Tan s\u00f3lo para darle \u00abvoto de confianza\u00bb&#8230; Ya que al no hacerlo aunque sea por mensaje grabado, se percibe que el gobernador est\u00e1 \u00abfr\u00edo\u00bb con el Presidente.. Por los problemas que le da en lo pol\u00edtico y gobierno&#8230;. As\u00ed que despu\u00e9s que pase la pandem\u00eda del COVID&#8230; Se ver\u00e1 realmente si Cuitl\u00e1huac Garc\u00eda pas\u00f3 la \u00abprueba\u00bb de gobierno&#8230;<\/p>\n<p>Sobre todo si la logro con su \u00abestrategia\u00bb para enfrentarla y eso le haga quedar bien ante los OJOS de L\u00f3pez Obrador&#8230; Ya que de la operaci\u00f3n de los gobernadores en estas fechas, depende que refrende el poder en la c\u00e1mara de diputados federales en 2021&#8230; Y, sobre todo, si el propio mandatario veracruzano puede ganar SU elecci\u00f3n local ese mismo a\u00f1o y tener el control del Congreso del Estado porque sino \u00abun gobernador, s\u00f3lo le sirve a un Presidente para dos cosas\u00bb&#8230; REMEMBER A ECHEVERR\u00cdA<\/p>\n<p>PD&#8230; Mejor Cuitl\u00e1huac Garc\u00eda, no HUBIERA PRESUMIDO que de domingo a lunes no hubo HOMICIDIOS&#8230; Unas horas antes, en la madrugada, Carlos Navarro, muri\u00f3 de manera extra\u00f1a en separos del Cuartel \u00abSan Jose\u00bb en Xalapa&#8230; Dado que el reporte dice que muri\u00f3 de un infarto a los 33 a\u00f1os, pero la familia acusa que fue golpeado hasta fallecer por elementos de Seguridad P\u00fablica porque presentaba huellas en su cuerpo&#8230; Hay que ver que dictamina la FGE&#8230; \u00bfCrimen sin castigo?&#8230; El caso es que el Gobernador la trae \u00abchueca\u00bb, como se dice en Veracruz, cuando nada te sale bien&#8230; AMEN&#8230;<\/p>\n","protected":false},"excerpt":{"rendered":"<p>Ricardo Ch\u00faa Sale y Vale OJO&#8230; Mucha gente en Veracruz contin\u00faa preguntado si verdaderamente, es cierto que el virus del COVID-19 existe en el mundo&#8230; Lo que les responden en redes sociales, es contundente a todos aquellos que son incr\u00e9dulos: \u00abSe\u00f1ores.. Las iglesias y bares se cerraron en esta contingencia&#8230; Y cuando el cielo y [&hellip;]<\/p>\n","protected":false},"author":2,"featured_media":0,"comment_status":"open","ping_status":"open","sticky":false,"template":"","format":"standard","meta":{"tdm_status":"","tdm_grid_status":"","footnotes":""},"categories":[70],"tags":[16673,1563,17053,15016,14167,15459,1800,13604,676,195],"class_list":{"0":"post-54805","1":"post","2":"type-post","3":"status-publish","4":"format-standard","6":"category-de-opinion","7":"tag-covid-19","8":"tag-cuitlahuac-garcia-jimenez","9":"tag-esteban-ramirez-zepeta","10":"tag-gonzalo-vicencio","11":"tag-guadalupe-arguelles","12":"tag-luis-echeverria-alvarez","13":"tag-miguel-aleman-velasco","14":"tag-ricardo-chua","15":"tag-tlacotalpan","16":"tag-veracruz"},"yoast_head":"<!-- This site is optimized with the Yoast SEO plugin v27.4 - https:\/\/yoast.com\/product\/yoast-seo-wordpress\/ -->\n<title>Vicencio-Arg\u00fcelles: Mordida de lengua - Los pol\u00edticos Veracruz<\/title>\n<meta name=\"robots\" content=\"index, follow, max-snippet:-1, max-image-preview:large, max-video-preview:-1\" \/>\n<link rel=\"canonical\" href=\"https:\/\/lospoliticosveracruz.com\/?p=54805\" \/>\n<meta property=\"og:locale\" content=\"es_ES\" \/>\n<meta property=\"og:type\" content=\"article\" \/>\n<meta property=\"og:title\" content=\"Vicencio-Arg\u00fcelles: Mordida de lengua - Los pol\u00edticos Veracruz\" \/>\n<meta property=\"og:description\" content=\"Ricardo Ch\u00faa Sale y Vale OJO&#8230; Mucha gente en Veracruz contin\u00faa preguntado si verdaderamente, es cierto que el virus del COVID-19 existe en el mundo&#8230; Lo que les responden en redes sociales, es contundente a todos aquellos que son incr\u00e9dulos: \u00abSe\u00f1ores.. Las iglesias y bares se cerraron en esta contingencia&#8230; Y cuando el cielo y [&hellip;]\" \/>\n<meta property=\"og:url\" content=\"https:\/\/lospoliticosveracruz.com\/?p=54805\" \/>\n<meta property=\"og:site_name\" content=\"Los pol\u00edticos Veracruz\" \/>\n<meta property=\"article:publisher\" content=\"https:\/\/www.facebook.com\/people\/Notimemes-de-los-Polticos\/61565672886568\/\" \/>\n<meta property=\"article:published_time\" content=\"2020-05-05T14:02:27+00:00\" \/>\n<meta property=\"og:image\" content=\"https:\/\/lospoliticosveracruz.com\/wp-content\/uploads\/2016\/07\/Logo-Dor.jpg\" \/>\n\t<meta property=\"og:image:width\" content=\"200\" \/>\n\t<meta property=\"og:image:height\" content=\"200\" \/>\n\t<meta property=\"og:image:type\" content=\"image\/jpeg\" \/>\n<meta name=\"author\" content=\"Lo viste en Los Pol\u00edticos\" \/>\n<meta name=\"twitter:card\" content=\"summary_large_image\" \/>\n<meta name=\"twitter:creator\" content=\"@LosPoliticosVer\" \/>\n<meta name=\"twitter:site\" content=\"@LosPoliticosVer\" \/>\n<meta name=\"twitter:label1\" content=\"Escrito por\" \/>\n\t<meta name=\"twitter:data1\" content=\"Lo viste en Los Pol\u00edticos\" \/>\n\t<meta name=\"twitter:label2\" content=\"Tiempo de lectura\" \/>\n\t<meta name=\"twitter:data2\" content=\"6 minutos\" \/>\n<script type=\"application\/ld+json\" class=\"yoast-schema-graph\">{\"@context\":\"https:\\\/\\\/schema.org\",\"@graph\":[{\"@type\":\"Article\",\"@id\":\"https:\\\/\\\/lospoliticosveracruz.com\\\/?p=54805#article\",\"isPartOf\":{\"@id\":\"https:\\\/\\\/lospoliticosveracruz.com\\\/?p=54805\"},\"author\":{\"name\":\"Lo viste en Los Pol\u00edticos\",\"@id\":\"https:\\\/\\\/lospoliticosveracruz.com\\\/#\\\/schema\\\/person\\\/b8702bb0e538456e6efd07080bf2a4a2\"},\"headline\":\"Vicencio-Arg\u00fcelles: Mordida de lengua\",\"datePublished\":\"2020-05-05T14:02:27+00:00\",\"mainEntityOfPage\":{\"@id\":\"https:\\\/\\\/lospoliticosveracruz.com\\\/?p=54805\"},\"wordCount\":1110,\"commentCount\":0,\"publisher\":{\"@id\":\"https:\\\/\\\/lospoliticosveracruz.com\\\/#organization\"},\"keywords\":[\"Covid 19\",\"Cuitl\u00e1huac Garc\u00eda Jim\u00e9nez\",\"Esteban Ram\u00edrez Zepeta\",\"Gonzalo Vicencio\",\"Guadalupe Arg\u00fcelles\",\"Luis Echeverr\u00eda \u00c1lvarez\",\"Miguel Alem\u00e1n Velasco\",\"Ricardo Ch\u00faa\",\"Tlacotalpan\",\"Veracruz\"],\"articleSection\":[\"De Opini\u00f3n\"],\"inLanguage\":\"es\",\"potentialAction\":[{\"@type\":\"CommentAction\",\"name\":\"Comment\",\"target\":[\"https:\\\/\\\/lospoliticosveracruz.com\\\/?p=54805#respond\"]}]},{\"@type\":\"WebPage\",\"@id\":\"https:\\\/\\\/lospoliticosveracruz.com\\\/?p=54805\",\"url\":\"https:\\\/\\\/lospoliticosveracruz.com\\\/?p=54805\",\"name\":\"Vicencio-Arg\u00fcelles: Mordida de lengua - Los pol\u00edticos Veracruz\",\"isPartOf\":{\"@id\":\"https:\\\/\\\/lospoliticosveracruz.com\\\/#website\"},\"datePublished\":\"2020-05-05T14:02:27+00:00\",\"breadcrumb\":{\"@id\":\"https:\\\/\\\/lospoliticosveracruz.com\\\/?p=54805#breadcrumb\"},\"inLanguage\":\"es\",\"potentialAction\":[{\"@type\":\"ReadAction\",\"target\":[\"https:\\\/\\\/lospoliticosveracruz.com\\\/?p=54805\"]}]},{\"@type\":\"BreadcrumbList\",\"@id\":\"https:\\\/\\\/lospoliticosveracruz.com\\\/?p=54805#breadcrumb\",\"itemListElement\":[{\"@type\":\"ListItem\",\"position\":1,\"name\":\"Portada\",\"item\":\"https:\\\/\\\/lospoliticosveracruz.com\\\/\"},{\"@type\":\"ListItem\",\"position\":2,\"name\":\"Vicencio-Arg\u00fcelles: Mordida de lengua\"}]},{\"@type\":\"WebSite\",\"@id\":\"https:\\\/\\\/lospoliticosveracruz.com\\\/#website\",\"url\":\"https:\\\/\\\/lospoliticosveracruz.com\\\/\",\"name\":\"Los pol\u00edticos Veracruz\",\"description\":\"\",\"publisher\":{\"@id\":\"https:\\\/\\\/lospoliticosveracruz.com\\\/#organization\"},\"potentialAction\":[{\"@type\":\"SearchAction\",\"target\":{\"@type\":\"EntryPoint\",\"urlTemplate\":\"https:\\\/\\\/lospoliticosveracruz.com\\\/?s={search_term_string}\"},\"query-input\":{\"@type\":\"PropertyValueSpecification\",\"valueRequired\":true,\"valueName\":\"search_term_string\"}}],\"inLanguage\":\"es\"},{\"@type\":\"Organization\",\"@id\":\"https:\\\/\\\/lospoliticosveracruz.com\\\/#organization\",\"name\":\"Los pol\u00edticos Veracruz\",\"url\":\"https:\\\/\\\/lospoliticosveracruz.com\\\/\",\"logo\":{\"@type\":\"ImageObject\",\"inLanguage\":\"es\",\"@id\":\"https:\\\/\\\/lospoliticosveracruz.com\\\/#\\\/schema\\\/logo\\\/image\\\/\",\"url\":\"https:\\\/\\\/lospoliticosveracruz.com\\\/wp-content\\\/uploads\\\/2025\\\/12\\\/Logo-Nuevo-LOS-POLITICOS-1.jpg\",\"contentUrl\":\"https:\\\/\\\/lospoliticosveracruz.com\\\/wp-content\\\/uploads\\\/2025\\\/12\\\/Logo-Nuevo-LOS-POLITICOS-1.jpg\",\"width\":260,\"height\":70,\"caption\":\"Los pol\u00edticos Veracruz\"},\"image\":{\"@id\":\"https:\\\/\\\/lospoliticosveracruz.com\\\/#\\\/schema\\\/logo\\\/image\\\/\"},\"sameAs\":[\"https:\\\/\\\/www.facebook.com\\\/people\\\/Notimemes-de-los-Polticos\\\/61565672886568\\\/\",\"https:\\\/\\\/x.com\\\/LosPoliticosVer\"]},{\"@type\":\"Person\",\"@id\":\"https:\\\/\\\/lospoliticosveracruz.com\\\/#\\\/schema\\\/person\\\/b8702bb0e538456e6efd07080bf2a4a2\",\"name\":\"Lo viste en Los Pol\u00edticos\",\"image\":{\"@type\":\"ImageObject\",\"inLanguage\":\"es\",\"@id\":\"https:\\\/\\\/secure.gravatar.com\\\/avatar\\\/3a8de04a2656d44082be478bd6c086daa447c4651605818287b9532d3d0bd435?s=96&d=mm&r=g\",\"url\":\"https:\\\/\\\/secure.gravatar.com\\\/avatar\\\/3a8de04a2656d44082be478bd6c086daa447c4651605818287b9532d3d0bd435?s=96&d=mm&r=g\",\"contentUrl\":\"https:\\\/\\\/secure.gravatar.com\\\/avatar\\\/3a8de04a2656d44082be478bd6c086daa447c4651605818287b9532d3d0bd435?s=96&d=mm&r=g\",\"caption\":\"Lo viste en Los Pol\u00edticos\"},\"url\":\"https:\\\/\\\/lospoliticosveracruz.com\\\/?author=2\"}]}<\/script>\n<!-- \/ Yoast SEO plugin. -->","yoast_head_json":{"title":"Vicencio-Arg\u00fcelles: Mordida de lengua - Los pol\u00edticos Veracruz","robots":{"index":"index","follow":"follow","max-snippet":"max-snippet:-1","max-image-preview":"max-image-preview:large","max-video-preview":"max-video-preview:-1"},"canonical":"https:\/\/lospoliticosveracruz.com\/?p=54805","og_locale":"es_ES","og_type":"article","og_title":"Vicencio-Arg\u00fcelles: Mordida de lengua - Los pol\u00edticos Veracruz","og_description":"Ricardo Ch\u00faa Sale y Vale OJO&#8230; Mucha gente en Veracruz contin\u00faa preguntado si verdaderamente, es cierto que el virus del COVID-19 existe en el mundo&#8230; Lo que les responden en redes sociales, es contundente a todos aquellos que son incr\u00e9dulos: \u00abSe\u00f1ores.. Las iglesias y bares se cerraron en esta contingencia&#8230; Y cuando el cielo y [&hellip;]","og_url":"https:\/\/lospoliticosveracruz.com\/?p=54805","og_site_name":"Los pol\u00edticos Veracruz","article_publisher":"https:\/\/www.facebook.com\/people\/Notimemes-de-los-Polticos\/61565672886568\/","article_published_time":"2020-05-05T14:02:27+00:00","og_image":[{"width":200,"height":200,"url":"https:\/\/lospoliticosveracruz.com\/wp-content\/uploads\/2016\/07\/Logo-Dor.jpg","type":"image\/jpeg"}],"author":"Lo viste en Los Pol\u00edticos","twitter_card":"summary_large_image","twitter_creator":"@LosPoliticosVer","twitter_site":"@LosPoliticosVer","twitter_misc":{"Escrito por":"Lo viste en Los Pol\u00edticos","Tiempo de lectura":"6 minutos"},"schema":{"@context":"https:\/\/schema.org","@graph":[{"@type":"Article","@id":"https:\/\/lospoliticosveracruz.com\/?p=54805#article","isPartOf":{"@id":"https:\/\/lospoliticosveracruz.com\/?p=54805"},"author":{"name":"Lo viste en Los Pol\u00edticos","@id":"https:\/\/lospoliticosveracruz.com\/#\/schema\/person\/b8702bb0e538456e6efd07080bf2a4a2"},"headline":"Vicencio-Arg\u00fcelles: Mordida de lengua","datePublished":"2020-05-05T14:02:27+00:00","mainEntityOfPage":{"@id":"https:\/\/lospoliticosveracruz.com\/?p=54805"},"wordCount":1110,"commentCount":0,"publisher":{"@id":"https:\/\/lospoliticosveracruz.com\/#organization"},"keywords":["Covid 19","Cuitl\u00e1huac Garc\u00eda Jim\u00e9nez","Esteban Ram\u00edrez Zepeta","Gonzalo Vicencio","Guadalupe Arg\u00fcelles","Luis Echeverr\u00eda \u00c1lvarez","Miguel Alem\u00e1n Velasco","Ricardo Ch\u00faa","Tlacotalpan","Veracruz"],"articleSection":["De Opini\u00f3n"],"inLanguage":"es","potentialAction":[{"@type":"CommentAction","name":"Comment","target":["https:\/\/lospoliticosveracruz.com\/?p=54805#respond"]}]},{"@type":"WebPage","@id":"https:\/\/lospoliticosveracruz.com\/?p=54805","url":"https:\/\/lospoliticosveracruz.com\/?p=54805","name":"Vicencio-Arg\u00fcelles: Mordida de lengua - Los pol\u00edticos Veracruz","isPartOf":{"@id":"https:\/\/lospoliticosveracruz.com\/#website"},"datePublished":"2020-05-05T14:02:27+00:00","breadcrumb":{"@id":"https:\/\/lospoliticosveracruz.com\/?p=54805#breadcrumb"},"inLanguage":"es","potentialAction":[{"@type":"ReadAction","target":["https:\/\/lospoliticosveracruz.com\/?p=54805"]}]},{"@type":"BreadcrumbList","@id":"https:\/\/lospoliticosveracruz.com\/?p=54805#breadcrumb","itemListElement":[{"@type":"ListItem","position":1,"name":"Portada","item":"https:\/\/lospoliticosveracruz.com\/"},{"@type":"ListItem","position":2,"name":"Vicencio-Arg\u00fcelles: Mordida de lengua"}]},{"@type":"WebSite","@id":"https:\/\/lospoliticosveracruz.com\/#website","url":"https:\/\/lospoliticosveracruz.com\/","name":"Los pol\u00edticos Veracruz","description":"","publisher":{"@id":"https:\/\/lospoliticosveracruz.com\/#organization"},"potentialAction":[{"@type":"SearchAction","target":{"@type":"EntryPoint","urlTemplate":"https:\/\/lospoliticosveracruz.com\/?s={search_term_string}"},"query-input":{"@type":"PropertyValueSpecification","valueRequired":true,"valueName":"search_term_string"}}],"inLanguage":"es"},{"@type":"Organization","@id":"https:\/\/lospoliticosveracruz.com\/#organization","name":"Los pol\u00edticos Veracruz","url":"https:\/\/lospoliticosveracruz.com\/","logo":{"@type":"ImageObject","inLanguage":"es","@id":"https:\/\/lospoliticosveracruz.com\/#\/schema\/logo\/image\/","url":"https:\/\/lospoliticosveracruz.com\/wp-content\/uploads\/2025\/12\/Logo-Nuevo-LOS-POLITICOS-1.jpg","contentUrl":"https:\/\/lospoliticosveracruz.com\/wp-content\/uploads\/2025\/12\/Logo-Nuevo-LOS-POLITICOS-1.jpg","width":260,"height":70,"caption":"Los pol\u00edticos Veracruz"},"image":{"@id":"https:\/\/lospoliticosveracruz.com\/#\/schema\/logo\/image\/"},"sameAs":["https:\/\/www.facebook.com\/people\/Notimemes-de-los-Polticos\/61565672886568\/","https:\/\/x.com\/LosPoliticosVer"]},{"@type":"Person","@id":"https:\/\/lospoliticosveracruz.com\/#\/schema\/person\/b8702bb0e538456e6efd07080bf2a4a2","name":"Lo viste en Los Pol\u00edticos","image":{"@type":"ImageObject","inLanguage":"es","@id":"https:\/\/secure.gravatar.com\/avatar\/3a8de04a2656d44082be478bd6c086daa447c4651605818287b9532d3d0bd435?s=96&d=mm&r=g","url":"https:\/\/secure.gravatar.com\/avatar\/3a8de04a2656d44082be478bd6c086daa447c4651605818287b9532d3d0bd435?s=96&d=mm&r=g","contentUrl":"https:\/\/secure.gravatar.com\/avatar\/3a8de04a2656d44082be478bd6c086daa447c4651605818287b9532d3d0bd435?s=96&d=mm&r=g","caption":"Lo viste en Los Pol\u00edticos"},"url":"https:\/\/lospoliticosveracruz.com\/?author=2"}]}},"_links":{"self":[{"href":"https:\/\/lospoliticosveracruz.com\/index.php?rest_route=\/wp\/v2\/posts\/54805","targetHints":{"allow":["GET"]}}],"collection":[{"href":"https:\/\/lospoliticosveracruz.com\/index.php?rest_route=\/wp\/v2\/posts"}],"about":[{"href":"https:\/\/lospoliticosveracruz.com\/index.php?rest_route=\/wp\/v2\/types\/post"}],"author":[{"embeddable":true,"href":"https:\/\/lospoliticosveracruz.com\/index.php?rest_route=\/wp\/v2\/users\/2"}],"replies":[{"embeddable":true,"href":"https:\/\/lospoliticosveracruz.com\/index.php?rest_route=%2Fwp%2Fv2%2Fcomments&post=54805"}],"version-history":[{"count":1,"href":"https:\/\/lospoliticosveracruz.com\/index.php?rest_route=\/wp\/v2\/posts\/54805\/revisions"}],"predecessor-version":[{"id":54806,"href":"https:\/\/lospoliticosveracruz.com\/index.php?rest_route=\/wp\/v2\/posts\/54805\/revisions\/54806"}],"wp:attachment":[{"href":"https:\/\/lospoliticosveracruz.com\/index.php?rest_route=%2Fwp%2Fv2%2Fmedia&parent=54805"}],"wp:term":[{"taxonomy":"category","embeddable":true,"href":"https:\/\/lospoliticosveracruz.com\/index.php?rest_route=%2Fwp%2Fv2%2Fcategories&post=54805"},{"taxonomy":"post_tag","embeddable":true,"href":"https:\/\/lospoliticosveracruz.com\/index.php?rest_route=%2Fwp%2Fv2%2Ftags&post=54805"}],"curies":[{"name":"wp","href":"https:\/\/api.w.org\/{rel}","templated":true}]}}