{"id":54825,"date":"2020-05-05T19:44:06","date_gmt":"2020-05-06T00:44:06","guid":{"rendered":"http:\/\/www.lospoliticosveracruz.com.mx\/?p=54825"},"modified":"2020-05-05T19:44:06","modified_gmt":"2020-05-06T00:44:06","slug":"dorheny-pone-para-8-mil-caretas-contra-el-covid-19","status":"publish","type":"post","link":"https:\/\/lospoliticosveracruz.com\/?p=54825","title":{"rendered":"Dorheny pone para 8 mil caretas contra el Covid-19"},"content":{"rendered":"<p>Poco m\u00e1s de ocho mil caretas de protecci\u00f3n \u00fatiles en la contingencia sanitaria por COVID-19 ser\u00e1n producidas en la entidad a trav\u00e9s de Institutos Tecnol\u00f3gicos de Veracruz, lo que es un claro ejemplo de los resultados que se pueden alcanzar cuando existe coordinaci\u00f3n entre las autoridades de los distintos \u00f3rdenes de gobierno, destac\u00f3 la diputada federal Dorheny Cayetano, al realizar la donaci\u00f3n de acr\u00edlico para la elaboraci\u00f3n de las mismas.<\/p>\n<p>La legisladora aprovech\u00f3 para reconocer el trabajo que han realizado las autoridades de salud tanto federal como estatal, as\u00ed como la dedicaci\u00f3n del presidente L\u00f3pez Obrador y del gobernador Cuitl\u00e1huac Garc\u00eda en Veracruz para afrontar de manera responsable y puntual la situaci\u00f3n de pandemia que afecta a los mexicanos y veracruzanos.<\/p>\n<p>Y Junto a ellos, dijo, las enfermeras, m\u00e9dicos, personal de limpieza, camilleros y todos quienes se encuentran atendiendo a los ciudadanos que padecen el virus del Covid-19, \u201cson unos h\u00e9roes\u201d.<\/p>\n<p>Asimismo, hizo un llamado especial a los xalape\u00f1os para que atiendan las recomendaciones de seguridad que brindan las autoridades y los expertos en la materia, se mantengan en confinamiento y no salgan a la calle a menos que sea estrictamente necesario, lo que refleja la responsabilidad y compromiso que caracteriza a quienes habitan la capital del estado.<\/p>\n<p>La joven diputada pidi\u00f3 valorar el talento de los j\u00f3venes de los tecnol\u00f3gicos de todo el estado que ser\u00e1n quienes armar\u00e1n las caretas, esperando que muchas de ellas sean empleadas por elementos del sector salud local, de quienes insisti\u00f3 se trata de personal ejemplar, dedicado, valiente y responsable que pone en riesgo su vida por la de los dem\u00e1s.<\/p>\n<p>Cabe destacar que en total ser\u00e1n elaboradas ocho mil 302 unidades, en los tecnol\u00f3gicos de San Andr\u00e9s Tuxtla, Misantla, Tantoyuca, P\u00e1nuco, Poza Rica, Coatzacoalcos, Xalapa, Tierra Blanca, \u00c1lamo Temapache, Acayucan, Chicontepec, Zongolica, Mart\u00ednez de la Torre y en las Universidades Tecnol\u00f3gicas de Guti\u00e9rrez Zamora y del Centro de Veracruz.<\/p>\n<p>Al respecto, el titular de la SEV, Zenyazen Escobar Garc\u00eda, reiter\u00f3 la disposici\u00f3n que existe de las entidades de educaci\u00f3n superior para que la innovaci\u00f3n, tecnolog\u00eda y conocimiento se emplee en el resguardo de la ciudadan\u00eda durante la eventualidad.<\/p>\n","protected":false},"excerpt":{"rendered":"<p>Poco m\u00e1s de ocho mil caretas de protecci\u00f3n \u00fatiles en la contingencia sanitaria por COVID-19 ser\u00e1n producidas en la entidad a trav\u00e9s de Institutos Tecnol\u00f3gicos de Veracruz, lo que es un claro ejemplo de los resultados que se pueden alcanzar cuando existe coordinaci\u00f3n entre las autoridades de los distintos \u00f3rdenes de gobierno, destac\u00f3 la diputada [&hellip;]<\/p>\n","protected":false},"author":2,"featured_media":0,"comment_status":"open","ping_status":"open","sticky":false,"template":"","format":"standard","meta":{"tdm_status":"","tdm_grid_status":"","footnotes":""},"categories":[73],"tags":[103,17697,17695,4033,371,17074,16673,1681,16533,17326,1003,963,3805,201,935,17696,1267,122,88,752,3198,195,96,12372],"class_list":{"0":"post-54825","1":"post","2":"type-post","3":"status-publish","4":"format-standard","6":"category-de-boleto","7":"tag-acayucan","8":"tag-camilleros","9":"tag-caretas-de-proteccion","10":"tag-chicontepec","11":"tag-coatzacoalcos","12":"tag-contingencia-sanitaria","13":"tag-covid-19","14":"tag-cuitlahuac-garcia","15":"tag-dorheny-cayetano","16":"tag-enfermeras","17":"tag-lopez-obrador","18":"tag-martinez-de-la-torre","19":"tag-medicos","20":"tag-misantla","21":"tag-panuco","22":"tag-personal-de-limpieza","23":"tag-poza-rica","24":"tag-san-andres-tuxtla","25":"tag-sev","26":"tag-tantoyuca","27":"tag-tierra-blanca","28":"tag-veracruz","29":"tag-xalapa","30":"tag-zenyazen-escobar-garcia"},"yoast_head":"<!-- This site is optimized with the Yoast SEO plugin v27.4 - https:\/\/yoast.com\/product\/yoast-seo-wordpress\/ -->\n<title>Dorheny pone para 8 mil caretas contra el Covid-19 - Los pol\u00edticos Veracruz<\/title>\n<meta name=\"robots\" content=\"index, follow, max-snippet:-1, max-image-preview:large, max-video-preview:-1\" \/>\n<link rel=\"canonical\" href=\"https:\/\/lospoliticosveracruz.com\/?p=54825\" \/>\n<meta property=\"og:locale\" content=\"es_ES\" \/>\n<meta property=\"og:type\" content=\"article\" \/>\n<meta property=\"og:title\" content=\"Dorheny pone para 8 mil caretas contra el Covid-19 - Los pol\u00edticos Veracruz\" \/>\n<meta property=\"og:description\" content=\"Poco m\u00e1s de ocho mil caretas de protecci\u00f3n \u00fatiles en la contingencia sanitaria por COVID-19 ser\u00e1n producidas en la entidad a trav\u00e9s de Institutos Tecnol\u00f3gicos de Veracruz, lo que es un claro ejemplo de los resultados que se pueden alcanzar cuando existe coordinaci\u00f3n entre las autoridades de los distintos \u00f3rdenes de gobierno, destac\u00f3 la diputada [&hellip;]\" \/>\n<meta property=\"og:url\" content=\"https:\/\/lospoliticosveracruz.com\/?p=54825\" \/>\n<meta property=\"og:site_name\" content=\"Los pol\u00edticos Veracruz\" \/>\n<meta property=\"article:publisher\" content=\"https:\/\/www.facebook.com\/people\/Notimemes-de-los-Polticos\/61565672886568\/\" \/>\n<meta property=\"article:published_time\" content=\"2020-05-06T00:44:06+00:00\" \/>\n<meta property=\"og:image\" content=\"https:\/\/lospoliticosveracruz.com\/wp-content\/uploads\/2016\/07\/Logo-Dor.jpg\" \/>\n\t<meta property=\"og:image:width\" content=\"200\" \/>\n\t<meta property=\"og:image:height\" content=\"200\" \/>\n\t<meta property=\"og:image:type\" content=\"image\/jpeg\" \/>\n<meta name=\"author\" content=\"Lo viste en Los Pol\u00edticos\" \/>\n<meta name=\"twitter:card\" content=\"summary_large_image\" \/>\n<meta name=\"twitter:creator\" content=\"@LosPoliticosVer\" \/>\n<meta name=\"twitter:site\" content=\"@LosPoliticosVer\" \/>\n<meta name=\"twitter:label1\" content=\"Escrito por\" \/>\n\t<meta name=\"twitter:data1\" content=\"Lo viste en Los Pol\u00edticos\" \/>\n\t<meta name=\"twitter:label2\" content=\"Tiempo de lectura\" \/>\n\t<meta name=\"twitter:data2\" content=\"2 minutos\" \/>\n<script type=\"application\/ld+json\" class=\"yoast-schema-graph\">{\"@context\":\"https:\\\/\\\/schema.org\",\"@graph\":[{\"@type\":\"Article\",\"@id\":\"https:\\\/\\\/lospoliticosveracruz.com\\\/?p=54825#article\",\"isPartOf\":{\"@id\":\"https:\\\/\\\/lospoliticosveracruz.com\\\/?p=54825\"},\"author\":{\"name\":\"Lo viste en Los Pol\u00edticos\",\"@id\":\"https:\\\/\\\/lospoliticosveracruz.com\\\/#\\\/schema\\\/person\\\/b8702bb0e538456e6efd07080bf2a4a2\"},\"headline\":\"Dorheny pone para 8 mil caretas contra el Covid-19\",\"datePublished\":\"2020-05-06T00:44:06+00:00\",\"mainEntityOfPage\":{\"@id\":\"https:\\\/\\\/lospoliticosveracruz.com\\\/?p=54825\"},\"wordCount\":397,\"commentCount\":0,\"publisher\":{\"@id\":\"https:\\\/\\\/lospoliticosveracruz.com\\\/#organization\"},\"keywords\":[\"Acayucan\",\"camilleros\",\"caretas de protecci\u00f3n\",\"Chicontepec\",\"Coatzacoalcos\",\"Contingencia Sanitaria\",\"Covid 19\",\"Cuitl\u00e1huac Garc\u00eda\",\"Dorheny Cayetano\",\"enfermeras\",\"L\u00f3pez Obrador\",\"Mart\u00ednez de la Torre\",\"m\u00e9dicos\",\"Misantla\",\"P\u00e1nuco\",\"personal de limpieza\",\"Poza Rica\",\"San Andr\u00e9s Tuxtla\",\"SEV\",\"Tantoyuca\",\"Tierra Blanca\",\"Veracruz\",\"Xalapa\",\"Zenyazen Escobar Garc\u00eda\"],\"articleSection\":[\"De Boleto\"],\"inLanguage\":\"es\",\"potentialAction\":[{\"@type\":\"CommentAction\",\"name\":\"Comment\",\"target\":[\"https:\\\/\\\/lospoliticosveracruz.com\\\/?p=54825#respond\"]}]},{\"@type\":\"WebPage\",\"@id\":\"https:\\\/\\\/lospoliticosveracruz.com\\\/?p=54825\",\"url\":\"https:\\\/\\\/lospoliticosveracruz.com\\\/?p=54825\",\"name\":\"Dorheny pone para 8 mil caretas contra el Covid-19 - Los pol\u00edticos Veracruz\",\"isPartOf\":{\"@id\":\"https:\\\/\\\/lospoliticosveracruz.com\\\/#website\"},\"datePublished\":\"2020-05-06T00:44:06+00:00\",\"breadcrumb\":{\"@id\":\"https:\\\/\\\/lospoliticosveracruz.com\\\/?p=54825#breadcrumb\"},\"inLanguage\":\"es\",\"potentialAction\":[{\"@type\":\"ReadAction\",\"target\":[\"https:\\\/\\\/lospoliticosveracruz.com\\\/?p=54825\"]}]},{\"@type\":\"BreadcrumbList\",\"@id\":\"https:\\\/\\\/lospoliticosveracruz.com\\\/?p=54825#breadcrumb\",\"itemListElement\":[{\"@type\":\"ListItem\",\"position\":1,\"name\":\"Portada\",\"item\":\"https:\\\/\\\/lospoliticosveracruz.com\\\/\"},{\"@type\":\"ListItem\",\"position\":2,\"name\":\"Dorheny pone para 8 mil caretas contra el Covid-19\"}]},{\"@type\":\"WebSite\",\"@id\":\"https:\\\/\\\/lospoliticosveracruz.com\\\/#website\",\"url\":\"https:\\\/\\\/lospoliticosveracruz.com\\\/\",\"name\":\"Los pol\u00edticos Veracruz\",\"description\":\"\",\"publisher\":{\"@id\":\"https:\\\/\\\/lospoliticosveracruz.com\\\/#organization\"},\"potentialAction\":[{\"@type\":\"SearchAction\",\"target\":{\"@type\":\"EntryPoint\",\"urlTemplate\":\"https:\\\/\\\/lospoliticosveracruz.com\\\/?s={search_term_string}\"},\"query-input\":{\"@type\":\"PropertyValueSpecification\",\"valueRequired\":true,\"valueName\":\"search_term_string\"}}],\"inLanguage\":\"es\"},{\"@type\":\"Organization\",\"@id\":\"https:\\\/\\\/lospoliticosveracruz.com\\\/#organization\",\"name\":\"Los pol\u00edticos Veracruz\",\"url\":\"https:\\\/\\\/lospoliticosveracruz.com\\\/\",\"logo\":{\"@type\":\"ImageObject\",\"inLanguage\":\"es\",\"@id\":\"https:\\\/\\\/lospoliticosveracruz.com\\\/#\\\/schema\\\/logo\\\/image\\\/\",\"url\":\"https:\\\/\\\/lospoliticosveracruz.com\\\/wp-content\\\/uploads\\\/2025\\\/12\\\/Logo-Nuevo-LOS-POLITICOS-1.jpg\",\"contentUrl\":\"https:\\\/\\\/lospoliticosveracruz.com\\\/wp-content\\\/uploads\\\/2025\\\/12\\\/Logo-Nuevo-LOS-POLITICOS-1.jpg\",\"width\":260,\"height\":70,\"caption\":\"Los pol\u00edticos Veracruz\"},\"image\":{\"@id\":\"https:\\\/\\\/lospoliticosveracruz.com\\\/#\\\/schema\\\/logo\\\/image\\\/\"},\"sameAs\":[\"https:\\\/\\\/www.facebook.com\\\/people\\\/Notimemes-de-los-Polticos\\\/61565672886568\\\/\",\"https:\\\/\\\/x.com\\\/LosPoliticosVer\"]},{\"@type\":\"Person\",\"@id\":\"https:\\\/\\\/lospoliticosveracruz.com\\\/#\\\/schema\\\/person\\\/b8702bb0e538456e6efd07080bf2a4a2\",\"name\":\"Lo viste en Los Pol\u00edticos\",\"image\":{\"@type\":\"ImageObject\",\"inLanguage\":\"es\",\"@id\":\"https:\\\/\\\/secure.gravatar.com\\\/avatar\\\/3a8de04a2656d44082be478bd6c086daa447c4651605818287b9532d3d0bd435?s=96&d=mm&r=g\",\"url\":\"https:\\\/\\\/secure.gravatar.com\\\/avatar\\\/3a8de04a2656d44082be478bd6c086daa447c4651605818287b9532d3d0bd435?s=96&d=mm&r=g\",\"contentUrl\":\"https:\\\/\\\/secure.gravatar.com\\\/avatar\\\/3a8de04a2656d44082be478bd6c086daa447c4651605818287b9532d3d0bd435?s=96&d=mm&r=g\",\"caption\":\"Lo viste en Los Pol\u00edticos\"},\"url\":\"https:\\\/\\\/lospoliticosveracruz.com\\\/?author=2\"}]}<\/script>\n<!-- \/ Yoast SEO plugin. -->","yoast_head_json":{"title":"Dorheny pone para 8 mil caretas contra el Covid-19 - Los pol\u00edticos Veracruz","robots":{"index":"index","follow":"follow","max-snippet":"max-snippet:-1","max-image-preview":"max-image-preview:large","max-video-preview":"max-video-preview:-1"},"canonical":"https:\/\/lospoliticosveracruz.com\/?p=54825","og_locale":"es_ES","og_type":"article","og_title":"Dorheny pone para 8 mil caretas contra el Covid-19 - Los pol\u00edticos Veracruz","og_description":"Poco m\u00e1s de ocho mil caretas de protecci\u00f3n \u00fatiles en la contingencia sanitaria por COVID-19 ser\u00e1n producidas en la entidad a trav\u00e9s de Institutos Tecnol\u00f3gicos de Veracruz, lo que es un claro ejemplo de los resultados que se pueden alcanzar cuando existe coordinaci\u00f3n entre las autoridades de los distintos \u00f3rdenes de gobierno, destac\u00f3 la diputada [&hellip;]","og_url":"https:\/\/lospoliticosveracruz.com\/?p=54825","og_site_name":"Los pol\u00edticos Veracruz","article_publisher":"https:\/\/www.facebook.com\/people\/Notimemes-de-los-Polticos\/61565672886568\/","article_published_time":"2020-05-06T00:44:06+00:00","og_image":[{"width":200,"height":200,"url":"https:\/\/lospoliticosveracruz.com\/wp-content\/uploads\/2016\/07\/Logo-Dor.jpg","type":"image\/jpeg"}],"author":"Lo viste en Los Pol\u00edticos","twitter_card":"summary_large_image","twitter_creator":"@LosPoliticosVer","twitter_site":"@LosPoliticosVer","twitter_misc":{"Escrito por":"Lo viste en Los Pol\u00edticos","Tiempo de lectura":"2 minutos"},"schema":{"@context":"https:\/\/schema.org","@graph":[{"@type":"Article","@id":"https:\/\/lospoliticosveracruz.com\/?p=54825#article","isPartOf":{"@id":"https:\/\/lospoliticosveracruz.com\/?p=54825"},"author":{"name":"Lo viste en Los Pol\u00edticos","@id":"https:\/\/lospoliticosveracruz.com\/#\/schema\/person\/b8702bb0e538456e6efd07080bf2a4a2"},"headline":"Dorheny pone para 8 mil caretas contra el Covid-19","datePublished":"2020-05-06T00:44:06+00:00","mainEntityOfPage":{"@id":"https:\/\/lospoliticosveracruz.com\/?p=54825"},"wordCount":397,"commentCount":0,"publisher":{"@id":"https:\/\/lospoliticosveracruz.com\/#organization"},"keywords":["Acayucan","camilleros","caretas de protecci\u00f3n","Chicontepec","Coatzacoalcos","Contingencia Sanitaria","Covid 19","Cuitl\u00e1huac Garc\u00eda","Dorheny Cayetano","enfermeras","L\u00f3pez Obrador","Mart\u00ednez de la Torre","m\u00e9dicos","Misantla","P\u00e1nuco","personal de limpieza","Poza Rica","San Andr\u00e9s Tuxtla","SEV","Tantoyuca","Tierra Blanca","Veracruz","Xalapa","Zenyazen Escobar Garc\u00eda"],"articleSection":["De Boleto"],"inLanguage":"es","potentialAction":[{"@type":"CommentAction","name":"Comment","target":["https:\/\/lospoliticosveracruz.com\/?p=54825#respond"]}]},{"@type":"WebPage","@id":"https:\/\/lospoliticosveracruz.com\/?p=54825","url":"https:\/\/lospoliticosveracruz.com\/?p=54825","name":"Dorheny pone para 8 mil caretas contra el Covid-19 - Los pol\u00edticos Veracruz","isPartOf":{"@id":"https:\/\/lospoliticosveracruz.com\/#website"},"datePublished":"2020-05-06T00:44:06+00:00","breadcrumb":{"@id":"https:\/\/lospoliticosveracruz.com\/?p=54825#breadcrumb"},"inLanguage":"es","potentialAction":[{"@type":"ReadAction","target":["https:\/\/lospoliticosveracruz.com\/?p=54825"]}]},{"@type":"BreadcrumbList","@id":"https:\/\/lospoliticosveracruz.com\/?p=54825#breadcrumb","itemListElement":[{"@type":"ListItem","position":1,"name":"Portada","item":"https:\/\/lospoliticosveracruz.com\/"},{"@type":"ListItem","position":2,"name":"Dorheny pone para 8 mil caretas contra el Covid-19"}]},{"@type":"WebSite","@id":"https:\/\/lospoliticosveracruz.com\/#website","url":"https:\/\/lospoliticosveracruz.com\/","name":"Los pol\u00edticos Veracruz","description":"","publisher":{"@id":"https:\/\/lospoliticosveracruz.com\/#organization"},"potentialAction":[{"@type":"SearchAction","target":{"@type":"EntryPoint","urlTemplate":"https:\/\/lospoliticosveracruz.com\/?s={search_term_string}"},"query-input":{"@type":"PropertyValueSpecification","valueRequired":true,"valueName":"search_term_string"}}],"inLanguage":"es"},{"@type":"Organization","@id":"https:\/\/lospoliticosveracruz.com\/#organization","name":"Los pol\u00edticos Veracruz","url":"https:\/\/lospoliticosveracruz.com\/","logo":{"@type":"ImageObject","inLanguage":"es","@id":"https:\/\/lospoliticosveracruz.com\/#\/schema\/logo\/image\/","url":"https:\/\/lospoliticosveracruz.com\/wp-content\/uploads\/2025\/12\/Logo-Nuevo-LOS-POLITICOS-1.jpg","contentUrl":"https:\/\/lospoliticosveracruz.com\/wp-content\/uploads\/2025\/12\/Logo-Nuevo-LOS-POLITICOS-1.jpg","width":260,"height":70,"caption":"Los pol\u00edticos Veracruz"},"image":{"@id":"https:\/\/lospoliticosveracruz.com\/#\/schema\/logo\/image\/"},"sameAs":["https:\/\/www.facebook.com\/people\/Notimemes-de-los-Polticos\/61565672886568\/","https:\/\/x.com\/LosPoliticosVer"]},{"@type":"Person","@id":"https:\/\/lospoliticosveracruz.com\/#\/schema\/person\/b8702bb0e538456e6efd07080bf2a4a2","name":"Lo viste en Los Pol\u00edticos","image":{"@type":"ImageObject","inLanguage":"es","@id":"https:\/\/secure.gravatar.com\/avatar\/3a8de04a2656d44082be478bd6c086daa447c4651605818287b9532d3d0bd435?s=96&d=mm&r=g","url":"https:\/\/secure.gravatar.com\/avatar\/3a8de04a2656d44082be478bd6c086daa447c4651605818287b9532d3d0bd435?s=96&d=mm&r=g","contentUrl":"https:\/\/secure.gravatar.com\/avatar\/3a8de04a2656d44082be478bd6c086daa447c4651605818287b9532d3d0bd435?s=96&d=mm&r=g","caption":"Lo viste en Los Pol\u00edticos"},"url":"https:\/\/lospoliticosveracruz.com\/?author=2"}]}},"_links":{"self":[{"href":"https:\/\/lospoliticosveracruz.com\/index.php?rest_route=\/wp\/v2\/posts\/54825","targetHints":{"allow":["GET"]}}],"collection":[{"href":"https:\/\/lospoliticosveracruz.com\/index.php?rest_route=\/wp\/v2\/posts"}],"about":[{"href":"https:\/\/lospoliticosveracruz.com\/index.php?rest_route=\/wp\/v2\/types\/post"}],"author":[{"embeddable":true,"href":"https:\/\/lospoliticosveracruz.com\/index.php?rest_route=\/wp\/v2\/users\/2"}],"replies":[{"embeddable":true,"href":"https:\/\/lospoliticosveracruz.com\/index.php?rest_route=%2Fwp%2Fv2%2Fcomments&post=54825"}],"version-history":[{"count":1,"href":"https:\/\/lospoliticosveracruz.com\/index.php?rest_route=\/wp\/v2\/posts\/54825\/revisions"}],"predecessor-version":[{"id":54827,"href":"https:\/\/lospoliticosveracruz.com\/index.php?rest_route=\/wp\/v2\/posts\/54825\/revisions\/54827"}],"wp:attachment":[{"href":"https:\/\/lospoliticosveracruz.com\/index.php?rest_route=%2Fwp%2Fv2%2Fmedia&parent=54825"}],"wp:term":[{"taxonomy":"category","embeddable":true,"href":"https:\/\/lospoliticosveracruz.com\/index.php?rest_route=%2Fwp%2Fv2%2Fcategories&post=54825"},{"taxonomy":"post_tag","embeddable":true,"href":"https:\/\/lospoliticosveracruz.com\/index.php?rest_route=%2Fwp%2Fv2%2Ftags&post=54825"}],"curies":[{"name":"wp","href":"https:\/\/api.w.org\/{rel}","templated":true}]}}