{"id":54970,"date":"2020-05-11T09:39:50","date_gmt":"2020-05-11T14:39:50","guid":{"rendered":"http:\/\/www.lospoliticosveracruz.com.mx\/?p=54970"},"modified":"2020-05-11T09:39:50","modified_gmt":"2020-05-11T14:39:50","slug":"las-cifras-morenas-del-covid-19","status":"publish","type":"post","link":"https:\/\/lospoliticosveracruz.com\/?p=54970","title":{"rendered":"Las cifras morenas del Covid-19"},"content":{"rendered":"<p><strong>Ricardo Ch\u00faa<\/strong><\/p>\n<p><em>Sale y Vale<\/em><\/p>\n<p>LA CA\u00cdDA DE GOBERNADORES DE MORENA &#8230; Por alguna raz\u00f3n en los estados del pa\u00eds gobernados por MORENA, son los que m\u00e1s CASOS ACTIVOS presentan de COVID-19 entre su poblaci\u00f3n&#8230; Al menos, las 6 entidades como Veracruz, CDMX, Tabasco, Morelos, Puebla y Baja California tienen el \u00abhonor\u00bb de contar con m\u00e1s contagios y fallecidos por Coronavirus en M\u00e9xico&#8230; El motivo es sencillo&#8230; Siguieron las mismas t\u00e1cticas que L\u00f3pez Obrador utiliz\u00f3 para enfrentarlo&#8230;. Y, ah\u00ed est\u00e1n los resultados&#8230;<\/p>\n<p>Esto se debe, por ejemplo, a que en Veracruz, el gobernador, Cuitl\u00e1huac Garc\u00eda al COVID lo enfrent\u00f3 con una ATENCI\u00d3N M\u00c1S IDEOLOGIZADA, que de manera practica cuando ya la pandem\u00eda estaba presente en el pa\u00eds&#8230; Sigui\u00f3 promoviendo \u00ababrazos\u00bb como lo hac\u00eda L\u00f3pez Obrador&#8230; Y ahora existe un SUBCONTEO de las victimas mortales del Coronavirus, tal como lo denuncia el \u00abNew York Times\u00bb o \u00abEl Pa\u00eds\u00bb&#8230; Hasta la revista \u00abProceso\u00bb, se las dedico esta semana, que el n\u00famero de muertes por este virus no le cuadra a Cuitl\u00e1huac&#8230;<\/p>\n<p>La diferencia de los gobernadores de MORENA a sus hom\u00f3logos en el pa\u00eds (que son 26)&#8230; Donde se presentan, menos n\u00fameros de contagios&#8230; Se debe a que los \u00abMorenos\u00bb (Barbosa, Claudia, Augusto, Bonilla, El Cuau y el Cuit)&#8230; Se SUJETARON al estilo del \u00abviejo r\u00e9gimen\u00bb, que era \u00ablo que diga el Se\u00f1or Presidente\u00bb&#8230; Y no actuaron de manera inmediata en la lucha contra el Covid&#8230; Inclusive hasta UNO se infecto (Tabasco, Ad\u00e1n Augusto L\u00f3pez)&#8230; Por eso, los reportes de la prensa internacional son claros&#8230;<\/p>\n<p>Los gobernadores de oposici\u00f3n a MORENA fueron preventivos y ahora en su territorio el n\u00famero de contagios no es alto, en comparaci\u00f3n con los que estuvieron inactivos (Los Morenos) donde se se\u00f1alan que en sus entidades hay \u00abdoble cifras\u00bb en el n\u00famero de fallecidos&#8230; Queda claro, que el \u00abmodelo de atenci\u00f3n\u00bb del Covid, por estos 6 gobernadores, no fue suficiente y estuvo mal planeado&#8230; Ah\u00ed est\u00e1n las cifras de que estados tienen m\u00e1s enfermos y muertos&#8230;<\/p>\n<p>As\u00ed que los gobernadores de MORENA por estar siguiendo LA L\u00cdNEA DEL PRESIDENTE&#8230; Dieron casi por hecho&#8230; Que el COVID era realmente \u00abinexistente\u00bb&#8230; Y los Estados norte\u00f1os, Bajio, Occidente y Pen\u00ednsula de Yucat\u00e1n&#8230; Que son de siglas priistas, panistas, perredistas, movimiento ciudadano (porque Enrique Alfaro, no es militante) e independientes&#8230; Actuaron de manera responsable y preventiva&#8230; Inclusive rebasando al gobierno federal&#8230; Por eso, despu\u00e9s estos mandatarios se molestaron con la federaci\u00f3n y con Andr\u00e9s Manuel&#8230;<\/p>\n<p>Por ello, lo que antes era una sospecha, sobre el mal manejo de sus gobiernos para enfrentar la pandem\u00eda y ahora les da por ocultar la realidad de los infectados y fallecidos&#8230; En este momento, ya la necia y dura realidad EVIDENCIA a los gobernadores Morenistas.. Hasta los acusan de \u00abchafas\u00bb (que \u00abprivilegio\u00bb para Cuitl\u00e1huac)&#8230; Y lo que est\u00e1 provocando todo esto, es que a mediano plazo, M\u00e9xico se pueda partir e IMPLOSIONE dentro del mismo Congreso Nacional de Gobernadores (Conago)&#8230; As\u00ed de canijo&#8230;<\/p>\n<p>A poco creen que el hecho, de que muchos gobernadores de oposici\u00f3n est\u00e9n pidiendo la REVISI\u00d3N DEL PACTO FEDERAL, es por otra causa&#8230; NO&#8230; Lo que sucede, es que no est\u00e1n de acuerdo como la federaci\u00f3n manejo y enfrent\u00f3 junto con estados Morenistas la pandemia.. Lo cual provoc\u00f3 que se DISPARARAN los contagios y estas entidades tuvieran poblaci\u00f3n que infect\u00f3 a los n\u00facleos poblacionales de sus entidades&#8230; Porque no previnieron y porque nada impide la movilidad social de un estado a otro&#8230;<\/p>\n<p>As\u00ed que mientras gobernadores como Cuitl\u00e1hac Garc\u00eda ocupaba su tiempo para anunciar \u00abRESPALDOS\u00bb a L\u00f3pez Obrador y al Pacto Federal&#8230; Otros mandatarios como Enrique Alfaro, Jaime Rod\u00edguez, Diego Sinhue o Mauricio Vila estaban buscando insumos para proteger a sus m\u00e9dicos de que no se contagiaran del COVID, mientras atend\u00edan enfermos&#8230; En Veracruz, ya sabemos que pas\u00f3&#8230; Hay protestas en hospitales por falta de material y de personal m\u00e9dico&#8230; Queda claro, quienes son gobernadores estadistas y los improvisados&#8230; CONSUMATUM EST&#8230;<\/p>\n<p>EL NUEVO MAXIMATO&#8230; La idea de la iniciativa presentada por diputados de MORENA en el Congreso Local, que quiten prerrogativas a partidos pol\u00edticos en Veracruz.. Si bien es cierto, es para que los organismos de oposici\u00f3n, no tengan recursos para la elecci\u00f3n del 2021 y no ganen m\u00e1s distritos y alcald\u00edas que los Morenos&#8230; Tambi\u00e9n esto tiene 2 intenciones m\u00e1s, que no beneficiar\u00eda a los militantes del partido de L\u00f3pez Obrador en Veracruz, que buscan participaci\u00f3n pol\u00edtica&#8230; Ya que sin recursos, no podr\u00edan buscar candidaturas al interior de ese partido..<\/p>\n<p>Ya que si MORENA se queda con poco dinero de prerrogativas&#8230; Sus dirigencias estar\u00edan controladas por el Gobierno del Estado y Congreso Local, donde ellos manejan millones de pesos en recursos&#8230; Y ha quedado claro, que tambi\u00e9n lo DESV\u00cdAN EN ACTIVIDADES PROSELITISTAS, al suceder eso, entonces, los pol\u00edticos en el poder SIEMPRE SER\u00c1N LOS MISMOS: Los Cazar\u00edn, Cisneros Burgos, Garc\u00eda Cayetano, Hern\u00e1ndez Gadians y una larga lista de etc\u00e9tera&#8230; Hasta que caigan en gracia de Cuitl\u00e1huac Garc\u00eda&#8230;<\/p>\n<p>As\u00ed que la idea de Cazar\u00edn es lograr que quienes est\u00e1n en el poder en Veracruz&#8230; No se lo \u00absuelten\u00bb ni a sus compa\u00f1eros de partido&#8230; Estableciendo una especie de \u00abmaximato\u00bb para que sin dinero suficiente&#8230; MORENA dependa de ellos e impongan candidatos o se puedan reelegir cuantas veces quieran&#8230; Y su militancia que se jodan&#8230; Acaso creen que Cazar\u00edn quiere dejar de manejar los casi 500 mil pesos que se gasta su oficina mensualmente con cargo al Congreso Local&#8230; Ya probaron de esa \u00abmiel\u00bb&#8230; Y no la quieren dejar&#8230;<\/p>\n<p>OJO&#8230; El tema es que si esta iniciativa pasa&#8230; En el gobierno del Estado habr\u00eda cambios y en el Congreso Local&#8230; Pero, lo que es un hecho, es que \u00abquien le vendi\u00f3\u00bb la idea a Cuitl\u00e1huac para que los diputados de MORENA presentar\u00e1n la iniciativa&#8230; Pidi\u00f3 A CAMBIO ocupar una posici\u00f3n CON M\u00c1S PODER y m\u00e1s operativa en el gobierno&#8230; De ser cierto, la \u00fanica oficina as\u00ed, es la que est\u00e1 en Palacio de Gobierno enfrente a la que ocupa el Gobernador&#8230; \u00bfSer\u00e1?&#8230; El que entendi\u00f3&#8230; Entendi\u00f3&#8230;<\/p>\n","protected":false},"excerpt":{"rendered":"<p>Ricardo Ch\u00faa Sale y Vale LA CA\u00cdDA DE GOBERNADORES DE MORENA &#8230; Por alguna raz\u00f3n en los estados del pa\u00eds gobernados por MORENA, son los que m\u00e1s CASOS ACTIVOS presentan de COVID-19 entre su poblaci\u00f3n&#8230; Al menos, las 6 entidades como Veracruz, CDMX, Tabasco, Morelos, Puebla y Baja California tienen el \u00abhonor\u00bb de contar con [&hellip;]<\/p>\n","protected":false},"author":2,"featured_media":0,"comment_status":"open","ping_status":"open","sticky":false,"template":"","format":"standard","meta":{"tdm_status":"","tdm_grid_status":"","footnotes":""},"categories":[70],"tags":[3795,16264,16673,1563,1197,9841,1003,5855,1026,15267,334,3132,13604,2231,195],"class_list":{"0":"post-54970","1":"post","2":"type-post","3":"status-publish","4":"format-standard","6":"category-de-opinion","7":"tag-ciudad-de-mexico","8":"tag-coronavirus","9":"tag-covid-19","10":"tag-cuitlahuac-garcia-jimenez","11":"tag-el-pais","12":"tag-enrique-alfaro","13":"tag-lopez-obrador","14":"tag-morelos","15":"tag-morena","16":"tag-new-york-times","17":"tag-proceso","18":"tag-puebla","19":"tag-ricardo-chua","20":"tag-tabasco","21":"tag-veracruz"},"yoast_head":"<!-- This site is optimized with the Yoast SEO plugin v27.4 - https:\/\/yoast.com\/product\/yoast-seo-wordpress\/ -->\n<title>Las cifras morenas del Covid-19 - Los pol\u00edticos Veracruz<\/title>\n<meta name=\"robots\" content=\"index, follow, max-snippet:-1, max-image-preview:large, max-video-preview:-1\" \/>\n<link rel=\"canonical\" href=\"https:\/\/lospoliticosveracruz.com\/?p=54970\" \/>\n<meta property=\"og:locale\" content=\"es_ES\" \/>\n<meta property=\"og:type\" content=\"article\" \/>\n<meta property=\"og:title\" content=\"Las cifras morenas del Covid-19 - Los pol\u00edticos Veracruz\" \/>\n<meta property=\"og:description\" content=\"Ricardo Ch\u00faa Sale y Vale LA CA\u00cdDA DE GOBERNADORES DE MORENA &#8230; Por alguna raz\u00f3n en los estados del pa\u00eds gobernados por MORENA, son los que m\u00e1s CASOS ACTIVOS presentan de COVID-19 entre su poblaci\u00f3n&#8230; Al menos, las 6 entidades como Veracruz, CDMX, Tabasco, Morelos, Puebla y Baja California tienen el \u00abhonor\u00bb de contar con [&hellip;]\" \/>\n<meta property=\"og:url\" content=\"https:\/\/lospoliticosveracruz.com\/?p=54970\" \/>\n<meta property=\"og:site_name\" content=\"Los pol\u00edticos Veracruz\" \/>\n<meta property=\"article:publisher\" content=\"https:\/\/www.facebook.com\/people\/Notimemes-de-los-Polticos\/61565672886568\/\" \/>\n<meta property=\"article:published_time\" content=\"2020-05-11T14:39:50+00:00\" \/>\n<meta property=\"og:image\" content=\"https:\/\/lospoliticosveracruz.com\/wp-content\/uploads\/2016\/07\/Logo-Dor.jpg\" \/>\n\t<meta property=\"og:image:width\" content=\"200\" \/>\n\t<meta property=\"og:image:height\" content=\"200\" \/>\n\t<meta property=\"og:image:type\" content=\"image\/jpeg\" \/>\n<meta name=\"author\" content=\"Lo viste en Los Pol\u00edticos\" \/>\n<meta name=\"twitter:card\" content=\"summary_large_image\" \/>\n<meta name=\"twitter:creator\" content=\"@LosPoliticosVer\" \/>\n<meta name=\"twitter:site\" content=\"@LosPoliticosVer\" \/>\n<meta name=\"twitter:label1\" content=\"Escrito por\" \/>\n\t<meta name=\"twitter:data1\" content=\"Lo viste en Los Pol\u00edticos\" \/>\n\t<meta name=\"twitter:label2\" content=\"Tiempo de lectura\" \/>\n\t<meta name=\"twitter:data2\" content=\"5 minutos\" \/>\n<script type=\"application\/ld+json\" class=\"yoast-schema-graph\">{\"@context\":\"https:\\\/\\\/schema.org\",\"@graph\":[{\"@type\":\"Article\",\"@id\":\"https:\\\/\\\/lospoliticosveracruz.com\\\/?p=54970#article\",\"isPartOf\":{\"@id\":\"https:\\\/\\\/lospoliticosveracruz.com\\\/?p=54970\"},\"author\":{\"name\":\"Lo viste en Los Pol\u00edticos\",\"@id\":\"https:\\\/\\\/lospoliticosveracruz.com\\\/#\\\/schema\\\/person\\\/b8702bb0e538456e6efd07080bf2a4a2\"},\"headline\":\"Las cifras morenas del Covid-19\",\"datePublished\":\"2020-05-11T14:39:50+00:00\",\"mainEntityOfPage\":{\"@id\":\"https:\\\/\\\/lospoliticosveracruz.com\\\/?p=54970\"},\"wordCount\":1085,\"commentCount\":0,\"publisher\":{\"@id\":\"https:\\\/\\\/lospoliticosveracruz.com\\\/#organization\"},\"keywords\":[\"Ciudad de M\u00e9xico\",\"coronavirus\",\"Covid 19\",\"Cuitl\u00e1huac Garc\u00eda Jim\u00e9nez\",\"El Pa\u00eds\",\"Enrique Alfaro\",\"L\u00f3pez Obrador\",\"Morelos\",\"Morena\",\"New York Times\",\"Proceso\",\"Puebla\",\"Ricardo Ch\u00faa\",\"Tabasco\",\"Veracruz\"],\"articleSection\":[\"De Opini\u00f3n\"],\"inLanguage\":\"es\",\"potentialAction\":[{\"@type\":\"CommentAction\",\"name\":\"Comment\",\"target\":[\"https:\\\/\\\/lospoliticosveracruz.com\\\/?p=54970#respond\"]}]},{\"@type\":\"WebPage\",\"@id\":\"https:\\\/\\\/lospoliticosveracruz.com\\\/?p=54970\",\"url\":\"https:\\\/\\\/lospoliticosveracruz.com\\\/?p=54970\",\"name\":\"Las cifras morenas del Covid-19 - Los pol\u00edticos Veracruz\",\"isPartOf\":{\"@id\":\"https:\\\/\\\/lospoliticosveracruz.com\\\/#website\"},\"datePublished\":\"2020-05-11T14:39:50+00:00\",\"breadcrumb\":{\"@id\":\"https:\\\/\\\/lospoliticosveracruz.com\\\/?p=54970#breadcrumb\"},\"inLanguage\":\"es\",\"potentialAction\":[{\"@type\":\"ReadAction\",\"target\":[\"https:\\\/\\\/lospoliticosveracruz.com\\\/?p=54970\"]}]},{\"@type\":\"BreadcrumbList\",\"@id\":\"https:\\\/\\\/lospoliticosveracruz.com\\\/?p=54970#breadcrumb\",\"itemListElement\":[{\"@type\":\"ListItem\",\"position\":1,\"name\":\"Portada\",\"item\":\"https:\\\/\\\/lospoliticosveracruz.com\\\/\"},{\"@type\":\"ListItem\",\"position\":2,\"name\":\"Las cifras morenas del Covid-19\"}]},{\"@type\":\"WebSite\",\"@id\":\"https:\\\/\\\/lospoliticosveracruz.com\\\/#website\",\"url\":\"https:\\\/\\\/lospoliticosveracruz.com\\\/\",\"name\":\"Los pol\u00edticos Veracruz\",\"description\":\"\",\"publisher\":{\"@id\":\"https:\\\/\\\/lospoliticosveracruz.com\\\/#organization\"},\"potentialAction\":[{\"@type\":\"SearchAction\",\"target\":{\"@type\":\"EntryPoint\",\"urlTemplate\":\"https:\\\/\\\/lospoliticosveracruz.com\\\/?s={search_term_string}\"},\"query-input\":{\"@type\":\"PropertyValueSpecification\",\"valueRequired\":true,\"valueName\":\"search_term_string\"}}],\"inLanguage\":\"es\"},{\"@type\":\"Organization\",\"@id\":\"https:\\\/\\\/lospoliticosveracruz.com\\\/#organization\",\"name\":\"Los pol\u00edticos Veracruz\",\"url\":\"https:\\\/\\\/lospoliticosveracruz.com\\\/\",\"logo\":{\"@type\":\"ImageObject\",\"inLanguage\":\"es\",\"@id\":\"https:\\\/\\\/lospoliticosveracruz.com\\\/#\\\/schema\\\/logo\\\/image\\\/\",\"url\":\"https:\\\/\\\/lospoliticosveracruz.com\\\/wp-content\\\/uploads\\\/2025\\\/12\\\/Logo-Nuevo-LOS-POLITICOS-1.jpg\",\"contentUrl\":\"https:\\\/\\\/lospoliticosveracruz.com\\\/wp-content\\\/uploads\\\/2025\\\/12\\\/Logo-Nuevo-LOS-POLITICOS-1.jpg\",\"width\":260,\"height\":70,\"caption\":\"Los pol\u00edticos Veracruz\"},\"image\":{\"@id\":\"https:\\\/\\\/lospoliticosveracruz.com\\\/#\\\/schema\\\/logo\\\/image\\\/\"},\"sameAs\":[\"https:\\\/\\\/www.facebook.com\\\/people\\\/Notimemes-de-los-Polticos\\\/61565672886568\\\/\",\"https:\\\/\\\/x.com\\\/LosPoliticosVer\"]},{\"@type\":\"Person\",\"@id\":\"https:\\\/\\\/lospoliticosveracruz.com\\\/#\\\/schema\\\/person\\\/b8702bb0e538456e6efd07080bf2a4a2\",\"name\":\"Lo viste en Los Pol\u00edticos\",\"image\":{\"@type\":\"ImageObject\",\"inLanguage\":\"es\",\"@id\":\"https:\\\/\\\/secure.gravatar.com\\\/avatar\\\/3a8de04a2656d44082be478bd6c086daa447c4651605818287b9532d3d0bd435?s=96&d=mm&r=g\",\"url\":\"https:\\\/\\\/secure.gravatar.com\\\/avatar\\\/3a8de04a2656d44082be478bd6c086daa447c4651605818287b9532d3d0bd435?s=96&d=mm&r=g\",\"contentUrl\":\"https:\\\/\\\/secure.gravatar.com\\\/avatar\\\/3a8de04a2656d44082be478bd6c086daa447c4651605818287b9532d3d0bd435?s=96&d=mm&r=g\",\"caption\":\"Lo viste en Los Pol\u00edticos\"},\"url\":\"https:\\\/\\\/lospoliticosveracruz.com\\\/?author=2\"}]}<\/script>\n<!-- \/ Yoast SEO plugin. -->","yoast_head_json":{"title":"Las cifras morenas del Covid-19 - Los pol\u00edticos Veracruz","robots":{"index":"index","follow":"follow","max-snippet":"max-snippet:-1","max-image-preview":"max-image-preview:large","max-video-preview":"max-video-preview:-1"},"canonical":"https:\/\/lospoliticosveracruz.com\/?p=54970","og_locale":"es_ES","og_type":"article","og_title":"Las cifras morenas del Covid-19 - Los pol\u00edticos Veracruz","og_description":"Ricardo Ch\u00faa Sale y Vale LA CA\u00cdDA DE GOBERNADORES DE MORENA &#8230; Por alguna raz\u00f3n en los estados del pa\u00eds gobernados por MORENA, son los que m\u00e1s CASOS ACTIVOS presentan de COVID-19 entre su poblaci\u00f3n&#8230; Al menos, las 6 entidades como Veracruz, CDMX, Tabasco, Morelos, Puebla y Baja California tienen el \u00abhonor\u00bb de contar con [&hellip;]","og_url":"https:\/\/lospoliticosveracruz.com\/?p=54970","og_site_name":"Los pol\u00edticos Veracruz","article_publisher":"https:\/\/www.facebook.com\/people\/Notimemes-de-los-Polticos\/61565672886568\/","article_published_time":"2020-05-11T14:39:50+00:00","og_image":[{"width":200,"height":200,"url":"https:\/\/lospoliticosveracruz.com\/wp-content\/uploads\/2016\/07\/Logo-Dor.jpg","type":"image\/jpeg"}],"author":"Lo viste en Los Pol\u00edticos","twitter_card":"summary_large_image","twitter_creator":"@LosPoliticosVer","twitter_site":"@LosPoliticosVer","twitter_misc":{"Escrito por":"Lo viste en Los Pol\u00edticos","Tiempo de lectura":"5 minutos"},"schema":{"@context":"https:\/\/schema.org","@graph":[{"@type":"Article","@id":"https:\/\/lospoliticosveracruz.com\/?p=54970#article","isPartOf":{"@id":"https:\/\/lospoliticosveracruz.com\/?p=54970"},"author":{"name":"Lo viste en Los Pol\u00edticos","@id":"https:\/\/lospoliticosveracruz.com\/#\/schema\/person\/b8702bb0e538456e6efd07080bf2a4a2"},"headline":"Las cifras morenas del Covid-19","datePublished":"2020-05-11T14:39:50+00:00","mainEntityOfPage":{"@id":"https:\/\/lospoliticosveracruz.com\/?p=54970"},"wordCount":1085,"commentCount":0,"publisher":{"@id":"https:\/\/lospoliticosveracruz.com\/#organization"},"keywords":["Ciudad de M\u00e9xico","coronavirus","Covid 19","Cuitl\u00e1huac Garc\u00eda Jim\u00e9nez","El Pa\u00eds","Enrique Alfaro","L\u00f3pez Obrador","Morelos","Morena","New York Times","Proceso","Puebla","Ricardo Ch\u00faa","Tabasco","Veracruz"],"articleSection":["De Opini\u00f3n"],"inLanguage":"es","potentialAction":[{"@type":"CommentAction","name":"Comment","target":["https:\/\/lospoliticosveracruz.com\/?p=54970#respond"]}]},{"@type":"WebPage","@id":"https:\/\/lospoliticosveracruz.com\/?p=54970","url":"https:\/\/lospoliticosveracruz.com\/?p=54970","name":"Las cifras morenas del Covid-19 - Los pol\u00edticos Veracruz","isPartOf":{"@id":"https:\/\/lospoliticosveracruz.com\/#website"},"datePublished":"2020-05-11T14:39:50+00:00","breadcrumb":{"@id":"https:\/\/lospoliticosveracruz.com\/?p=54970#breadcrumb"},"inLanguage":"es","potentialAction":[{"@type":"ReadAction","target":["https:\/\/lospoliticosveracruz.com\/?p=54970"]}]},{"@type":"BreadcrumbList","@id":"https:\/\/lospoliticosveracruz.com\/?p=54970#breadcrumb","itemListElement":[{"@type":"ListItem","position":1,"name":"Portada","item":"https:\/\/lospoliticosveracruz.com\/"},{"@type":"ListItem","position":2,"name":"Las cifras morenas del Covid-19"}]},{"@type":"WebSite","@id":"https:\/\/lospoliticosveracruz.com\/#website","url":"https:\/\/lospoliticosveracruz.com\/","name":"Los pol\u00edticos Veracruz","description":"","publisher":{"@id":"https:\/\/lospoliticosveracruz.com\/#organization"},"potentialAction":[{"@type":"SearchAction","target":{"@type":"EntryPoint","urlTemplate":"https:\/\/lospoliticosveracruz.com\/?s={search_term_string}"},"query-input":{"@type":"PropertyValueSpecification","valueRequired":true,"valueName":"search_term_string"}}],"inLanguage":"es"},{"@type":"Organization","@id":"https:\/\/lospoliticosveracruz.com\/#organization","name":"Los pol\u00edticos Veracruz","url":"https:\/\/lospoliticosveracruz.com\/","logo":{"@type":"ImageObject","inLanguage":"es","@id":"https:\/\/lospoliticosveracruz.com\/#\/schema\/logo\/image\/","url":"https:\/\/lospoliticosveracruz.com\/wp-content\/uploads\/2025\/12\/Logo-Nuevo-LOS-POLITICOS-1.jpg","contentUrl":"https:\/\/lospoliticosveracruz.com\/wp-content\/uploads\/2025\/12\/Logo-Nuevo-LOS-POLITICOS-1.jpg","width":260,"height":70,"caption":"Los pol\u00edticos Veracruz"},"image":{"@id":"https:\/\/lospoliticosveracruz.com\/#\/schema\/logo\/image\/"},"sameAs":["https:\/\/www.facebook.com\/people\/Notimemes-de-los-Polticos\/61565672886568\/","https:\/\/x.com\/LosPoliticosVer"]},{"@type":"Person","@id":"https:\/\/lospoliticosveracruz.com\/#\/schema\/person\/b8702bb0e538456e6efd07080bf2a4a2","name":"Lo viste en Los Pol\u00edticos","image":{"@type":"ImageObject","inLanguage":"es","@id":"https:\/\/secure.gravatar.com\/avatar\/3a8de04a2656d44082be478bd6c086daa447c4651605818287b9532d3d0bd435?s=96&d=mm&r=g","url":"https:\/\/secure.gravatar.com\/avatar\/3a8de04a2656d44082be478bd6c086daa447c4651605818287b9532d3d0bd435?s=96&d=mm&r=g","contentUrl":"https:\/\/secure.gravatar.com\/avatar\/3a8de04a2656d44082be478bd6c086daa447c4651605818287b9532d3d0bd435?s=96&d=mm&r=g","caption":"Lo viste en Los Pol\u00edticos"},"url":"https:\/\/lospoliticosveracruz.com\/?author=2"}]}},"_links":{"self":[{"href":"https:\/\/lospoliticosveracruz.com\/index.php?rest_route=\/wp\/v2\/posts\/54970","targetHints":{"allow":["GET"]}}],"collection":[{"href":"https:\/\/lospoliticosveracruz.com\/index.php?rest_route=\/wp\/v2\/posts"}],"about":[{"href":"https:\/\/lospoliticosveracruz.com\/index.php?rest_route=\/wp\/v2\/types\/post"}],"author":[{"embeddable":true,"href":"https:\/\/lospoliticosveracruz.com\/index.php?rest_route=\/wp\/v2\/users\/2"}],"replies":[{"embeddable":true,"href":"https:\/\/lospoliticosveracruz.com\/index.php?rest_route=%2Fwp%2Fv2%2Fcomments&post=54970"}],"version-history":[{"count":1,"href":"https:\/\/lospoliticosveracruz.com\/index.php?rest_route=\/wp\/v2\/posts\/54970\/revisions"}],"predecessor-version":[{"id":54972,"href":"https:\/\/lospoliticosveracruz.com\/index.php?rest_route=\/wp\/v2\/posts\/54970\/revisions\/54972"}],"wp:attachment":[{"href":"https:\/\/lospoliticosveracruz.com\/index.php?rest_route=%2Fwp%2Fv2%2Fmedia&parent=54970"}],"wp:term":[{"taxonomy":"category","embeddable":true,"href":"https:\/\/lospoliticosveracruz.com\/index.php?rest_route=%2Fwp%2Fv2%2Fcategories&post=54970"},{"taxonomy":"post_tag","embeddable":true,"href":"https:\/\/lospoliticosveracruz.com\/index.php?rest_route=%2Fwp%2Fv2%2Ftags&post=54970"}],"curies":[{"name":"wp","href":"https:\/\/api.w.org\/{rel}","templated":true}]}}