{"id":55056,"date":"2020-05-13T15:56:06","date_gmt":"2020-05-13T20:56:06","guid":{"rendered":"http:\/\/www.lospoliticosveracruz.com.mx\/?p=55056"},"modified":"2020-05-13T15:56:06","modified_gmt":"2020-05-13T20:56:06","slug":"cnc-quiere-a-un-diputado-que-los-represente-no-a-antonio-garcia","status":"publish","type":"post","link":"https:\/\/lospoliticosveracruz.com\/?p=55056","title":{"rendered":"CNC quiere a un diputado que los represente, no a Antonio Garc\u00eda"},"content":{"rendered":"<p>&nbsp;<\/p>\n<p>En el partido nos estamos encargando de limpiar la casa, y que quede claro: nada que atente en contra Veracruz ser\u00e1 respaldado por el PRI, advirti\u00f3 el presidente del CDE del PRI en Veracruz, Marlon Ram\u00edrez Mar\u00edn, al confirmar que inici\u00f3 el proceso de expulsi\u00f3n del diputado Antonio Garc\u00eda Reyes.<\/p>\n<p>Detall\u00f3 que en un posicionamiento firme y claro previ\u00f3 a la sesi\u00f3n ordinaria del Congreso Local este martes, se pidi\u00f3 a los diputados del PRI oponerse a la pretensi\u00f3n y hoy realidad, de esta reforma electoral constitucional que atenta contra la democracia, la certeza en elecciones y contra el proceso de consolidaci\u00f3n de las instituciones democr\u00e1ticas en el pa\u00eds.<\/p>\n<p>Acompa\u00f1ado de Manuel Guerrero S\u00e1nchez, delegado en funciones de presidente de la CNC en Veracruz, se\u00f1al\u00f3 que ante la clara desatenci\u00f3n a la solicitud formal que se hizo, \u201ctanto el presidente nacional del PRI como un servidor hemos tomado la decisi\u00f3n de iniciar un proceso de expulsi\u00f3n definitiva de las filas de nuestro partido ante la Comisi\u00f3n de Justicia Partidaria del a\u00fan diputado Antonio Garc\u00eda Reyes\u201d.<\/p>\n<p>A\u00f1adi\u00f3 que en este momento el pa\u00eds no est\u00e1 en las condiciones de someterse a intereses personales, \u201cesta es la causa por la que mucha gente no cree en la pol\u00edtica ni en los pol\u00edticos. No podemos permitir que esto vuelva a ocurrir, ha sido un atentado a la democracia\u201d.<\/p>\n<p>\u201cVan a empezar a convocar a los cabildos para tratar de tener la mayor\u00eda, arriesgando a los ediles de los 212 ayuntamientos, poniendo en riesgo la salud p\u00fablica de todas las personas que integran las sesiones y eso denota el verdadero inter\u00e9s del partido en el poder, perpetuarse a trav\u00e9s de la trampa y el agandalle, con el concurso de personas que claramente no hacen digna esta actividad pol\u00edtica\u201d, manifest\u00f3.<\/p>\n<p>En la reuni\u00f3n, Manuel Guerrero S\u00e1nchez, solicit\u00f3 al dirigente del PRI en la entidad, que explore la posibilidad de que la diputaci\u00f3n de Garc\u00eda Reyes, a la que lleg\u00f3 como suplente, se le asigne a un miembro de la CNC, derivado de que Juan Carlos Molina Palacios, quien era el propietario de la diputaci\u00f3n, s\u00ed defend\u00eda los intereses de los campesinos.<\/p>\n<p>\u201cLo que pas\u00f3 ayer en el Congreso Local de Veracruz es lamentable, nos sentimos agraviados los cenecistas porque este diputado a\u00fan por el PRI emerge de nuestras filas. Queremos solicitar por las diversas v\u00edas que se nos devuelva esa diputaci\u00f3n local a nuestro partido, al cenecismo\u201d, expres\u00f3.<\/p>\n<p>Reiter\u00f3 el respaldo estatal y nacional de la CNC a la decisi\u00f3n de las dirigencias nacional y estatal del PRI para expulsar al diputado, y consider\u00f3 importante que exista un precedente de castigo para que no se pierda la confianza del cenecismo en pr\u00f3ximas votaciones, asimismo, reiter\u00f3 que se seguir\u00e1 trabajando en unidad para afrontar lo que venga.<\/p>\n","protected":false},"excerpt":{"rendered":"<p>&nbsp; En el partido nos estamos encargando de limpiar la casa, y que quede claro: nada que atente en contra Veracruz ser\u00e1 respaldado por el PRI, advirti\u00f3 el presidente del CDE del PRI en Veracruz, Marlon Ram\u00edrez Mar\u00edn, al confirmar que inici\u00f3 el proceso de expulsi\u00f3n del diputado Antonio Garc\u00eda Reyes. Detall\u00f3 que en un [&hellip;]<\/p>\n","protected":false},"author":2,"featured_media":0,"comment_status":"open","ping_status":"open","sticky":false,"template":"","format":"standard","meta":{"tdm_status":"","tdm_grid_status":"","footnotes":""},"categories":[73],"tags":[3118,1302,3256,17830,2908,251,195],"class_list":{"0":"post-55056","1":"post","2":"type-post","3":"status-publish","4":"format-standard","6":"category-de-boleto","7":"tag-cnc","8":"tag-congreso","9":"tag-juan-carlos-molina-palacios","10":"tag-manuel-guerrero-sanchez","11":"tag-marlon-ramirez-marin","12":"tag-pri","13":"tag-veracruz"},"yoast_head":"<!-- This site is optimized with the Yoast SEO plugin v27.4 - https:\/\/yoast.com\/product\/yoast-seo-wordpress\/ -->\n<title>CNC quiere a un diputado que los represente, no a Antonio Garc\u00eda - Los pol\u00edticos Veracruz<\/title>\n<meta name=\"robots\" content=\"index, follow, max-snippet:-1, max-image-preview:large, max-video-preview:-1\" \/>\n<link rel=\"canonical\" href=\"https:\/\/lospoliticosveracruz.com\/?p=55056\" \/>\n<meta property=\"og:locale\" content=\"es_ES\" \/>\n<meta property=\"og:type\" content=\"article\" \/>\n<meta property=\"og:title\" content=\"CNC quiere a un diputado que los represente, no a Antonio Garc\u00eda - Los pol\u00edticos Veracruz\" \/>\n<meta property=\"og:description\" content=\"&nbsp; En el partido nos estamos encargando de limpiar la casa, y que quede claro: nada que atente en contra Veracruz ser\u00e1 respaldado por el PRI, advirti\u00f3 el presidente del CDE del PRI en Veracruz, Marlon Ram\u00edrez Mar\u00edn, al confirmar que inici\u00f3 el proceso de expulsi\u00f3n del diputado Antonio Garc\u00eda Reyes. Detall\u00f3 que en un [&hellip;]\" \/>\n<meta property=\"og:url\" content=\"https:\/\/lospoliticosveracruz.com\/?p=55056\" \/>\n<meta property=\"og:site_name\" content=\"Los pol\u00edticos Veracruz\" \/>\n<meta property=\"article:publisher\" content=\"https:\/\/www.facebook.com\/people\/Notimemes-de-los-Polticos\/61565672886568\/\" \/>\n<meta property=\"article:published_time\" content=\"2020-05-13T20:56:06+00:00\" \/>\n<meta property=\"og:image\" content=\"https:\/\/lospoliticosveracruz.com\/wp-content\/uploads\/2016\/07\/Logo-Dor.jpg\" \/>\n\t<meta property=\"og:image:width\" content=\"200\" \/>\n\t<meta property=\"og:image:height\" content=\"200\" \/>\n\t<meta property=\"og:image:type\" content=\"image\/jpeg\" \/>\n<meta name=\"author\" content=\"Lo viste en Los Pol\u00edticos\" \/>\n<meta name=\"twitter:card\" content=\"summary_large_image\" \/>\n<meta name=\"twitter:creator\" content=\"@LosPoliticosVer\" \/>\n<meta name=\"twitter:site\" content=\"@LosPoliticosVer\" \/>\n<meta name=\"twitter:label1\" content=\"Escrito por\" \/>\n\t<meta name=\"twitter:data1\" content=\"Lo viste en Los Pol\u00edticos\" \/>\n\t<meta name=\"twitter:label2\" content=\"Tiempo de lectura\" \/>\n\t<meta name=\"twitter:data2\" content=\"2 minutos\" \/>\n<script type=\"application\/ld+json\" class=\"yoast-schema-graph\">{\"@context\":\"https:\\\/\\\/schema.org\",\"@graph\":[{\"@type\":\"Article\",\"@id\":\"https:\\\/\\\/lospoliticosveracruz.com\\\/?p=55056#article\",\"isPartOf\":{\"@id\":\"https:\\\/\\\/lospoliticosveracruz.com\\\/?p=55056\"},\"author\":{\"name\":\"Lo viste en Los Pol\u00edticos\",\"@id\":\"https:\\\/\\\/lospoliticosveracruz.com\\\/#\\\/schema\\\/person\\\/b8702bb0e538456e6efd07080bf2a4a2\"},\"headline\":\"CNC quiere a un diputado que los represente, no a Antonio Garc\u00eda\",\"datePublished\":\"2020-05-13T20:56:06+00:00\",\"mainEntityOfPage\":{\"@id\":\"https:\\\/\\\/lospoliticosveracruz.com\\\/?p=55056\"},\"wordCount\":512,\"commentCount\":0,\"publisher\":{\"@id\":\"https:\\\/\\\/lospoliticosveracruz.com\\\/#organization\"},\"keywords\":[\"CNC\",\"Congreso\",\"Juan Carlos Molina Palacios\",\"Manuel Guerrero S\u00e1nchez\",\"Marlon Ram\u00edrez Mar\u00edn\",\"PRI\",\"Veracruz\"],\"articleSection\":[\"De Boleto\"],\"inLanguage\":\"es\",\"potentialAction\":[{\"@type\":\"CommentAction\",\"name\":\"Comment\",\"target\":[\"https:\\\/\\\/lospoliticosveracruz.com\\\/?p=55056#respond\"]}]},{\"@type\":\"WebPage\",\"@id\":\"https:\\\/\\\/lospoliticosveracruz.com\\\/?p=55056\",\"url\":\"https:\\\/\\\/lospoliticosveracruz.com\\\/?p=55056\",\"name\":\"CNC quiere a un diputado que los represente, no a Antonio Garc\u00eda - Los pol\u00edticos Veracruz\",\"isPartOf\":{\"@id\":\"https:\\\/\\\/lospoliticosveracruz.com\\\/#website\"},\"datePublished\":\"2020-05-13T20:56:06+00:00\",\"breadcrumb\":{\"@id\":\"https:\\\/\\\/lospoliticosveracruz.com\\\/?p=55056#breadcrumb\"},\"inLanguage\":\"es\",\"potentialAction\":[{\"@type\":\"ReadAction\",\"target\":[\"https:\\\/\\\/lospoliticosveracruz.com\\\/?p=55056\"]}]},{\"@type\":\"BreadcrumbList\",\"@id\":\"https:\\\/\\\/lospoliticosveracruz.com\\\/?p=55056#breadcrumb\",\"itemListElement\":[{\"@type\":\"ListItem\",\"position\":1,\"name\":\"Portada\",\"item\":\"https:\\\/\\\/lospoliticosveracruz.com\\\/\"},{\"@type\":\"ListItem\",\"position\":2,\"name\":\"CNC quiere a un diputado que los represente, no a Antonio Garc\u00eda\"}]},{\"@type\":\"WebSite\",\"@id\":\"https:\\\/\\\/lospoliticosveracruz.com\\\/#website\",\"url\":\"https:\\\/\\\/lospoliticosveracruz.com\\\/\",\"name\":\"Los pol\u00edticos Veracruz\",\"description\":\"\",\"publisher\":{\"@id\":\"https:\\\/\\\/lospoliticosveracruz.com\\\/#organization\"},\"potentialAction\":[{\"@type\":\"SearchAction\",\"target\":{\"@type\":\"EntryPoint\",\"urlTemplate\":\"https:\\\/\\\/lospoliticosveracruz.com\\\/?s={search_term_string}\"},\"query-input\":{\"@type\":\"PropertyValueSpecification\",\"valueRequired\":true,\"valueName\":\"search_term_string\"}}],\"inLanguage\":\"es\"},{\"@type\":\"Organization\",\"@id\":\"https:\\\/\\\/lospoliticosveracruz.com\\\/#organization\",\"name\":\"Los pol\u00edticos Veracruz\",\"url\":\"https:\\\/\\\/lospoliticosveracruz.com\\\/\",\"logo\":{\"@type\":\"ImageObject\",\"inLanguage\":\"es\",\"@id\":\"https:\\\/\\\/lospoliticosveracruz.com\\\/#\\\/schema\\\/logo\\\/image\\\/\",\"url\":\"https:\\\/\\\/lospoliticosveracruz.com\\\/wp-content\\\/uploads\\\/2025\\\/12\\\/Logo-Nuevo-LOS-POLITICOS-1.jpg\",\"contentUrl\":\"https:\\\/\\\/lospoliticosveracruz.com\\\/wp-content\\\/uploads\\\/2025\\\/12\\\/Logo-Nuevo-LOS-POLITICOS-1.jpg\",\"width\":260,\"height\":70,\"caption\":\"Los pol\u00edticos Veracruz\"},\"image\":{\"@id\":\"https:\\\/\\\/lospoliticosveracruz.com\\\/#\\\/schema\\\/logo\\\/image\\\/\"},\"sameAs\":[\"https:\\\/\\\/www.facebook.com\\\/people\\\/Notimemes-de-los-Polticos\\\/61565672886568\\\/\",\"https:\\\/\\\/x.com\\\/LosPoliticosVer\"]},{\"@type\":\"Person\",\"@id\":\"https:\\\/\\\/lospoliticosveracruz.com\\\/#\\\/schema\\\/person\\\/b8702bb0e538456e6efd07080bf2a4a2\",\"name\":\"Lo viste en Los Pol\u00edticos\",\"image\":{\"@type\":\"ImageObject\",\"inLanguage\":\"es\",\"@id\":\"https:\\\/\\\/secure.gravatar.com\\\/avatar\\\/3a8de04a2656d44082be478bd6c086daa447c4651605818287b9532d3d0bd435?s=96&d=mm&r=g\",\"url\":\"https:\\\/\\\/secure.gravatar.com\\\/avatar\\\/3a8de04a2656d44082be478bd6c086daa447c4651605818287b9532d3d0bd435?s=96&d=mm&r=g\",\"contentUrl\":\"https:\\\/\\\/secure.gravatar.com\\\/avatar\\\/3a8de04a2656d44082be478bd6c086daa447c4651605818287b9532d3d0bd435?s=96&d=mm&r=g\",\"caption\":\"Lo viste en Los Pol\u00edticos\"},\"url\":\"https:\\\/\\\/lospoliticosveracruz.com\\\/?author=2\"}]}<\/script>\n<!-- \/ Yoast SEO plugin. -->","yoast_head_json":{"title":"CNC quiere a un diputado que los represente, no a Antonio Garc\u00eda - Los pol\u00edticos Veracruz","robots":{"index":"index","follow":"follow","max-snippet":"max-snippet:-1","max-image-preview":"max-image-preview:large","max-video-preview":"max-video-preview:-1"},"canonical":"https:\/\/lospoliticosveracruz.com\/?p=55056","og_locale":"es_ES","og_type":"article","og_title":"CNC quiere a un diputado que los represente, no a Antonio Garc\u00eda - Los pol\u00edticos Veracruz","og_description":"&nbsp; En el partido nos estamos encargando de limpiar la casa, y que quede claro: nada que atente en contra Veracruz ser\u00e1 respaldado por el PRI, advirti\u00f3 el presidente del CDE del PRI en Veracruz, Marlon Ram\u00edrez Mar\u00edn, al confirmar que inici\u00f3 el proceso de expulsi\u00f3n del diputado Antonio Garc\u00eda Reyes. Detall\u00f3 que en un [&hellip;]","og_url":"https:\/\/lospoliticosveracruz.com\/?p=55056","og_site_name":"Los pol\u00edticos Veracruz","article_publisher":"https:\/\/www.facebook.com\/people\/Notimemes-de-los-Polticos\/61565672886568\/","article_published_time":"2020-05-13T20:56:06+00:00","og_image":[{"width":200,"height":200,"url":"https:\/\/lospoliticosveracruz.com\/wp-content\/uploads\/2016\/07\/Logo-Dor.jpg","type":"image\/jpeg"}],"author":"Lo viste en Los Pol\u00edticos","twitter_card":"summary_large_image","twitter_creator":"@LosPoliticosVer","twitter_site":"@LosPoliticosVer","twitter_misc":{"Escrito por":"Lo viste en Los Pol\u00edticos","Tiempo de lectura":"2 minutos"},"schema":{"@context":"https:\/\/schema.org","@graph":[{"@type":"Article","@id":"https:\/\/lospoliticosveracruz.com\/?p=55056#article","isPartOf":{"@id":"https:\/\/lospoliticosveracruz.com\/?p=55056"},"author":{"name":"Lo viste en Los Pol\u00edticos","@id":"https:\/\/lospoliticosveracruz.com\/#\/schema\/person\/b8702bb0e538456e6efd07080bf2a4a2"},"headline":"CNC quiere a un diputado que los represente, no a Antonio Garc\u00eda","datePublished":"2020-05-13T20:56:06+00:00","mainEntityOfPage":{"@id":"https:\/\/lospoliticosveracruz.com\/?p=55056"},"wordCount":512,"commentCount":0,"publisher":{"@id":"https:\/\/lospoliticosveracruz.com\/#organization"},"keywords":["CNC","Congreso","Juan Carlos Molina Palacios","Manuel Guerrero S\u00e1nchez","Marlon Ram\u00edrez Mar\u00edn","PRI","Veracruz"],"articleSection":["De Boleto"],"inLanguage":"es","potentialAction":[{"@type":"CommentAction","name":"Comment","target":["https:\/\/lospoliticosveracruz.com\/?p=55056#respond"]}]},{"@type":"WebPage","@id":"https:\/\/lospoliticosveracruz.com\/?p=55056","url":"https:\/\/lospoliticosveracruz.com\/?p=55056","name":"CNC quiere a un diputado que los represente, no a Antonio Garc\u00eda - Los pol\u00edticos Veracruz","isPartOf":{"@id":"https:\/\/lospoliticosveracruz.com\/#website"},"datePublished":"2020-05-13T20:56:06+00:00","breadcrumb":{"@id":"https:\/\/lospoliticosveracruz.com\/?p=55056#breadcrumb"},"inLanguage":"es","potentialAction":[{"@type":"ReadAction","target":["https:\/\/lospoliticosveracruz.com\/?p=55056"]}]},{"@type":"BreadcrumbList","@id":"https:\/\/lospoliticosveracruz.com\/?p=55056#breadcrumb","itemListElement":[{"@type":"ListItem","position":1,"name":"Portada","item":"https:\/\/lospoliticosveracruz.com\/"},{"@type":"ListItem","position":2,"name":"CNC quiere a un diputado que los represente, no a Antonio Garc\u00eda"}]},{"@type":"WebSite","@id":"https:\/\/lospoliticosveracruz.com\/#website","url":"https:\/\/lospoliticosveracruz.com\/","name":"Los pol\u00edticos Veracruz","description":"","publisher":{"@id":"https:\/\/lospoliticosveracruz.com\/#organization"},"potentialAction":[{"@type":"SearchAction","target":{"@type":"EntryPoint","urlTemplate":"https:\/\/lospoliticosveracruz.com\/?s={search_term_string}"},"query-input":{"@type":"PropertyValueSpecification","valueRequired":true,"valueName":"search_term_string"}}],"inLanguage":"es"},{"@type":"Organization","@id":"https:\/\/lospoliticosveracruz.com\/#organization","name":"Los pol\u00edticos Veracruz","url":"https:\/\/lospoliticosveracruz.com\/","logo":{"@type":"ImageObject","inLanguage":"es","@id":"https:\/\/lospoliticosveracruz.com\/#\/schema\/logo\/image\/","url":"https:\/\/lospoliticosveracruz.com\/wp-content\/uploads\/2025\/12\/Logo-Nuevo-LOS-POLITICOS-1.jpg","contentUrl":"https:\/\/lospoliticosveracruz.com\/wp-content\/uploads\/2025\/12\/Logo-Nuevo-LOS-POLITICOS-1.jpg","width":260,"height":70,"caption":"Los pol\u00edticos Veracruz"},"image":{"@id":"https:\/\/lospoliticosveracruz.com\/#\/schema\/logo\/image\/"},"sameAs":["https:\/\/www.facebook.com\/people\/Notimemes-de-los-Polticos\/61565672886568\/","https:\/\/x.com\/LosPoliticosVer"]},{"@type":"Person","@id":"https:\/\/lospoliticosveracruz.com\/#\/schema\/person\/b8702bb0e538456e6efd07080bf2a4a2","name":"Lo viste en Los Pol\u00edticos","image":{"@type":"ImageObject","inLanguage":"es","@id":"https:\/\/secure.gravatar.com\/avatar\/3a8de04a2656d44082be478bd6c086daa447c4651605818287b9532d3d0bd435?s=96&d=mm&r=g","url":"https:\/\/secure.gravatar.com\/avatar\/3a8de04a2656d44082be478bd6c086daa447c4651605818287b9532d3d0bd435?s=96&d=mm&r=g","contentUrl":"https:\/\/secure.gravatar.com\/avatar\/3a8de04a2656d44082be478bd6c086daa447c4651605818287b9532d3d0bd435?s=96&d=mm&r=g","caption":"Lo viste en Los Pol\u00edticos"},"url":"https:\/\/lospoliticosveracruz.com\/?author=2"}]}},"_links":{"self":[{"href":"https:\/\/lospoliticosveracruz.com\/index.php?rest_route=\/wp\/v2\/posts\/55056","targetHints":{"allow":["GET"]}}],"collection":[{"href":"https:\/\/lospoliticosveracruz.com\/index.php?rest_route=\/wp\/v2\/posts"}],"about":[{"href":"https:\/\/lospoliticosveracruz.com\/index.php?rest_route=\/wp\/v2\/types\/post"}],"author":[{"embeddable":true,"href":"https:\/\/lospoliticosveracruz.com\/index.php?rest_route=\/wp\/v2\/users\/2"}],"replies":[{"embeddable":true,"href":"https:\/\/lospoliticosveracruz.com\/index.php?rest_route=%2Fwp%2Fv2%2Fcomments&post=55056"}],"version-history":[{"count":1,"href":"https:\/\/lospoliticosveracruz.com\/index.php?rest_route=\/wp\/v2\/posts\/55056\/revisions"}],"predecessor-version":[{"id":55058,"href":"https:\/\/lospoliticosveracruz.com\/index.php?rest_route=\/wp\/v2\/posts\/55056\/revisions\/55058"}],"wp:attachment":[{"href":"https:\/\/lospoliticosveracruz.com\/index.php?rest_route=%2Fwp%2Fv2%2Fmedia&parent=55056"}],"wp:term":[{"taxonomy":"category","embeddable":true,"href":"https:\/\/lospoliticosveracruz.com\/index.php?rest_route=%2Fwp%2Fv2%2Fcategories&post=55056"},{"taxonomy":"post_tag","embeddable":true,"href":"https:\/\/lospoliticosveracruz.com\/index.php?rest_route=%2Fwp%2Fv2%2Ftags&post=55056"}],"curies":[{"name":"wp","href":"https:\/\/api.w.org\/{rel}","templated":true}]}}