{"id":55075,"date":"2020-05-14T08:50:15","date_gmt":"2020-05-14T13:50:15","guid":{"rendered":"http:\/\/www.lospoliticosveracruz.com.mx\/?p=55075"},"modified":"2020-05-14T08:50:15","modified_gmt":"2020-05-14T13:50:15","slug":"al-maestro-con-carino","status":"publish","type":"post","link":"https:\/\/lospoliticosveracruz.com\/?p=55075","title":{"rendered":"Al Maestro con cari\u00f1o"},"content":{"rendered":"<p><strong>Elena C\u00f3rdova Molina<\/strong><\/p>\n<p><em>Luna Nueva<\/em><\/p>\n<p>No hay forma de suplir la presencia f\u00edsica de un maestro frente a su grupo. Podr\u00edamos argumentar muchas cosas a favor, por ejemplo, la forma en que estimula de manera individual a cada alumno puesto que \u00e9l los conoce lo suficiente como para saber qui\u00e9n es buen alumno o qui\u00e9n merece una atenci\u00f3n m\u00e1s dedicada. Con el trato diario un maestro es capaz de saber qui\u00e9n de sus alumnos pertenece a una poblaci\u00f3n vulnerable, o con problemas f\u00edsicos: como asma, hipertensi\u00f3n, problemas cardiacos o casos m\u00e1s graves como conflictos familiares de violencia, depresi\u00f3n, hiperactividad, y muchas otras m\u00e1s situaciones que dif\u00edcilmente, se pueden observar y detectar en una educaci\u00f3n en l\u00ednea. No se\u00f1alo que la educaci\u00f3n virtual sea mala, pero creo que definitivamente no es muy adecuada para los dos primeros niveles de nuestro sistema educativo en M\u00e9xico. Aun no es tiempo.<\/p>\n<p>Para escribir sobre la educaci\u00f3n en M\u00e9xico y Veracruz, significa revalorar la figura del mentor, del personaje apreciado que trasmite conocimiento, que alimenta las mentes \u00e1vidas de sus alumnos y los alienta, para que sue\u00f1en con una mejor formaci\u00f3n acad\u00e9mica y por ende una mejor posibilidad de vida.<\/p>\n<p>Mi educaci\u00f3n primaria la curs\u00e9\u00a0en una escuela multigrado, con un extraordinario maestro Fabi\u00e1n, al cual recuerdo con mucho cari\u00f1o, \u00e9l con mucha dedicaci\u00f3n y vocaci\u00f3n de ense\u00f1anza se ocupaba de tercer y cuarto a\u00f1o, simult\u00e1neamente.<\/p>\n<p>En mi opini\u00f3n, la figura del maestro rural es \u00fanica, pocas veces comparable. El maestro rural realmente convive con la poblaci\u00f3n, pues su estancia es de semanas o meses en la localidad donde ense\u00f1a. Crea lazos afectivos, se involucra y trasmite su convicci\u00f3n solidaria con los padres de familia y poblaci\u00f3n en general. Convive y respeta las costumbres, cultura y su ambiente provinciano en el cual habita temporalmente o a veces definitivamente. Su dedicaci\u00f3n y pasi\u00f3n lo lleva a ense\u00f1ar y a educar conforme las necesidades y demandas educativas de las comunidades rurales. Es decir, se adapta y adopta a lo que ve y siente, sin perder su formaci\u00f3n sino al contrario, la fortalece.<\/p>\n<p>En mi querido municipio de Alto Lucero, la educaci\u00f3n est\u00e1 en etapa Media superior, puesto que a\u00fan no contamos con alguna universidad, tecnol\u00f3gico o normal superior o extensi\u00f3n de estas. Sin embargo es admirable la labor educativa que se desempe\u00f1a desde el nivel preescolar, luego a la primaria en un avance considerable donde las mam\u00e1s dicen: \u00aby ya sabe poner su nombre\u201d,\u00a0 con maestros entregados y llenos de amor que van de la mano del ni\u00f1o para mostrarle lo que m\u00e1s adelante ser\u00e1n sus conocimientos b\u00e1sicos que le ayudaran por siempre en la vida diaria, desde una cuenta de suma o resta, pasando por una multiplicaci\u00f3n y una divisi\u00f3n, cosas que las ocupamos hasta el d\u00eda que morimos.<\/p>\n<p>La etapa de la secundaria y prepa en Alto Lucero es de calidad, tan es as\u00ed que un gran porcentaje de j\u00f3venes\u00a0 que emigran de los Telebachilleratos y el Cecytev son aceptados en la universidad y a consecuencia de ello, hoy el municipio cuenta con un gran n\u00famero de profesionistas que enorgullecen a sus maestros y Alto Lucero.<\/p>\n<p>En su d\u00eda, vaya mi reconocimiento sincero y eterno para los Maestros, quienes, en el caso de los rurales. Dejan su hogar, su familia, las comodidades propias de la ciudad para irse a la comunidad donde \u201cle toco ir a dar clases\u201d.<\/p>\n<p>Espero, que dentro de las cosas que cambiaran debido al Covid-19 tambi\u00e9n se incluya verdaderamente una educaci\u00f3n m\u00e1s digna, con salarios dignos, con trato digno, a los ap\u00f3stoles de la educaci\u00f3n, como bien se nombra a los maestros.<\/p>\n<p>Que Dios bendiga a los maestros es su d\u00eda.<\/p>\n<p>&nbsp;<\/p>\n<p>&nbsp;<\/p>\n<p>&nbsp;<\/p>\n","protected":false},"excerpt":{"rendered":"<p>Elena C\u00f3rdova Molina Luna Nueva No hay forma de suplir la presencia f\u00edsica de un maestro frente a su grupo. Podr\u00edamos argumentar muchas cosas a favor, por ejemplo, la forma en que estimula de manera individual a cada alumno puesto que \u00e9l los conoce lo suficiente como para saber qui\u00e9n es buen alumno o qui\u00e9n [&hellip;]<\/p>\n","protected":false},"author":2,"featured_media":0,"comment_status":"open","ping_status":"open","sticky":false,"template":"","format":"standard","meta":{"tdm_status":"","tdm_grid_status":"","footnotes":""},"categories":[70],"tags":[1182,2683,4673,6382,17836,17837,17838,395,17840,17839,11713,546,195],"class_list":{"0":"post-55075","1":"post","2":"type-post","3":"status-publish","4":"format-standard","6":"category-de-opinion","7":"tag-cecytev","8":"tag-dia-del-maestro","9":"tag-elena-cordova-molina","10":"tag-maestro","11":"tag-maestro-fabian","12":"tag-maestro-rural","13":"tag-media-superior","14":"tag-mexico","15":"tag-normal-superior","16":"tag-tecnologico","17":"tag-telebachilleratos","18":"tag-universidad","19":"tag-veracruz"},"yoast_head":"<!-- This site is optimized with the Yoast SEO plugin v27.4 - https:\/\/yoast.com\/product\/yoast-seo-wordpress\/ -->\n<title>Al Maestro con cari\u00f1o - Los pol\u00edticos Veracruz<\/title>\n<meta name=\"robots\" content=\"index, follow, max-snippet:-1, max-image-preview:large, max-video-preview:-1\" \/>\n<link rel=\"canonical\" href=\"https:\/\/lospoliticosveracruz.com\/?p=55075\" \/>\n<meta property=\"og:locale\" content=\"es_ES\" \/>\n<meta property=\"og:type\" content=\"article\" \/>\n<meta property=\"og:title\" content=\"Al Maestro con cari\u00f1o - Los pol\u00edticos Veracruz\" \/>\n<meta property=\"og:description\" content=\"Elena C\u00f3rdova Molina Luna Nueva No hay forma de suplir la presencia f\u00edsica de un maestro frente a su grupo. Podr\u00edamos argumentar muchas cosas a favor, por ejemplo, la forma en que estimula de manera individual a cada alumno puesto que \u00e9l los conoce lo suficiente como para saber qui\u00e9n es buen alumno o qui\u00e9n [&hellip;]\" \/>\n<meta property=\"og:url\" content=\"https:\/\/lospoliticosveracruz.com\/?p=55075\" \/>\n<meta property=\"og:site_name\" content=\"Los pol\u00edticos Veracruz\" \/>\n<meta property=\"article:publisher\" content=\"https:\/\/www.facebook.com\/people\/Notimemes-de-los-Polticos\/61565672886568\/\" \/>\n<meta property=\"article:published_time\" content=\"2020-05-14T13:50:15+00:00\" \/>\n<meta property=\"og:image\" content=\"https:\/\/lospoliticosveracruz.com\/wp-content\/uploads\/2016\/07\/Logo-Dor.jpg\" \/>\n\t<meta property=\"og:image:width\" content=\"200\" \/>\n\t<meta property=\"og:image:height\" content=\"200\" \/>\n\t<meta property=\"og:image:type\" content=\"image\/jpeg\" \/>\n<meta name=\"author\" content=\"Lo viste en Los Pol\u00edticos\" \/>\n<meta name=\"twitter:card\" content=\"summary_large_image\" \/>\n<meta name=\"twitter:creator\" content=\"@LosPoliticosVer\" \/>\n<meta name=\"twitter:site\" content=\"@LosPoliticosVer\" \/>\n<meta name=\"twitter:label1\" content=\"Escrito por\" \/>\n\t<meta name=\"twitter:data1\" content=\"Lo viste en Los Pol\u00edticos\" \/>\n\t<meta name=\"twitter:label2\" content=\"Tiempo de lectura\" \/>\n\t<meta name=\"twitter:data2\" content=\"3 minutos\" \/>\n<script type=\"application\/ld+json\" class=\"yoast-schema-graph\">{\"@context\":\"https:\\\/\\\/schema.org\",\"@graph\":[{\"@type\":\"Article\",\"@id\":\"https:\\\/\\\/lospoliticosveracruz.com\\\/?p=55075#article\",\"isPartOf\":{\"@id\":\"https:\\\/\\\/lospoliticosveracruz.com\\\/?p=55075\"},\"author\":{\"name\":\"Lo viste en Los Pol\u00edticos\",\"@id\":\"https:\\\/\\\/lospoliticosveracruz.com\\\/#\\\/schema\\\/person\\\/b8702bb0e538456e6efd07080bf2a4a2\"},\"headline\":\"Al Maestro con cari\u00f1o\",\"datePublished\":\"2020-05-14T13:50:15+00:00\",\"mainEntityOfPage\":{\"@id\":\"https:\\\/\\\/lospoliticosveracruz.com\\\/?p=55075\"},\"wordCount\":682,\"commentCount\":0,\"publisher\":{\"@id\":\"https:\\\/\\\/lospoliticosveracruz.com\\\/#organization\"},\"keywords\":[\"CECyTEV\",\"D\u00eda del Maestro\",\"Elena C\u00f3rdova Molina\",\"Maestro\",\"maestro Fabi\u00e1n\",\"maestro rural\",\"Media superior\",\"M\u00e9xico\",\"normal superior\",\"tecnol\u00f3gico\",\"telebachilleratos\",\"Universidad\",\"Veracruz\"],\"articleSection\":[\"De Opini\u00f3n\"],\"inLanguage\":\"es\",\"potentialAction\":[{\"@type\":\"CommentAction\",\"name\":\"Comment\",\"target\":[\"https:\\\/\\\/lospoliticosveracruz.com\\\/?p=55075#respond\"]}]},{\"@type\":\"WebPage\",\"@id\":\"https:\\\/\\\/lospoliticosveracruz.com\\\/?p=55075\",\"url\":\"https:\\\/\\\/lospoliticosveracruz.com\\\/?p=55075\",\"name\":\"Al Maestro con cari\u00f1o - Los pol\u00edticos Veracruz\",\"isPartOf\":{\"@id\":\"https:\\\/\\\/lospoliticosveracruz.com\\\/#website\"},\"datePublished\":\"2020-05-14T13:50:15+00:00\",\"breadcrumb\":{\"@id\":\"https:\\\/\\\/lospoliticosveracruz.com\\\/?p=55075#breadcrumb\"},\"inLanguage\":\"es\",\"potentialAction\":[{\"@type\":\"ReadAction\",\"target\":[\"https:\\\/\\\/lospoliticosveracruz.com\\\/?p=55075\"]}]},{\"@type\":\"BreadcrumbList\",\"@id\":\"https:\\\/\\\/lospoliticosveracruz.com\\\/?p=55075#breadcrumb\",\"itemListElement\":[{\"@type\":\"ListItem\",\"position\":1,\"name\":\"Portada\",\"item\":\"https:\\\/\\\/lospoliticosveracruz.com\\\/\"},{\"@type\":\"ListItem\",\"position\":2,\"name\":\"Al Maestro con cari\u00f1o\"}]},{\"@type\":\"WebSite\",\"@id\":\"https:\\\/\\\/lospoliticosveracruz.com\\\/#website\",\"url\":\"https:\\\/\\\/lospoliticosveracruz.com\\\/\",\"name\":\"Los pol\u00edticos Veracruz\",\"description\":\"\",\"publisher\":{\"@id\":\"https:\\\/\\\/lospoliticosveracruz.com\\\/#organization\"},\"potentialAction\":[{\"@type\":\"SearchAction\",\"target\":{\"@type\":\"EntryPoint\",\"urlTemplate\":\"https:\\\/\\\/lospoliticosveracruz.com\\\/?s={search_term_string}\"},\"query-input\":{\"@type\":\"PropertyValueSpecification\",\"valueRequired\":true,\"valueName\":\"search_term_string\"}}],\"inLanguage\":\"es\"},{\"@type\":\"Organization\",\"@id\":\"https:\\\/\\\/lospoliticosveracruz.com\\\/#organization\",\"name\":\"Los pol\u00edticos Veracruz\",\"url\":\"https:\\\/\\\/lospoliticosveracruz.com\\\/\",\"logo\":{\"@type\":\"ImageObject\",\"inLanguage\":\"es\",\"@id\":\"https:\\\/\\\/lospoliticosveracruz.com\\\/#\\\/schema\\\/logo\\\/image\\\/\",\"url\":\"https:\\\/\\\/lospoliticosveracruz.com\\\/wp-content\\\/uploads\\\/2025\\\/12\\\/Logo-Nuevo-LOS-POLITICOS-1.jpg\",\"contentUrl\":\"https:\\\/\\\/lospoliticosveracruz.com\\\/wp-content\\\/uploads\\\/2025\\\/12\\\/Logo-Nuevo-LOS-POLITICOS-1.jpg\",\"width\":260,\"height\":70,\"caption\":\"Los pol\u00edticos Veracruz\"},\"image\":{\"@id\":\"https:\\\/\\\/lospoliticosveracruz.com\\\/#\\\/schema\\\/logo\\\/image\\\/\"},\"sameAs\":[\"https:\\\/\\\/www.facebook.com\\\/people\\\/Notimemes-de-los-Polticos\\\/61565672886568\\\/\",\"https:\\\/\\\/x.com\\\/LosPoliticosVer\"]},{\"@type\":\"Person\",\"@id\":\"https:\\\/\\\/lospoliticosveracruz.com\\\/#\\\/schema\\\/person\\\/b8702bb0e538456e6efd07080bf2a4a2\",\"name\":\"Lo viste en Los Pol\u00edticos\",\"image\":{\"@type\":\"ImageObject\",\"inLanguage\":\"es\",\"@id\":\"https:\\\/\\\/secure.gravatar.com\\\/avatar\\\/3a8de04a2656d44082be478bd6c086daa447c4651605818287b9532d3d0bd435?s=96&d=mm&r=g\",\"url\":\"https:\\\/\\\/secure.gravatar.com\\\/avatar\\\/3a8de04a2656d44082be478bd6c086daa447c4651605818287b9532d3d0bd435?s=96&d=mm&r=g\",\"contentUrl\":\"https:\\\/\\\/secure.gravatar.com\\\/avatar\\\/3a8de04a2656d44082be478bd6c086daa447c4651605818287b9532d3d0bd435?s=96&d=mm&r=g\",\"caption\":\"Lo viste en Los Pol\u00edticos\"},\"url\":\"https:\\\/\\\/lospoliticosveracruz.com\\\/?author=2\"}]}<\/script>\n<!-- \/ Yoast SEO plugin. -->","yoast_head_json":{"title":"Al Maestro con cari\u00f1o - Los pol\u00edticos Veracruz","robots":{"index":"index","follow":"follow","max-snippet":"max-snippet:-1","max-image-preview":"max-image-preview:large","max-video-preview":"max-video-preview:-1"},"canonical":"https:\/\/lospoliticosveracruz.com\/?p=55075","og_locale":"es_ES","og_type":"article","og_title":"Al Maestro con cari\u00f1o - Los pol\u00edticos Veracruz","og_description":"Elena C\u00f3rdova Molina Luna Nueva No hay forma de suplir la presencia f\u00edsica de un maestro frente a su grupo. Podr\u00edamos argumentar muchas cosas a favor, por ejemplo, la forma en que estimula de manera individual a cada alumno puesto que \u00e9l los conoce lo suficiente como para saber qui\u00e9n es buen alumno o qui\u00e9n [&hellip;]","og_url":"https:\/\/lospoliticosveracruz.com\/?p=55075","og_site_name":"Los pol\u00edticos Veracruz","article_publisher":"https:\/\/www.facebook.com\/people\/Notimemes-de-los-Polticos\/61565672886568\/","article_published_time":"2020-05-14T13:50:15+00:00","og_image":[{"width":200,"height":200,"url":"https:\/\/lospoliticosveracruz.com\/wp-content\/uploads\/2016\/07\/Logo-Dor.jpg","type":"image\/jpeg"}],"author":"Lo viste en Los Pol\u00edticos","twitter_card":"summary_large_image","twitter_creator":"@LosPoliticosVer","twitter_site":"@LosPoliticosVer","twitter_misc":{"Escrito por":"Lo viste en Los Pol\u00edticos","Tiempo de lectura":"3 minutos"},"schema":{"@context":"https:\/\/schema.org","@graph":[{"@type":"Article","@id":"https:\/\/lospoliticosveracruz.com\/?p=55075#article","isPartOf":{"@id":"https:\/\/lospoliticosveracruz.com\/?p=55075"},"author":{"name":"Lo viste en Los Pol\u00edticos","@id":"https:\/\/lospoliticosveracruz.com\/#\/schema\/person\/b8702bb0e538456e6efd07080bf2a4a2"},"headline":"Al Maestro con cari\u00f1o","datePublished":"2020-05-14T13:50:15+00:00","mainEntityOfPage":{"@id":"https:\/\/lospoliticosveracruz.com\/?p=55075"},"wordCount":682,"commentCount":0,"publisher":{"@id":"https:\/\/lospoliticosveracruz.com\/#organization"},"keywords":["CECyTEV","D\u00eda del Maestro","Elena C\u00f3rdova Molina","Maestro","maestro Fabi\u00e1n","maestro rural","Media superior","M\u00e9xico","normal superior","tecnol\u00f3gico","telebachilleratos","Universidad","Veracruz"],"articleSection":["De Opini\u00f3n"],"inLanguage":"es","potentialAction":[{"@type":"CommentAction","name":"Comment","target":["https:\/\/lospoliticosveracruz.com\/?p=55075#respond"]}]},{"@type":"WebPage","@id":"https:\/\/lospoliticosveracruz.com\/?p=55075","url":"https:\/\/lospoliticosveracruz.com\/?p=55075","name":"Al Maestro con cari\u00f1o - Los pol\u00edticos Veracruz","isPartOf":{"@id":"https:\/\/lospoliticosveracruz.com\/#website"},"datePublished":"2020-05-14T13:50:15+00:00","breadcrumb":{"@id":"https:\/\/lospoliticosveracruz.com\/?p=55075#breadcrumb"},"inLanguage":"es","potentialAction":[{"@type":"ReadAction","target":["https:\/\/lospoliticosveracruz.com\/?p=55075"]}]},{"@type":"BreadcrumbList","@id":"https:\/\/lospoliticosveracruz.com\/?p=55075#breadcrumb","itemListElement":[{"@type":"ListItem","position":1,"name":"Portada","item":"https:\/\/lospoliticosveracruz.com\/"},{"@type":"ListItem","position":2,"name":"Al Maestro con cari\u00f1o"}]},{"@type":"WebSite","@id":"https:\/\/lospoliticosveracruz.com\/#website","url":"https:\/\/lospoliticosveracruz.com\/","name":"Los pol\u00edticos Veracruz","description":"","publisher":{"@id":"https:\/\/lospoliticosveracruz.com\/#organization"},"potentialAction":[{"@type":"SearchAction","target":{"@type":"EntryPoint","urlTemplate":"https:\/\/lospoliticosveracruz.com\/?s={search_term_string}"},"query-input":{"@type":"PropertyValueSpecification","valueRequired":true,"valueName":"search_term_string"}}],"inLanguage":"es"},{"@type":"Organization","@id":"https:\/\/lospoliticosveracruz.com\/#organization","name":"Los pol\u00edticos Veracruz","url":"https:\/\/lospoliticosveracruz.com\/","logo":{"@type":"ImageObject","inLanguage":"es","@id":"https:\/\/lospoliticosveracruz.com\/#\/schema\/logo\/image\/","url":"https:\/\/lospoliticosveracruz.com\/wp-content\/uploads\/2025\/12\/Logo-Nuevo-LOS-POLITICOS-1.jpg","contentUrl":"https:\/\/lospoliticosveracruz.com\/wp-content\/uploads\/2025\/12\/Logo-Nuevo-LOS-POLITICOS-1.jpg","width":260,"height":70,"caption":"Los pol\u00edticos Veracruz"},"image":{"@id":"https:\/\/lospoliticosveracruz.com\/#\/schema\/logo\/image\/"},"sameAs":["https:\/\/www.facebook.com\/people\/Notimemes-de-los-Polticos\/61565672886568\/","https:\/\/x.com\/LosPoliticosVer"]},{"@type":"Person","@id":"https:\/\/lospoliticosveracruz.com\/#\/schema\/person\/b8702bb0e538456e6efd07080bf2a4a2","name":"Lo viste en Los Pol\u00edticos","image":{"@type":"ImageObject","inLanguage":"es","@id":"https:\/\/secure.gravatar.com\/avatar\/3a8de04a2656d44082be478bd6c086daa447c4651605818287b9532d3d0bd435?s=96&d=mm&r=g","url":"https:\/\/secure.gravatar.com\/avatar\/3a8de04a2656d44082be478bd6c086daa447c4651605818287b9532d3d0bd435?s=96&d=mm&r=g","contentUrl":"https:\/\/secure.gravatar.com\/avatar\/3a8de04a2656d44082be478bd6c086daa447c4651605818287b9532d3d0bd435?s=96&d=mm&r=g","caption":"Lo viste en Los Pol\u00edticos"},"url":"https:\/\/lospoliticosveracruz.com\/?author=2"}]}},"_links":{"self":[{"href":"https:\/\/lospoliticosveracruz.com\/index.php?rest_route=\/wp\/v2\/posts\/55075","targetHints":{"allow":["GET"]}}],"collection":[{"href":"https:\/\/lospoliticosveracruz.com\/index.php?rest_route=\/wp\/v2\/posts"}],"about":[{"href":"https:\/\/lospoliticosveracruz.com\/index.php?rest_route=\/wp\/v2\/types\/post"}],"author":[{"embeddable":true,"href":"https:\/\/lospoliticosveracruz.com\/index.php?rest_route=\/wp\/v2\/users\/2"}],"replies":[{"embeddable":true,"href":"https:\/\/lospoliticosveracruz.com\/index.php?rest_route=%2Fwp%2Fv2%2Fcomments&post=55075"}],"version-history":[{"count":1,"href":"https:\/\/lospoliticosveracruz.com\/index.php?rest_route=\/wp\/v2\/posts\/55075\/revisions"}],"predecessor-version":[{"id":55076,"href":"https:\/\/lospoliticosveracruz.com\/index.php?rest_route=\/wp\/v2\/posts\/55075\/revisions\/55076"}],"wp:attachment":[{"href":"https:\/\/lospoliticosveracruz.com\/index.php?rest_route=%2Fwp%2Fv2%2Fmedia&parent=55075"}],"wp:term":[{"taxonomy":"category","embeddable":true,"href":"https:\/\/lospoliticosveracruz.com\/index.php?rest_route=%2Fwp%2Fv2%2Fcategories&post=55075"},{"taxonomy":"post_tag","embeddable":true,"href":"https:\/\/lospoliticosveracruz.com\/index.php?rest_route=%2Fwp%2Fv2%2Ftags&post=55075"}],"curies":[{"name":"wp","href":"https:\/\/api.w.org\/{rel}","templated":true}]}}