{"id":55077,"date":"2020-05-14T10:03:53","date_gmt":"2020-05-14T15:03:53","guid":{"rendered":"http:\/\/www.lospoliticosveracruz.com.mx\/?p=55077"},"modified":"2020-05-14T10:03:53","modified_gmt":"2020-05-14T15:03:53","slug":"la-oposicion-va-por-todo-este-21","status":"publish","type":"post","link":"https:\/\/lospoliticosveracruz.com\/?p=55077","title":{"rendered":"La Oposici\u00f3n va por todo este 21"},"content":{"rendered":"<p><strong>Ricardo Ch\u00faa<\/strong><\/p>\n<p><em>Sale y Vale<\/em><\/p>\n<p>OJO&#8230; El pensador y fil\u00f3sofo italiano, Norberto Bobbio ense\u00f1aba: \u00abEl fascista habla todo el tiempo de corrupci\u00f3n&#8230; Lo hizo en Italia en 1922, en Alemania en 1933 y en Brasil en 1964&#8230; Acusa, insulta, agrade como si fuera puro y honesto&#8230; Pero el fascista es s\u00f3lo un criminal&#8230; Un psic\u00f3pata que persigue una carrera pol\u00edtica&#8230; En el poder, no vacila en torturar, violar, robar sus pertenencias, su libertad y sus derechos&#8230; M\u00e1s que corrupci\u00f3n, el fascista pr\u00e1ctica la maldad&#8230; EL QUE ENTENDI\u00d3.. ENTENDI\u00d3&#8230;<\/p>\n<p>A LA BRAVA&#8230; MORENA, sus diputados locales y gobierno encabezado por Cuitl\u00e1huac Garc\u00eda&#8230; Ya \u00abmarcaron\u00bb la l\u00ednea pol\u00edtica que prevalecer\u00e1 en Veracruz, por lo menos hasta el 2024&#8230; Y, es retener el poder \u00abA LA BRAVA\u00bb&#8230; No habr\u00e1 ejercicio pol\u00edtico, ni di\u00e1logo, menos negociaci\u00f3n&#8230; Eso, ya no existe y no existir\u00e1 entre MORENA y partidos de oposici\u00f3n, PEOR AUN, entre Morenos y la sociedad.. Si es necesario \u00abpatear\u00bb al pueblo \u00abbueno y sabio\u00bb y opositores, lo har\u00e1, no se tocar\u00e1n el \u00abcoraz\u00f3n&#8230; La Reforma Electoral es prueba de ello&#8230;<\/p>\n<p>Pero lo que MORENA y su gobierno estatal&#8230; No han tomado en cuenta, es que esa MEDIDA de \u00abagredir\u00bb y \u00abgolpear\u00bb fue lo que llev\u00f3 al PRI a perder con el PAN&#8230; Y, por una situaci\u00f3n menor, de querer imponer a un hijo como sucesor, el PAN perdi\u00f3 ante MORENA&#8230; \u00abEl agandalle azul y sus traiciones\u00bb del 2018 hizo que Cuitl\u00e1huac ganar\u00e1 la elecci\u00f3n&#8230; Ahora el \u00abcopia\u00bb lo PEOR de esos gobiernos autoritarios para MANTENERSE en el poder a costa de lo que sea y como sea&#8230; Ese es su \u00abcamino a la perdici\u00f3n\u00bb.. FASCISMO PURO&#8230;<\/p>\n<p>Ya que no hay que ser muy sabios, para darse cuenta, que esa Reforma Electoral&#8230; SU GRAN LOGRO fue UNIR a toda la oposici\u00f3n y sociedad que estaba dividida en contra de MORENA.. Ya todos saben, que tiene que ser \u00abA LA BRAVA\u00bb como le van a tener que quitar el poder&#8230; Con la gran ventaja de la oposici\u00f3n, que ellos tienen a los operadores electorales m\u00e1s canijos&#8230; Y que saben que con Cuitl\u00e1huac no les van a dar nada porque \u00abning\u00fan chile les va a embonar\u00bb&#8230; Fueron y ser\u00e1n echados a un lado&#8230;<\/p>\n<p>As\u00ed que si en este momento LA OPOSICI\u00d3N Y TODOS LOS SECTORES AFECTADOS DE LA SOCIEDAD CIVIL, no s\u00f3lo por esta reforma sino por las acciones del gobierno estatal y federal, en estos 17 meses en el poder y en tiempos del coronavirus&#8230; SABE QUE YA NO TIENE NADA QUE PERDER&#8230; Por eso, la lucha ser\u00e1 m\u00e1s \u00abencarnizada\u00bb y violenta pol\u00edticamente&#8230; Saben que con MORENA, los pactos, ni los acuerdos valen&#8230; Ya que ellos corrompen igual o peor que el viejo r\u00e9gimen&#8230; Por eso, de aqu\u00ed al 2021, no habr\u00e1 tregua&#8230;<\/p>\n<p>El caso es que si alguna opci\u00f3n ten\u00eda MORENA de calmar los \u00e1nimos pol\u00edticos en Veracruz&#8230; Con esta acci\u00f3n se perdi\u00f3 esa posibilidad&#8230; La oposici\u00f3n quiere \u00absangre\u00bb pol\u00edtica y no van a cesar hasta ganar el Congreso y la mayor\u00eda de alcald\u00edas en 2021&#8230; Pero sobre todo, en 2022, llevar a Cuitl\u00e1huac Garc\u00eda al escrutinio p\u00fablico para someterlo a la revocaci\u00f3n de mandato y buscar la manera, a la buena o la mala, que la pierda&#8230; As\u00ed la van a jugar&#8230; S\u00f3lo van a esperar los \u00abda\u00f1os\u00bb que le provoque a su gobierno el COVID&#8230;<\/p>\n<p>La ventaja PRI, PAN, PRD y MC es que conocen a los operadores de MORENA.. Quienes son, como act\u00faan y en d\u00f3nde operan&#8230; Ya que quienes mueven \u00abel pandero\u00bb en ese partido, son ex militantes, que se fueron en 2016 y 2018 con los Morenos&#8230; No van a \u00abdescubrir\u00bb el \u00abhilo negro\u00bb&#8230; No duden, que en una de esas, viendo como se dar\u00e1n las cosas en 2021&#8230; Esos operadores \u00abmorenistas\u00bb pidan paz y hagan all\u00e1, lo que hicieron a Pepe y Miguel Yunes en 2018&#8230; Traicionarlos y hacerlos perder&#8230; Qui\u00e9n lo hizo una vez, lo hace siempre&#8230; AMEN&#8230;<\/p>\n<p>\u00abCOPELAS O CUELLO\u00bb&#8230; Para que la mentada Reforma Constitucional, aprobada el martes, pueda ser vigente en Veracruz&#8230; Tiene que pasar un esca\u00f1o m\u00e1s.. Que el 51 por ciento de los ayuntamientos con sus cabildos, la aprueben (51 por ciento porque hay una \u00ablaguna\u00bb legal en esta materia, y no piden mayor\u00eda calificada)&#8230; Lo cual significar\u00eda, que se necesitan 107 ayuntamientos de los 212 que hay en la entidad&#8230; Que le den el SI a esta reforma&#8230; \u00bfC\u00f3mo creen que la van a lograr el gobierno de MORENA?&#8230; PRESI\u00d3N U OLVIDO&#8230;<\/p>\n<p>A los alcaldes de Veracruz, sobre todo donde no hay tanta vigilancia ciudadana o de sectores de la sociedad por redes sociales, son m\u00e1s f\u00e1ciles de sucumbir a la presi\u00f3n gubernamental o lo que m\u00e1s teme un presidente municipal: Al ORFIS (\u00d3rgano de Fiscalizaci\u00f3n Superior)&#8230; Hoy en manos de MORENA&#8230; As\u00ed que a muchos presidentes municipales, le aplicar\u00e1n la de \u00abZen Li Gon\u00bb versi\u00f3n Cuitl\u00e1huac: \u00abCopelan o cuello\u00bb&#8230;<\/p>\n<p>Si el alcalde de una zona urbana tiene fuerza medi\u00e1tica&#8230; Dif\u00edcilmente lo presionan, saben que les \u00absale el tiro por la culata\u00bb&#8230; Pero un alcalde de una regi\u00f3n rural&#8230; Apenas ve auditores y corre a la iglesia del pueblo para que el cura lo confiese de sus \u00abpecados\u00bb&#8230; Ah\u00ed es donde pueden aprovechar los diputados de MORENA para empezar a \u00abpresionar\u00bb o dar \u00abprebendas\u00bb a cambio para que los apoyen: No auditorias, m\u00e1s recursos o m\u00e1s obra p\u00fablica&#8230; Siempre ha sido as\u00ed&#8230; Con MORENA no es diferente&#8230; Los jugadores cambian, el juego no&#8230;<\/p>\n<p>S\u00f3lo hay que tomar en cuenta que MORENA, tiene 18 alcaldes en Veracruz, esos pueden aprobar en un d\u00eda en sesiones extraordinarias de cabildo, que la Reforma Electoral pasa en sus municipios&#8230; Para lograr los 107 ayuntamientos, necesitan 89 con mayor\u00eda de cabildo, para lograr ese ansiado n\u00famero&#8230; C\u00f3mo le va hacer.. Si todos son de oposici\u00f3n e independientes&#8230; Y si algo, ha caracterizado a Cuitl\u00e1huac Garc\u00eda es que NO ACUERDA con alcaldes que no son de MORENA&#8230; \u00bfA poco va a cambiar?&#8230; Le pedir\u00e1 a Fernando Yunes, el favor.. Ja Ja Ja&#8230;<\/p>\n<p>La ley es clara&#8230; La Legislatura del Estado s\u00f3lo tiene 30 d\u00edas a partir de la fecha de aprobaci\u00f3n de la reforma electoral, para que informe que cabildos aprobaron la ley y cuales no&#8230; Si pasan esos d\u00edas y no logran los 107 municipios&#8230; La reforma NO PASA&#8230; Y ah\u00ed queda todo&#8230; La sociedad de cada municipio tiene que ser VIGLANTE de sus autoridades para saber como act\u00faan y EVITAR que sean \u00abpresionados\u00bb por el gobierno de Veracruz o Congreso Local de: \u00abCOPELAS O CUELLO\u00bb&#8230; MORENA quiere aprobarla&#8230; A HUEVO&#8230;<\/p>\n","protected":false},"excerpt":{"rendered":"<p>Ricardo Ch\u00faa Sale y Vale OJO&#8230; El pensador y fil\u00f3sofo italiano, Norberto Bobbio ense\u00f1aba: \u00abEl fascista habla todo el tiempo de corrupci\u00f3n&#8230; Lo hizo en Italia en 1922, en Alemania en 1933 y en Brasil en 1964&#8230; Acusa, insulta, agrade como si fuera puro y honesto&#8230; Pero el fascista es s\u00f3lo un criminal&#8230; Un psic\u00f3pata [&hellip;]<\/p>\n","protected":false},"author":2,"featured_media":0,"comment_status":"open","ping_status":"open","sticky":false,"template":"","format":"standard","meta":{"tdm_status":"","tdm_grid_status":"","footnotes":""},"categories":[70],"tags":[1681,1026,17841,1414,195],"class_list":{"0":"post-55077","1":"post","2":"type-post","3":"status-publish","4":"format-standard","6":"category-de-opinion","7":"tag-cuitlahuac-garcia","8":"tag-morena","9":"tag-norberto-bobbio","10":"tag-reforma-electoral","11":"tag-veracruz"},"yoast_head":"<!-- This site is optimized with the Yoast SEO plugin v27.4 - https:\/\/yoast.com\/product\/yoast-seo-wordpress\/ -->\n<title>La Oposici\u00f3n va por todo este 21 - Los pol\u00edticos Veracruz<\/title>\n<meta name=\"robots\" content=\"index, follow, max-snippet:-1, max-image-preview:large, max-video-preview:-1\" \/>\n<link rel=\"canonical\" href=\"https:\/\/lospoliticosveracruz.com\/?p=55077\" \/>\n<meta property=\"og:locale\" content=\"es_ES\" \/>\n<meta property=\"og:type\" content=\"article\" \/>\n<meta property=\"og:title\" content=\"La Oposici\u00f3n va por todo este 21 - Los pol\u00edticos Veracruz\" \/>\n<meta property=\"og:description\" content=\"Ricardo Ch\u00faa Sale y Vale OJO&#8230; El pensador y fil\u00f3sofo italiano, Norberto Bobbio ense\u00f1aba: \u00abEl fascista habla todo el tiempo de corrupci\u00f3n&#8230; Lo hizo en Italia en 1922, en Alemania en 1933 y en Brasil en 1964&#8230; Acusa, insulta, agrade como si fuera puro y honesto&#8230; Pero el fascista es s\u00f3lo un criminal&#8230; Un psic\u00f3pata [&hellip;]\" \/>\n<meta property=\"og:url\" content=\"https:\/\/lospoliticosveracruz.com\/?p=55077\" \/>\n<meta property=\"og:site_name\" content=\"Los pol\u00edticos Veracruz\" \/>\n<meta property=\"article:publisher\" content=\"https:\/\/www.facebook.com\/people\/Notimemes-de-los-Polticos\/61565672886568\/\" \/>\n<meta property=\"article:published_time\" content=\"2020-05-14T15:03:53+00:00\" \/>\n<meta property=\"og:image\" content=\"https:\/\/lospoliticosveracruz.com\/wp-content\/uploads\/2016\/07\/Logo-Dor.jpg\" \/>\n\t<meta property=\"og:image:width\" content=\"200\" \/>\n\t<meta property=\"og:image:height\" content=\"200\" \/>\n\t<meta property=\"og:image:type\" content=\"image\/jpeg\" \/>\n<meta name=\"author\" content=\"Lo viste en Los Pol\u00edticos\" \/>\n<meta name=\"twitter:card\" content=\"summary_large_image\" \/>\n<meta name=\"twitter:creator\" content=\"@LosPoliticosVer\" \/>\n<meta name=\"twitter:site\" content=\"@LosPoliticosVer\" \/>\n<meta name=\"twitter:label1\" content=\"Escrito por\" \/>\n\t<meta name=\"twitter:data1\" content=\"Lo viste en Los Pol\u00edticos\" \/>\n\t<meta name=\"twitter:label2\" content=\"Tiempo de lectura\" \/>\n\t<meta name=\"twitter:data2\" content=\"6 minutos\" \/>\n<script type=\"application\/ld+json\" class=\"yoast-schema-graph\">{\"@context\":\"https:\\\/\\\/schema.org\",\"@graph\":[{\"@type\":\"Article\",\"@id\":\"https:\\\/\\\/lospoliticosveracruz.com\\\/?p=55077#article\",\"isPartOf\":{\"@id\":\"https:\\\/\\\/lospoliticosveracruz.com\\\/?p=55077\"},\"author\":{\"name\":\"Lo viste en Los Pol\u00edticos\",\"@id\":\"https:\\\/\\\/lospoliticosveracruz.com\\\/#\\\/schema\\\/person\\\/b8702bb0e538456e6efd07080bf2a4a2\"},\"headline\":\"La Oposici\u00f3n va por todo este 21\",\"datePublished\":\"2020-05-14T15:03:53+00:00\",\"mainEntityOfPage\":{\"@id\":\"https:\\\/\\\/lospoliticosveracruz.com\\\/?p=55077\"},\"wordCount\":1156,\"commentCount\":0,\"publisher\":{\"@id\":\"https:\\\/\\\/lospoliticosveracruz.com\\\/#organization\"},\"keywords\":[\"Cuitl\u00e1huac Garc\u00eda\",\"Morena\",\"Norberto Bobbio\",\"reforma electoral\",\"Veracruz\"],\"articleSection\":[\"De Opini\u00f3n\"],\"inLanguage\":\"es\",\"potentialAction\":[{\"@type\":\"CommentAction\",\"name\":\"Comment\",\"target\":[\"https:\\\/\\\/lospoliticosveracruz.com\\\/?p=55077#respond\"]}]},{\"@type\":\"WebPage\",\"@id\":\"https:\\\/\\\/lospoliticosveracruz.com\\\/?p=55077\",\"url\":\"https:\\\/\\\/lospoliticosveracruz.com\\\/?p=55077\",\"name\":\"La Oposici\u00f3n va por todo este 21 - Los pol\u00edticos Veracruz\",\"isPartOf\":{\"@id\":\"https:\\\/\\\/lospoliticosveracruz.com\\\/#website\"},\"datePublished\":\"2020-05-14T15:03:53+00:00\",\"breadcrumb\":{\"@id\":\"https:\\\/\\\/lospoliticosveracruz.com\\\/?p=55077#breadcrumb\"},\"inLanguage\":\"es\",\"potentialAction\":[{\"@type\":\"ReadAction\",\"target\":[\"https:\\\/\\\/lospoliticosveracruz.com\\\/?p=55077\"]}]},{\"@type\":\"BreadcrumbList\",\"@id\":\"https:\\\/\\\/lospoliticosveracruz.com\\\/?p=55077#breadcrumb\",\"itemListElement\":[{\"@type\":\"ListItem\",\"position\":1,\"name\":\"Portada\",\"item\":\"https:\\\/\\\/lospoliticosveracruz.com\\\/\"},{\"@type\":\"ListItem\",\"position\":2,\"name\":\"La Oposici\u00f3n va por todo este 21\"}]},{\"@type\":\"WebSite\",\"@id\":\"https:\\\/\\\/lospoliticosveracruz.com\\\/#website\",\"url\":\"https:\\\/\\\/lospoliticosveracruz.com\\\/\",\"name\":\"Los pol\u00edticos Veracruz\",\"description\":\"\",\"publisher\":{\"@id\":\"https:\\\/\\\/lospoliticosveracruz.com\\\/#organization\"},\"potentialAction\":[{\"@type\":\"SearchAction\",\"target\":{\"@type\":\"EntryPoint\",\"urlTemplate\":\"https:\\\/\\\/lospoliticosveracruz.com\\\/?s={search_term_string}\"},\"query-input\":{\"@type\":\"PropertyValueSpecification\",\"valueRequired\":true,\"valueName\":\"search_term_string\"}}],\"inLanguage\":\"es\"},{\"@type\":\"Organization\",\"@id\":\"https:\\\/\\\/lospoliticosveracruz.com\\\/#organization\",\"name\":\"Los pol\u00edticos Veracruz\",\"url\":\"https:\\\/\\\/lospoliticosveracruz.com\\\/\",\"logo\":{\"@type\":\"ImageObject\",\"inLanguage\":\"es\",\"@id\":\"https:\\\/\\\/lospoliticosveracruz.com\\\/#\\\/schema\\\/logo\\\/image\\\/\",\"url\":\"https:\\\/\\\/lospoliticosveracruz.com\\\/wp-content\\\/uploads\\\/2025\\\/12\\\/Logo-Nuevo-LOS-POLITICOS-1.jpg\",\"contentUrl\":\"https:\\\/\\\/lospoliticosveracruz.com\\\/wp-content\\\/uploads\\\/2025\\\/12\\\/Logo-Nuevo-LOS-POLITICOS-1.jpg\",\"width\":260,\"height\":70,\"caption\":\"Los pol\u00edticos Veracruz\"},\"image\":{\"@id\":\"https:\\\/\\\/lospoliticosveracruz.com\\\/#\\\/schema\\\/logo\\\/image\\\/\"},\"sameAs\":[\"https:\\\/\\\/www.facebook.com\\\/people\\\/Notimemes-de-los-Polticos\\\/61565672886568\\\/\",\"https:\\\/\\\/x.com\\\/LosPoliticosVer\"]},{\"@type\":\"Person\",\"@id\":\"https:\\\/\\\/lospoliticosveracruz.com\\\/#\\\/schema\\\/person\\\/b8702bb0e538456e6efd07080bf2a4a2\",\"name\":\"Lo viste en Los Pol\u00edticos\",\"image\":{\"@type\":\"ImageObject\",\"inLanguage\":\"es\",\"@id\":\"https:\\\/\\\/secure.gravatar.com\\\/avatar\\\/3a8de04a2656d44082be478bd6c086daa447c4651605818287b9532d3d0bd435?s=96&d=mm&r=g\",\"url\":\"https:\\\/\\\/secure.gravatar.com\\\/avatar\\\/3a8de04a2656d44082be478bd6c086daa447c4651605818287b9532d3d0bd435?s=96&d=mm&r=g\",\"contentUrl\":\"https:\\\/\\\/secure.gravatar.com\\\/avatar\\\/3a8de04a2656d44082be478bd6c086daa447c4651605818287b9532d3d0bd435?s=96&d=mm&r=g\",\"caption\":\"Lo viste en Los Pol\u00edticos\"},\"url\":\"https:\\\/\\\/lospoliticosveracruz.com\\\/?author=2\"}]}<\/script>\n<!-- \/ Yoast SEO plugin. -->","yoast_head_json":{"title":"La Oposici\u00f3n va por todo este 21 - Los pol\u00edticos Veracruz","robots":{"index":"index","follow":"follow","max-snippet":"max-snippet:-1","max-image-preview":"max-image-preview:large","max-video-preview":"max-video-preview:-1"},"canonical":"https:\/\/lospoliticosveracruz.com\/?p=55077","og_locale":"es_ES","og_type":"article","og_title":"La Oposici\u00f3n va por todo este 21 - Los pol\u00edticos Veracruz","og_description":"Ricardo Ch\u00faa Sale y Vale OJO&#8230; El pensador y fil\u00f3sofo italiano, Norberto Bobbio ense\u00f1aba: \u00abEl fascista habla todo el tiempo de corrupci\u00f3n&#8230; Lo hizo en Italia en 1922, en Alemania en 1933 y en Brasil en 1964&#8230; Acusa, insulta, agrade como si fuera puro y honesto&#8230; Pero el fascista es s\u00f3lo un criminal&#8230; Un psic\u00f3pata [&hellip;]","og_url":"https:\/\/lospoliticosveracruz.com\/?p=55077","og_site_name":"Los pol\u00edticos Veracruz","article_publisher":"https:\/\/www.facebook.com\/people\/Notimemes-de-los-Polticos\/61565672886568\/","article_published_time":"2020-05-14T15:03:53+00:00","og_image":[{"width":200,"height":200,"url":"https:\/\/lospoliticosveracruz.com\/wp-content\/uploads\/2016\/07\/Logo-Dor.jpg","type":"image\/jpeg"}],"author":"Lo viste en Los Pol\u00edticos","twitter_card":"summary_large_image","twitter_creator":"@LosPoliticosVer","twitter_site":"@LosPoliticosVer","twitter_misc":{"Escrito por":"Lo viste en Los Pol\u00edticos","Tiempo de lectura":"6 minutos"},"schema":{"@context":"https:\/\/schema.org","@graph":[{"@type":"Article","@id":"https:\/\/lospoliticosveracruz.com\/?p=55077#article","isPartOf":{"@id":"https:\/\/lospoliticosveracruz.com\/?p=55077"},"author":{"name":"Lo viste en Los Pol\u00edticos","@id":"https:\/\/lospoliticosveracruz.com\/#\/schema\/person\/b8702bb0e538456e6efd07080bf2a4a2"},"headline":"La Oposici\u00f3n va por todo este 21","datePublished":"2020-05-14T15:03:53+00:00","mainEntityOfPage":{"@id":"https:\/\/lospoliticosveracruz.com\/?p=55077"},"wordCount":1156,"commentCount":0,"publisher":{"@id":"https:\/\/lospoliticosveracruz.com\/#organization"},"keywords":["Cuitl\u00e1huac Garc\u00eda","Morena","Norberto Bobbio","reforma electoral","Veracruz"],"articleSection":["De Opini\u00f3n"],"inLanguage":"es","potentialAction":[{"@type":"CommentAction","name":"Comment","target":["https:\/\/lospoliticosveracruz.com\/?p=55077#respond"]}]},{"@type":"WebPage","@id":"https:\/\/lospoliticosveracruz.com\/?p=55077","url":"https:\/\/lospoliticosveracruz.com\/?p=55077","name":"La Oposici\u00f3n va por todo este 21 - Los pol\u00edticos Veracruz","isPartOf":{"@id":"https:\/\/lospoliticosveracruz.com\/#website"},"datePublished":"2020-05-14T15:03:53+00:00","breadcrumb":{"@id":"https:\/\/lospoliticosveracruz.com\/?p=55077#breadcrumb"},"inLanguage":"es","potentialAction":[{"@type":"ReadAction","target":["https:\/\/lospoliticosveracruz.com\/?p=55077"]}]},{"@type":"BreadcrumbList","@id":"https:\/\/lospoliticosveracruz.com\/?p=55077#breadcrumb","itemListElement":[{"@type":"ListItem","position":1,"name":"Portada","item":"https:\/\/lospoliticosveracruz.com\/"},{"@type":"ListItem","position":2,"name":"La Oposici\u00f3n va por todo este 21"}]},{"@type":"WebSite","@id":"https:\/\/lospoliticosveracruz.com\/#website","url":"https:\/\/lospoliticosveracruz.com\/","name":"Los pol\u00edticos Veracruz","description":"","publisher":{"@id":"https:\/\/lospoliticosveracruz.com\/#organization"},"potentialAction":[{"@type":"SearchAction","target":{"@type":"EntryPoint","urlTemplate":"https:\/\/lospoliticosveracruz.com\/?s={search_term_string}"},"query-input":{"@type":"PropertyValueSpecification","valueRequired":true,"valueName":"search_term_string"}}],"inLanguage":"es"},{"@type":"Organization","@id":"https:\/\/lospoliticosveracruz.com\/#organization","name":"Los pol\u00edticos Veracruz","url":"https:\/\/lospoliticosveracruz.com\/","logo":{"@type":"ImageObject","inLanguage":"es","@id":"https:\/\/lospoliticosveracruz.com\/#\/schema\/logo\/image\/","url":"https:\/\/lospoliticosveracruz.com\/wp-content\/uploads\/2025\/12\/Logo-Nuevo-LOS-POLITICOS-1.jpg","contentUrl":"https:\/\/lospoliticosveracruz.com\/wp-content\/uploads\/2025\/12\/Logo-Nuevo-LOS-POLITICOS-1.jpg","width":260,"height":70,"caption":"Los pol\u00edticos Veracruz"},"image":{"@id":"https:\/\/lospoliticosveracruz.com\/#\/schema\/logo\/image\/"},"sameAs":["https:\/\/www.facebook.com\/people\/Notimemes-de-los-Polticos\/61565672886568\/","https:\/\/x.com\/LosPoliticosVer"]},{"@type":"Person","@id":"https:\/\/lospoliticosveracruz.com\/#\/schema\/person\/b8702bb0e538456e6efd07080bf2a4a2","name":"Lo viste en Los Pol\u00edticos","image":{"@type":"ImageObject","inLanguage":"es","@id":"https:\/\/secure.gravatar.com\/avatar\/3a8de04a2656d44082be478bd6c086daa447c4651605818287b9532d3d0bd435?s=96&d=mm&r=g","url":"https:\/\/secure.gravatar.com\/avatar\/3a8de04a2656d44082be478bd6c086daa447c4651605818287b9532d3d0bd435?s=96&d=mm&r=g","contentUrl":"https:\/\/secure.gravatar.com\/avatar\/3a8de04a2656d44082be478bd6c086daa447c4651605818287b9532d3d0bd435?s=96&d=mm&r=g","caption":"Lo viste en Los Pol\u00edticos"},"url":"https:\/\/lospoliticosveracruz.com\/?author=2"}]}},"_links":{"self":[{"href":"https:\/\/lospoliticosveracruz.com\/index.php?rest_route=\/wp\/v2\/posts\/55077","targetHints":{"allow":["GET"]}}],"collection":[{"href":"https:\/\/lospoliticosveracruz.com\/index.php?rest_route=\/wp\/v2\/posts"}],"about":[{"href":"https:\/\/lospoliticosveracruz.com\/index.php?rest_route=\/wp\/v2\/types\/post"}],"author":[{"embeddable":true,"href":"https:\/\/lospoliticosveracruz.com\/index.php?rest_route=\/wp\/v2\/users\/2"}],"replies":[{"embeddable":true,"href":"https:\/\/lospoliticosveracruz.com\/index.php?rest_route=%2Fwp%2Fv2%2Fcomments&post=55077"}],"version-history":[{"count":2,"href":"https:\/\/lospoliticosveracruz.com\/index.php?rest_route=\/wp\/v2\/posts\/55077\/revisions"}],"predecessor-version":[{"id":55080,"href":"https:\/\/lospoliticosveracruz.com\/index.php?rest_route=\/wp\/v2\/posts\/55077\/revisions\/55080"}],"wp:attachment":[{"href":"https:\/\/lospoliticosveracruz.com\/index.php?rest_route=%2Fwp%2Fv2%2Fmedia&parent=55077"}],"wp:term":[{"taxonomy":"category","embeddable":true,"href":"https:\/\/lospoliticosveracruz.com\/index.php?rest_route=%2Fwp%2Fv2%2Fcategories&post=55077"},{"taxonomy":"post_tag","embeddable":true,"href":"https:\/\/lospoliticosveracruz.com\/index.php?rest_route=%2Fwp%2Fv2%2Ftags&post=55077"}],"curies":[{"name":"wp","href":"https:\/\/api.w.org\/{rel}","templated":true}]}}