{"id":55094,"date":"2020-05-14T21:21:12","date_gmt":"2020-05-15T02:21:12","guid":{"rendered":"http:\/\/www.lospoliticosveracruz.com.mx\/?p=55094"},"modified":"2020-05-14T21:21:12","modified_gmt":"2020-05-15T02:21:12","slug":"felicidades-maestros","status":"publish","type":"post","link":"https:\/\/lospoliticosveracruz.com\/?p=55094","title":{"rendered":"\u00a1Felicidades maestros!"},"content":{"rendered":"<p><strong>Felipe de Jes\u00fas Fern\u00e1ndez Basilio<\/strong><\/p>\n<p><em>Desde A Janela<\/em><br \/>\nComienzo esta columna felicitando a todos los maestros en su d\u00eda, ya que su labor es invaluable en la sociedad y tambi\u00e9n porque en estos tiempos de crisis el tes\u00f3n con el que la desempe\u00f1an es simplemente muy dif\u00edcil de igualar por otros gremios.<\/p>\n<p>Y es verdad, porque mientras muchos otros sectores de la sociedad simplemente se encerraron como en el caso de los impartidores de justicia o fueron forzados por el gobierno a detener sus labores como los comerciantes, industriales de los llamados no esenciales (dejando aparte la extracci\u00f3n de petr\u00f3leo y los caprichos de este sexenio) o tuvieron que cerrar por falta de clientes como las industrias del turismo, restaurantera, de espect\u00e1culos as\u00ed como muchos profesionistas independientes, los maestros siguen trabajando con las limitaciones y pese a las penurias que las circunstancias les imponen.<\/p>\n<p>As\u00ed es, en el campo de la educaci\u00f3n el show debe de continuar y contin\u00faa, aunque sea de manera virtual con las limitaciones que ello implica, pero con el af\u00e1n de concluir de la mejor manera posible los cursos escolares.<\/p>\n<p>Por ello es que debe de reconocerse el esfuerzo de todos los maestros mexicanos ya que, aunque pedag\u00f3gicamente las condiciones en las que se ven obligados a trabajar debido al encierro decretado no son las mejores ya que nada sustituye a una clase presencial, brindan su mejor esfuerzo dando clases, mandando actividades y calificando ex\u00e1menes a trav\u00e9s de los medios digitales.<\/p>\n<p>Y aqu\u00ed es precisamente en donde viene pertinente reflexionar en porqu\u00e9 M\u00e9xico en muchos casos es un pa\u00eds de oportunidades perdidas, tanto por la visi\u00f3n cortoplacista de muchos pol\u00edticos como por las resistencias de muchos sectores a los cambios que bien pudieron ser positivos y en este caso me referir\u00e9 al programa que fuera llamado Enciclomedia, el cual de haber seguido seguramente hubiera facilitado much\u00edsimo las labores docentes en circunstancias como la que hoy vivimos.<\/p>\n<p>Ya que ahora que se requiere la educaci\u00f3n en l\u00ednea, de contar con un programa como ese y por supuesto perfeccionado por el paso del tiempo, la penetraci\u00f3n de la educaci\u00f3n a distancia ser\u00eda mucho mayor y habr\u00eda muchas menos quejas de las que ahora se presentan debido al bajo acceso a la internet que hay en muchas regiones del pa\u00eds.<\/p>\n<p>Y es que ese programa lo que pretend\u00eda era introducir la educaci\u00f3n a trav\u00e9s de la tecnolog\u00eda y ponerla a disposici\u00f3n de todos los alumnos de educaci\u00f3n b\u00e1sica y media en el pa\u00eds y para ello se entregaban aparatos tanto a alumnos como a maestros en los cuales se cargaban informaci\u00f3n tanto de los libros de texto gratuitos como de una enciclopedia digital y as\u00ed mismo se pon\u00eda informaci\u00f3n a disposici\u00f3n de los maestros para que la utilizaran en sus clases.<\/p>\n<p>Claro, como todo programa innovador tuvo sus errores tanto de dise\u00f1o como de falta de cobertura y hasta en contenidos, pero eran cosas que bien pudieron ser subsanadas con el paso del tiempo y conforme a la experiencia de los operadores del mismo, es decir maestros y alumnos.<\/p>\n<p>Sin embargo y tal y como ahora pas\u00f3 con otro programa exitoso de la misma \u00e9poca (el Seguro Popular) su vida fue acortada por un cambio de gobierno y los caprichos del gobernante en turno, sin siquiera pensar en la utilidad que pod\u00eda tener a futuro, mas a diferencia del programa de salud, la vida de Enciclomedia no pas\u00f3 del primer cambio de administraci\u00f3n.<\/p>\n<p>Y en este caso el villano de la historia fue Felipe Calder\u00f3n, quien seg\u00fan Jorge Casta\u00f1eda fue un pol\u00edtico con miras provincianas y sin sentido de la modernidad, lo que se corrobor\u00f3 a lo largo de su gobierno en el que solo se dedic\u00f3 a cumplir con las labores cotidianas del Ejecutivo sin tener programas ambiciosos como s\u00ed ocurri\u00f3 con su predecesor.<\/p>\n<p>Y as\u00ed tenemos que en el primer presupuesto de la administraci\u00f3n de Calder\u00f3n se sell\u00f3 el destino de Enciclomedia al decretarse su muerte por inanici\u00f3n, ya que los recursos destinados al mismo se redujeron de una manera notable y con el paso de los a\u00f1os contenido y equipo quedaron arrumbados o hasta desaparecieron e incluso surgieron esc\u00e1ndalos period\u00edsticos de malos manejos de dinero con motivo de su liquidaci\u00f3n.<\/p>\n<p>Por lo que este programa desapareci\u00f3 tanto por la cortedad de miras del presidente como posiblemente tambi\u00e9n por las presiones del sindicato de los maestros, ya que no hay que olvidar que una alianza con la entonces lideresa del principal sindicato educativo en el pa\u00eds permiti\u00f3 la victoria electoral del primero y de alguna manera tambi\u00e9n forz\u00f3 a una especie de gobierno de coalici\u00f3n en el que dicho sindicato tuvo un peso espec\u00edfico.<\/p>\n<p>Despu\u00e9s con Pe\u00f1a hubo un muy tibio intento de volver a empezar con la tecnolog\u00eda en las aulas al pretender dar computadoras personales a los estudiantes y ahora definitivamente el impulso a la tecnolog\u00eda en las aulas no es para nada relevante y no creo que lo sea en el futuro inmediato pese a la experiencia que estamos viviendo.<\/p>\n<p>Mas la lecci\u00f3n que nos deja la breve existencia de un programa como Enciclomedia es que debido a la peculiaridad de la monarqu\u00eda que en cada sexenio se vive en la cual se sobrevalora el \u201cestilo personal de gobernar\u201d por sobre la continuidad de las pol\u00edticas p\u00fablicas es que se pierden muchos programas valiosos y con ello la posibilidad de mejorar de manera sostenida, ya que si se hubiera mantenido y corregido el programa de Enciclomedia, ahora que es necesaria la penetraci\u00f3n de la educaci\u00f3n a distancia la situaci\u00f3n ser\u00eda muy diferente, ya que como se dijo en l\u00edneas previas la intenci\u00f3n del programa era buena y s\u00ed hubo fallos en su implementaci\u00f3n, \u00e9stos eran susceptibles de ser mejorados tanto por la experiencia como por los avances tecnol\u00f3gicos.<\/p>\n<p>Mas el error fue haberlo cancelado y ahora debido a ello la situaci\u00f3n educativa es m\u00e1s complicada y sin embargo lo que siempre se agradece y ahora m\u00e1s que nunca es que pese a esa y otras dificultades, los verdaderos maestros contin\u00faan impartiendo clases.<\/p>\n<p>As\u00ed que no resta m\u00e1s que decir de nuevo: \u00a1Felicidades maestros!<\/p>\n<p><a href=\"mailto:felfebas@gmail.com\">felfebas@gmail.com<\/a><\/p>\n<p>Twitter: @FelipeFBasilio<\/p>\n","protected":false},"excerpt":{"rendered":"<p>Felipe de Jes\u00fas Fern\u00e1ndez Basilio Desde A Janela Comienzo esta columna felicitando a todos los maestros en su d\u00eda, ya que su labor es invaluable en la sociedad y tambi\u00e9n porque en estos tiempos de crisis el tes\u00f3n con el que la desempe\u00f1an es simplemente muy dif\u00edcil de igualar por otros gremios. Y es verdad, [&hellip;]<\/p>\n","protected":false},"author":2,"featured_media":0,"comment_status":"open","ping_status":"open","sticky":false,"template":"","format":"standard","meta":{"tdm_status":"","tdm_grid_status":"","footnotes":""},"categories":[70],"tags":[17845,3946,11934,3718,1969],"class_list":{"0":"post-55094","1":"post","2":"type-post","3":"status-publish","4":"format-standard","6":"category-de-opinion","7":"tag-enciclomedia","8":"tag-felipe-calderon","9":"tag-jorge-castaneda","10":"tag-maestros","11":"tag-seguro-popular"},"yoast_head":"<!-- This site is optimized with the Yoast SEO plugin v27.4 - https:\/\/yoast.com\/product\/yoast-seo-wordpress\/ -->\n<title>\u00a1Felicidades maestros! - Los pol\u00edticos Veracruz<\/title>\n<meta name=\"robots\" content=\"index, follow, max-snippet:-1, max-image-preview:large, max-video-preview:-1\" \/>\n<link rel=\"canonical\" href=\"https:\/\/lospoliticosveracruz.com\/?p=55094\" \/>\n<meta property=\"og:locale\" content=\"es_ES\" \/>\n<meta property=\"og:type\" content=\"article\" \/>\n<meta property=\"og:title\" content=\"\u00a1Felicidades maestros! - Los pol\u00edticos Veracruz\" \/>\n<meta property=\"og:description\" content=\"Felipe de Jes\u00fas Fern\u00e1ndez Basilio Desde A Janela Comienzo esta columna felicitando a todos los maestros en su d\u00eda, ya que su labor es invaluable en la sociedad y tambi\u00e9n porque en estos tiempos de crisis el tes\u00f3n con el que la desempe\u00f1an es simplemente muy dif\u00edcil de igualar por otros gremios. Y es verdad, [&hellip;]\" \/>\n<meta property=\"og:url\" content=\"https:\/\/lospoliticosveracruz.com\/?p=55094\" \/>\n<meta property=\"og:site_name\" content=\"Los pol\u00edticos Veracruz\" \/>\n<meta property=\"article:publisher\" content=\"https:\/\/www.facebook.com\/people\/Notimemes-de-los-Polticos\/61565672886568\/\" \/>\n<meta property=\"article:published_time\" content=\"2020-05-15T02:21:12+00:00\" \/>\n<meta property=\"og:image\" content=\"https:\/\/lospoliticosveracruz.com\/wp-content\/uploads\/2016\/07\/Logo-Dor.jpg\" \/>\n\t<meta property=\"og:image:width\" content=\"200\" \/>\n\t<meta property=\"og:image:height\" content=\"200\" \/>\n\t<meta property=\"og:image:type\" content=\"image\/jpeg\" \/>\n<meta name=\"author\" content=\"Lo viste en Los Pol\u00edticos\" \/>\n<meta name=\"twitter:card\" content=\"summary_large_image\" \/>\n<meta name=\"twitter:creator\" content=\"@LosPoliticosVer\" \/>\n<meta name=\"twitter:site\" content=\"@LosPoliticosVer\" \/>\n<meta name=\"twitter:label1\" content=\"Escrito por\" \/>\n\t<meta name=\"twitter:data1\" content=\"Lo viste en Los Pol\u00edticos\" \/>\n\t<meta name=\"twitter:label2\" content=\"Tiempo de lectura\" \/>\n\t<meta name=\"twitter:data2\" content=\"6 minutos\" \/>\n<script type=\"application\/ld+json\" class=\"yoast-schema-graph\">{\"@context\":\"https:\\\/\\\/schema.org\",\"@graph\":[{\"@type\":\"Article\",\"@id\":\"https:\\\/\\\/lospoliticosveracruz.com\\\/?p=55094#article\",\"isPartOf\":{\"@id\":\"https:\\\/\\\/lospoliticosveracruz.com\\\/?p=55094\"},\"author\":{\"name\":\"Lo viste en Los Pol\u00edticos\",\"@id\":\"https:\\\/\\\/lospoliticosveracruz.com\\\/#\\\/schema\\\/person\\\/b8702bb0e538456e6efd07080bf2a4a2\"},\"headline\":\"\u00a1Felicidades maestros!\",\"datePublished\":\"2020-05-15T02:21:12+00:00\",\"mainEntityOfPage\":{\"@id\":\"https:\\\/\\\/lospoliticosveracruz.com\\\/?p=55094\"},\"wordCount\":1106,\"commentCount\":0,\"publisher\":{\"@id\":\"https:\\\/\\\/lospoliticosveracruz.com\\\/#organization\"},\"keywords\":[\"Enciclomedia\",\"Felipe Calder\u00f3n\",\"Jorge Casta\u00f1eda\",\"maestros\",\"Seguro Popular\"],\"articleSection\":[\"De Opini\u00f3n\"],\"inLanguage\":\"es\",\"potentialAction\":[{\"@type\":\"CommentAction\",\"name\":\"Comment\",\"target\":[\"https:\\\/\\\/lospoliticosveracruz.com\\\/?p=55094#respond\"]}]},{\"@type\":\"WebPage\",\"@id\":\"https:\\\/\\\/lospoliticosveracruz.com\\\/?p=55094\",\"url\":\"https:\\\/\\\/lospoliticosveracruz.com\\\/?p=55094\",\"name\":\"\u00a1Felicidades maestros! - Los pol\u00edticos Veracruz\",\"isPartOf\":{\"@id\":\"https:\\\/\\\/lospoliticosveracruz.com\\\/#website\"},\"datePublished\":\"2020-05-15T02:21:12+00:00\",\"breadcrumb\":{\"@id\":\"https:\\\/\\\/lospoliticosveracruz.com\\\/?p=55094#breadcrumb\"},\"inLanguage\":\"es\",\"potentialAction\":[{\"@type\":\"ReadAction\",\"target\":[\"https:\\\/\\\/lospoliticosveracruz.com\\\/?p=55094\"]}]},{\"@type\":\"BreadcrumbList\",\"@id\":\"https:\\\/\\\/lospoliticosveracruz.com\\\/?p=55094#breadcrumb\",\"itemListElement\":[{\"@type\":\"ListItem\",\"position\":1,\"name\":\"Portada\",\"item\":\"https:\\\/\\\/lospoliticosveracruz.com\\\/\"},{\"@type\":\"ListItem\",\"position\":2,\"name\":\"\u00a1Felicidades maestros!\"}]},{\"@type\":\"WebSite\",\"@id\":\"https:\\\/\\\/lospoliticosveracruz.com\\\/#website\",\"url\":\"https:\\\/\\\/lospoliticosveracruz.com\\\/\",\"name\":\"Los pol\u00edticos Veracruz\",\"description\":\"\",\"publisher\":{\"@id\":\"https:\\\/\\\/lospoliticosveracruz.com\\\/#organization\"},\"potentialAction\":[{\"@type\":\"SearchAction\",\"target\":{\"@type\":\"EntryPoint\",\"urlTemplate\":\"https:\\\/\\\/lospoliticosveracruz.com\\\/?s={search_term_string}\"},\"query-input\":{\"@type\":\"PropertyValueSpecification\",\"valueRequired\":true,\"valueName\":\"search_term_string\"}}],\"inLanguage\":\"es\"},{\"@type\":\"Organization\",\"@id\":\"https:\\\/\\\/lospoliticosveracruz.com\\\/#organization\",\"name\":\"Los pol\u00edticos Veracruz\",\"url\":\"https:\\\/\\\/lospoliticosveracruz.com\\\/\",\"logo\":{\"@type\":\"ImageObject\",\"inLanguage\":\"es\",\"@id\":\"https:\\\/\\\/lospoliticosveracruz.com\\\/#\\\/schema\\\/logo\\\/image\\\/\",\"url\":\"https:\\\/\\\/lospoliticosveracruz.com\\\/wp-content\\\/uploads\\\/2025\\\/12\\\/Logo-Nuevo-LOS-POLITICOS-1.jpg\",\"contentUrl\":\"https:\\\/\\\/lospoliticosveracruz.com\\\/wp-content\\\/uploads\\\/2025\\\/12\\\/Logo-Nuevo-LOS-POLITICOS-1.jpg\",\"width\":260,\"height\":70,\"caption\":\"Los pol\u00edticos Veracruz\"},\"image\":{\"@id\":\"https:\\\/\\\/lospoliticosveracruz.com\\\/#\\\/schema\\\/logo\\\/image\\\/\"},\"sameAs\":[\"https:\\\/\\\/www.facebook.com\\\/people\\\/Notimemes-de-los-Polticos\\\/61565672886568\\\/\",\"https:\\\/\\\/x.com\\\/LosPoliticosVer\"]},{\"@type\":\"Person\",\"@id\":\"https:\\\/\\\/lospoliticosveracruz.com\\\/#\\\/schema\\\/person\\\/b8702bb0e538456e6efd07080bf2a4a2\",\"name\":\"Lo viste en Los Pol\u00edticos\",\"image\":{\"@type\":\"ImageObject\",\"inLanguage\":\"es\",\"@id\":\"https:\\\/\\\/secure.gravatar.com\\\/avatar\\\/3a8de04a2656d44082be478bd6c086daa447c4651605818287b9532d3d0bd435?s=96&d=mm&r=g\",\"url\":\"https:\\\/\\\/secure.gravatar.com\\\/avatar\\\/3a8de04a2656d44082be478bd6c086daa447c4651605818287b9532d3d0bd435?s=96&d=mm&r=g\",\"contentUrl\":\"https:\\\/\\\/secure.gravatar.com\\\/avatar\\\/3a8de04a2656d44082be478bd6c086daa447c4651605818287b9532d3d0bd435?s=96&d=mm&r=g\",\"caption\":\"Lo viste en Los Pol\u00edticos\"},\"url\":\"https:\\\/\\\/lospoliticosveracruz.com\\\/?author=2\"}]}<\/script>\n<!-- \/ Yoast SEO plugin. -->","yoast_head_json":{"title":"\u00a1Felicidades maestros! - Los pol\u00edticos Veracruz","robots":{"index":"index","follow":"follow","max-snippet":"max-snippet:-1","max-image-preview":"max-image-preview:large","max-video-preview":"max-video-preview:-1"},"canonical":"https:\/\/lospoliticosveracruz.com\/?p=55094","og_locale":"es_ES","og_type":"article","og_title":"\u00a1Felicidades maestros! - Los pol\u00edticos Veracruz","og_description":"Felipe de Jes\u00fas Fern\u00e1ndez Basilio Desde A Janela Comienzo esta columna felicitando a todos los maestros en su d\u00eda, ya que su labor es invaluable en la sociedad y tambi\u00e9n porque en estos tiempos de crisis el tes\u00f3n con el que la desempe\u00f1an es simplemente muy dif\u00edcil de igualar por otros gremios. Y es verdad, [&hellip;]","og_url":"https:\/\/lospoliticosveracruz.com\/?p=55094","og_site_name":"Los pol\u00edticos Veracruz","article_publisher":"https:\/\/www.facebook.com\/people\/Notimemes-de-los-Polticos\/61565672886568\/","article_published_time":"2020-05-15T02:21:12+00:00","og_image":[{"width":200,"height":200,"url":"https:\/\/lospoliticosveracruz.com\/wp-content\/uploads\/2016\/07\/Logo-Dor.jpg","type":"image\/jpeg"}],"author":"Lo viste en Los Pol\u00edticos","twitter_card":"summary_large_image","twitter_creator":"@LosPoliticosVer","twitter_site":"@LosPoliticosVer","twitter_misc":{"Escrito por":"Lo viste en Los Pol\u00edticos","Tiempo de lectura":"6 minutos"},"schema":{"@context":"https:\/\/schema.org","@graph":[{"@type":"Article","@id":"https:\/\/lospoliticosveracruz.com\/?p=55094#article","isPartOf":{"@id":"https:\/\/lospoliticosveracruz.com\/?p=55094"},"author":{"name":"Lo viste en Los Pol\u00edticos","@id":"https:\/\/lospoliticosveracruz.com\/#\/schema\/person\/b8702bb0e538456e6efd07080bf2a4a2"},"headline":"\u00a1Felicidades maestros!","datePublished":"2020-05-15T02:21:12+00:00","mainEntityOfPage":{"@id":"https:\/\/lospoliticosveracruz.com\/?p=55094"},"wordCount":1106,"commentCount":0,"publisher":{"@id":"https:\/\/lospoliticosveracruz.com\/#organization"},"keywords":["Enciclomedia","Felipe Calder\u00f3n","Jorge Casta\u00f1eda","maestros","Seguro Popular"],"articleSection":["De Opini\u00f3n"],"inLanguage":"es","potentialAction":[{"@type":"CommentAction","name":"Comment","target":["https:\/\/lospoliticosveracruz.com\/?p=55094#respond"]}]},{"@type":"WebPage","@id":"https:\/\/lospoliticosveracruz.com\/?p=55094","url":"https:\/\/lospoliticosveracruz.com\/?p=55094","name":"\u00a1Felicidades maestros! - Los pol\u00edticos Veracruz","isPartOf":{"@id":"https:\/\/lospoliticosveracruz.com\/#website"},"datePublished":"2020-05-15T02:21:12+00:00","breadcrumb":{"@id":"https:\/\/lospoliticosveracruz.com\/?p=55094#breadcrumb"},"inLanguage":"es","potentialAction":[{"@type":"ReadAction","target":["https:\/\/lospoliticosveracruz.com\/?p=55094"]}]},{"@type":"BreadcrumbList","@id":"https:\/\/lospoliticosveracruz.com\/?p=55094#breadcrumb","itemListElement":[{"@type":"ListItem","position":1,"name":"Portada","item":"https:\/\/lospoliticosveracruz.com\/"},{"@type":"ListItem","position":2,"name":"\u00a1Felicidades maestros!"}]},{"@type":"WebSite","@id":"https:\/\/lospoliticosveracruz.com\/#website","url":"https:\/\/lospoliticosveracruz.com\/","name":"Los pol\u00edticos Veracruz","description":"","publisher":{"@id":"https:\/\/lospoliticosveracruz.com\/#organization"},"potentialAction":[{"@type":"SearchAction","target":{"@type":"EntryPoint","urlTemplate":"https:\/\/lospoliticosveracruz.com\/?s={search_term_string}"},"query-input":{"@type":"PropertyValueSpecification","valueRequired":true,"valueName":"search_term_string"}}],"inLanguage":"es"},{"@type":"Organization","@id":"https:\/\/lospoliticosveracruz.com\/#organization","name":"Los pol\u00edticos Veracruz","url":"https:\/\/lospoliticosveracruz.com\/","logo":{"@type":"ImageObject","inLanguage":"es","@id":"https:\/\/lospoliticosveracruz.com\/#\/schema\/logo\/image\/","url":"https:\/\/lospoliticosveracruz.com\/wp-content\/uploads\/2025\/12\/Logo-Nuevo-LOS-POLITICOS-1.jpg","contentUrl":"https:\/\/lospoliticosveracruz.com\/wp-content\/uploads\/2025\/12\/Logo-Nuevo-LOS-POLITICOS-1.jpg","width":260,"height":70,"caption":"Los pol\u00edticos Veracruz"},"image":{"@id":"https:\/\/lospoliticosveracruz.com\/#\/schema\/logo\/image\/"},"sameAs":["https:\/\/www.facebook.com\/people\/Notimemes-de-los-Polticos\/61565672886568\/","https:\/\/x.com\/LosPoliticosVer"]},{"@type":"Person","@id":"https:\/\/lospoliticosveracruz.com\/#\/schema\/person\/b8702bb0e538456e6efd07080bf2a4a2","name":"Lo viste en Los Pol\u00edticos","image":{"@type":"ImageObject","inLanguage":"es","@id":"https:\/\/secure.gravatar.com\/avatar\/3a8de04a2656d44082be478bd6c086daa447c4651605818287b9532d3d0bd435?s=96&d=mm&r=g","url":"https:\/\/secure.gravatar.com\/avatar\/3a8de04a2656d44082be478bd6c086daa447c4651605818287b9532d3d0bd435?s=96&d=mm&r=g","contentUrl":"https:\/\/secure.gravatar.com\/avatar\/3a8de04a2656d44082be478bd6c086daa447c4651605818287b9532d3d0bd435?s=96&d=mm&r=g","caption":"Lo viste en Los Pol\u00edticos"},"url":"https:\/\/lospoliticosveracruz.com\/?author=2"}]}},"_links":{"self":[{"href":"https:\/\/lospoliticosveracruz.com\/index.php?rest_route=\/wp\/v2\/posts\/55094","targetHints":{"allow":["GET"]}}],"collection":[{"href":"https:\/\/lospoliticosveracruz.com\/index.php?rest_route=\/wp\/v2\/posts"}],"about":[{"href":"https:\/\/lospoliticosveracruz.com\/index.php?rest_route=\/wp\/v2\/types\/post"}],"author":[{"embeddable":true,"href":"https:\/\/lospoliticosveracruz.com\/index.php?rest_route=\/wp\/v2\/users\/2"}],"replies":[{"embeddable":true,"href":"https:\/\/lospoliticosveracruz.com\/index.php?rest_route=%2Fwp%2Fv2%2Fcomments&post=55094"}],"version-history":[{"count":1,"href":"https:\/\/lospoliticosveracruz.com\/index.php?rest_route=\/wp\/v2\/posts\/55094\/revisions"}],"predecessor-version":[{"id":55096,"href":"https:\/\/lospoliticosveracruz.com\/index.php?rest_route=\/wp\/v2\/posts\/55094\/revisions\/55096"}],"wp:attachment":[{"href":"https:\/\/lospoliticosveracruz.com\/index.php?rest_route=%2Fwp%2Fv2%2Fmedia&parent=55094"}],"wp:term":[{"taxonomy":"category","embeddable":true,"href":"https:\/\/lospoliticosveracruz.com\/index.php?rest_route=%2Fwp%2Fv2%2Fcategories&post=55094"},{"taxonomy":"post_tag","embeddable":true,"href":"https:\/\/lospoliticosveracruz.com\/index.php?rest_route=%2Fwp%2Fv2%2Ftags&post=55094"}],"curies":[{"name":"wp","href":"https:\/\/api.w.org\/{rel}","templated":true}]}}