{"id":55215,"date":"2020-05-19T09:41:15","date_gmt":"2020-05-19T14:41:15","guid":{"rendered":"http:\/\/www.lospoliticosveracruz.com.mx\/?p=55215"},"modified":"2020-05-19T09:41:15","modified_gmt":"2020-05-19T14:41:15","slug":"morena-cuic-zen-y-las-empresas-fantasmas","status":"publish","type":"post","link":"https:\/\/lospoliticosveracruz.com\/?p=55215","title":{"rendered":"Morena, Cuic, Zen y las \u00abempresas fantasmas\u00bb"},"content":{"rendered":"<p><strong>Ricardo Ch\u00faa<\/strong><\/p>\n<p><em>Sale y Vale<\/em><\/p>\n<p>Se atrever\u00e1 la Encargada de la Fiscal\u00eda General del Estado, Ver\u00f3nica Hern\u00e1ndez, abrirle una carpeta de investigaci\u00f3n al titular de la Secretar\u00eda de Educaci\u00f3n de Veracruz, Zenyanzen Escobar&#8230; Por los delitos que se presenten&#8230; Si la denuncia p\u00fablica hecha por el senador, Julen Rementer\u00eda del Puerto, la lleva junto con diputados federales y locales del PAN a presentarla penalmente ante la FGE contra quien o quienes resulte responsable de da\u00f1o patrimonial&#8230; \u00bfSe atrever\u00e1?&#8230;<\/p>\n<p>Ya se ha comentado en redes sociales sobre la denuncia hecha por el senador porte\u00f1o&#8230; De que al revisar, los domicilios fiscales de las empresas contratistas, se encontraron auto-lavados, casas abandonadas y fondas donde la especialidad es vender mole poblano (Ufff suculento platillo para la SEV)&#8230; Pero independientemente de eso&#8230; El fondo es que funcionarios del gobierno de MORENA como Zenyanzen y, al parecer, hasta Cuitl\u00e1huac, no aprendieron las lecciones del pasado&#8230; Y todo lo copian: AL ESTILO DUARTE&#8230;<\/p>\n<p>As\u00ed que si los panistas y legisladores federales y locales&#8230; No se quedan en s\u00f3lo la denuncia p\u00fablica y hacen denuncia penal&#8230; No s\u00f3lo VAN A \u00abCIMBRAR\u00bb Veracruz, como en su momento no lo hizo Yunes Linares, sino que ahora si VAN A METER EN CONFLICTOS Y MUY SERIOS a la Fiscal\u00eda del Estado, Contralor\u00eda del Estado y al propio \u00d3rgano de Fiscalizaci\u00f3n Superior (ORFIS)&#8230; \u00bfA poco no se dieron cuenta de nada?&#8230; \u00bfA poco van a proteger a Zenyazen? y dejar a su suerte a Cuitl\u00e1huac Garc\u00eda&#8230; \u00bfO no?&#8230;<\/p>\n<p>A poco L\u00f3pez Obrador dejar\u00e1 acaso que \u00bfCuitl\u00e1huac pagu\u00e9 solo los \u00abplatos rotos\u00bb como le sucedi\u00f3 a Javier Duarte?&#8230; Le acaban de confirmar 9 a\u00f1os de prisi\u00f3n&#8230; Y d\u00f3nde est\u00e1n los dem\u00e1s ex funcionarios por el tema de las \u00abempresas fantasmas\u00bb&#8230; La evidencias en el gobierno estatal de MORENA.. Ah\u00ed est\u00e1n&#8230; No es un invento&#8230; M\u00e1s si la denuncia se presenta ante instancias legales&#8230; Aqu\u00ed todos saldr\u00edan \u00absalpicados\u00bb de corrupci\u00f3n&#8230; El Caso Bartlett ser\u00eda un \u00abjuego de ni\u00f1os\u00bb&#8230; Por un caso as\u00ed, Duarte y el PRI perdieron la gubernatura&#8230; \u00bfY MORENA?&#8230;<\/p>\n<p>S\u00f3lo hay que recordar que en este tema&#8230; Zenyanzen ya hab\u00eda sido denunciado por ese ex funcionario de la SEV, que de manera misteriosa, saliendo de la oficina de Espacios Educativos (D\u00f3nde es el epicentro de este asunto) lo agarr\u00f3 la polic\u00eda estatal, en una gasoliner\u00eda cercana, presuntamente con posesi\u00f3n de droga&#8230; Eso sucedi\u00f3 hace un mes&#8230; Y el personaje siempre dijo que era un \u00abCuatro\u00bb porque sab\u00edan que iban a denunciar ACTOS DE CORRUPCI\u00d3N en la dependencia&#8230; Y PUM&#8230; \u00abEstall\u00f3 la bomba\u00bb&#8230;<\/p>\n<p>OJO&#8230; Seg\u00fan el pap\u00e1 del Gobernador de Veracruz, Atanasio Garc\u00eda, \u00abTataNacho\u00bb, se entrevist\u00f3 con este ex funcionario, \u00e9l cual INFORM\u00d3 sobre estos casos de las \u00abempresas fantasmas\u00bb y de como Zenyazen estaba \u00abjugando\u00bb con la CONFIANZA INFINITA que le tiene su hijo, Cuitl\u00e1huac Garc\u00eda&#8230; Pese a eso&#8230; Este fue denostado, exhibido y lo corrieron de la SEV&#8230; Grave situaci\u00f3n que el ex diputado local del PRD supiera del asunto y no actuar\u00e1, ni denunciara en consecuencia&#8230; Es el padre del Gobernador&#8230; \u00bfOMISI\u00d3N?&#8230;<\/p>\n<p>Como DATO&#8230; Espacios Educativos en la SEV&#8230; Siempre ha sido la \u00abcereza del pastel\u00bb y los \u00faltimos ex directores tanto con Duarte como con Yunes, han sido detenidos, liberados o est\u00e1n huyendo&#8230; Por eso, el PAN no se debe quedar en denuncia p\u00fablica&#8230; Si van a la FGE \u00abdestapar\u00edan la cloaca\u00bb del gobierno de Cuitl\u00e1huac, de nuevo gracias a la SEV, y ser\u00eda un \u00abembarradero peor que en una granja de marranos\u00bb&#8230; OJO es un tema estatal&#8230; Espacios Educativos no maneja recursos federales&#8230; Todo quedar\u00eda en manos de Ver\u00f3nica Hern\u00e1ndez&#8230;<\/p>\n<p>As\u00ed que para la Encargada de la FGE ser\u00eda su \u00abPRIMERA PRUEBA DE FUEGO\u00bb si la dejan como titular.. Ya con el tema tan medi\u00e1tico, se ve imposible que puedan proteger a alguien de la talla de Zenyanzen y subalternos&#8230; Y con ello, tendr\u00eda que RETOMAR la denuncia hecha por ese joven que agarraron en posesi\u00f3n de droga y que dijo que m\u00e1s de MIL MILLONES DE PESOS estaban con OBRAS \u00abFANTASMAS\u00bb&#8230; QUE NOVELON&#8230; Podr\u00e1 Cuitl\u00e1huac superar esto o correr\u00e1 la misma suerte que Duarte&#8230; ???&#8230;<\/p>\n<p>Aqu\u00ed s\u00f3lo queda preguntar&#8230; D\u00f3nde qued\u00f3 ese slogan de MORENA: No mentir, no traicionar, no robar&#8230; D\u00f3nde&#8230; Ya son muchos&#8230; Ya ha quedado de manifiesto esos casos de corrupci\u00f3n en el sector educativo de Veracruz, en investigaciones period\u00edsticas de diferentes medios&#8230; Presumen obras de las administraciones pasadas y es falsedad, y lo dice una autoridad como el IVAI (Instituto Veracruzano de Acceso a la Informaci\u00f3n)&#8230; Hay falsedad de testimonios en decir que terminaron obras y que ya est\u00e1n en funciones y no las han concluido&#8230;<\/p>\n<p>Eso es un delito grave porque FALSIFICAN DOCUMENTOS OFICIALES con el apoyo de Notar\u00edas P\u00fablicas aliadas a la administraci\u00f3n de MORENA&#8230; En pocas palabras: Es un problema que hace 4 a\u00f1os, ya lo vivi\u00f3 Veracruz con Javier Duarte y que ahora con Cuitl\u00e1huac Garc\u00eda a s\u00f3lo 17 meses de haber tomado el poder, lo est\u00e1 REVIVIENDO.. No cabe duda, LA IGNORANCIA DA VALOR&#8230; Y hoy queda m\u00e1s claro que nunca ese precepto&#8230;<\/p>\n<p>Sin duda del gobierno de Cuitl\u00e1huac Garc\u00eda, hay que RESALTAR la INEXPERIENCIA, la INCAPACIDAD, y que acept\u00f3 un cargo para el cual, no queda duda, que NO SE PREPAR\u00d3&#8230; As\u00ed que a estas alturas, la sociedad no se debe de \u00abespantar o sorprender\u00bb que est\u00e9n haciendo esto porque llegaron a altos cargos como funcionarios estatales con un DESCONOCIMIENTO en la administraci\u00f3n p\u00fablica&#8230; As\u00ed Veracruz va camino al \u00abnaufragio\u00bb tanto del gobierno como de su 4T&#8230; Lo que se ve, no se juzga&#8230;<\/p>\n<p>Al parecer al gobernador y a sus altos funcionarios, se les olvida, que estas acciones tendr\u00e1n un gran \u00abcosto\u00bb pol\u00edtico.. Ya que su triunfo, fue \u00e9l que m\u00e1s le costo en 2018 a MORENA&#8230; Y la historia suele repetirse en pol\u00edtica&#8230; As\u00ed como Javier Duarte termin\u00f3 pr\u00f3fugo y ahora preso&#8230; As\u00ed como ahora persiguen a Yunes Linares y a sus funcionarios por el esc\u00e1ndalo de las videoc\u00e1maras&#8230; Otra vez, en Veracruz, toca la puerta a la alternancia por los presuntos actos de corrupci\u00f3n de este gobierno estatal de MORENA&#8230;<\/p>\n<p>As\u00ed que ahora, lo que hay que saber es \u00bfQui\u00e9n ser\u00e1 el primer funcionario estatal de la 4T, que podr\u00eda encabezar esta lista de persecuci\u00f3n de la justicia en su contra?&#8230; Como en su momento fue con Javier Duarte&#8230; Bien dicen que la pol\u00edtica todo recicla y se repite&#8230; Y que como el poder corrompe hasta las almas m\u00e1s puras&#8230; Aqu\u00ed seguramente, cuando se de la alternancia, se aplicar\u00e1 la Ley de Tali\u00f3n: \u00abOjo por ojo y diente por diente\u00bb&#8230; LOS JUGADORES CAMBIAN, EL JUEGO NO&#8230; DIOS SI PERDONA, EL PUEBLO NO&#8230;<\/p>\n","protected":false},"excerpt":{"rendered":"<p>Ricardo Ch\u00faa Sale y Vale Se atrever\u00e1 la Encargada de la Fiscal\u00eda General del Estado, Ver\u00f3nica Hern\u00e1ndez, abrirle una carpeta de investigaci\u00f3n al titular de la Secretar\u00eda de Educaci\u00f3n de Veracruz, Zenyanzen Escobar&#8230; Por los delitos que se presenten&#8230; Si la denuncia p\u00fablica hecha por el senador, Julen Rementer\u00eda del Puerto, la lleva junto con [&hellip;]<\/p>\n","protected":false},"author":2,"featured_media":0,"comment_status":"open","ping_status":"open","sticky":false,"template":"","format":"standard","meta":{"tdm_status":"","tdm_grid_status":"","footnotes":""},"categories":[70],"tags":[2730,5686,5039,4116,1569,1026,135,13604,88,15165,161],"class_list":{"0":"post-55215","1":"post","2":"type-post","3":"status-publish","4":"format-standard","6":"category-de-opinion","7":"tag-cuitlahuac","8":"tag-empresas-fantasma","9":"tag-espacios-educativos","10":"tag-fiscalia-general-del-estado","11":"tag-julen-rementeria-del-puerto","12":"tag-morena","13":"tag-orfis","14":"tag-ricardo-chua","15":"tag-sev","16":"tag-veronica-hernandez-giadans","17":"tag-yunes-linares"},"yoast_head":"<!-- This site is optimized with the Yoast SEO plugin v27.4 - https:\/\/yoast.com\/product\/yoast-seo-wordpress\/ -->\n<title>Morena, Cuic, Zen y las &quot;empresas fantasmas&quot; - Los pol\u00edticos Veracruz<\/title>\n<meta name=\"robots\" content=\"index, follow, max-snippet:-1, max-image-preview:large, max-video-preview:-1\" \/>\n<link rel=\"canonical\" href=\"https:\/\/lospoliticosveracruz.com\/?p=55215\" \/>\n<meta property=\"og:locale\" content=\"es_ES\" \/>\n<meta property=\"og:type\" content=\"article\" \/>\n<meta property=\"og:title\" content=\"Morena, Cuic, Zen y las &quot;empresas fantasmas&quot; - Los pol\u00edticos Veracruz\" \/>\n<meta property=\"og:description\" content=\"Ricardo Ch\u00faa Sale y Vale Se atrever\u00e1 la Encargada de la Fiscal\u00eda General del Estado, Ver\u00f3nica Hern\u00e1ndez, abrirle una carpeta de investigaci\u00f3n al titular de la Secretar\u00eda de Educaci\u00f3n de Veracruz, Zenyanzen Escobar&#8230; Por los delitos que se presenten&#8230; Si la denuncia p\u00fablica hecha por el senador, Julen Rementer\u00eda del Puerto, la lleva junto con [&hellip;]\" \/>\n<meta property=\"og:url\" content=\"https:\/\/lospoliticosveracruz.com\/?p=55215\" \/>\n<meta property=\"og:site_name\" content=\"Los pol\u00edticos Veracruz\" \/>\n<meta property=\"article:publisher\" content=\"https:\/\/www.facebook.com\/people\/Notimemes-de-los-Polticos\/61565672886568\/\" \/>\n<meta property=\"article:published_time\" content=\"2020-05-19T14:41:15+00:00\" \/>\n<meta property=\"og:image\" content=\"https:\/\/lospoliticosveracruz.com\/wp-content\/uploads\/2016\/07\/Logo-Dor.jpg\" \/>\n\t<meta property=\"og:image:width\" content=\"200\" \/>\n\t<meta property=\"og:image:height\" content=\"200\" \/>\n\t<meta property=\"og:image:type\" content=\"image\/jpeg\" \/>\n<meta name=\"author\" content=\"Lo viste en Los Pol\u00edticos\" \/>\n<meta name=\"twitter:card\" content=\"summary_large_image\" \/>\n<meta name=\"twitter:creator\" content=\"@LosPoliticosVer\" \/>\n<meta name=\"twitter:site\" content=\"@LosPoliticosVer\" \/>\n<meta name=\"twitter:label1\" content=\"Escrito por\" \/>\n\t<meta name=\"twitter:data1\" content=\"Lo viste en Los Pol\u00edticos\" \/>\n\t<meta name=\"twitter:label2\" content=\"Tiempo de lectura\" \/>\n\t<meta name=\"twitter:data2\" content=\"6 minutos\" \/>\n<script type=\"application\/ld+json\" class=\"yoast-schema-graph\">{\"@context\":\"https:\\\/\\\/schema.org\",\"@graph\":[{\"@type\":\"Article\",\"@id\":\"https:\\\/\\\/lospoliticosveracruz.com\\\/?p=55215#article\",\"isPartOf\":{\"@id\":\"https:\\\/\\\/lospoliticosveracruz.com\\\/?p=55215\"},\"author\":{\"name\":\"Lo viste en Los Pol\u00edticos\",\"@id\":\"https:\\\/\\\/lospoliticosveracruz.com\\\/#\\\/schema\\\/person\\\/b8702bb0e538456e6efd07080bf2a4a2\"},\"headline\":\"Morena, Cuic, Zen y las \u00abempresas fantasmas\u00bb\",\"datePublished\":\"2020-05-19T14:41:15+00:00\",\"mainEntityOfPage\":{\"@id\":\"https:\\\/\\\/lospoliticosveracruz.com\\\/?p=55215\"},\"wordCount\":1196,\"commentCount\":0,\"publisher\":{\"@id\":\"https:\\\/\\\/lospoliticosveracruz.com\\\/#organization\"},\"keywords\":[\"Cuitl\u00e1huac\",\"empresas fantasma\",\"Espacios Educativos\",\"Fiscal\u00eda General del Estado\",\"Julen Rementer\u00eda del Puerto\",\"Morena\",\"Orfis\",\"Ricardo Ch\u00faa\",\"SEV\",\"Ver\u00f3nica Hern\u00e1ndez Giad\u00e1ns\",\"Yunes Linares\"],\"articleSection\":[\"De Opini\u00f3n\"],\"inLanguage\":\"es\",\"potentialAction\":[{\"@type\":\"CommentAction\",\"name\":\"Comment\",\"target\":[\"https:\\\/\\\/lospoliticosveracruz.com\\\/?p=55215#respond\"]}]},{\"@type\":\"WebPage\",\"@id\":\"https:\\\/\\\/lospoliticosveracruz.com\\\/?p=55215\",\"url\":\"https:\\\/\\\/lospoliticosveracruz.com\\\/?p=55215\",\"name\":\"Morena, Cuic, Zen y las \\\"empresas fantasmas\\\" - Los pol\u00edticos Veracruz\",\"isPartOf\":{\"@id\":\"https:\\\/\\\/lospoliticosveracruz.com\\\/#website\"},\"datePublished\":\"2020-05-19T14:41:15+00:00\",\"breadcrumb\":{\"@id\":\"https:\\\/\\\/lospoliticosveracruz.com\\\/?p=55215#breadcrumb\"},\"inLanguage\":\"es\",\"potentialAction\":[{\"@type\":\"ReadAction\",\"target\":[\"https:\\\/\\\/lospoliticosveracruz.com\\\/?p=55215\"]}]},{\"@type\":\"BreadcrumbList\",\"@id\":\"https:\\\/\\\/lospoliticosveracruz.com\\\/?p=55215#breadcrumb\",\"itemListElement\":[{\"@type\":\"ListItem\",\"position\":1,\"name\":\"Portada\",\"item\":\"https:\\\/\\\/lospoliticosveracruz.com\\\/\"},{\"@type\":\"ListItem\",\"position\":2,\"name\":\"Morena, Cuic, Zen y las \u00abempresas fantasmas\u00bb\"}]},{\"@type\":\"WebSite\",\"@id\":\"https:\\\/\\\/lospoliticosveracruz.com\\\/#website\",\"url\":\"https:\\\/\\\/lospoliticosveracruz.com\\\/\",\"name\":\"Los pol\u00edticos Veracruz\",\"description\":\"\",\"publisher\":{\"@id\":\"https:\\\/\\\/lospoliticosveracruz.com\\\/#organization\"},\"potentialAction\":[{\"@type\":\"SearchAction\",\"target\":{\"@type\":\"EntryPoint\",\"urlTemplate\":\"https:\\\/\\\/lospoliticosveracruz.com\\\/?s={search_term_string}\"},\"query-input\":{\"@type\":\"PropertyValueSpecification\",\"valueRequired\":true,\"valueName\":\"search_term_string\"}}],\"inLanguage\":\"es\"},{\"@type\":\"Organization\",\"@id\":\"https:\\\/\\\/lospoliticosveracruz.com\\\/#organization\",\"name\":\"Los pol\u00edticos Veracruz\",\"url\":\"https:\\\/\\\/lospoliticosveracruz.com\\\/\",\"logo\":{\"@type\":\"ImageObject\",\"inLanguage\":\"es\",\"@id\":\"https:\\\/\\\/lospoliticosveracruz.com\\\/#\\\/schema\\\/logo\\\/image\\\/\",\"url\":\"https:\\\/\\\/lospoliticosveracruz.com\\\/wp-content\\\/uploads\\\/2025\\\/12\\\/Logo-Nuevo-LOS-POLITICOS-1.jpg\",\"contentUrl\":\"https:\\\/\\\/lospoliticosveracruz.com\\\/wp-content\\\/uploads\\\/2025\\\/12\\\/Logo-Nuevo-LOS-POLITICOS-1.jpg\",\"width\":260,\"height\":70,\"caption\":\"Los pol\u00edticos Veracruz\"},\"image\":{\"@id\":\"https:\\\/\\\/lospoliticosveracruz.com\\\/#\\\/schema\\\/logo\\\/image\\\/\"},\"sameAs\":[\"https:\\\/\\\/www.facebook.com\\\/people\\\/Notimemes-de-los-Polticos\\\/61565672886568\\\/\",\"https:\\\/\\\/x.com\\\/LosPoliticosVer\"]},{\"@type\":\"Person\",\"@id\":\"https:\\\/\\\/lospoliticosveracruz.com\\\/#\\\/schema\\\/person\\\/b8702bb0e538456e6efd07080bf2a4a2\",\"name\":\"Lo viste en Los Pol\u00edticos\",\"image\":{\"@type\":\"ImageObject\",\"inLanguage\":\"es\",\"@id\":\"https:\\\/\\\/secure.gravatar.com\\\/avatar\\\/3a8de04a2656d44082be478bd6c086daa447c4651605818287b9532d3d0bd435?s=96&d=mm&r=g\",\"url\":\"https:\\\/\\\/secure.gravatar.com\\\/avatar\\\/3a8de04a2656d44082be478bd6c086daa447c4651605818287b9532d3d0bd435?s=96&d=mm&r=g\",\"contentUrl\":\"https:\\\/\\\/secure.gravatar.com\\\/avatar\\\/3a8de04a2656d44082be478bd6c086daa447c4651605818287b9532d3d0bd435?s=96&d=mm&r=g\",\"caption\":\"Lo viste en Los Pol\u00edticos\"},\"url\":\"https:\\\/\\\/lospoliticosveracruz.com\\\/?author=2\"}]}<\/script>\n<!-- \/ Yoast SEO plugin. -->","yoast_head_json":{"title":"Morena, Cuic, Zen y las \"empresas fantasmas\" - Los pol\u00edticos Veracruz","robots":{"index":"index","follow":"follow","max-snippet":"max-snippet:-1","max-image-preview":"max-image-preview:large","max-video-preview":"max-video-preview:-1"},"canonical":"https:\/\/lospoliticosveracruz.com\/?p=55215","og_locale":"es_ES","og_type":"article","og_title":"Morena, Cuic, Zen y las \"empresas fantasmas\" - Los pol\u00edticos Veracruz","og_description":"Ricardo Ch\u00faa Sale y Vale Se atrever\u00e1 la Encargada de la Fiscal\u00eda General del Estado, Ver\u00f3nica Hern\u00e1ndez, abrirle una carpeta de investigaci\u00f3n al titular de la Secretar\u00eda de Educaci\u00f3n de Veracruz, Zenyanzen Escobar&#8230; Por los delitos que se presenten&#8230; Si la denuncia p\u00fablica hecha por el senador, Julen Rementer\u00eda del Puerto, la lleva junto con [&hellip;]","og_url":"https:\/\/lospoliticosveracruz.com\/?p=55215","og_site_name":"Los pol\u00edticos Veracruz","article_publisher":"https:\/\/www.facebook.com\/people\/Notimemes-de-los-Polticos\/61565672886568\/","article_published_time":"2020-05-19T14:41:15+00:00","og_image":[{"width":200,"height":200,"url":"https:\/\/lospoliticosveracruz.com\/wp-content\/uploads\/2016\/07\/Logo-Dor.jpg","type":"image\/jpeg"}],"author":"Lo viste en Los Pol\u00edticos","twitter_card":"summary_large_image","twitter_creator":"@LosPoliticosVer","twitter_site":"@LosPoliticosVer","twitter_misc":{"Escrito por":"Lo viste en Los Pol\u00edticos","Tiempo de lectura":"6 minutos"},"schema":{"@context":"https:\/\/schema.org","@graph":[{"@type":"Article","@id":"https:\/\/lospoliticosveracruz.com\/?p=55215#article","isPartOf":{"@id":"https:\/\/lospoliticosveracruz.com\/?p=55215"},"author":{"name":"Lo viste en Los Pol\u00edticos","@id":"https:\/\/lospoliticosveracruz.com\/#\/schema\/person\/b8702bb0e538456e6efd07080bf2a4a2"},"headline":"Morena, Cuic, Zen y las \u00abempresas fantasmas\u00bb","datePublished":"2020-05-19T14:41:15+00:00","mainEntityOfPage":{"@id":"https:\/\/lospoliticosveracruz.com\/?p=55215"},"wordCount":1196,"commentCount":0,"publisher":{"@id":"https:\/\/lospoliticosveracruz.com\/#organization"},"keywords":["Cuitl\u00e1huac","empresas fantasma","Espacios Educativos","Fiscal\u00eda General del Estado","Julen Rementer\u00eda del Puerto","Morena","Orfis","Ricardo Ch\u00faa","SEV","Ver\u00f3nica Hern\u00e1ndez Giad\u00e1ns","Yunes Linares"],"articleSection":["De Opini\u00f3n"],"inLanguage":"es","potentialAction":[{"@type":"CommentAction","name":"Comment","target":["https:\/\/lospoliticosveracruz.com\/?p=55215#respond"]}]},{"@type":"WebPage","@id":"https:\/\/lospoliticosveracruz.com\/?p=55215","url":"https:\/\/lospoliticosveracruz.com\/?p=55215","name":"Morena, Cuic, Zen y las \"empresas fantasmas\" - Los pol\u00edticos Veracruz","isPartOf":{"@id":"https:\/\/lospoliticosveracruz.com\/#website"},"datePublished":"2020-05-19T14:41:15+00:00","breadcrumb":{"@id":"https:\/\/lospoliticosveracruz.com\/?p=55215#breadcrumb"},"inLanguage":"es","potentialAction":[{"@type":"ReadAction","target":["https:\/\/lospoliticosveracruz.com\/?p=55215"]}]},{"@type":"BreadcrumbList","@id":"https:\/\/lospoliticosveracruz.com\/?p=55215#breadcrumb","itemListElement":[{"@type":"ListItem","position":1,"name":"Portada","item":"https:\/\/lospoliticosveracruz.com\/"},{"@type":"ListItem","position":2,"name":"Morena, Cuic, Zen y las \u00abempresas fantasmas\u00bb"}]},{"@type":"WebSite","@id":"https:\/\/lospoliticosveracruz.com\/#website","url":"https:\/\/lospoliticosveracruz.com\/","name":"Los pol\u00edticos Veracruz","description":"","publisher":{"@id":"https:\/\/lospoliticosveracruz.com\/#organization"},"potentialAction":[{"@type":"SearchAction","target":{"@type":"EntryPoint","urlTemplate":"https:\/\/lospoliticosveracruz.com\/?s={search_term_string}"},"query-input":{"@type":"PropertyValueSpecification","valueRequired":true,"valueName":"search_term_string"}}],"inLanguage":"es"},{"@type":"Organization","@id":"https:\/\/lospoliticosveracruz.com\/#organization","name":"Los pol\u00edticos Veracruz","url":"https:\/\/lospoliticosveracruz.com\/","logo":{"@type":"ImageObject","inLanguage":"es","@id":"https:\/\/lospoliticosveracruz.com\/#\/schema\/logo\/image\/","url":"https:\/\/lospoliticosveracruz.com\/wp-content\/uploads\/2025\/12\/Logo-Nuevo-LOS-POLITICOS-1.jpg","contentUrl":"https:\/\/lospoliticosveracruz.com\/wp-content\/uploads\/2025\/12\/Logo-Nuevo-LOS-POLITICOS-1.jpg","width":260,"height":70,"caption":"Los pol\u00edticos Veracruz"},"image":{"@id":"https:\/\/lospoliticosveracruz.com\/#\/schema\/logo\/image\/"},"sameAs":["https:\/\/www.facebook.com\/people\/Notimemes-de-los-Polticos\/61565672886568\/","https:\/\/x.com\/LosPoliticosVer"]},{"@type":"Person","@id":"https:\/\/lospoliticosveracruz.com\/#\/schema\/person\/b8702bb0e538456e6efd07080bf2a4a2","name":"Lo viste en Los Pol\u00edticos","image":{"@type":"ImageObject","inLanguage":"es","@id":"https:\/\/secure.gravatar.com\/avatar\/3a8de04a2656d44082be478bd6c086daa447c4651605818287b9532d3d0bd435?s=96&d=mm&r=g","url":"https:\/\/secure.gravatar.com\/avatar\/3a8de04a2656d44082be478bd6c086daa447c4651605818287b9532d3d0bd435?s=96&d=mm&r=g","contentUrl":"https:\/\/secure.gravatar.com\/avatar\/3a8de04a2656d44082be478bd6c086daa447c4651605818287b9532d3d0bd435?s=96&d=mm&r=g","caption":"Lo viste en Los Pol\u00edticos"},"url":"https:\/\/lospoliticosveracruz.com\/?author=2"}]}},"_links":{"self":[{"href":"https:\/\/lospoliticosveracruz.com\/index.php?rest_route=\/wp\/v2\/posts\/55215","targetHints":{"allow":["GET"]}}],"collection":[{"href":"https:\/\/lospoliticosveracruz.com\/index.php?rest_route=\/wp\/v2\/posts"}],"about":[{"href":"https:\/\/lospoliticosveracruz.com\/index.php?rest_route=\/wp\/v2\/types\/post"}],"author":[{"embeddable":true,"href":"https:\/\/lospoliticosveracruz.com\/index.php?rest_route=\/wp\/v2\/users\/2"}],"replies":[{"embeddable":true,"href":"https:\/\/lospoliticosveracruz.com\/index.php?rest_route=%2Fwp%2Fv2%2Fcomments&post=55215"}],"version-history":[{"count":1,"href":"https:\/\/lospoliticosveracruz.com\/index.php?rest_route=\/wp\/v2\/posts\/55215\/revisions"}],"predecessor-version":[{"id":55217,"href":"https:\/\/lospoliticosveracruz.com\/index.php?rest_route=\/wp\/v2\/posts\/55215\/revisions\/55217"}],"wp:attachment":[{"href":"https:\/\/lospoliticosveracruz.com\/index.php?rest_route=%2Fwp%2Fv2%2Fmedia&parent=55215"}],"wp:term":[{"taxonomy":"category","embeddable":true,"href":"https:\/\/lospoliticosveracruz.com\/index.php?rest_route=%2Fwp%2Fv2%2Fcategories&post=55215"},{"taxonomy":"post_tag","embeddable":true,"href":"https:\/\/lospoliticosveracruz.com\/index.php?rest_route=%2Fwp%2Fv2%2Ftags&post=55215"}],"curies":[{"name":"wp","href":"https:\/\/api.w.org\/{rel}","templated":true}]}}