{"id":55330,"date":"2020-05-21T21:53:59","date_gmt":"2020-05-22T02:53:59","guid":{"rendered":"http:\/\/www.lospoliticosveracruz.com.mx\/?p=55330"},"modified":"2020-05-21T21:53:59","modified_gmt":"2020-05-22T02:53:59","slug":"un-4x10-en-veracruz","status":"publish","type":"post","link":"https:\/\/lospoliticosveracruz.com\/?p=55330","title":{"rendered":"\u00bfUn 4&#215;10 en Veracruz?"},"content":{"rendered":"<p><strong>Salvador Mu\u00f1oz<\/strong><\/p>\n<p><em>Los Pol\u00edticos<\/em><\/p>\n<p><span style=\"font-weight: 400;\">La propuesta en la Ciudad de M\u00e9xico para ir acomod\u00e1ndose a la Nueva Normalidad es interesante: 4&#215;10, que en buen cristiano nos llevar\u00eda a trabajar cuatro d\u00edas por 10 de descanso. \u00a1Tranquilos, God\u00ednez de Gobierno! Esta medida s\u00f3lo va dirigida al sector empresarial que ya se le queman las habas por subir las cortinas.<\/span><\/p>\n<p><span style=\"font-weight: 400;\">\u00bfPor qu\u00e9 4&#215;10? La idea es que si en ese lapso laboral uno se infecta de Covid-19, durante la decena de descanso, adem\u00e1s de detectarse, se evitar\u00eda la propagaci\u00f3n del contagio.<\/span><\/p>\n<p><span style=\"font-weight: 400;\">La medida laboral me record\u00f3 en cierto modo la que hace a\u00f1os viene proponiendo Carlos Slim de llevar a tres d\u00edas la semana de trabajo. El empresario consideraba que debido a la automatizaci\u00f3n en que se est\u00e1 cayendo en muchas empresas, en lugar de despedir a la mitad del personal, se le emplear\u00eda en lunes, martes y mi\u00e9rcoles; la otra mitad, jueves, viernes y s\u00e1bado y todos contentos\u2026 claro que en su propuesta no he le\u00eddo si mantendr\u00eda el mismo sueldo o pagar\u00eda por d\u00eda laborado. La idea b\u00e1sica de Slim es evitar el desempleo debido a los avances de la tecnolog\u00eda en el trabajo.<\/span><\/p>\n<p><span style=\"font-weight: 400;\">Ac\u00e1, en la propuesta de la Ciudad de M\u00e9xico, entiendo que ser\u00eda b\u00e1sicamente lo mismo, es decir, depender\u00e1 de la empresa para que el 4&#215;10 se pueda adaptar y mantener arriba las cortinas todo el tiempo que sea necesario.<\/span><\/p>\n<p><span style=\"font-weight: 400;\">S\u00ed, estamos hablando de empresas con un buen n\u00famero de trabajadores en su n\u00f3mina porque a muchos nos queda claro que las medianas, peque\u00f1as y micros hacen milagros con cinco empleados o un chal\u00e1n\u2026 o ya de perdis, un chavo de J\u00f3venes Construyendo el Futuro\u2026<\/span><\/p>\n<p><span style=\"font-weight: 400;\">Se insiste\u2026 esto parece ser el primer paso para irse adaptando a la Nueva Normalidad, aunque a fuerza de ser sinceros, parece que la idea es de exportaci\u00f3n\u2026 en Nueva Zelanda, la Primera Ministra, Jacinda Ardern, propone un 4&#215;3: cuatro d\u00edas de trabajo por 3 de descanso. La variante no son los d\u00edas de descanso, sino la reducci\u00f3n de un solo d\u00eda laboral, es decir, all\u00e1, en la Tierra de la Gran Nube Blanca, trabajan 5 d\u00edas y descansan 2. \u00bfY por qu\u00e9 la propuesta de 4&#215;3? Porque Nueva Zelanda ya \u201celimin\u00f3\u201d de plano, el Coronavirus\u2026<\/span><\/p>\n<p><span style=\"font-weight: 400;\">S\u00ed, es digno de reconocer pero tambi\u00e9n no hay que olvidar que Nueva Zelanda es una isla (o dos) con cuatro millones de habitantes, la mitad de Veracruz aproximadamente y que las medidas contra el Coronavirus, no fueron para mitigar la pandemia o aplanar la curva, sino destruirla\u2026<\/span><\/p>\n<p><span style=\"font-weight: 400;\">Agreguemos que dentro de la propuesta neozelandesa, se busca incentivar el turismo interno, es decir, que sus ciudadanos salgan a conocer su propio pa\u00eds para reactivar la econom\u00eda adem\u00e1s del turismo internacional que en este momento est\u00e1 en \u201cstand by\u201d&#8230;<\/span><\/p>\n<p><span style=\"font-weight: 400;\">(En Espa\u00f1a, una empresa, Software Delsol, ya implement\u00f3 el 4&#215;3 y pagando lo mismo a los empleados&#8230;)<\/span><\/p>\n<p><span style=\"font-weight: 400;\">\u00bfY en M\u00e9xico? \u00a1Huy! El presidente por fin \u201cautoriz\u00f3\u201d el regreso de los Fines de Semana Largos para que nuestra econom\u00eda se reactive\u2026 por fin se acordaron que en los \u201cpuentes\u201d la actividad hotelera aumenta de siete a ocho puntos y se mueven en ocasiones hasta dos millones de turistas, de acuerdo al reporte de hospedajes.<\/span><\/p>\n<p><span style=\"font-weight: 400;\">\u00bfY en Veracruz? No, despu\u00e9s de lo anunciado por L\u00f3pez Gatell de que la pandemia en nuestra entidad estar\u00e1 en su mero mole a principios de junio, ni pensar en un 4&#215;10\u2026 a lo mejor pensar en el 2&#215;1 de la orden de tacos en el puesto de la esquina, y que quede en claro que la reactivaci\u00f3n econ\u00f3mica al menos en Veracruz, no se va a resolver en un 2&#215;3 como de verdad, muchos quisi\u00e9ramos\u2026 si ya de por s\u00ed antes de la pandemia estaba jodida\u2026<\/span><\/p>\n<p>&nbsp;<\/p>\n<p><span style=\"font-weight: 400;\">smcainito@gmail.com<\/span><\/p>\n","protected":false},"excerpt":{"rendered":"<p>Salvador Mu\u00f1oz Los Pol\u00edticos La propuesta en la Ciudad de M\u00e9xico para ir acomod\u00e1ndose a la Nueva Normalidad es interesante: 4&#215;10, que en buen cristiano nos llevar\u00eda a trabajar cuatro d\u00edas por 10 de descanso. \u00a1Tranquilos, God\u00ednez de Gobierno! Esta medida s\u00f3lo va dirigida al sector empresarial que ya se le queman las habas por [&hellip;]<\/p>\n","protected":false},"author":2,"featured_media":0,"comment_status":"open","ping_status":"open","sticky":false,"template":"","format":"standard","meta":{"tdm_status":"","tdm_grid_status":"","footnotes":""},"categories":[70],"tags":[1819,3795,16673,4598,18028,18026,14126,395,17901,18025,18027,195],"class_list":{"0":"post-55330","1":"post","2":"type-post","3":"status-publish","4":"format-standard","6":"category-de-opinion","7":"tag-carlos-slim","8":"tag-ciudad-de-mexico","10":"tag-espana","11":"tag-fines-de-semana-largos","12":"tag-jacinda-ardern","13":"tag-jovenes-construyendo-el-futuro","14":"tag-mexico","15":"tag-nueva-normalidad","16":"tag-nueva-zelanda","17":"tag-software-delsol","18":"tag-veracruz"},"yoast_head":"<!-- This site is optimized with the Yoast SEO plugin v27.4 - https:\/\/yoast.com\/product\/yoast-seo-wordpress\/ -->\n<title>\u00bfUn 4x10 en Veracruz? - Los pol\u00edticos Veracruz<\/title>\n<meta name=\"robots\" content=\"index, follow, max-snippet:-1, max-image-preview:large, max-video-preview:-1\" \/>\n<link rel=\"canonical\" href=\"https:\/\/lospoliticosveracruz.com\/?p=55330\" \/>\n<meta property=\"og:locale\" content=\"es_ES\" \/>\n<meta property=\"og:type\" content=\"article\" \/>\n<meta property=\"og:title\" content=\"\u00bfUn 4x10 en Veracruz? - Los pol\u00edticos Veracruz\" \/>\n<meta property=\"og:description\" content=\"Salvador Mu\u00f1oz Los Pol\u00edticos La propuesta en la Ciudad de M\u00e9xico para ir acomod\u00e1ndose a la Nueva Normalidad es interesante: 4&#215;10, que en buen cristiano nos llevar\u00eda a trabajar cuatro d\u00edas por 10 de descanso. \u00a1Tranquilos, God\u00ednez de Gobierno! Esta medida s\u00f3lo va dirigida al sector empresarial que ya se le queman las habas por [&hellip;]\" \/>\n<meta property=\"og:url\" content=\"https:\/\/lospoliticosveracruz.com\/?p=55330\" \/>\n<meta property=\"og:site_name\" content=\"Los pol\u00edticos Veracruz\" \/>\n<meta property=\"article:publisher\" content=\"https:\/\/www.facebook.com\/people\/Notimemes-de-los-Polticos\/61565672886568\/\" \/>\n<meta property=\"article:published_time\" content=\"2020-05-22T02:53:59+00:00\" \/>\n<meta property=\"og:image\" content=\"https:\/\/lospoliticosveracruz.com\/wp-content\/uploads\/2016\/07\/Logo-Dor.jpg\" \/>\n\t<meta property=\"og:image:width\" content=\"200\" \/>\n\t<meta property=\"og:image:height\" content=\"200\" \/>\n\t<meta property=\"og:image:type\" content=\"image\/jpeg\" \/>\n<meta name=\"author\" content=\"Lo viste en Los Pol\u00edticos\" \/>\n<meta name=\"twitter:card\" content=\"summary_large_image\" \/>\n<meta name=\"twitter:creator\" content=\"@LosPoliticosVer\" \/>\n<meta name=\"twitter:site\" content=\"@LosPoliticosVer\" \/>\n<meta name=\"twitter:label1\" content=\"Escrito por\" \/>\n\t<meta name=\"twitter:data1\" content=\"Lo viste en Los Pol\u00edticos\" \/>\n\t<meta name=\"twitter:label2\" content=\"Tiempo de lectura\" \/>\n\t<meta name=\"twitter:data2\" content=\"3 minutos\" \/>\n<script type=\"application\/ld+json\" class=\"yoast-schema-graph\">{\"@context\":\"https:\\\/\\\/schema.org\",\"@graph\":[{\"@type\":\"Article\",\"@id\":\"https:\\\/\\\/lospoliticosveracruz.com\\\/?p=55330#article\",\"isPartOf\":{\"@id\":\"https:\\\/\\\/lospoliticosveracruz.com\\\/?p=55330\"},\"author\":{\"name\":\"Lo viste en Los Pol\u00edticos\",\"@id\":\"https:\\\/\\\/lospoliticosveracruz.com\\\/#\\\/schema\\\/person\\\/b8702bb0e538456e6efd07080bf2a4a2\"},\"headline\":\"\u00bfUn 4&#215;10 en Veracruz?\",\"datePublished\":\"2020-05-22T02:53:59+00:00\",\"mainEntityOfPage\":{\"@id\":\"https:\\\/\\\/lospoliticosveracruz.com\\\/?p=55330\"},\"wordCount\":675,\"commentCount\":0,\"publisher\":{\"@id\":\"https:\\\/\\\/lospoliticosveracruz.com\\\/#organization\"},\"keywords\":[\"Carlos Slim\",\"Ciudad de M\u00e9xico\",\"Covid 19\",\"Espa\u00f1a\",\"Fines de Semana Largos\",\"Jacinda Ardern\",\"J\u00f3venes Construyendo el Futuro\",\"M\u00e9xico\",\"nueva normalidad\",\"Nueva Zelanda\",\"Software Delsol\",\"Veracruz\"],\"articleSection\":[\"De Opini\u00f3n\"],\"inLanguage\":\"es\",\"potentialAction\":[{\"@type\":\"CommentAction\",\"name\":\"Comment\",\"target\":[\"https:\\\/\\\/lospoliticosveracruz.com\\\/?p=55330#respond\"]}]},{\"@type\":\"WebPage\",\"@id\":\"https:\\\/\\\/lospoliticosveracruz.com\\\/?p=55330\",\"url\":\"https:\\\/\\\/lospoliticosveracruz.com\\\/?p=55330\",\"name\":\"\u00bfUn 4x10 en Veracruz? - Los pol\u00edticos Veracruz\",\"isPartOf\":{\"@id\":\"https:\\\/\\\/lospoliticosveracruz.com\\\/#website\"},\"datePublished\":\"2020-05-22T02:53:59+00:00\",\"breadcrumb\":{\"@id\":\"https:\\\/\\\/lospoliticosveracruz.com\\\/?p=55330#breadcrumb\"},\"inLanguage\":\"es\",\"potentialAction\":[{\"@type\":\"ReadAction\",\"target\":[\"https:\\\/\\\/lospoliticosveracruz.com\\\/?p=55330\"]}]},{\"@type\":\"BreadcrumbList\",\"@id\":\"https:\\\/\\\/lospoliticosveracruz.com\\\/?p=55330#breadcrumb\",\"itemListElement\":[{\"@type\":\"ListItem\",\"position\":1,\"name\":\"Portada\",\"item\":\"https:\\\/\\\/lospoliticosveracruz.com\\\/\"},{\"@type\":\"ListItem\",\"position\":2,\"name\":\"\u00bfUn 4&#215;10 en Veracruz?\"}]},{\"@type\":\"WebSite\",\"@id\":\"https:\\\/\\\/lospoliticosveracruz.com\\\/#website\",\"url\":\"https:\\\/\\\/lospoliticosveracruz.com\\\/\",\"name\":\"Los pol\u00edticos Veracruz\",\"description\":\"\",\"publisher\":{\"@id\":\"https:\\\/\\\/lospoliticosveracruz.com\\\/#organization\"},\"potentialAction\":[{\"@type\":\"SearchAction\",\"target\":{\"@type\":\"EntryPoint\",\"urlTemplate\":\"https:\\\/\\\/lospoliticosveracruz.com\\\/?s={search_term_string}\"},\"query-input\":{\"@type\":\"PropertyValueSpecification\",\"valueRequired\":true,\"valueName\":\"search_term_string\"}}],\"inLanguage\":\"es\"},{\"@type\":\"Organization\",\"@id\":\"https:\\\/\\\/lospoliticosveracruz.com\\\/#organization\",\"name\":\"Los pol\u00edticos Veracruz\",\"url\":\"https:\\\/\\\/lospoliticosveracruz.com\\\/\",\"logo\":{\"@type\":\"ImageObject\",\"inLanguage\":\"es\",\"@id\":\"https:\\\/\\\/lospoliticosveracruz.com\\\/#\\\/schema\\\/logo\\\/image\\\/\",\"url\":\"https:\\\/\\\/lospoliticosveracruz.com\\\/wp-content\\\/uploads\\\/2025\\\/12\\\/Logo-Nuevo-LOS-POLITICOS-1.jpg\",\"contentUrl\":\"https:\\\/\\\/lospoliticosveracruz.com\\\/wp-content\\\/uploads\\\/2025\\\/12\\\/Logo-Nuevo-LOS-POLITICOS-1.jpg\",\"width\":260,\"height\":70,\"caption\":\"Los pol\u00edticos Veracruz\"},\"image\":{\"@id\":\"https:\\\/\\\/lospoliticosveracruz.com\\\/#\\\/schema\\\/logo\\\/image\\\/\"},\"sameAs\":[\"https:\\\/\\\/www.facebook.com\\\/people\\\/Notimemes-de-los-Polticos\\\/61565672886568\\\/\",\"https:\\\/\\\/x.com\\\/LosPoliticosVer\"]},{\"@type\":\"Person\",\"@id\":\"https:\\\/\\\/lospoliticosveracruz.com\\\/#\\\/schema\\\/person\\\/b8702bb0e538456e6efd07080bf2a4a2\",\"name\":\"Lo viste en Los Pol\u00edticos\",\"image\":{\"@type\":\"ImageObject\",\"inLanguage\":\"es\",\"@id\":\"https:\\\/\\\/secure.gravatar.com\\\/avatar\\\/3a8de04a2656d44082be478bd6c086daa447c4651605818287b9532d3d0bd435?s=96&d=mm&r=g\",\"url\":\"https:\\\/\\\/secure.gravatar.com\\\/avatar\\\/3a8de04a2656d44082be478bd6c086daa447c4651605818287b9532d3d0bd435?s=96&d=mm&r=g\",\"contentUrl\":\"https:\\\/\\\/secure.gravatar.com\\\/avatar\\\/3a8de04a2656d44082be478bd6c086daa447c4651605818287b9532d3d0bd435?s=96&d=mm&r=g\",\"caption\":\"Lo viste en Los Pol\u00edticos\"},\"url\":\"https:\\\/\\\/lospoliticosveracruz.com\\\/?author=2\"}]}<\/script>\n<!-- \/ Yoast SEO plugin. -->","yoast_head_json":{"title":"\u00bfUn 4x10 en Veracruz? - Los pol\u00edticos Veracruz","robots":{"index":"index","follow":"follow","max-snippet":"max-snippet:-1","max-image-preview":"max-image-preview:large","max-video-preview":"max-video-preview:-1"},"canonical":"https:\/\/lospoliticosveracruz.com\/?p=55330","og_locale":"es_ES","og_type":"article","og_title":"\u00bfUn 4x10 en Veracruz? - Los pol\u00edticos Veracruz","og_description":"Salvador Mu\u00f1oz Los Pol\u00edticos La propuesta en la Ciudad de M\u00e9xico para ir acomod\u00e1ndose a la Nueva Normalidad es interesante: 4&#215;10, que en buen cristiano nos llevar\u00eda a trabajar cuatro d\u00edas por 10 de descanso. \u00a1Tranquilos, God\u00ednez de Gobierno! Esta medida s\u00f3lo va dirigida al sector empresarial que ya se le queman las habas por [&hellip;]","og_url":"https:\/\/lospoliticosveracruz.com\/?p=55330","og_site_name":"Los pol\u00edticos Veracruz","article_publisher":"https:\/\/www.facebook.com\/people\/Notimemes-de-los-Polticos\/61565672886568\/","article_published_time":"2020-05-22T02:53:59+00:00","og_image":[{"width":200,"height":200,"url":"https:\/\/lospoliticosveracruz.com\/wp-content\/uploads\/2016\/07\/Logo-Dor.jpg","type":"image\/jpeg"}],"author":"Lo viste en Los Pol\u00edticos","twitter_card":"summary_large_image","twitter_creator":"@LosPoliticosVer","twitter_site":"@LosPoliticosVer","twitter_misc":{"Escrito por":"Lo viste en Los Pol\u00edticos","Tiempo de lectura":"3 minutos"},"schema":{"@context":"https:\/\/schema.org","@graph":[{"@type":"Article","@id":"https:\/\/lospoliticosveracruz.com\/?p=55330#article","isPartOf":{"@id":"https:\/\/lospoliticosveracruz.com\/?p=55330"},"author":{"name":"Lo viste en Los Pol\u00edticos","@id":"https:\/\/lospoliticosveracruz.com\/#\/schema\/person\/b8702bb0e538456e6efd07080bf2a4a2"},"headline":"\u00bfUn 4&#215;10 en Veracruz?","datePublished":"2020-05-22T02:53:59+00:00","mainEntityOfPage":{"@id":"https:\/\/lospoliticosveracruz.com\/?p=55330"},"wordCount":675,"commentCount":0,"publisher":{"@id":"https:\/\/lospoliticosveracruz.com\/#organization"},"keywords":["Carlos Slim","Ciudad de M\u00e9xico","Covid 19","Espa\u00f1a","Fines de Semana Largos","Jacinda Ardern","J\u00f3venes Construyendo el Futuro","M\u00e9xico","nueva normalidad","Nueva Zelanda","Software Delsol","Veracruz"],"articleSection":["De Opini\u00f3n"],"inLanguage":"es","potentialAction":[{"@type":"CommentAction","name":"Comment","target":["https:\/\/lospoliticosveracruz.com\/?p=55330#respond"]}]},{"@type":"WebPage","@id":"https:\/\/lospoliticosveracruz.com\/?p=55330","url":"https:\/\/lospoliticosveracruz.com\/?p=55330","name":"\u00bfUn 4x10 en Veracruz? - Los pol\u00edticos Veracruz","isPartOf":{"@id":"https:\/\/lospoliticosveracruz.com\/#website"},"datePublished":"2020-05-22T02:53:59+00:00","breadcrumb":{"@id":"https:\/\/lospoliticosveracruz.com\/?p=55330#breadcrumb"},"inLanguage":"es","potentialAction":[{"@type":"ReadAction","target":["https:\/\/lospoliticosveracruz.com\/?p=55330"]}]},{"@type":"BreadcrumbList","@id":"https:\/\/lospoliticosveracruz.com\/?p=55330#breadcrumb","itemListElement":[{"@type":"ListItem","position":1,"name":"Portada","item":"https:\/\/lospoliticosveracruz.com\/"},{"@type":"ListItem","position":2,"name":"\u00bfUn 4&#215;10 en Veracruz?"}]},{"@type":"WebSite","@id":"https:\/\/lospoliticosveracruz.com\/#website","url":"https:\/\/lospoliticosveracruz.com\/","name":"Los pol\u00edticos Veracruz","description":"","publisher":{"@id":"https:\/\/lospoliticosveracruz.com\/#organization"},"potentialAction":[{"@type":"SearchAction","target":{"@type":"EntryPoint","urlTemplate":"https:\/\/lospoliticosveracruz.com\/?s={search_term_string}"},"query-input":{"@type":"PropertyValueSpecification","valueRequired":true,"valueName":"search_term_string"}}],"inLanguage":"es"},{"@type":"Organization","@id":"https:\/\/lospoliticosveracruz.com\/#organization","name":"Los pol\u00edticos Veracruz","url":"https:\/\/lospoliticosveracruz.com\/","logo":{"@type":"ImageObject","inLanguage":"es","@id":"https:\/\/lospoliticosveracruz.com\/#\/schema\/logo\/image\/","url":"https:\/\/lospoliticosveracruz.com\/wp-content\/uploads\/2025\/12\/Logo-Nuevo-LOS-POLITICOS-1.jpg","contentUrl":"https:\/\/lospoliticosveracruz.com\/wp-content\/uploads\/2025\/12\/Logo-Nuevo-LOS-POLITICOS-1.jpg","width":260,"height":70,"caption":"Los pol\u00edticos Veracruz"},"image":{"@id":"https:\/\/lospoliticosveracruz.com\/#\/schema\/logo\/image\/"},"sameAs":["https:\/\/www.facebook.com\/people\/Notimemes-de-los-Polticos\/61565672886568\/","https:\/\/x.com\/LosPoliticosVer"]},{"@type":"Person","@id":"https:\/\/lospoliticosveracruz.com\/#\/schema\/person\/b8702bb0e538456e6efd07080bf2a4a2","name":"Lo viste en Los Pol\u00edticos","image":{"@type":"ImageObject","inLanguage":"es","@id":"https:\/\/secure.gravatar.com\/avatar\/3a8de04a2656d44082be478bd6c086daa447c4651605818287b9532d3d0bd435?s=96&d=mm&r=g","url":"https:\/\/secure.gravatar.com\/avatar\/3a8de04a2656d44082be478bd6c086daa447c4651605818287b9532d3d0bd435?s=96&d=mm&r=g","contentUrl":"https:\/\/secure.gravatar.com\/avatar\/3a8de04a2656d44082be478bd6c086daa447c4651605818287b9532d3d0bd435?s=96&d=mm&r=g","caption":"Lo viste en Los Pol\u00edticos"},"url":"https:\/\/lospoliticosveracruz.com\/?author=2"}]}},"_links":{"self":[{"href":"https:\/\/lospoliticosveracruz.com\/index.php?rest_route=\/wp\/v2\/posts\/55330","targetHints":{"allow":["GET"]}}],"collection":[{"href":"https:\/\/lospoliticosveracruz.com\/index.php?rest_route=\/wp\/v2\/posts"}],"about":[{"href":"https:\/\/lospoliticosveracruz.com\/index.php?rest_route=\/wp\/v2\/types\/post"}],"author":[{"embeddable":true,"href":"https:\/\/lospoliticosveracruz.com\/index.php?rest_route=\/wp\/v2\/users\/2"}],"replies":[{"embeddable":true,"href":"https:\/\/lospoliticosveracruz.com\/index.php?rest_route=%2Fwp%2Fv2%2Fcomments&post=55330"}],"version-history":[{"count":1,"href":"https:\/\/lospoliticosveracruz.com\/index.php?rest_route=\/wp\/v2\/posts\/55330\/revisions"}],"predecessor-version":[{"id":55332,"href":"https:\/\/lospoliticosveracruz.com\/index.php?rest_route=\/wp\/v2\/posts\/55330\/revisions\/55332"}],"wp:attachment":[{"href":"https:\/\/lospoliticosveracruz.com\/index.php?rest_route=%2Fwp%2Fv2%2Fmedia&parent=55330"}],"wp:term":[{"taxonomy":"category","embeddable":true,"href":"https:\/\/lospoliticosveracruz.com\/index.php?rest_route=%2Fwp%2Fv2%2Fcategories&post=55330"},{"taxonomy":"post_tag","embeddable":true,"href":"https:\/\/lospoliticosveracruz.com\/index.php?rest_route=%2Fwp%2Fv2%2Ftags&post=55330"}],"curies":[{"name":"wp","href":"https:\/\/api.w.org\/{rel}","templated":true}]}}