{"id":55367,"date":"2020-05-22T21:53:21","date_gmt":"2020-05-23T02:53:21","guid":{"rendered":"http:\/\/www.lospoliticosveracruz.com.mx\/?p=55367"},"modified":"2020-05-22T21:57:50","modified_gmt":"2020-05-23T02:57:50","slug":"mi-amor-te-juro-que-venia-en-la-despensa","status":"publish","type":"post","link":"https:\/\/lospoliticosveracruz.com\/?p=55367","title":{"rendered":"Mi amor, \u00a1te juro que ven\u00eda en la despensa!"},"content":{"rendered":"<div class=\"page\" title=\"Page 1\"><strong>Vanessa Cambranis<\/strong><br \/>\n<em>Reinvent\u00e1ndome desde el alma<\/em><br \/>\nHace un tiempo, mi amigo Jorge y yo platic\u00e1bamos de cosas triviales de la vida; \u00e9l me dijo que le gustaba coleccionar mu\u00f1equitos de cierta zaga de una pel\u00edcula y me hizo una pregunta que quiz\u00e1s no hab\u00eda tomado muy en cuenta hasta ese momento: \u00bfVane, t\u00fa coleccionas algo? Al instante le dije que no, pero meditando reaccion\u00e9 y le dije s\u00ed, \u00a1s\u00ed colecciono! me gusta coleccionar los jaboncitos que ponen de souvenirs en los hoteles en donde me he hospedado cuando viajo&#8230; y me hizo un comentario que me llev\u00f3 a remembrar muchas historias lindas de esos viajes&#8230;<\/div>\n<div class=\"page\" title=\"Page 1\">\u2013\u00a1Qu\u00e9 padre Vane, tienes historias en ellos!<\/div>\n<div class=\"page\" title=\"Page 1\">\u2013S\u00ed, sabes tengo varios y entre ellos unos muy emblem\u00e1ticos mexicanos y unos extranjeros&#8230;<\/div>\n<div class=\"page\" title=\"Page 1\">La charla continu\u00f3 unos minutos m\u00e1s y nos despedimos&#8230; el tema fue por dem\u00e1s muy interesante&#8230;<br \/>\nHa pasado un tiempo de aquella charla y desde entonces han sucedido muchas cosas lindas; otras quiz\u00e1s no tanto, pero han llegado&#8230; lleg\u00f3 el Covid-19 y con ello, muchas lecciones de vida maravillosas para todos.<\/div>\n<div class=\"page\" title=\"Page 1\">Este tiempo nos ha invitado a salir de nuestra vida tan com\u00fan, ha \u00abquebrado\u00bb nuestro confort y nos ha llevado a quienes tenemos un negocio, a reinventarnos&#8230; todos de una o de otra manera, tratamos de \u00abmantener a flote\u00bb (dicen que en la guerra y en el amor, y yo ahora, agregar\u00eda en los negocios, \u00a1todo se vale!) nuestra fuente de empleos e ingresos, y bueno, aqu\u00ed es donde la versatilidad e imaginaci\u00f3n que nos caracteriza a los mexicanos nos ayuda mucho y la mercadotecnia, aunado a las \u00abnuevas necesidades\u00bb que todos tenemos, hacen su chamba&#8230; todo ha cambiado&#8230; todo&#8230; incluso la manera de hacer \u00abel super\u00bb, \u00abla despensa\u00bb, \u00ablas compras\u00bb, como \u00a0usted guste decirlo&#8230;<br \/>\nHe notado que en este tiempo son m\u00e1s los caballeros quienes asisten al super a realizar \u00abla despensa\u00bb.\u00a0Los he visto con \u00abel papelito\u00bb en mano de lo que tiene que comprar; con el celular tomando fotos a los productos y enviando para la aprobaci\u00f3n de la due\u00f1a de sus quincenas y amores; los he escuchado diciendo \u00ab\u00bfcu\u00e1l quieres, el rosa o el blanco?\u00bb, y\u00a0me causa hasta cierta ternura ver sus rostros llenos de preocupaci\u00f3n al no saber qu\u00e9 llevar al momento&#8230;\u00a0me imagino el show que se le armar\u00e1 en casa si no llega con lo que le han solicitado&#8230;<\/div>\n<div class=\"page\" title=\"Page 1\">Realizar la despensa es terapia y todo un sistema de \u00abexperiencia administrativa y relajante\u00bb para algunos&#8230; en mi caso aplica.<\/div>\n<div class=\"page\" title=\"Page 1\">Cuando voy, trato (cuando puedo) de tomarme el tiempo y recorrer con calma los pasillos en donde est\u00e1n los productos que requiero&#8230;\u00a0\u00a1s\u00ed disfruto ir al super!\u00a0y quiz\u00e1s este \u00abestar en casa\u00bb nos impide ir a hacer una de las necesidades b\u00e1sicas de nuestra vida de manera \u00abc\u00f3moda y relajante\u00bb como ir por \u00abla despensa\u00bb&#8230;.<br \/>\nY es justo aqu\u00ed en donde la imaginaci\u00f3n y las nuevas necesidades que este tiempo que todos estamos viviendo, nos invita a reinventarnos, \u00a1muchas empresas hacen el super por ti!, ya sabes, ocupan el servicio de entrega a domicilio y otros, definitivo, te har\u00e1n el d\u00eda porque al ir por tu despensa, \u00abte puede llevar al cielo\u00bb&#8230;<\/div>\n<div class=\"page\" title=\"Page 1\">Dicen que en los tiempos dif\u00edciles de tu vida, es cuando conoces a tus verdaderos amigos&#8230;\u00a0eso dicen&#8230; y hace unos d\u00edas recib\u00ed por parte de una querida amiga, un regalo muy especial: \u00a1una caja de despensa! Cuando la envi\u00f3, no estaba en casa, mi taxista la trajo y la dej\u00f3 en casa de mi vecina.\u00a0Al d\u00eda siguiente, su hijo amablemente me trajo la caja. \u00a1La abr\u00ed de inmediato! Y qu\u00e9 sorpresa tan linda me llev\u00e9 al ver lo que conten\u00eda \u00abla despensa\u00bb&#8230; \u00a1casi llor\u00e9 de la alegr\u00eda! \u00a1es tan maravilloso que alguien te mande una despensa en estos tiempos tan complicados para todos! pero justo al abrirla, me llam\u00f3 la atenci\u00f3n que inclu\u00eda dos\u00a0jaboncitos rosas,\u00a0\u00a1s\u00ed! \u00a1\u00e9se! \u00a1el chiquito! el que huele delicioso y que en alg\u00fan hotel\u00a0(aclaro No\u00a0Motel) ocup\u00e9&#8230;<br \/>\nRecord\u00e9 la charla con mi amigo Jorge&#8230; \u00a1estos llegaron a mi vida para mi colecci\u00f3n!, pero de inmediato mi mente inquieta pens\u00f3: cualquiera que los vea en mi ba\u00f1o, pensar\u00e1 otra cosa de mi y \u00a1re\u00ed a carcajadas! \u00a1S\u00ed usted tambi\u00e9n lo est\u00e1 pensando, lo s\u00e9! D\u00e9jeme aclarar, por favor&#8230;<br \/>\nMe met\u00ed a investigar en internet en la p\u00e1gina de M\u00e9xico Desconocido sobre la historia de estos maravillosos jaboncitos: Naci\u00f3 en 1950, \u00a1es orgullosamente mexicano! \u00a1Viva M\u00e9xico, se\u00f1ores! originario de Tepatitl\u00e1n, Jalisco; lo elabora la f\u00e1brica Corona fundada en 1920. Actualmente la f\u00e1brica se encuentra en Ecatepec, Estado de M\u00e9xico, y su producci\u00f3n de jabones de diferentes tipos es de alrededor de \u00a172.6 millones al a\u00f1o! de los cuales, \u00a1el 80% es de jaboncito rosa!<\/div>\n<div class=\"page\" title=\"Page 1\">Es usado\u00a0en Centroam\u00e9rica, Sudam\u00e9rica y Estados Unidos. Su eslogan me encant\u00f3: \u00abUn jab\u00f3n tan bueno como los dem\u00e1s, pero a un precio justo\u00bb. Tiene 5 tama\u00f1os (pa&#8217; que usted\u00a0decida cu\u00e1nto le dura el gusto y los recuerdos&#8230;) 25, 50, 100, 150 y 200 gramos, y cuenta con 3 presentaciones: rosa (justo el que me lleg\u00f3 de regalo en mi \u00abdespensa\u00bb, el mini de 50 gr) y sabe algo mucho m\u00e1s interesante: su f\u00f3rmula sigue siendo la misma&#8230;<br \/>\nLejos de lo que algunos mal pensados, s\u00ed, aqu\u00e9llos que por nuestra picard\u00eda muy mexicana que traemos en el ADN,\u00a0cuentan la historia que a este \u00abjaboncito rosa\u00bb con un aroma muy peculiar y que es \u00fanico por ser precisamente un olor a rosas, lo han colocado como \u00a1un referente sexual! \u00a1Dios! ahora entiendo lo de ir \u00abdesesperados o desesperadas\u00bb por las compras al super en estos tiempos&#8230; ahora recuerdo lo de la maravillosa mercadotecnia y publicidad que est\u00e1n realizando algunos Moteles\u00a0en Xalapa&#8230; \u00a1ahora, ahora justo ahora, lo entiendo todo, toditito! \u00a1que alguien me explique! \u00a1No, no seamos \u00abmal pensados\u00bb! y mejor contin\u00fao con la bella historia del \u00abjaboncito rosa\u00bb&#8230; la marca es emblem\u00e1tica y muy querida por las familias mexicanas, ya que es justo en los hogares donde el 85% es utilizado para uso dom\u00e9stico y s\u00f3lo el 15% es de uso institucional: Hoteles, Moteles, escuelas, restaurantes, oficinas etc\u00e9tera. As\u00ed que, bueno&#8230; \u00a1qu\u00e9 bonito es conocer la historia!, \u00abotros datos\u00bb, dice el dicho popular&#8230;<br \/>\nLa realidad es que si en casa, usted, damita o caballero, se \u00abpelean\u00bb por ir por la despensa y tardan 4 horas, y encima, al regresar a su hermoso \u00abhogar dulce hogar\u00bb, llega \u00abreci\u00e9n ba\u00f1ado y oliendo deliciosamente a rosas\u00bb&#8230; s\u00ed, usted, estoy segura que se ba\u00f1\u00f3 en casa de un amigo o\u00a0amiga \u00a1porque el calor est\u00e1 muy fuerte en estos tiempos! Y un \u00abbuen ba\u00f1o\u00bb nos cambia el d\u00eda, nos brinda una espl\u00e9ndida sonrisa y adem\u00e1s, agreguemos que \u00abya descubri\u00f3 lo maravilloso\u00bb que puede ser ir por las compras, y si le sumamos la \u00abexperiencia\u00bb para algunos excitante de salir arriesg\u00e1ndose al ir \u00abal Super por la despensa\u00bb, digo, dada la contingencia causada por el Covid, y siempre \u00abpensando en el cuidado\u00bb de quienes est\u00e1n en casa, seguro que a usted las compras lo \u00abllevaron al cielo\u00bb &#8230;<br \/>\nS\u00f3lo le recomiendo algo: cuando le pregunten en casa \u00ab\u00bfqu\u00e9 te pas\u00f3? \u00bfPor qu\u00e9 tardaste tanto? \u00bfPor qu\u00e9 vienen jaboncitos rosas en \u00abla despensa\u00bb del super?\u00bb Usted, s\u00ed, que est\u00e1 con esa hermosa sonrisa de rosa en rosa, s\u00f3lo d\u00edgale a la due\u00f1a o due\u00f1o de su amor: \u00a1Mi amor, te juro que ven\u00eda en la despensa!<br \/>\nPD \u00a1Por su bien, an\u00f3telo en su lista!<br \/>\nYo, por si acaso (y por mi bien), le tom\u00e9 foto a la caja que me regal\u00f3 mi amiga.\u00a0Ahora ya son parte de una maravillosa colecci\u00f3n de jaboncitos y lindos recuerdos&#8230;<br \/>\nLinda noche a todos y todas.<\/div>\n","protected":false},"excerpt":{"rendered":"<p>Vanessa Cambranis Reinvent\u00e1ndome desde el alma Hace un tiempo, mi amigo Jorge y yo platic\u00e1bamos de cosas triviales de la vida; \u00e9l me dijo que le gustaba coleccionar mu\u00f1equitos de cierta zaga de una pel\u00edcula y me hizo una pregunta que quiz\u00e1s no hab\u00eda tomado muy en cuenta hasta ese momento: \u00bfVane, t\u00fa coleccionas algo? [&hellip;]<\/p>\n","protected":false},"author":2,"featured_media":0,"comment_status":"open","ping_status":"open","sticky":false,"template":"","format":"standard","meta":{"tdm_status":"","tdm_grid_status":"","footnotes":""},"categories":[70],"tags":[16673,17054,199,892,18052],"class_list":{"0":"post-55367","1":"post","2":"type-post","3":"status-publish","4":"format-standard","6":"category-de-opinion","7":"tag-covid-19","8":"tag-despensa","9":"tag-hoteles","10":"tag-moteles","11":"tag-rosa-venus"},"yoast_head":"<!-- This site is optimized with the Yoast SEO plugin v27.4 - https:\/\/yoast.com\/product\/yoast-seo-wordpress\/ -->\n<title>Mi amor, \u00a1te juro que ven\u00eda en la despensa! - Los pol\u00edticos Veracruz<\/title>\n<meta name=\"robots\" content=\"index, follow, max-snippet:-1, max-image-preview:large, max-video-preview:-1\" \/>\n<link rel=\"canonical\" href=\"https:\/\/lospoliticosveracruz.com\/?p=55367\" \/>\n<meta property=\"og:locale\" content=\"es_ES\" \/>\n<meta property=\"og:type\" content=\"article\" \/>\n<meta property=\"og:title\" content=\"Mi amor, \u00a1te juro que ven\u00eda en la despensa! - Los pol\u00edticos Veracruz\" \/>\n<meta property=\"og:description\" content=\"Vanessa Cambranis Reinvent\u00e1ndome desde el alma Hace un tiempo, mi amigo Jorge y yo platic\u00e1bamos de cosas triviales de la vida; \u00e9l me dijo que le gustaba coleccionar mu\u00f1equitos de cierta zaga de una pel\u00edcula y me hizo una pregunta que quiz\u00e1s no hab\u00eda tomado muy en cuenta hasta ese momento: \u00bfVane, t\u00fa coleccionas algo? [&hellip;]\" \/>\n<meta property=\"og:url\" content=\"https:\/\/lospoliticosveracruz.com\/?p=55367\" \/>\n<meta property=\"og:site_name\" content=\"Los pol\u00edticos Veracruz\" \/>\n<meta property=\"article:publisher\" content=\"https:\/\/www.facebook.com\/people\/Notimemes-de-los-Polticos\/61565672886568\/\" \/>\n<meta property=\"article:published_time\" content=\"2020-05-23T02:53:21+00:00\" \/>\n<meta property=\"article:modified_time\" content=\"2020-05-23T02:57:50+00:00\" \/>\n<meta property=\"og:image\" content=\"https:\/\/lospoliticosveracruz.com\/wp-content\/uploads\/2016\/07\/Logo-Dor.jpg\" \/>\n\t<meta property=\"og:image:width\" content=\"200\" \/>\n\t<meta property=\"og:image:height\" content=\"200\" \/>\n\t<meta property=\"og:image:type\" content=\"image\/jpeg\" \/>\n<meta name=\"author\" content=\"Lo viste en Los Pol\u00edticos\" \/>\n<meta name=\"twitter:card\" content=\"summary_large_image\" \/>\n<meta name=\"twitter:creator\" content=\"@LosPoliticosVer\" \/>\n<meta name=\"twitter:site\" content=\"@LosPoliticosVer\" \/>\n<meta name=\"twitter:label1\" content=\"Escrito por\" \/>\n\t<meta name=\"twitter:data1\" content=\"Lo viste en Los Pol\u00edticos\" \/>\n\t<meta name=\"twitter:label2\" content=\"Tiempo de lectura\" \/>\n\t<meta name=\"twitter:data2\" content=\"7 minutos\" \/>\n<script type=\"application\/ld+json\" class=\"yoast-schema-graph\">{\"@context\":\"https:\\\/\\\/schema.org\",\"@graph\":[{\"@type\":\"Article\",\"@id\":\"https:\\\/\\\/lospoliticosveracruz.com\\\/?p=55367#article\",\"isPartOf\":{\"@id\":\"https:\\\/\\\/lospoliticosveracruz.com\\\/?p=55367\"},\"author\":{\"name\":\"Lo viste en Los Pol\u00edticos\",\"@id\":\"https:\\\/\\\/lospoliticosveracruz.com\\\/#\\\/schema\\\/person\\\/b8702bb0e538456e6efd07080bf2a4a2\"},\"headline\":\"Mi amor, \u00a1te juro que ven\u00eda en la despensa!\",\"datePublished\":\"2020-05-23T02:53:21+00:00\",\"dateModified\":\"2020-05-23T02:57:50+00:00\",\"mainEntityOfPage\":{\"@id\":\"https:\\\/\\\/lospoliticosveracruz.com\\\/?p=55367\"},\"wordCount\":1348,\"commentCount\":0,\"publisher\":{\"@id\":\"https:\\\/\\\/lospoliticosveracruz.com\\\/#organization\"},\"keywords\":[\"Covid 19\",\"despensa\",\"Hoteles\",\"moteles\",\"Rosa Venus\"],\"articleSection\":[\"De Opini\u00f3n\"],\"inLanguage\":\"es\",\"potentialAction\":[{\"@type\":\"CommentAction\",\"name\":\"Comment\",\"target\":[\"https:\\\/\\\/lospoliticosveracruz.com\\\/?p=55367#respond\"]}]},{\"@type\":\"WebPage\",\"@id\":\"https:\\\/\\\/lospoliticosveracruz.com\\\/?p=55367\",\"url\":\"https:\\\/\\\/lospoliticosveracruz.com\\\/?p=55367\",\"name\":\"Mi amor, \u00a1te juro que ven\u00eda en la despensa! - Los pol\u00edticos Veracruz\",\"isPartOf\":{\"@id\":\"https:\\\/\\\/lospoliticosveracruz.com\\\/#website\"},\"datePublished\":\"2020-05-23T02:53:21+00:00\",\"dateModified\":\"2020-05-23T02:57:50+00:00\",\"breadcrumb\":{\"@id\":\"https:\\\/\\\/lospoliticosveracruz.com\\\/?p=55367#breadcrumb\"},\"inLanguage\":\"es\",\"potentialAction\":[{\"@type\":\"ReadAction\",\"target\":[\"https:\\\/\\\/lospoliticosveracruz.com\\\/?p=55367\"]}]},{\"@type\":\"BreadcrumbList\",\"@id\":\"https:\\\/\\\/lospoliticosveracruz.com\\\/?p=55367#breadcrumb\",\"itemListElement\":[{\"@type\":\"ListItem\",\"position\":1,\"name\":\"Portada\",\"item\":\"https:\\\/\\\/lospoliticosveracruz.com\\\/\"},{\"@type\":\"ListItem\",\"position\":2,\"name\":\"Mi amor, \u00a1te juro que ven\u00eda en la despensa!\"}]},{\"@type\":\"WebSite\",\"@id\":\"https:\\\/\\\/lospoliticosveracruz.com\\\/#website\",\"url\":\"https:\\\/\\\/lospoliticosveracruz.com\\\/\",\"name\":\"Los pol\u00edticos Veracruz\",\"description\":\"\",\"publisher\":{\"@id\":\"https:\\\/\\\/lospoliticosveracruz.com\\\/#organization\"},\"potentialAction\":[{\"@type\":\"SearchAction\",\"target\":{\"@type\":\"EntryPoint\",\"urlTemplate\":\"https:\\\/\\\/lospoliticosveracruz.com\\\/?s={search_term_string}\"},\"query-input\":{\"@type\":\"PropertyValueSpecification\",\"valueRequired\":true,\"valueName\":\"search_term_string\"}}],\"inLanguage\":\"es\"},{\"@type\":\"Organization\",\"@id\":\"https:\\\/\\\/lospoliticosveracruz.com\\\/#organization\",\"name\":\"Los pol\u00edticos Veracruz\",\"url\":\"https:\\\/\\\/lospoliticosveracruz.com\\\/\",\"logo\":{\"@type\":\"ImageObject\",\"inLanguage\":\"es\",\"@id\":\"https:\\\/\\\/lospoliticosveracruz.com\\\/#\\\/schema\\\/logo\\\/image\\\/\",\"url\":\"https:\\\/\\\/lospoliticosveracruz.com\\\/wp-content\\\/uploads\\\/2025\\\/12\\\/Logo-Nuevo-LOS-POLITICOS-1.jpg\",\"contentUrl\":\"https:\\\/\\\/lospoliticosveracruz.com\\\/wp-content\\\/uploads\\\/2025\\\/12\\\/Logo-Nuevo-LOS-POLITICOS-1.jpg\",\"width\":260,\"height\":70,\"caption\":\"Los pol\u00edticos Veracruz\"},\"image\":{\"@id\":\"https:\\\/\\\/lospoliticosveracruz.com\\\/#\\\/schema\\\/logo\\\/image\\\/\"},\"sameAs\":[\"https:\\\/\\\/www.facebook.com\\\/people\\\/Notimemes-de-los-Polticos\\\/61565672886568\\\/\",\"https:\\\/\\\/x.com\\\/LosPoliticosVer\"]},{\"@type\":\"Person\",\"@id\":\"https:\\\/\\\/lospoliticosveracruz.com\\\/#\\\/schema\\\/person\\\/b8702bb0e538456e6efd07080bf2a4a2\",\"name\":\"Lo viste en Los Pol\u00edticos\",\"image\":{\"@type\":\"ImageObject\",\"inLanguage\":\"es\",\"@id\":\"https:\\\/\\\/secure.gravatar.com\\\/avatar\\\/3a8de04a2656d44082be478bd6c086daa447c4651605818287b9532d3d0bd435?s=96&d=mm&r=g\",\"url\":\"https:\\\/\\\/secure.gravatar.com\\\/avatar\\\/3a8de04a2656d44082be478bd6c086daa447c4651605818287b9532d3d0bd435?s=96&d=mm&r=g\",\"contentUrl\":\"https:\\\/\\\/secure.gravatar.com\\\/avatar\\\/3a8de04a2656d44082be478bd6c086daa447c4651605818287b9532d3d0bd435?s=96&d=mm&r=g\",\"caption\":\"Lo viste en Los Pol\u00edticos\"},\"url\":\"https:\\\/\\\/lospoliticosveracruz.com\\\/?author=2\"}]}<\/script>\n<!-- \/ Yoast SEO plugin. -->","yoast_head_json":{"title":"Mi amor, \u00a1te juro que ven\u00eda en la despensa! - Los pol\u00edticos Veracruz","robots":{"index":"index","follow":"follow","max-snippet":"max-snippet:-1","max-image-preview":"max-image-preview:large","max-video-preview":"max-video-preview:-1"},"canonical":"https:\/\/lospoliticosveracruz.com\/?p=55367","og_locale":"es_ES","og_type":"article","og_title":"Mi amor, \u00a1te juro que ven\u00eda en la despensa! - Los pol\u00edticos Veracruz","og_description":"Vanessa Cambranis Reinvent\u00e1ndome desde el alma Hace un tiempo, mi amigo Jorge y yo platic\u00e1bamos de cosas triviales de la vida; \u00e9l me dijo que le gustaba coleccionar mu\u00f1equitos de cierta zaga de una pel\u00edcula y me hizo una pregunta que quiz\u00e1s no hab\u00eda tomado muy en cuenta hasta ese momento: \u00bfVane, t\u00fa coleccionas algo? [&hellip;]","og_url":"https:\/\/lospoliticosveracruz.com\/?p=55367","og_site_name":"Los pol\u00edticos Veracruz","article_publisher":"https:\/\/www.facebook.com\/people\/Notimemes-de-los-Polticos\/61565672886568\/","article_published_time":"2020-05-23T02:53:21+00:00","article_modified_time":"2020-05-23T02:57:50+00:00","og_image":[{"width":200,"height":200,"url":"https:\/\/lospoliticosveracruz.com\/wp-content\/uploads\/2016\/07\/Logo-Dor.jpg","type":"image\/jpeg"}],"author":"Lo viste en Los Pol\u00edticos","twitter_card":"summary_large_image","twitter_creator":"@LosPoliticosVer","twitter_site":"@LosPoliticosVer","twitter_misc":{"Escrito por":"Lo viste en Los Pol\u00edticos","Tiempo de lectura":"7 minutos"},"schema":{"@context":"https:\/\/schema.org","@graph":[{"@type":"Article","@id":"https:\/\/lospoliticosveracruz.com\/?p=55367#article","isPartOf":{"@id":"https:\/\/lospoliticosveracruz.com\/?p=55367"},"author":{"name":"Lo viste en Los Pol\u00edticos","@id":"https:\/\/lospoliticosveracruz.com\/#\/schema\/person\/b8702bb0e538456e6efd07080bf2a4a2"},"headline":"Mi amor, \u00a1te juro que ven\u00eda en la despensa!","datePublished":"2020-05-23T02:53:21+00:00","dateModified":"2020-05-23T02:57:50+00:00","mainEntityOfPage":{"@id":"https:\/\/lospoliticosveracruz.com\/?p=55367"},"wordCount":1348,"commentCount":0,"publisher":{"@id":"https:\/\/lospoliticosveracruz.com\/#organization"},"keywords":["Covid 19","despensa","Hoteles","moteles","Rosa Venus"],"articleSection":["De Opini\u00f3n"],"inLanguage":"es","potentialAction":[{"@type":"CommentAction","name":"Comment","target":["https:\/\/lospoliticosveracruz.com\/?p=55367#respond"]}]},{"@type":"WebPage","@id":"https:\/\/lospoliticosveracruz.com\/?p=55367","url":"https:\/\/lospoliticosveracruz.com\/?p=55367","name":"Mi amor, \u00a1te juro que ven\u00eda en la despensa! - Los pol\u00edticos Veracruz","isPartOf":{"@id":"https:\/\/lospoliticosveracruz.com\/#website"},"datePublished":"2020-05-23T02:53:21+00:00","dateModified":"2020-05-23T02:57:50+00:00","breadcrumb":{"@id":"https:\/\/lospoliticosveracruz.com\/?p=55367#breadcrumb"},"inLanguage":"es","potentialAction":[{"@type":"ReadAction","target":["https:\/\/lospoliticosveracruz.com\/?p=55367"]}]},{"@type":"BreadcrumbList","@id":"https:\/\/lospoliticosveracruz.com\/?p=55367#breadcrumb","itemListElement":[{"@type":"ListItem","position":1,"name":"Portada","item":"https:\/\/lospoliticosveracruz.com\/"},{"@type":"ListItem","position":2,"name":"Mi amor, \u00a1te juro que ven\u00eda en la despensa!"}]},{"@type":"WebSite","@id":"https:\/\/lospoliticosveracruz.com\/#website","url":"https:\/\/lospoliticosveracruz.com\/","name":"Los pol\u00edticos Veracruz","description":"","publisher":{"@id":"https:\/\/lospoliticosveracruz.com\/#organization"},"potentialAction":[{"@type":"SearchAction","target":{"@type":"EntryPoint","urlTemplate":"https:\/\/lospoliticosveracruz.com\/?s={search_term_string}"},"query-input":{"@type":"PropertyValueSpecification","valueRequired":true,"valueName":"search_term_string"}}],"inLanguage":"es"},{"@type":"Organization","@id":"https:\/\/lospoliticosveracruz.com\/#organization","name":"Los pol\u00edticos Veracruz","url":"https:\/\/lospoliticosveracruz.com\/","logo":{"@type":"ImageObject","inLanguage":"es","@id":"https:\/\/lospoliticosveracruz.com\/#\/schema\/logo\/image\/","url":"https:\/\/lospoliticosveracruz.com\/wp-content\/uploads\/2025\/12\/Logo-Nuevo-LOS-POLITICOS-1.jpg","contentUrl":"https:\/\/lospoliticosveracruz.com\/wp-content\/uploads\/2025\/12\/Logo-Nuevo-LOS-POLITICOS-1.jpg","width":260,"height":70,"caption":"Los pol\u00edticos Veracruz"},"image":{"@id":"https:\/\/lospoliticosveracruz.com\/#\/schema\/logo\/image\/"},"sameAs":["https:\/\/www.facebook.com\/people\/Notimemes-de-los-Polticos\/61565672886568\/","https:\/\/x.com\/LosPoliticosVer"]},{"@type":"Person","@id":"https:\/\/lospoliticosveracruz.com\/#\/schema\/person\/b8702bb0e538456e6efd07080bf2a4a2","name":"Lo viste en Los Pol\u00edticos","image":{"@type":"ImageObject","inLanguage":"es","@id":"https:\/\/secure.gravatar.com\/avatar\/3a8de04a2656d44082be478bd6c086daa447c4651605818287b9532d3d0bd435?s=96&d=mm&r=g","url":"https:\/\/secure.gravatar.com\/avatar\/3a8de04a2656d44082be478bd6c086daa447c4651605818287b9532d3d0bd435?s=96&d=mm&r=g","contentUrl":"https:\/\/secure.gravatar.com\/avatar\/3a8de04a2656d44082be478bd6c086daa447c4651605818287b9532d3d0bd435?s=96&d=mm&r=g","caption":"Lo viste en Los Pol\u00edticos"},"url":"https:\/\/lospoliticosveracruz.com\/?author=2"}]}},"_links":{"self":[{"href":"https:\/\/lospoliticosveracruz.com\/index.php?rest_route=\/wp\/v2\/posts\/55367","targetHints":{"allow":["GET"]}}],"collection":[{"href":"https:\/\/lospoliticosveracruz.com\/index.php?rest_route=\/wp\/v2\/posts"}],"about":[{"href":"https:\/\/lospoliticosveracruz.com\/index.php?rest_route=\/wp\/v2\/types\/post"}],"author":[{"embeddable":true,"href":"https:\/\/lospoliticosveracruz.com\/index.php?rest_route=\/wp\/v2\/users\/2"}],"replies":[{"embeddable":true,"href":"https:\/\/lospoliticosveracruz.com\/index.php?rest_route=%2Fwp%2Fv2%2Fcomments&post=55367"}],"version-history":[{"count":2,"href":"https:\/\/lospoliticosveracruz.com\/index.php?rest_route=\/wp\/v2\/posts\/55367\/revisions"}],"predecessor-version":[{"id":55370,"href":"https:\/\/lospoliticosveracruz.com\/index.php?rest_route=\/wp\/v2\/posts\/55367\/revisions\/55370"}],"wp:attachment":[{"href":"https:\/\/lospoliticosveracruz.com\/index.php?rest_route=%2Fwp%2Fv2%2Fmedia&parent=55367"}],"wp:term":[{"taxonomy":"category","embeddable":true,"href":"https:\/\/lospoliticosveracruz.com\/index.php?rest_route=%2Fwp%2Fv2%2Fcategories&post=55367"},{"taxonomy":"post_tag","embeddable":true,"href":"https:\/\/lospoliticosveracruz.com\/index.php?rest_route=%2Fwp%2Fv2%2Ftags&post=55367"}],"curies":[{"name":"wp","href":"https:\/\/api.w.org\/{rel}","templated":true}]}}