{"id":55377,"date":"2020-05-23T10:22:14","date_gmt":"2020-05-23T15:22:14","guid":{"rendered":"http:\/\/www.lospoliticosveracruz.com.mx\/?p=55377"},"modified":"2020-05-23T10:22:14","modified_gmt":"2020-05-23T15:22:14","slug":"el-amparo-de-winckler","status":"publish","type":"post","link":"https:\/\/lospoliticosveracruz.com\/?p=55377","title":{"rendered":"El amparo de Winckler"},"content":{"rendered":"<p><strong>Ricardo Ch\u00faa<\/strong><\/p>\n<p><em>Sale y Vale<\/em><\/p>\n<p>Se han preguntado la sociedad veracruzana&#8230; Cu\u00e1l es el motivo real que \u00abAPURA\u00bb al gobernador, Cuitl\u00e1huac Garc\u00eda y al secretario de Gobierno, Eric Cisneros&#8230; \u00abAPRESURAR\u00bb al Congreso del Estado para nombrar como titular de la Fiscal\u00eda del Estado a Ver\u00f3nica Hern\u00e1ndez Gadians&#8230; La respuesta es sencilla: La Suprema Corte de Justicia de la Naci\u00f3n puede resolver en julio pr\u00f3ximo, el JUCIO DE AMPARO contra el ACTO de REMOCI\u00d3N PROVISIONAL a favor del Fiscal removido, Jorge Winckler Ort\u00edz&#8230; UFFFF&#8230;<\/p>\n<p>Si bien es cierto, la pandem\u00eda del Coronavirus&#8230; Hizo que todos estos juicios pendientes se vayan hasta julio en la SCJN&#8230; Es una realidad, que este tipo de procesos, los Ministros tardan en resolverlos alrededor de un a\u00f1o&#8230; Y la fecha se aproxima&#8230; Y no sea la de malas que la Suprema Corte de Justicia de la Naci\u00f3n le resuelva a favor el juicio de amparo cuyo n\u00famero es: 819\/2019 que esta en el Juzgado D\u00e9cimo Octavo de Distrito en el Estado de Veracruz y que no ha sido resuelto&#8230;Y Winckler est\u00e9 de vuelta&#8230; A correr porque el fuero se acaba en 2021&#8230;<\/p>\n<p>No es que uno quiera hacerle a \u00abNostradamus&#8230; Pero se imaginan un escenario en Veracruz&#8230; Donde el FALLO DE LA SCJN, sea FAVORABLE a Winckler Ort\u00edz&#8230; Si los Ministros toman esa decisi\u00f3n, no habr\u00e1 poder humano, ni aunque Cuitl\u00e1huac vaya a \u00abbailarle a la Virgen de Catemaco\u00bb y a Palacio Nacional, que evite que sea reinstalado en su cargo en la FGE&#8230; Y ya no lo quitar\u00eda \u00abNi Dios Padre\u00bb&#8230; En qu\u00e9 papel dejar\u00edan a Ver\u00f3nica Hern\u00e1ndez y todas sus acciones&#8230; Va a quedar desprotegida y a merced del contra ataque del Fiscal&#8230;<\/p>\n<p>Por ello, la prisa para que Hern\u00e1ndez Gadians se quede en la Fiscal\u00eda&#8230; Ya que Winckler aun no est\u00e1 descartado que vuelva al cargo&#8230; Por ello, se \u00abguarda\u00bb para evitar ser detenido y que lo \u00ababrochen\u00bb con otro delito&#8230; Por eso, hasta la propia Iglesia Cat\u00f3lica pone en duda el proceso del nombramiento del nuevo Fiscal de Veracruz&#8230; Traen el \u00abSanto de Espaldas\u00bb y si el amparo es resuelto a favor de Winckler a Ver\u00f3nica Hern\u00e1ndez, le pasar\u00e1 como la canci\u00f3n de \u00abLos Angeles Negros\u00bb: DEBUT Y DESPEDIDA&#8230;<\/p>\n<p>EL ENFERMO&#8230;. Cuentan los \u00abbi\u00f3grafos no autorizados\u00bb y \u00ablenguas de doble filo\u00bb que en realidad, el titular de la Procuradur\u00eda Estatal de Medio Ambiente, Sergio Rodr\u00edgue Cort\u00e9s, NO EST\u00c1 ENFERMO DE COVID-19&#8230; Sino que este virus le \u00abcay\u00f3 como anillo al dedo\u00bb al ex perredista, para dos cosas.. Primero sacarlo de los REFLECTORES medi\u00e1ticos porque, todo indica que presuntamente, ser\u00eda denunciado por otros empresarios y alcaldes por estar CLAUSURANDO rellenos sanitarios como el de Tampico Alto&#8230; Al parecer m\u00e1s \u00abapretones\u00bb<\/p>\n<p>La SEGUNDA y quiz\u00e1s la m\u00e1s IMPORTANTE para el gobierno de Cuitl\u00e1huac Garc\u00eda&#8230; PRESUNTAMENTE ser\u00eda dar el \u00abASESORAMIENTO NECESARIO Y PUNTAL\u00bb al coordinador de los diputados locales de MORENA, Juan Javier G\u00f3mez Cazar\u00edn, para que pueda lograr la aprobaci\u00f3n de la mentada Reforma Electoral a modo de MORENA&#8230; En los 107 cabildos municipales necesarios para que la iniciativa se legitime&#8230;<\/p>\n<p>Los que saben, dicen, que Rodr\u00edguez Cort\u00e9s puede ser que tenga un \u00abfuerte resfriado\u00bb natural por estas fechas, donde el clima en Veracruz cambia en demasia&#8230; Sergio Rodr\u00edguez por su condici\u00f3n f\u00edsica ser\u00eda un persona de alto riesgo si contrae COVID.. Pero, al paso de los d\u00edas, se sabr\u00e1 la verdad de estas versiones&#8230; Lejos quedaron a\u00f1os que Cuitl\u00e1huac acus\u00f3 de \u00abYunista\u00bb y \u00abFidelista\u00bb a Sergio Rodr\u00edguez&#8230; Ahora lo necesit\u00f3 y lo necesita para operar la Reforma Electoral&#8230; Al rato va a querer el sitio de Eric Cisneros&#8230; DANZON DEDICADO A&#8230;<\/p>\n<p>CRISIS DE VERACRUZ&#8230; Con el tema de la pandemia del COVID-19&#8230; El asunto del nulo entendimiento del gobierno de Cuitl\u00e1huac Garc\u00eda y sus diputados de MORENA, que no gobiernan s\u00f3lo para el 20 por ciento de los veracruzanos que votaron por ellos&#8230; Por la inexperiencia del propio Gobernador para tomar las decisiones para no afectar al personal m\u00e9dico que combate al virus&#8230; Con las nulas medidas sanitarias tomadas por su administraci\u00f3n y que ahora tiene a Veracruz como el tercer estado en n\u00famero de contagios&#8230; Vamos en \u00abca\u00edda libre\u00bb&#8230;<\/p>\n<p>Vamos hacia cosas no vistas en la entidad en su historia, encabezado por este gobierno de MORENA&#8230; La gente est\u00e1 sola y sin trabajo&#8230; Peor aun sin dinero&#8230; Con miedo a enfermarse si salen a buscar su sustento econ\u00f3mico diario&#8230; Sin poder ver a su familia&#8230; Menos tener un desahogo&#8230; Recibiendo puras \u00abgolpes directos\u00bb del gobierno federal y estatal&#8230; Cobros excesivos en el recibo de la CFE&#8230; Alza de la gasolina&#8230; Alza a los productos de la canasta b\u00e1sica&#8230; \u00bfQu\u00e9 camino van a tomar esas personas que ya no tienen nada que perder?&#8230;<\/p>\n<p>Para acabar con este cuadro en Veracruz.. Los esc\u00e1ndalos de corrupci\u00f3n de sus altos funcionarios del gobierno estatal, en todas las \u00e1reas&#8230; Cuando hace m\u00e1s de un a\u00f1o, no ten\u00edan nada y ahora son due\u00f1os de terrenos y mansiones en Xalapa o en sus sitios de origen&#8230; Antes com\u00edan en los mercados p\u00fablicos, ahora son los que mantienen los restaurantes de la Plaza Monte Magno porque son los que piden sus alimentos para llevar&#8230; \u00bfEso es malo?, no&#8230; Pero no son congruentes&#8230; D\u00f3nde qued\u00f3 su \u00abpobreza Franciscana\u00bb&#8230; Ah\u00ed, en las propinas&#8230;<\/p>\n<p>S\u00f3lo hay que recordar que el gobierno de Cuitl\u00e1huac Garc\u00eda&#8230; Sigue los mismos pasos que en su momento, realiz\u00f3 el gobierno de Chile cuando gan\u00f3 Salvador Allende&#8230; Este personaje s\u00f3lo gobern\u00f3 para el 33 por ciento de la poblaci\u00f3n que le dio su voto&#8230; No mir\u00f3 m\u00e1s all\u00e1&#8230; Pero fue una desgracia como termin\u00f3 su mandato&#8230; Aqu\u00ed en Veracruz, no son las condiciones&#8230; Pero la \u00abmetralla\u00bb de los votos en la soledad de urna&#8230; Ser\u00e1 la forma en que el pueblo le de su respaldo o espalda al Gobernador&#8230; Eso ser\u00e1 en 2021&#8230; A pesar de que quieren tener con esta Reforma Electoral, \u00abel viento a su favor\u00bb.. TODO LO QUE SUBE&#8230; TIENE QUE CAER..<\/p>\n","protected":false},"excerpt":{"rendered":"<p>Ricardo Ch\u00faa Sale y Vale Se han preguntado la sociedad veracruzana&#8230; Cu\u00e1l es el motivo real que \u00abAPURA\u00bb al gobernador, Cuitl\u00e1huac Garc\u00eda y al secretario de Gobierno, Eric Cisneros&#8230; \u00abAPRESURAR\u00bb al Congreso del Estado para nombrar como titular de la Fiscal\u00eda del Estado a Ver\u00f3nica Hern\u00e1ndez Gadians&#8230; La respuesta es sencilla: La Suprema Corte de [&hellip;]<\/p>\n","protected":false},"author":2,"featured_media":0,"comment_status":"open","ping_status":"open","sticky":false,"template":"","format":"standard","meta":{"tdm_status":"","tdm_grid_status":"","footnotes":""},"categories":[70],"tags":[331,16264,1681,12686,3586,6869,18055,16929,13604,6361,15165],"class_list":{"0":"post-55377","1":"post","2":"type-post","3":"status-publish","4":"format-standard","6":"category-de-opinion","7":"tag-congreso-del-estado","8":"tag-coronavirus","9":"tag-cuitlahuac-garcia","10":"tag-eric-cisneros","11":"tag-fiscalia-del-estado","12":"tag-jorge-winckler","13":"tag-juicio-de-amparo","14":"tag-pandemia","15":"tag-ricardo-chua","16":"tag-suprema-corte-de-justicia-de-la-nacion","17":"tag-veronica-hernandez-giadans"},"yoast_head":"<!-- This site is optimized with the Yoast SEO plugin v27.4 - https:\/\/yoast.com\/product\/yoast-seo-wordpress\/ -->\n<title>El amparo de Winckler - Los pol\u00edticos Veracruz<\/title>\n<meta name=\"robots\" content=\"index, follow, max-snippet:-1, max-image-preview:large, max-video-preview:-1\" \/>\n<link rel=\"canonical\" href=\"https:\/\/lospoliticosveracruz.com\/?p=55377\" \/>\n<meta property=\"og:locale\" content=\"es_ES\" \/>\n<meta property=\"og:type\" content=\"article\" \/>\n<meta property=\"og:title\" content=\"El amparo de Winckler - Los pol\u00edticos Veracruz\" \/>\n<meta property=\"og:description\" content=\"Ricardo Ch\u00faa Sale y Vale Se han preguntado la sociedad veracruzana&#8230; Cu\u00e1l es el motivo real que \u00abAPURA\u00bb al gobernador, Cuitl\u00e1huac Garc\u00eda y al secretario de Gobierno, Eric Cisneros&#8230; \u00abAPRESURAR\u00bb al Congreso del Estado para nombrar como titular de la Fiscal\u00eda del Estado a Ver\u00f3nica Hern\u00e1ndez Gadians&#8230; La respuesta es sencilla: La Suprema Corte de [&hellip;]\" \/>\n<meta property=\"og:url\" content=\"https:\/\/lospoliticosveracruz.com\/?p=55377\" \/>\n<meta property=\"og:site_name\" content=\"Los pol\u00edticos Veracruz\" \/>\n<meta property=\"article:publisher\" content=\"https:\/\/www.facebook.com\/people\/Notimemes-de-los-Polticos\/61565672886568\/\" \/>\n<meta property=\"article:published_time\" content=\"2020-05-23T15:22:14+00:00\" \/>\n<meta property=\"og:image\" content=\"https:\/\/lospoliticosveracruz.com\/wp-content\/uploads\/2016\/07\/Logo-Dor.jpg\" \/>\n\t<meta property=\"og:image:width\" content=\"200\" \/>\n\t<meta property=\"og:image:height\" content=\"200\" \/>\n\t<meta property=\"og:image:type\" content=\"image\/jpeg\" \/>\n<meta name=\"author\" content=\"Lo viste en Los Pol\u00edticos\" \/>\n<meta name=\"twitter:card\" content=\"summary_large_image\" \/>\n<meta name=\"twitter:creator\" content=\"@LosPoliticosVer\" \/>\n<meta name=\"twitter:site\" content=\"@LosPoliticosVer\" \/>\n<meta name=\"twitter:label1\" content=\"Escrito por\" \/>\n\t<meta name=\"twitter:data1\" content=\"Lo viste en Los Pol\u00edticos\" \/>\n\t<meta name=\"twitter:label2\" content=\"Tiempo de lectura\" \/>\n\t<meta name=\"twitter:data2\" content=\"5 minutos\" \/>\n<script type=\"application\/ld+json\" class=\"yoast-schema-graph\">{\"@context\":\"https:\\\/\\\/schema.org\",\"@graph\":[{\"@type\":\"Article\",\"@id\":\"https:\\\/\\\/lospoliticosveracruz.com\\\/?p=55377#article\",\"isPartOf\":{\"@id\":\"https:\\\/\\\/lospoliticosveracruz.com\\\/?p=55377\"},\"author\":{\"name\":\"Lo viste en Los Pol\u00edticos\",\"@id\":\"https:\\\/\\\/lospoliticosveracruz.com\\\/#\\\/schema\\\/person\\\/b8702bb0e538456e6efd07080bf2a4a2\"},\"headline\":\"El amparo de Winckler\",\"datePublished\":\"2020-05-23T15:22:14+00:00\",\"mainEntityOfPage\":{\"@id\":\"https:\\\/\\\/lospoliticosveracruz.com\\\/?p=55377\"},\"wordCount\":1063,\"commentCount\":0,\"publisher\":{\"@id\":\"https:\\\/\\\/lospoliticosveracruz.com\\\/#organization\"},\"keywords\":[\"Congreso del Estado\",\"coronavirus\",\"Cuitl\u00e1huac Garc\u00eda\",\"Eric Cisneros\",\"Fiscal\u00eda del Estado\",\"Jorge Winckler\",\"Juicio de Amparo\",\"pandemia\",\"Ricardo Ch\u00faa\",\"Suprema Corte de Justicia de la Naci\u00f3n\",\"Ver\u00f3nica Hern\u00e1ndez Giad\u00e1ns\"],\"articleSection\":[\"De Opini\u00f3n\"],\"inLanguage\":\"es\",\"potentialAction\":[{\"@type\":\"CommentAction\",\"name\":\"Comment\",\"target\":[\"https:\\\/\\\/lospoliticosveracruz.com\\\/?p=55377#respond\"]}]},{\"@type\":\"WebPage\",\"@id\":\"https:\\\/\\\/lospoliticosveracruz.com\\\/?p=55377\",\"url\":\"https:\\\/\\\/lospoliticosveracruz.com\\\/?p=55377\",\"name\":\"El amparo de Winckler - Los pol\u00edticos Veracruz\",\"isPartOf\":{\"@id\":\"https:\\\/\\\/lospoliticosveracruz.com\\\/#website\"},\"datePublished\":\"2020-05-23T15:22:14+00:00\",\"breadcrumb\":{\"@id\":\"https:\\\/\\\/lospoliticosveracruz.com\\\/?p=55377#breadcrumb\"},\"inLanguage\":\"es\",\"potentialAction\":[{\"@type\":\"ReadAction\",\"target\":[\"https:\\\/\\\/lospoliticosveracruz.com\\\/?p=55377\"]}]},{\"@type\":\"BreadcrumbList\",\"@id\":\"https:\\\/\\\/lospoliticosveracruz.com\\\/?p=55377#breadcrumb\",\"itemListElement\":[{\"@type\":\"ListItem\",\"position\":1,\"name\":\"Portada\",\"item\":\"https:\\\/\\\/lospoliticosveracruz.com\\\/\"},{\"@type\":\"ListItem\",\"position\":2,\"name\":\"El amparo de Winckler\"}]},{\"@type\":\"WebSite\",\"@id\":\"https:\\\/\\\/lospoliticosveracruz.com\\\/#website\",\"url\":\"https:\\\/\\\/lospoliticosveracruz.com\\\/\",\"name\":\"Los pol\u00edticos Veracruz\",\"description\":\"\",\"publisher\":{\"@id\":\"https:\\\/\\\/lospoliticosveracruz.com\\\/#organization\"},\"potentialAction\":[{\"@type\":\"SearchAction\",\"target\":{\"@type\":\"EntryPoint\",\"urlTemplate\":\"https:\\\/\\\/lospoliticosveracruz.com\\\/?s={search_term_string}\"},\"query-input\":{\"@type\":\"PropertyValueSpecification\",\"valueRequired\":true,\"valueName\":\"search_term_string\"}}],\"inLanguage\":\"es\"},{\"@type\":\"Organization\",\"@id\":\"https:\\\/\\\/lospoliticosveracruz.com\\\/#organization\",\"name\":\"Los pol\u00edticos Veracruz\",\"url\":\"https:\\\/\\\/lospoliticosveracruz.com\\\/\",\"logo\":{\"@type\":\"ImageObject\",\"inLanguage\":\"es\",\"@id\":\"https:\\\/\\\/lospoliticosveracruz.com\\\/#\\\/schema\\\/logo\\\/image\\\/\",\"url\":\"https:\\\/\\\/lospoliticosveracruz.com\\\/wp-content\\\/uploads\\\/2025\\\/12\\\/Logo-Nuevo-LOS-POLITICOS-1.jpg\",\"contentUrl\":\"https:\\\/\\\/lospoliticosveracruz.com\\\/wp-content\\\/uploads\\\/2025\\\/12\\\/Logo-Nuevo-LOS-POLITICOS-1.jpg\",\"width\":260,\"height\":70,\"caption\":\"Los pol\u00edticos Veracruz\"},\"image\":{\"@id\":\"https:\\\/\\\/lospoliticosveracruz.com\\\/#\\\/schema\\\/logo\\\/image\\\/\"},\"sameAs\":[\"https:\\\/\\\/www.facebook.com\\\/people\\\/Notimemes-de-los-Polticos\\\/61565672886568\\\/\",\"https:\\\/\\\/x.com\\\/LosPoliticosVer\"]},{\"@type\":\"Person\",\"@id\":\"https:\\\/\\\/lospoliticosveracruz.com\\\/#\\\/schema\\\/person\\\/b8702bb0e538456e6efd07080bf2a4a2\",\"name\":\"Lo viste en Los Pol\u00edticos\",\"image\":{\"@type\":\"ImageObject\",\"inLanguage\":\"es\",\"@id\":\"https:\\\/\\\/secure.gravatar.com\\\/avatar\\\/3a8de04a2656d44082be478bd6c086daa447c4651605818287b9532d3d0bd435?s=96&d=mm&r=g\",\"url\":\"https:\\\/\\\/secure.gravatar.com\\\/avatar\\\/3a8de04a2656d44082be478bd6c086daa447c4651605818287b9532d3d0bd435?s=96&d=mm&r=g\",\"contentUrl\":\"https:\\\/\\\/secure.gravatar.com\\\/avatar\\\/3a8de04a2656d44082be478bd6c086daa447c4651605818287b9532d3d0bd435?s=96&d=mm&r=g\",\"caption\":\"Lo viste en Los Pol\u00edticos\"},\"url\":\"https:\\\/\\\/lospoliticosveracruz.com\\\/?author=2\"}]}<\/script>\n<!-- \/ Yoast SEO plugin. -->","yoast_head_json":{"title":"El amparo de Winckler - Los pol\u00edticos Veracruz","robots":{"index":"index","follow":"follow","max-snippet":"max-snippet:-1","max-image-preview":"max-image-preview:large","max-video-preview":"max-video-preview:-1"},"canonical":"https:\/\/lospoliticosveracruz.com\/?p=55377","og_locale":"es_ES","og_type":"article","og_title":"El amparo de Winckler - Los pol\u00edticos Veracruz","og_description":"Ricardo Ch\u00faa Sale y Vale Se han preguntado la sociedad veracruzana&#8230; Cu\u00e1l es el motivo real que \u00abAPURA\u00bb al gobernador, Cuitl\u00e1huac Garc\u00eda y al secretario de Gobierno, Eric Cisneros&#8230; \u00abAPRESURAR\u00bb al Congreso del Estado para nombrar como titular de la Fiscal\u00eda del Estado a Ver\u00f3nica Hern\u00e1ndez Gadians&#8230; La respuesta es sencilla: La Suprema Corte de [&hellip;]","og_url":"https:\/\/lospoliticosveracruz.com\/?p=55377","og_site_name":"Los pol\u00edticos Veracruz","article_publisher":"https:\/\/www.facebook.com\/people\/Notimemes-de-los-Polticos\/61565672886568\/","article_published_time":"2020-05-23T15:22:14+00:00","og_image":[{"width":200,"height":200,"url":"https:\/\/lospoliticosveracruz.com\/wp-content\/uploads\/2016\/07\/Logo-Dor.jpg","type":"image\/jpeg"}],"author":"Lo viste en Los Pol\u00edticos","twitter_card":"summary_large_image","twitter_creator":"@LosPoliticosVer","twitter_site":"@LosPoliticosVer","twitter_misc":{"Escrito por":"Lo viste en Los Pol\u00edticos","Tiempo de lectura":"5 minutos"},"schema":{"@context":"https:\/\/schema.org","@graph":[{"@type":"Article","@id":"https:\/\/lospoliticosveracruz.com\/?p=55377#article","isPartOf":{"@id":"https:\/\/lospoliticosveracruz.com\/?p=55377"},"author":{"name":"Lo viste en Los Pol\u00edticos","@id":"https:\/\/lospoliticosveracruz.com\/#\/schema\/person\/b8702bb0e538456e6efd07080bf2a4a2"},"headline":"El amparo de Winckler","datePublished":"2020-05-23T15:22:14+00:00","mainEntityOfPage":{"@id":"https:\/\/lospoliticosveracruz.com\/?p=55377"},"wordCount":1063,"commentCount":0,"publisher":{"@id":"https:\/\/lospoliticosveracruz.com\/#organization"},"keywords":["Congreso del Estado","coronavirus","Cuitl\u00e1huac Garc\u00eda","Eric Cisneros","Fiscal\u00eda del Estado","Jorge Winckler","Juicio de Amparo","pandemia","Ricardo Ch\u00faa","Suprema Corte de Justicia de la Naci\u00f3n","Ver\u00f3nica Hern\u00e1ndez Giad\u00e1ns"],"articleSection":["De Opini\u00f3n"],"inLanguage":"es","potentialAction":[{"@type":"CommentAction","name":"Comment","target":["https:\/\/lospoliticosveracruz.com\/?p=55377#respond"]}]},{"@type":"WebPage","@id":"https:\/\/lospoliticosveracruz.com\/?p=55377","url":"https:\/\/lospoliticosveracruz.com\/?p=55377","name":"El amparo de Winckler - Los pol\u00edticos Veracruz","isPartOf":{"@id":"https:\/\/lospoliticosveracruz.com\/#website"},"datePublished":"2020-05-23T15:22:14+00:00","breadcrumb":{"@id":"https:\/\/lospoliticosveracruz.com\/?p=55377#breadcrumb"},"inLanguage":"es","potentialAction":[{"@type":"ReadAction","target":["https:\/\/lospoliticosveracruz.com\/?p=55377"]}]},{"@type":"BreadcrumbList","@id":"https:\/\/lospoliticosveracruz.com\/?p=55377#breadcrumb","itemListElement":[{"@type":"ListItem","position":1,"name":"Portada","item":"https:\/\/lospoliticosveracruz.com\/"},{"@type":"ListItem","position":2,"name":"El amparo de Winckler"}]},{"@type":"WebSite","@id":"https:\/\/lospoliticosveracruz.com\/#website","url":"https:\/\/lospoliticosveracruz.com\/","name":"Los pol\u00edticos Veracruz","description":"","publisher":{"@id":"https:\/\/lospoliticosveracruz.com\/#organization"},"potentialAction":[{"@type":"SearchAction","target":{"@type":"EntryPoint","urlTemplate":"https:\/\/lospoliticosveracruz.com\/?s={search_term_string}"},"query-input":{"@type":"PropertyValueSpecification","valueRequired":true,"valueName":"search_term_string"}}],"inLanguage":"es"},{"@type":"Organization","@id":"https:\/\/lospoliticosveracruz.com\/#organization","name":"Los pol\u00edticos Veracruz","url":"https:\/\/lospoliticosveracruz.com\/","logo":{"@type":"ImageObject","inLanguage":"es","@id":"https:\/\/lospoliticosveracruz.com\/#\/schema\/logo\/image\/","url":"https:\/\/lospoliticosveracruz.com\/wp-content\/uploads\/2025\/12\/Logo-Nuevo-LOS-POLITICOS-1.jpg","contentUrl":"https:\/\/lospoliticosveracruz.com\/wp-content\/uploads\/2025\/12\/Logo-Nuevo-LOS-POLITICOS-1.jpg","width":260,"height":70,"caption":"Los pol\u00edticos Veracruz"},"image":{"@id":"https:\/\/lospoliticosveracruz.com\/#\/schema\/logo\/image\/"},"sameAs":["https:\/\/www.facebook.com\/people\/Notimemes-de-los-Polticos\/61565672886568\/","https:\/\/x.com\/LosPoliticosVer"]},{"@type":"Person","@id":"https:\/\/lospoliticosveracruz.com\/#\/schema\/person\/b8702bb0e538456e6efd07080bf2a4a2","name":"Lo viste en Los Pol\u00edticos","image":{"@type":"ImageObject","inLanguage":"es","@id":"https:\/\/secure.gravatar.com\/avatar\/3a8de04a2656d44082be478bd6c086daa447c4651605818287b9532d3d0bd435?s=96&d=mm&r=g","url":"https:\/\/secure.gravatar.com\/avatar\/3a8de04a2656d44082be478bd6c086daa447c4651605818287b9532d3d0bd435?s=96&d=mm&r=g","contentUrl":"https:\/\/secure.gravatar.com\/avatar\/3a8de04a2656d44082be478bd6c086daa447c4651605818287b9532d3d0bd435?s=96&d=mm&r=g","caption":"Lo viste en Los Pol\u00edticos"},"url":"https:\/\/lospoliticosveracruz.com\/?author=2"}]}},"_links":{"self":[{"href":"https:\/\/lospoliticosveracruz.com\/index.php?rest_route=\/wp\/v2\/posts\/55377","targetHints":{"allow":["GET"]}}],"collection":[{"href":"https:\/\/lospoliticosveracruz.com\/index.php?rest_route=\/wp\/v2\/posts"}],"about":[{"href":"https:\/\/lospoliticosveracruz.com\/index.php?rest_route=\/wp\/v2\/types\/post"}],"author":[{"embeddable":true,"href":"https:\/\/lospoliticosveracruz.com\/index.php?rest_route=\/wp\/v2\/users\/2"}],"replies":[{"embeddable":true,"href":"https:\/\/lospoliticosveracruz.com\/index.php?rest_route=%2Fwp%2Fv2%2Fcomments&post=55377"}],"version-history":[{"count":1,"href":"https:\/\/lospoliticosveracruz.com\/index.php?rest_route=\/wp\/v2\/posts\/55377\/revisions"}],"predecessor-version":[{"id":55378,"href":"https:\/\/lospoliticosveracruz.com\/index.php?rest_route=\/wp\/v2\/posts\/55377\/revisions\/55378"}],"wp:attachment":[{"href":"https:\/\/lospoliticosveracruz.com\/index.php?rest_route=%2Fwp%2Fv2%2Fmedia&parent=55377"}],"wp:term":[{"taxonomy":"category","embeddable":true,"href":"https:\/\/lospoliticosveracruz.com\/index.php?rest_route=%2Fwp%2Fv2%2Fcategories&post=55377"},{"taxonomy":"post_tag","embeddable":true,"href":"https:\/\/lospoliticosveracruz.com\/index.php?rest_route=%2Fwp%2Fv2%2Ftags&post=55377"}],"curies":[{"name":"wp","href":"https:\/\/api.w.org\/{rel}","templated":true}]}}