{"id":55391,"date":"2020-05-24T15:53:10","date_gmt":"2020-05-24T20:53:10","guid":{"rendered":"http:\/\/www.lospoliticosveracruz.com.mx\/?p=55391"},"modified":"2020-05-24T15:55:48","modified_gmt":"2020-05-24T20:55:48","slug":"morena-saca-las-unas","status":"publish","type":"post","link":"https:\/\/lospoliticosveracruz.com\/?p=55391","title":{"rendered":"Morena\u00a0\u201csaca las u\u00f1as\u201d"},"content":{"rendered":"<p><strong>Eduardo Venegas Naranjo <\/strong><\/p>\n<p><em>Aqu\u00ed Entre Nos&#8230;<\/em><br \/>\nVaya forma de gobernar de Morena&#8230;\u00a0el Presidente de la Junta de Coordinaci\u00f3n Pol\u00edtica, Juan Javier G\u00f3mez Cazar\u00edn, dijo en redes sociales, que reconoc\u00eda a los 62 Cabildos que se han \u201csumado\u201d hasta hace unos d\u00edas a respaldar la Reforma Electoral.<br \/>\nEso es mentira, los alcaldes que han respaldo esta \u201creforma\u201d lo hacen bajo presi\u00f3n, los enga\u00f1an, minti\u00e9ndoles que les dar\u00e1n 10 millones de pesos en obras para sus municipios.<br \/>\nMORENA criticaba las pr\u00e1cticas del PRI y el PAN, resultaron peor, la \u201c4T\u201d es parte de m\u00e1s de lo mismo, del abuso de autoridad, tr\u00e1fico de influencias.<br \/>\nEl diputado local, G\u00f3mez Cazarin, dijo en sus redes sociales que esto no es un capricho de \u00e9l, ni de MORENA , que es por el bien del pueblo veracruzano, cuando la realidad est\u00e1 Reforma es para tener el control en materia electoral en el estado y maniatados a los partidos de oposici\u00f3n.<br \/>\nLos presidentes municipales que han respaldo esta Reforma, la mayor\u00eda no pertenecen a Morena; y no les queda de otra, tienen que hacerlo para quedar bien con el Secretario de Gobierno, Eric Patrocinio Cisneros Burgos, responsable de la pol\u00edtica interna del estado y con el Gobernador, Cuitl\u00e1huac Garc\u00eda Jim\u00e9nez, que no sabe dar resultados, y mantiene a Veracruz hundido en altos \u00edndices de seguridad y un caos por el desabasto de medicamentos en los hospitales p\u00fablicos, as\u00ed como mantener al estado en los primeros lugares a nivel nacional de dengue.<br \/>\nEsta Reforma prentende dejar sin recursos a los partidos pol\u00edticos, pues habr\u00e1 una reducci\u00f3n del 50 por ciento en las prerrogativas, se disminuir\u00e1 significativamente el gasto p\u00fablico en los procesos electorales venideros, con esto MORENA podr\u00e1 tener el control en las elecciones.<br \/>\nCorresponder\u00e1 al 50 por ciento m\u00e1s uno de los 211 Cabildos veracruzanos y del Concejo Municipal de Mixtla de Altamirano, aprobar o, en su caso rechazar, la llamada Reforma Electoral de Veracruz, donde entre otras cosas se contempla la reducci\u00f3n a tres a\u00f1os los periodos de los gobiernos municipales, a fin de disminuir el gasto electoral extraordinario que representaba mantener ciclos municipales de cuatro a\u00f1os.<br \/>\nMorena, olvida lo desacreditado que est\u00e1 el Gobierno Federal y los funcionarios que en pocos meses de ejercicio p\u00fablico han \u201csacado las u\u00f1as\u201d yendo en contra de lo que tanto pregonaba en campa\u00f1a Andres Manuel L\u00f3pez Obrador, austeridad y honradez.<\/p>\n","protected":false},"excerpt":{"rendered":"<p>Eduardo Venegas Naranjo Aqu\u00ed Entre Nos&#8230; Vaya forma de gobernar de Morena&#8230;\u00a0el Presidente de la Junta de Coordinaci\u00f3n Pol\u00edtica, Juan Javier G\u00f3mez Cazar\u00edn, dijo en redes sociales, que reconoc\u00eda a los 62 Cabildos que se han \u201csumado\u201d hasta hace unos d\u00edas a respaldar la Reforma Electoral. Eso es mentira, los alcaldes que han respaldo esta [&hellip;]<\/p>\n","protected":false},"author":2,"featured_media":0,"comment_status":"open","ping_status":"open","sticky":false,"template":"","format":"standard","meta":{"tdm_status":"","tdm_grid_status":"","footnotes":""},"categories":[70],"tags":[618,18060,1563,451,12695,9444,5838,1026,266,251,195],"class_list":{"0":"post-55391","1":"post","2":"type-post","3":"status-publish","4":"format-standard","6":"category-de-opinion","7":"tag-andres-manuel-lopez-obrador","8":"tag-concejo-municipal","9":"tag-cuitlahuac-garcia-jimenez","10":"tag-gobernador","11":"tag-juan-javier-gomez-cazarin","12":"tag-junta-de-coordinacion-politica","13":"tag-mixtla-de-altamirano","14":"tag-morena","15":"tag-pan","16":"tag-pri","17":"tag-veracruz"},"yoast_head":"<!-- This site is optimized with the Yoast SEO plugin v27.4 - https:\/\/yoast.com\/product\/yoast-seo-wordpress\/ -->\n<title>Morena\u00a0\u201csaca las u\u00f1as\u201d - Los pol\u00edticos Veracruz<\/title>\n<meta name=\"robots\" content=\"index, follow, max-snippet:-1, max-image-preview:large, max-video-preview:-1\" \/>\n<link rel=\"canonical\" href=\"https:\/\/lospoliticosveracruz.com\/?p=55391\" \/>\n<meta property=\"og:locale\" content=\"es_ES\" \/>\n<meta property=\"og:type\" content=\"article\" \/>\n<meta property=\"og:title\" content=\"Morena\u00a0\u201csaca las u\u00f1as\u201d - Los pol\u00edticos Veracruz\" \/>\n<meta property=\"og:description\" content=\"Eduardo Venegas Naranjo Aqu\u00ed Entre Nos&#8230; Vaya forma de gobernar de Morena&#8230;\u00a0el Presidente de la Junta de Coordinaci\u00f3n Pol\u00edtica, Juan Javier G\u00f3mez Cazar\u00edn, dijo en redes sociales, que reconoc\u00eda a los 62 Cabildos que se han \u201csumado\u201d hasta hace unos d\u00edas a respaldar la Reforma Electoral. Eso es mentira, los alcaldes que han respaldo esta [&hellip;]\" \/>\n<meta property=\"og:url\" content=\"https:\/\/lospoliticosveracruz.com\/?p=55391\" \/>\n<meta property=\"og:site_name\" content=\"Los pol\u00edticos Veracruz\" \/>\n<meta property=\"article:publisher\" content=\"https:\/\/www.facebook.com\/people\/Notimemes-de-los-Polticos\/61565672886568\/\" \/>\n<meta property=\"article:published_time\" content=\"2020-05-24T20:53:10+00:00\" \/>\n<meta property=\"article:modified_time\" content=\"2020-05-24T20:55:48+00:00\" \/>\n<meta property=\"og:image\" content=\"https:\/\/lospoliticosveracruz.com\/wp-content\/uploads\/2016\/07\/Logo-Dor.jpg\" \/>\n\t<meta property=\"og:image:width\" content=\"200\" \/>\n\t<meta property=\"og:image:height\" content=\"200\" \/>\n\t<meta property=\"og:image:type\" content=\"image\/jpeg\" \/>\n<meta name=\"author\" content=\"Lo viste en Los Pol\u00edticos\" \/>\n<meta name=\"twitter:card\" content=\"summary_large_image\" \/>\n<meta name=\"twitter:creator\" content=\"@LosPoliticosVer\" \/>\n<meta name=\"twitter:site\" content=\"@LosPoliticosVer\" \/>\n<meta name=\"twitter:label1\" content=\"Escrito por\" \/>\n\t<meta name=\"twitter:data1\" content=\"Lo viste en Los Pol\u00edticos\" \/>\n\t<meta name=\"twitter:label2\" content=\"Tiempo de lectura\" \/>\n\t<meta name=\"twitter:data2\" content=\"2 minutos\" \/>\n<script type=\"application\/ld+json\" class=\"yoast-schema-graph\">{\"@context\":\"https:\\\/\\\/schema.org\",\"@graph\":[{\"@type\":\"Article\",\"@id\":\"https:\\\/\\\/lospoliticosveracruz.com\\\/?p=55391#article\",\"isPartOf\":{\"@id\":\"https:\\\/\\\/lospoliticosveracruz.com\\\/?p=55391\"},\"author\":{\"name\":\"Lo viste en Los Pol\u00edticos\",\"@id\":\"https:\\\/\\\/lospoliticosveracruz.com\\\/#\\\/schema\\\/person\\\/b8702bb0e538456e6efd07080bf2a4a2\"},\"headline\":\"Morena\u00a0\u201csaca las u\u00f1as\u201d\",\"datePublished\":\"2020-05-24T20:53:10+00:00\",\"dateModified\":\"2020-05-24T20:55:48+00:00\",\"mainEntityOfPage\":{\"@id\":\"https:\\\/\\\/lospoliticosveracruz.com\\\/?p=55391\"},\"wordCount\":424,\"commentCount\":0,\"publisher\":{\"@id\":\"https:\\\/\\\/lospoliticosveracruz.com\\\/#organization\"},\"keywords\":[\"Andr\u00e9s Manuel L\u00f3pez Obrador\",\"Concejo Municipal\",\"Cuitl\u00e1huac Garc\u00eda Jim\u00e9nez\",\"gobernador\",\"Juan Javier G\u00f3mez Cazar\u00edn\",\"Junta de Coordinaci\u00f3n Pol\u00edtica\",\"Mixtla de Altamirano\",\"Morena\",\"PAN\",\"PRI\",\"Veracruz\"],\"articleSection\":[\"De Opini\u00f3n\"],\"inLanguage\":\"es\",\"potentialAction\":[{\"@type\":\"CommentAction\",\"name\":\"Comment\",\"target\":[\"https:\\\/\\\/lospoliticosveracruz.com\\\/?p=55391#respond\"]}]},{\"@type\":\"WebPage\",\"@id\":\"https:\\\/\\\/lospoliticosveracruz.com\\\/?p=55391\",\"url\":\"https:\\\/\\\/lospoliticosveracruz.com\\\/?p=55391\",\"name\":\"Morena\u00a0\u201csaca las u\u00f1as\u201d - Los pol\u00edticos Veracruz\",\"isPartOf\":{\"@id\":\"https:\\\/\\\/lospoliticosveracruz.com\\\/#website\"},\"datePublished\":\"2020-05-24T20:53:10+00:00\",\"dateModified\":\"2020-05-24T20:55:48+00:00\",\"breadcrumb\":{\"@id\":\"https:\\\/\\\/lospoliticosveracruz.com\\\/?p=55391#breadcrumb\"},\"inLanguage\":\"es\",\"potentialAction\":[{\"@type\":\"ReadAction\",\"target\":[\"https:\\\/\\\/lospoliticosveracruz.com\\\/?p=55391\"]}]},{\"@type\":\"BreadcrumbList\",\"@id\":\"https:\\\/\\\/lospoliticosveracruz.com\\\/?p=55391#breadcrumb\",\"itemListElement\":[{\"@type\":\"ListItem\",\"position\":1,\"name\":\"Portada\",\"item\":\"https:\\\/\\\/lospoliticosveracruz.com\\\/\"},{\"@type\":\"ListItem\",\"position\":2,\"name\":\"Morena\u00a0\u201csaca las u\u00f1as\u201d\"}]},{\"@type\":\"WebSite\",\"@id\":\"https:\\\/\\\/lospoliticosveracruz.com\\\/#website\",\"url\":\"https:\\\/\\\/lospoliticosveracruz.com\\\/\",\"name\":\"Los pol\u00edticos Veracruz\",\"description\":\"\",\"publisher\":{\"@id\":\"https:\\\/\\\/lospoliticosveracruz.com\\\/#organization\"},\"potentialAction\":[{\"@type\":\"SearchAction\",\"target\":{\"@type\":\"EntryPoint\",\"urlTemplate\":\"https:\\\/\\\/lospoliticosveracruz.com\\\/?s={search_term_string}\"},\"query-input\":{\"@type\":\"PropertyValueSpecification\",\"valueRequired\":true,\"valueName\":\"search_term_string\"}}],\"inLanguage\":\"es\"},{\"@type\":\"Organization\",\"@id\":\"https:\\\/\\\/lospoliticosveracruz.com\\\/#organization\",\"name\":\"Los pol\u00edticos Veracruz\",\"url\":\"https:\\\/\\\/lospoliticosveracruz.com\\\/\",\"logo\":{\"@type\":\"ImageObject\",\"inLanguage\":\"es\",\"@id\":\"https:\\\/\\\/lospoliticosveracruz.com\\\/#\\\/schema\\\/logo\\\/image\\\/\",\"url\":\"https:\\\/\\\/lospoliticosveracruz.com\\\/wp-content\\\/uploads\\\/2025\\\/12\\\/Logo-Nuevo-LOS-POLITICOS-1.jpg\",\"contentUrl\":\"https:\\\/\\\/lospoliticosveracruz.com\\\/wp-content\\\/uploads\\\/2025\\\/12\\\/Logo-Nuevo-LOS-POLITICOS-1.jpg\",\"width\":260,\"height\":70,\"caption\":\"Los pol\u00edticos Veracruz\"},\"image\":{\"@id\":\"https:\\\/\\\/lospoliticosveracruz.com\\\/#\\\/schema\\\/logo\\\/image\\\/\"},\"sameAs\":[\"https:\\\/\\\/www.facebook.com\\\/people\\\/Notimemes-de-los-Polticos\\\/61565672886568\\\/\",\"https:\\\/\\\/x.com\\\/LosPoliticosVer\"]},{\"@type\":\"Person\",\"@id\":\"https:\\\/\\\/lospoliticosveracruz.com\\\/#\\\/schema\\\/person\\\/b8702bb0e538456e6efd07080bf2a4a2\",\"name\":\"Lo viste en Los Pol\u00edticos\",\"image\":{\"@type\":\"ImageObject\",\"inLanguage\":\"es\",\"@id\":\"https:\\\/\\\/secure.gravatar.com\\\/avatar\\\/3a8de04a2656d44082be478bd6c086daa447c4651605818287b9532d3d0bd435?s=96&d=mm&r=g\",\"url\":\"https:\\\/\\\/secure.gravatar.com\\\/avatar\\\/3a8de04a2656d44082be478bd6c086daa447c4651605818287b9532d3d0bd435?s=96&d=mm&r=g\",\"contentUrl\":\"https:\\\/\\\/secure.gravatar.com\\\/avatar\\\/3a8de04a2656d44082be478bd6c086daa447c4651605818287b9532d3d0bd435?s=96&d=mm&r=g\",\"caption\":\"Lo viste en Los Pol\u00edticos\"},\"url\":\"https:\\\/\\\/lospoliticosveracruz.com\\\/?author=2\"}]}<\/script>\n<!-- \/ Yoast SEO plugin. -->","yoast_head_json":{"title":"Morena\u00a0\u201csaca las u\u00f1as\u201d - Los pol\u00edticos Veracruz","robots":{"index":"index","follow":"follow","max-snippet":"max-snippet:-1","max-image-preview":"max-image-preview:large","max-video-preview":"max-video-preview:-1"},"canonical":"https:\/\/lospoliticosveracruz.com\/?p=55391","og_locale":"es_ES","og_type":"article","og_title":"Morena\u00a0\u201csaca las u\u00f1as\u201d - Los pol\u00edticos Veracruz","og_description":"Eduardo Venegas Naranjo Aqu\u00ed Entre Nos&#8230; Vaya forma de gobernar de Morena&#8230;\u00a0el Presidente de la Junta de Coordinaci\u00f3n Pol\u00edtica, Juan Javier G\u00f3mez Cazar\u00edn, dijo en redes sociales, que reconoc\u00eda a los 62 Cabildos que se han \u201csumado\u201d hasta hace unos d\u00edas a respaldar la Reforma Electoral. Eso es mentira, los alcaldes que han respaldo esta [&hellip;]","og_url":"https:\/\/lospoliticosveracruz.com\/?p=55391","og_site_name":"Los pol\u00edticos Veracruz","article_publisher":"https:\/\/www.facebook.com\/people\/Notimemes-de-los-Polticos\/61565672886568\/","article_published_time":"2020-05-24T20:53:10+00:00","article_modified_time":"2020-05-24T20:55:48+00:00","og_image":[{"width":200,"height":200,"url":"https:\/\/lospoliticosveracruz.com\/wp-content\/uploads\/2016\/07\/Logo-Dor.jpg","type":"image\/jpeg"}],"author":"Lo viste en Los Pol\u00edticos","twitter_card":"summary_large_image","twitter_creator":"@LosPoliticosVer","twitter_site":"@LosPoliticosVer","twitter_misc":{"Escrito por":"Lo viste en Los Pol\u00edticos","Tiempo de lectura":"2 minutos"},"schema":{"@context":"https:\/\/schema.org","@graph":[{"@type":"Article","@id":"https:\/\/lospoliticosveracruz.com\/?p=55391#article","isPartOf":{"@id":"https:\/\/lospoliticosveracruz.com\/?p=55391"},"author":{"name":"Lo viste en Los Pol\u00edticos","@id":"https:\/\/lospoliticosveracruz.com\/#\/schema\/person\/b8702bb0e538456e6efd07080bf2a4a2"},"headline":"Morena\u00a0\u201csaca las u\u00f1as\u201d","datePublished":"2020-05-24T20:53:10+00:00","dateModified":"2020-05-24T20:55:48+00:00","mainEntityOfPage":{"@id":"https:\/\/lospoliticosveracruz.com\/?p=55391"},"wordCount":424,"commentCount":0,"publisher":{"@id":"https:\/\/lospoliticosveracruz.com\/#organization"},"keywords":["Andr\u00e9s Manuel L\u00f3pez Obrador","Concejo Municipal","Cuitl\u00e1huac Garc\u00eda Jim\u00e9nez","gobernador","Juan Javier G\u00f3mez Cazar\u00edn","Junta de Coordinaci\u00f3n Pol\u00edtica","Mixtla de Altamirano","Morena","PAN","PRI","Veracruz"],"articleSection":["De Opini\u00f3n"],"inLanguage":"es","potentialAction":[{"@type":"CommentAction","name":"Comment","target":["https:\/\/lospoliticosveracruz.com\/?p=55391#respond"]}]},{"@type":"WebPage","@id":"https:\/\/lospoliticosveracruz.com\/?p=55391","url":"https:\/\/lospoliticosveracruz.com\/?p=55391","name":"Morena\u00a0\u201csaca las u\u00f1as\u201d - Los pol\u00edticos Veracruz","isPartOf":{"@id":"https:\/\/lospoliticosveracruz.com\/#website"},"datePublished":"2020-05-24T20:53:10+00:00","dateModified":"2020-05-24T20:55:48+00:00","breadcrumb":{"@id":"https:\/\/lospoliticosveracruz.com\/?p=55391#breadcrumb"},"inLanguage":"es","potentialAction":[{"@type":"ReadAction","target":["https:\/\/lospoliticosveracruz.com\/?p=55391"]}]},{"@type":"BreadcrumbList","@id":"https:\/\/lospoliticosveracruz.com\/?p=55391#breadcrumb","itemListElement":[{"@type":"ListItem","position":1,"name":"Portada","item":"https:\/\/lospoliticosveracruz.com\/"},{"@type":"ListItem","position":2,"name":"Morena\u00a0\u201csaca las u\u00f1as\u201d"}]},{"@type":"WebSite","@id":"https:\/\/lospoliticosveracruz.com\/#website","url":"https:\/\/lospoliticosveracruz.com\/","name":"Los pol\u00edticos Veracruz","description":"","publisher":{"@id":"https:\/\/lospoliticosveracruz.com\/#organization"},"potentialAction":[{"@type":"SearchAction","target":{"@type":"EntryPoint","urlTemplate":"https:\/\/lospoliticosveracruz.com\/?s={search_term_string}"},"query-input":{"@type":"PropertyValueSpecification","valueRequired":true,"valueName":"search_term_string"}}],"inLanguage":"es"},{"@type":"Organization","@id":"https:\/\/lospoliticosveracruz.com\/#organization","name":"Los pol\u00edticos Veracruz","url":"https:\/\/lospoliticosveracruz.com\/","logo":{"@type":"ImageObject","inLanguage":"es","@id":"https:\/\/lospoliticosveracruz.com\/#\/schema\/logo\/image\/","url":"https:\/\/lospoliticosveracruz.com\/wp-content\/uploads\/2025\/12\/Logo-Nuevo-LOS-POLITICOS-1.jpg","contentUrl":"https:\/\/lospoliticosveracruz.com\/wp-content\/uploads\/2025\/12\/Logo-Nuevo-LOS-POLITICOS-1.jpg","width":260,"height":70,"caption":"Los pol\u00edticos Veracruz"},"image":{"@id":"https:\/\/lospoliticosveracruz.com\/#\/schema\/logo\/image\/"},"sameAs":["https:\/\/www.facebook.com\/people\/Notimemes-de-los-Polticos\/61565672886568\/","https:\/\/x.com\/LosPoliticosVer"]},{"@type":"Person","@id":"https:\/\/lospoliticosveracruz.com\/#\/schema\/person\/b8702bb0e538456e6efd07080bf2a4a2","name":"Lo viste en Los Pol\u00edticos","image":{"@type":"ImageObject","inLanguage":"es","@id":"https:\/\/secure.gravatar.com\/avatar\/3a8de04a2656d44082be478bd6c086daa447c4651605818287b9532d3d0bd435?s=96&d=mm&r=g","url":"https:\/\/secure.gravatar.com\/avatar\/3a8de04a2656d44082be478bd6c086daa447c4651605818287b9532d3d0bd435?s=96&d=mm&r=g","contentUrl":"https:\/\/secure.gravatar.com\/avatar\/3a8de04a2656d44082be478bd6c086daa447c4651605818287b9532d3d0bd435?s=96&d=mm&r=g","caption":"Lo viste en Los Pol\u00edticos"},"url":"https:\/\/lospoliticosveracruz.com\/?author=2"}]}},"_links":{"self":[{"href":"https:\/\/lospoliticosveracruz.com\/index.php?rest_route=\/wp\/v2\/posts\/55391","targetHints":{"allow":["GET"]}}],"collection":[{"href":"https:\/\/lospoliticosveracruz.com\/index.php?rest_route=\/wp\/v2\/posts"}],"about":[{"href":"https:\/\/lospoliticosveracruz.com\/index.php?rest_route=\/wp\/v2\/types\/post"}],"author":[{"embeddable":true,"href":"https:\/\/lospoliticosveracruz.com\/index.php?rest_route=\/wp\/v2\/users\/2"}],"replies":[{"embeddable":true,"href":"https:\/\/lospoliticosveracruz.com\/index.php?rest_route=%2Fwp%2Fv2%2Fcomments&post=55391"}],"version-history":[{"count":2,"href":"https:\/\/lospoliticosveracruz.com\/index.php?rest_route=\/wp\/v2\/posts\/55391\/revisions"}],"predecessor-version":[{"id":55393,"href":"https:\/\/lospoliticosveracruz.com\/index.php?rest_route=\/wp\/v2\/posts\/55391\/revisions\/55393"}],"wp:attachment":[{"href":"https:\/\/lospoliticosveracruz.com\/index.php?rest_route=%2Fwp%2Fv2%2Fmedia&parent=55391"}],"wp:term":[{"taxonomy":"category","embeddable":true,"href":"https:\/\/lospoliticosveracruz.com\/index.php?rest_route=%2Fwp%2Fv2%2Fcategories&post=55391"},{"taxonomy":"post_tag","embeddable":true,"href":"https:\/\/lospoliticosveracruz.com\/index.php?rest_route=%2Fwp%2Fv2%2Ftags&post=55391"}],"curies":[{"name":"wp","href":"https:\/\/api.w.org\/{rel}","templated":true}]}}