{"id":55411,"date":"2020-05-25T12:09:20","date_gmt":"2020-05-25T17:09:20","guid":{"rendered":"http:\/\/www.lospoliticosveracruz.com.mx\/?p=55411"},"modified":"2020-05-25T12:09:20","modified_gmt":"2020-05-25T17:09:20","slug":"las-muertes-epidemiologicas-en-veracruz","status":"publish","type":"post","link":"https:\/\/lospoliticosveracruz.com\/?p=55411","title":{"rendered":"Las muertes epidemiol\u00f3gicas en\u00a0Veracruz"},"content":{"rendered":"<p><strong>Jorge V\u00e1zquez Sangabriel<\/strong><br \/>\n<em>Palimpsesto<\/em><\/p>\n<p>La indignante presencia de personal m\u00e9dico cubano, es un insulto ominoso para todo el personal m\u00e9dico y del sistema\u00a0 de salud \u00a0y para el pueblo de M\u00e9xico, porque Cuba no ha desarrollado la suficiente estructura cient\u00edfica ni el recurso humano con capacidades y conocimientos que les permitan responder ante eventos humanos emergentes que colocan en riesgo la salud p\u00fablica mundial. El cambio de gobierno que se dio en Cuba a partir de 1959, cuando Fidel Alejandro Castro Ruz, Camilo Cienfuegos, Ernesto Guevara, entre otros correligionarios, en la Revoluci\u00f3n cubana triunfan contra la dictadura de Fulgencio Batista Zald\u00edvar. Como era natural, en contraparte ante la desatenci\u00f3n social que el dictador derrocado hab\u00eda provocado, sumiendo en una profunda y miserable pobreza al pueblo cubano, lo poco que se hiciera, era en su momento mucho, y as\u00ed alcanzaron a \u201cevolucionar\u201d \u00a0en la ense\u00f1anza, en la salud, en la atenci\u00f3n primaria, entre otros rubros, con la intervenci\u00f3n del sistema pol\u00edtico ruso, quienes les miraban como la oportunidad geogr\u00e1fica para mantener en posici\u00f3n de cerco al sistema avasallante estadounidense; pero, no dio para m\u00e1s, Rusia restringi\u00f3 a el sistema cubano, y as\u00ed conven\u00eda a ambos, l\u00edderes revolucionarios y al sistema ruso, para que permanecieran con cierta mejor\u00eda, pero nunca como una potencia, para continuar abasteci\u00e9ndoles de control pol\u00edtico. He ah\u00ed que las condiciones en Cuba no son satisfactorias, por eso su pueblo huye de tan deplorable condici\u00f3n.<\/p>\n<p>Loa m\u00e9dicos cubanos son parlanchines porque los precarios conocimientos que poseen, son su universo mental, alienados por un sistema pol\u00edtico deteriorado<em> castrot\u00f3fico<\/em> para los habitantes de Cuba. Al pueblo cubano, se le tiene afecto, pero sobre todo compasi\u00f3n, por el estado de marginaci\u00f3n en que viven; sometidos con una propaganda y discurso errante, equivocado, de que han alcanzado avances significativos, esa, es la doctrina, el adoctrinamiento, de la otra dictadura; discursos que carecen de veracidad. La presencia del personal cubano denota la intenci\u00f3n condolente del gobierno de la 4T hacia el pueblo de M\u00e9xico, discriminaci\u00f3n y estigmatizaci\u00f3n a la capacidad del personal m\u00e9dico de este pa\u00eds, en un insulto procaz para lastimarlos m\u00e1s de lo que se ha hecho y dicho, sin otorgar con suficiencia la indumentaria de protecci\u00f3n que tanto se necesita, con un sistema de vigilancia epidemiol\u00f3gica absurdo, que se dedica a anunciar sin pudor, cu\u00e1ntos muertos hay d\u00eda a d\u00eda, cuantos graves, cu\u00e1ntos contaminados,\u00a0 sin atender lo fundamental, las acciones epidemiol\u00f3gicas de campo; esto, por no utilizar los recursos econ\u00f3micos para salvaguardar la salud y preservar la vida, dejando en su incapacidad, la supuesta informaci\u00f3n a trav\u00e9s de las redes sociales, cuando es bien sabido que en nuestro pa\u00eds, se encuentra en ello, muy por debajo de los est\u00e1ndares m\u00ednimos requeridos; el acceso al internet en M\u00e9xico, es precario, catastr\u00f3fico.<\/p>\n<p>En las fotograf\u00edas del arribo de este personal cubano al aeropuerto del Puerto de Veracruz, denotan en su aspecto f\u00edsico, sobrepeso, y en su vestimenta, la pobreza en todos los sentidos, pobreza que les embarga, que les lacera, se les observa atemorizados, con la intenci\u00f3n de huir, de un sistema pol\u00edtico que les somete. El ej\u00e9rcito les escolta, porque seguramente ese es el acuerdo con el gobierno cubano, los escoltan para que no huyan, para que no pidan, como ha sucedido otras tantas veces, asilo pol\u00edtico, y evidencien a\u00fan m\u00e1s su estatus de la miseria que padece el pueblo hermano de Cuba.<\/p>\n<p>En espect\u00e1culo televisivo se anuncia las muertes provocadas por el SARS CoV-2 en Veracruz, a la sombra del anochecer, en la penumbra, en donde \u00a0t\u00e9tricos personajes aparecen en escena, con protag\u00f3nicas cifras estad\u00edsticas insultantes.<\/p>\n<p>Pero, nada de atender los requerimientos de insumos urgentes que clama el personal de los Servicios m\u00e9dico, que ha falta de ello contin\u00faan exponiendo su salud y la vida, de ellos y de sus familias, nada de gestionar las vestimentas adecuadas con suficiencia de acuerdo a los protocolos epidemiol\u00f3gicos, no, eso no, que se sigan\u00a0sometiendo y explotando laboralmente, hasta la saciedad, que se les insulte, que se les falte el respeto, como sucede en los Centros de Salud, y la red hospitalaria, mucho menos, gestionar como cabeza de sector que se es, para los trabajadores de las cl\u00ednicas y hospitales del IMSS, del Issste, y dem\u00e1s instituciones, no, nada de dotar de protecci\u00f3n epidemiol\u00f3gica para el personal que atiende la emergencia sanitaria.<\/p>\n<p>El principio fundamental de la atenci\u00f3n primaria de la salud y la epidemiolog\u00eda, es la prevenci\u00f3n, la informaci\u00f3n- derecho inalienable- para salvaguardar la salud individual y de la sociedad, la salud p\u00fablica, en \u00e9ste pa\u00eds no es atendida; no se otorgan los insumos necesarios y suficientes a las brigadas de promoci\u00f3n de la salud, no se facilitan los veh\u00edculos, gasolina, equipos de protecci\u00f3n y de sonido para que se realice perifoneo en las comunidades, en las congregaciones, en las colonias, en las calles en donde se dan hacinamientos de personas para abordar el transporte, entre muchas otras acciones comunitarias de prevenci\u00f3n.<\/p>\n<p>La pomposa inteligencia epidemiol\u00f3gica no sirve, no funciona, la poblaci\u00f3n de Veracruz contin\u00faa y est\u00e1 en riesgo permanente, ante un Estado y su sector y dem\u00e1s instituciones, que no atienden, porque no se entiende, ni se entienden; mientras el dengue prevalece en la entidad y ocupa el primer lugar nacional, la tuberculosis contin\u00faa en ascenso, los padecimientos metab\u00f3licos incontrolables, porque no existe una promoci\u00f3n coordinada entre las instituciones para la salud. Mientras, los directivos partidistas se encuentran ocupados y preocupados en atender los futuros procesos electorales, buscando posiciones, acomodos, no les interesa ni defienden las necesidades del personal de salud para proteger a la poblaci\u00f3n, mucho menos al pueblo.<\/p>\n<p>En Espa\u00f1a el partido pol\u00edtico Vox, llena las calles de las principales ciudades con caravanas de coches y miles de ciudadanos que han salido a exigir la destituci\u00f3n del gobierno, al que han llamado \u201ccriminal\u201d, del presidente Pedro S\u00e1nchez: \u201cEsta es la movilizaci\u00f3n de la libertad y del derecho que tenemos a poder expresarnos sobre un Gobierno que consideramos criminal y nos ha mentido\u201d.<\/p>\n<p>&nbsp;<\/p>\n<p><strong>Sint\u00e1cticas<\/strong><\/p>\n<p>Los espectros de la muerte en\u00a0 M\u00e9xico y Veracruz, aparecen en la televisi\u00f3n para regocijarse qui\u00e9n o qui\u00e9nes son los siguientes\u2026Como en la historia de B. Traven, <em>Macario<\/em>, en donde la muerte aparece en la cabecera\u2026 \u00e9stos aparecen en TV.<\/p>\n<p>El sacrist\u00e1n Gatell, el de la iglesia de AMLO, quema incienso televisivo para mantenerse en el sagrario.<\/p>\n<p>China ya casi tiene la vacuna\u2026 pero, es china.<\/p>\n<p>El miedo se induce en la formaci\u00f3n desde la infancia, y se queda arraigado en el registro del pensamiento de los seres humanos\u2026y ello les define en la vida.<\/p>\n<p>Las capacidades aprendidas durante la infancia son las precursoras de lo que ser\u00e1 esa persona.<\/p>\n<p>Dif\u00edcil modificar las conductas cuando se han vuelto una costumbre.<\/p>\n<p>&nbsp;<\/p>\n<p>Johannes Brahms. Sinfon\u00eda N\u00b0 2, en re mayor, op. 73. Orquesta Sinf\u00f3nica de Galicia:<\/p>\n<p><a href=\"https:\/\/www.youtube.com\/watch?v=RzMzVNXb1BA\" target=\"_blank\">https:\/\/www.youtube.com\/watch?v=RzMzVNXb1BA<\/a><\/p>\n","protected":false},"excerpt":{"rendered":"<p>Jorge V\u00e1zquez Sangabriel Palimpsesto La indignante presencia de personal m\u00e9dico cubano, es un insulto ominoso para todo el personal m\u00e9dico y del sistema\u00a0 de salud \u00a0y para el pueblo de M\u00e9xico, porque Cuba no ha desarrollado la suficiente estructura cient\u00edfica ni el recurso humano con capacidades y conocimientos que les permitan responder ante eventos humanos [&hellip;]<\/p>\n","protected":false},"author":2,"featured_media":0,"comment_status":"open","ping_status":"open","sticky":false,"template":"","format":"standard","meta":{"tdm_status":"","tdm_grid_status":"","footnotes":""},"categories":[70],"tags":[18071,879,18072,4598,18070,18073,18074,395,18069,1654,195],"class_list":{"0":"post-55411","1":"post","2":"type-post","3":"status-publish","4":"format-standard","6":"category-de-opinion","7":"tag-camilo-cienfuegos","8":"tag-cuba","10":"tag-espana","11":"tag-fidel-alejandro-castro-ruz","12":"tag-fulgencio-batista-zaldivar","13":"tag-medicos-cubanos","14":"tag-mexico","15":"tag-muertes-epidemiologicas","16":"tag-puerto-de-veracruz","17":"tag-veracruz"},"yoast_head":"<!-- This site is optimized with the Yoast SEO plugin v27.4 - https:\/\/yoast.com\/product\/yoast-seo-wordpress\/ -->\n<title>Las muertes epidemiol\u00f3gicas en\u00a0Veracruz - Los pol\u00edticos Veracruz<\/title>\n<meta name=\"robots\" content=\"index, follow, max-snippet:-1, max-image-preview:large, max-video-preview:-1\" \/>\n<link rel=\"canonical\" href=\"https:\/\/lospoliticosveracruz.com\/?p=55411\" \/>\n<meta property=\"og:locale\" content=\"es_ES\" \/>\n<meta property=\"og:type\" content=\"article\" \/>\n<meta property=\"og:title\" content=\"Las muertes epidemiol\u00f3gicas en\u00a0Veracruz - Los pol\u00edticos Veracruz\" \/>\n<meta property=\"og:description\" content=\"Jorge V\u00e1zquez Sangabriel Palimpsesto La indignante presencia de personal m\u00e9dico cubano, es un insulto ominoso para todo el personal m\u00e9dico y del sistema\u00a0 de salud \u00a0y para el pueblo de M\u00e9xico, porque Cuba no ha desarrollado la suficiente estructura cient\u00edfica ni el recurso humano con capacidades y conocimientos que les permitan responder ante eventos humanos [&hellip;]\" \/>\n<meta property=\"og:url\" content=\"https:\/\/lospoliticosveracruz.com\/?p=55411\" \/>\n<meta property=\"og:site_name\" content=\"Los pol\u00edticos Veracruz\" \/>\n<meta property=\"article:publisher\" content=\"https:\/\/www.facebook.com\/people\/Notimemes-de-los-Polticos\/61565672886568\/\" \/>\n<meta property=\"article:published_time\" content=\"2020-05-25T17:09:20+00:00\" \/>\n<meta property=\"og:image\" content=\"https:\/\/lospoliticosveracruz.com\/wp-content\/uploads\/2016\/07\/Logo-Dor.jpg\" \/>\n\t<meta property=\"og:image:width\" content=\"200\" \/>\n\t<meta property=\"og:image:height\" content=\"200\" \/>\n\t<meta property=\"og:image:type\" content=\"image\/jpeg\" \/>\n<meta name=\"author\" content=\"Lo viste en Los Pol\u00edticos\" \/>\n<meta name=\"twitter:card\" content=\"summary_large_image\" \/>\n<meta name=\"twitter:creator\" content=\"@LosPoliticosVer\" \/>\n<meta name=\"twitter:site\" content=\"@LosPoliticosVer\" \/>\n<meta name=\"twitter:label1\" content=\"Escrito por\" \/>\n\t<meta name=\"twitter:data1\" content=\"Lo viste en Los Pol\u00edticos\" \/>\n\t<meta name=\"twitter:label2\" content=\"Tiempo de lectura\" \/>\n\t<meta name=\"twitter:data2\" content=\"6 minutos\" \/>\n<script type=\"application\/ld+json\" class=\"yoast-schema-graph\">{\"@context\":\"https:\\\/\\\/schema.org\",\"@graph\":[{\"@type\":\"Article\",\"@id\":\"https:\\\/\\\/lospoliticosveracruz.com\\\/?p=55411#article\",\"isPartOf\":{\"@id\":\"https:\\\/\\\/lospoliticosveracruz.com\\\/?p=55411\"},\"author\":{\"name\":\"Lo viste en Los Pol\u00edticos\",\"@id\":\"https:\\\/\\\/lospoliticosveracruz.com\\\/#\\\/schema\\\/person\\\/b8702bb0e538456e6efd07080bf2a4a2\"},\"headline\":\"Las muertes epidemiol\u00f3gicas en\u00a0Veracruz\",\"datePublished\":\"2020-05-25T17:09:20+00:00\",\"mainEntityOfPage\":{\"@id\":\"https:\\\/\\\/lospoliticosveracruz.com\\\/?p=55411\"},\"wordCount\":1244,\"commentCount\":0,\"publisher\":{\"@id\":\"https:\\\/\\\/lospoliticosveracruz.com\\\/#organization\"},\"keywords\":[\"Camilo Cienfuegos\",\"Cuba\",\"Ernesto Guevara\",\"Espa\u00f1a\",\"Fidel Alejandro Castro Ruz\",\"Fulgencio Batista Zald\u00edvar\",\"m\u00e9dicos cubanos\",\"M\u00e9xico\",\"muertes epidemiol\u00f3gicas\",\"Puerto de Veracruz\",\"Veracruz\"],\"articleSection\":[\"De Opini\u00f3n\"],\"inLanguage\":\"es\",\"potentialAction\":[{\"@type\":\"CommentAction\",\"name\":\"Comment\",\"target\":[\"https:\\\/\\\/lospoliticosveracruz.com\\\/?p=55411#respond\"]}]},{\"@type\":\"WebPage\",\"@id\":\"https:\\\/\\\/lospoliticosveracruz.com\\\/?p=55411\",\"url\":\"https:\\\/\\\/lospoliticosveracruz.com\\\/?p=55411\",\"name\":\"Las muertes epidemiol\u00f3gicas en\u00a0Veracruz - Los pol\u00edticos Veracruz\",\"isPartOf\":{\"@id\":\"https:\\\/\\\/lospoliticosveracruz.com\\\/#website\"},\"datePublished\":\"2020-05-25T17:09:20+00:00\",\"breadcrumb\":{\"@id\":\"https:\\\/\\\/lospoliticosveracruz.com\\\/?p=55411#breadcrumb\"},\"inLanguage\":\"es\",\"potentialAction\":[{\"@type\":\"ReadAction\",\"target\":[\"https:\\\/\\\/lospoliticosveracruz.com\\\/?p=55411\"]}]},{\"@type\":\"BreadcrumbList\",\"@id\":\"https:\\\/\\\/lospoliticosveracruz.com\\\/?p=55411#breadcrumb\",\"itemListElement\":[{\"@type\":\"ListItem\",\"position\":1,\"name\":\"Portada\",\"item\":\"https:\\\/\\\/lospoliticosveracruz.com\\\/\"},{\"@type\":\"ListItem\",\"position\":2,\"name\":\"Las muertes epidemiol\u00f3gicas en\u00a0Veracruz\"}]},{\"@type\":\"WebSite\",\"@id\":\"https:\\\/\\\/lospoliticosveracruz.com\\\/#website\",\"url\":\"https:\\\/\\\/lospoliticosveracruz.com\\\/\",\"name\":\"Los pol\u00edticos Veracruz\",\"description\":\"\",\"publisher\":{\"@id\":\"https:\\\/\\\/lospoliticosveracruz.com\\\/#organization\"},\"potentialAction\":[{\"@type\":\"SearchAction\",\"target\":{\"@type\":\"EntryPoint\",\"urlTemplate\":\"https:\\\/\\\/lospoliticosveracruz.com\\\/?s={search_term_string}\"},\"query-input\":{\"@type\":\"PropertyValueSpecification\",\"valueRequired\":true,\"valueName\":\"search_term_string\"}}],\"inLanguage\":\"es\"},{\"@type\":\"Organization\",\"@id\":\"https:\\\/\\\/lospoliticosveracruz.com\\\/#organization\",\"name\":\"Los pol\u00edticos Veracruz\",\"url\":\"https:\\\/\\\/lospoliticosveracruz.com\\\/\",\"logo\":{\"@type\":\"ImageObject\",\"inLanguage\":\"es\",\"@id\":\"https:\\\/\\\/lospoliticosveracruz.com\\\/#\\\/schema\\\/logo\\\/image\\\/\",\"url\":\"https:\\\/\\\/lospoliticosveracruz.com\\\/wp-content\\\/uploads\\\/2025\\\/12\\\/Logo-Nuevo-LOS-POLITICOS-1.jpg\",\"contentUrl\":\"https:\\\/\\\/lospoliticosveracruz.com\\\/wp-content\\\/uploads\\\/2025\\\/12\\\/Logo-Nuevo-LOS-POLITICOS-1.jpg\",\"width\":260,\"height\":70,\"caption\":\"Los pol\u00edticos Veracruz\"},\"image\":{\"@id\":\"https:\\\/\\\/lospoliticosveracruz.com\\\/#\\\/schema\\\/logo\\\/image\\\/\"},\"sameAs\":[\"https:\\\/\\\/www.facebook.com\\\/people\\\/Notimemes-de-los-Polticos\\\/61565672886568\\\/\",\"https:\\\/\\\/x.com\\\/LosPoliticosVer\"]},{\"@type\":\"Person\",\"@id\":\"https:\\\/\\\/lospoliticosveracruz.com\\\/#\\\/schema\\\/person\\\/b8702bb0e538456e6efd07080bf2a4a2\",\"name\":\"Lo viste en Los Pol\u00edticos\",\"image\":{\"@type\":\"ImageObject\",\"inLanguage\":\"es\",\"@id\":\"https:\\\/\\\/secure.gravatar.com\\\/avatar\\\/3a8de04a2656d44082be478bd6c086daa447c4651605818287b9532d3d0bd435?s=96&d=mm&r=g\",\"url\":\"https:\\\/\\\/secure.gravatar.com\\\/avatar\\\/3a8de04a2656d44082be478bd6c086daa447c4651605818287b9532d3d0bd435?s=96&d=mm&r=g\",\"contentUrl\":\"https:\\\/\\\/secure.gravatar.com\\\/avatar\\\/3a8de04a2656d44082be478bd6c086daa447c4651605818287b9532d3d0bd435?s=96&d=mm&r=g\",\"caption\":\"Lo viste en Los Pol\u00edticos\"},\"url\":\"https:\\\/\\\/lospoliticosveracruz.com\\\/?author=2\"}]}<\/script>\n<!-- \/ Yoast SEO plugin. -->","yoast_head_json":{"title":"Las muertes epidemiol\u00f3gicas en\u00a0Veracruz - Los pol\u00edticos Veracruz","robots":{"index":"index","follow":"follow","max-snippet":"max-snippet:-1","max-image-preview":"max-image-preview:large","max-video-preview":"max-video-preview:-1"},"canonical":"https:\/\/lospoliticosveracruz.com\/?p=55411","og_locale":"es_ES","og_type":"article","og_title":"Las muertes epidemiol\u00f3gicas en\u00a0Veracruz - Los pol\u00edticos Veracruz","og_description":"Jorge V\u00e1zquez Sangabriel Palimpsesto La indignante presencia de personal m\u00e9dico cubano, es un insulto ominoso para todo el personal m\u00e9dico y del sistema\u00a0 de salud \u00a0y para el pueblo de M\u00e9xico, porque Cuba no ha desarrollado la suficiente estructura cient\u00edfica ni el recurso humano con capacidades y conocimientos que les permitan responder ante eventos humanos [&hellip;]","og_url":"https:\/\/lospoliticosveracruz.com\/?p=55411","og_site_name":"Los pol\u00edticos Veracruz","article_publisher":"https:\/\/www.facebook.com\/people\/Notimemes-de-los-Polticos\/61565672886568\/","article_published_time":"2020-05-25T17:09:20+00:00","og_image":[{"width":200,"height":200,"url":"https:\/\/lospoliticosveracruz.com\/wp-content\/uploads\/2016\/07\/Logo-Dor.jpg","type":"image\/jpeg"}],"author":"Lo viste en Los Pol\u00edticos","twitter_card":"summary_large_image","twitter_creator":"@LosPoliticosVer","twitter_site":"@LosPoliticosVer","twitter_misc":{"Escrito por":"Lo viste en Los Pol\u00edticos","Tiempo de lectura":"6 minutos"},"schema":{"@context":"https:\/\/schema.org","@graph":[{"@type":"Article","@id":"https:\/\/lospoliticosveracruz.com\/?p=55411#article","isPartOf":{"@id":"https:\/\/lospoliticosveracruz.com\/?p=55411"},"author":{"name":"Lo viste en Los Pol\u00edticos","@id":"https:\/\/lospoliticosveracruz.com\/#\/schema\/person\/b8702bb0e538456e6efd07080bf2a4a2"},"headline":"Las muertes epidemiol\u00f3gicas en\u00a0Veracruz","datePublished":"2020-05-25T17:09:20+00:00","mainEntityOfPage":{"@id":"https:\/\/lospoliticosveracruz.com\/?p=55411"},"wordCount":1244,"commentCount":0,"publisher":{"@id":"https:\/\/lospoliticosveracruz.com\/#organization"},"keywords":["Camilo Cienfuegos","Cuba","Ernesto Guevara","Espa\u00f1a","Fidel Alejandro Castro Ruz","Fulgencio Batista Zald\u00edvar","m\u00e9dicos cubanos","M\u00e9xico","muertes epidemiol\u00f3gicas","Puerto de Veracruz","Veracruz"],"articleSection":["De Opini\u00f3n"],"inLanguage":"es","potentialAction":[{"@type":"CommentAction","name":"Comment","target":["https:\/\/lospoliticosveracruz.com\/?p=55411#respond"]}]},{"@type":"WebPage","@id":"https:\/\/lospoliticosveracruz.com\/?p=55411","url":"https:\/\/lospoliticosveracruz.com\/?p=55411","name":"Las muertes epidemiol\u00f3gicas en\u00a0Veracruz - Los pol\u00edticos Veracruz","isPartOf":{"@id":"https:\/\/lospoliticosveracruz.com\/#website"},"datePublished":"2020-05-25T17:09:20+00:00","breadcrumb":{"@id":"https:\/\/lospoliticosveracruz.com\/?p=55411#breadcrumb"},"inLanguage":"es","potentialAction":[{"@type":"ReadAction","target":["https:\/\/lospoliticosveracruz.com\/?p=55411"]}]},{"@type":"BreadcrumbList","@id":"https:\/\/lospoliticosveracruz.com\/?p=55411#breadcrumb","itemListElement":[{"@type":"ListItem","position":1,"name":"Portada","item":"https:\/\/lospoliticosveracruz.com\/"},{"@type":"ListItem","position":2,"name":"Las muertes epidemiol\u00f3gicas en\u00a0Veracruz"}]},{"@type":"WebSite","@id":"https:\/\/lospoliticosveracruz.com\/#website","url":"https:\/\/lospoliticosveracruz.com\/","name":"Los pol\u00edticos Veracruz","description":"","publisher":{"@id":"https:\/\/lospoliticosveracruz.com\/#organization"},"potentialAction":[{"@type":"SearchAction","target":{"@type":"EntryPoint","urlTemplate":"https:\/\/lospoliticosveracruz.com\/?s={search_term_string}"},"query-input":{"@type":"PropertyValueSpecification","valueRequired":true,"valueName":"search_term_string"}}],"inLanguage":"es"},{"@type":"Organization","@id":"https:\/\/lospoliticosveracruz.com\/#organization","name":"Los pol\u00edticos Veracruz","url":"https:\/\/lospoliticosveracruz.com\/","logo":{"@type":"ImageObject","inLanguage":"es","@id":"https:\/\/lospoliticosveracruz.com\/#\/schema\/logo\/image\/","url":"https:\/\/lospoliticosveracruz.com\/wp-content\/uploads\/2025\/12\/Logo-Nuevo-LOS-POLITICOS-1.jpg","contentUrl":"https:\/\/lospoliticosveracruz.com\/wp-content\/uploads\/2025\/12\/Logo-Nuevo-LOS-POLITICOS-1.jpg","width":260,"height":70,"caption":"Los pol\u00edticos Veracruz"},"image":{"@id":"https:\/\/lospoliticosveracruz.com\/#\/schema\/logo\/image\/"},"sameAs":["https:\/\/www.facebook.com\/people\/Notimemes-de-los-Polticos\/61565672886568\/","https:\/\/x.com\/LosPoliticosVer"]},{"@type":"Person","@id":"https:\/\/lospoliticosveracruz.com\/#\/schema\/person\/b8702bb0e538456e6efd07080bf2a4a2","name":"Lo viste en Los Pol\u00edticos","image":{"@type":"ImageObject","inLanguage":"es","@id":"https:\/\/secure.gravatar.com\/avatar\/3a8de04a2656d44082be478bd6c086daa447c4651605818287b9532d3d0bd435?s=96&d=mm&r=g","url":"https:\/\/secure.gravatar.com\/avatar\/3a8de04a2656d44082be478bd6c086daa447c4651605818287b9532d3d0bd435?s=96&d=mm&r=g","contentUrl":"https:\/\/secure.gravatar.com\/avatar\/3a8de04a2656d44082be478bd6c086daa447c4651605818287b9532d3d0bd435?s=96&d=mm&r=g","caption":"Lo viste en Los Pol\u00edticos"},"url":"https:\/\/lospoliticosveracruz.com\/?author=2"}]}},"_links":{"self":[{"href":"https:\/\/lospoliticosveracruz.com\/index.php?rest_route=\/wp\/v2\/posts\/55411","targetHints":{"allow":["GET"]}}],"collection":[{"href":"https:\/\/lospoliticosveracruz.com\/index.php?rest_route=\/wp\/v2\/posts"}],"about":[{"href":"https:\/\/lospoliticosveracruz.com\/index.php?rest_route=\/wp\/v2\/types\/post"}],"author":[{"embeddable":true,"href":"https:\/\/lospoliticosveracruz.com\/index.php?rest_route=\/wp\/v2\/users\/2"}],"replies":[{"embeddable":true,"href":"https:\/\/lospoliticosveracruz.com\/index.php?rest_route=%2Fwp%2Fv2%2Fcomments&post=55411"}],"version-history":[{"count":1,"href":"https:\/\/lospoliticosveracruz.com\/index.php?rest_route=\/wp\/v2\/posts\/55411\/revisions"}],"predecessor-version":[{"id":55413,"href":"https:\/\/lospoliticosveracruz.com\/index.php?rest_route=\/wp\/v2\/posts\/55411\/revisions\/55413"}],"wp:attachment":[{"href":"https:\/\/lospoliticosveracruz.com\/index.php?rest_route=%2Fwp%2Fv2%2Fmedia&parent=55411"}],"wp:term":[{"taxonomy":"category","embeddable":true,"href":"https:\/\/lospoliticosveracruz.com\/index.php?rest_route=%2Fwp%2Fv2%2Fcategories&post=55411"},{"taxonomy":"post_tag","embeddable":true,"href":"https:\/\/lospoliticosveracruz.com\/index.php?rest_route=%2Fwp%2Fv2%2Ftags&post=55411"}],"curies":[{"name":"wp","href":"https:\/\/api.w.org\/{rel}","templated":true}]}}