{"id":55439,"date":"2020-05-26T08:44:10","date_gmt":"2020-05-26T13:44:10","guid":{"rendered":"http:\/\/www.lospoliticosveracruz.com.mx\/?p=55439"},"modified":"2020-05-26T08:44:30","modified_gmt":"2020-05-26T13:44:30","slug":"el-enclenque-apoyo-de-amlo-a-cuic","status":"publish","type":"post","link":"https:\/\/lospoliticosveracruz.com\/?p=55439","title":{"rendered":"El enclenque apoyo de AMLO a Cuic"},"content":{"rendered":"<p><strong>Ricardo Ch\u00faa<\/strong><\/p>\n<p><em>Sale y Vale<\/em><\/p>\n<p>EL NUEVO RESPALDO&#8230; El Presidente, Andr\u00e9s Manuel L\u00f3pez Obrador volvi\u00f3 a RESPALDAR a Cuitl\u00e1huac Garc\u00eda, gobernador de Veracruz, de se\u00f1alamientos del PAN, de presuntas empresas \u00abfantasmas\u00bb creadas en su administraci\u00f3n&#8230; Desde\u00f1\u00e1ndolos y se\u00f1alando que esos \u00abataques\u00bb al xalape\u00f1o son por cuestiones pol\u00edticas, no porque Cuitl\u00e1huac sea mal gobernante.. Pero la ciudadan\u00eda veracruzana DIFIERE con L\u00f3pez Obrador&#8230; A Garc\u00eda Jim\u00e9nez lo tienen colocado como el peor gobernador del pa\u00eds en su forma de enfrentar la pandemia del COVID&#8230;<\/p>\n<p>Las encuestas lo se\u00f1alan, y, son las mismas encuestadoras que dieron el triunfo a AMLO&#8230; Son las que ahora colocan al veracruzano en ese sitio.. Que pese a su D\u00c9CIMO TERCER \u00abrespaldo\u00bb que del tabasque\u00f1o en estos 18 meses de gobierno, NO SIRVIERON DE NADA&#8230; El \u00abpueblo bueno y sabio\u00bb lo tiene catalogado y lo que diga el Presidente entorno a la funci\u00f3n de Cuitl\u00e1huac&#8230; Tiene la fuerza de \u00abun tehuac\u00e1n sin gas\u00bb&#8230; Los n\u00fameros no mienten&#8230; El n\u00famero 32.. As\u00ed con o sin respaldo, no pasa nada&#8230;<\/p>\n<p>Y para el colmo de males&#8230; A estas alturas ni siquiera como gobernador tendr\u00e1 el control de su partido: MORENA&#8230; Seguramente despu\u00e9s de la ca\u00edda de Bertha Lujan, de la Presidencia del Consejo Pol\u00edtico Nacional del organismo&#8230; Ser\u00e1 el equipo adverso al Palacio de Gobierno en Xalapa, lo que manejen a los Morenos&#8230; Obvio bajo el mando de Ricardo Monreal, la \u00abfuerza alterna\u00bb de AMLO&#8230; De esa manera, un \u00abrespaldo\u00bb m\u00e1s o un \u00abrespaldo\u00bb menos&#8230; De nada sirve a Cuitl\u00e1huac&#8230; OUT&#8230;<\/p>\n<p>A pesar de que seguramente Cuitl\u00e1huac Garc\u00eda, no estudio, por su formaci\u00f3n de ingeniero, a profundidad sobre el \u00abmaterialismo hist\u00f3rico\u00bb marxista y que, sin querer intenta implementarlo en Veracruz&#8230; Olvidando la visi\u00f3n a futuro que debe tener como Gobernante, de hacer las obras que sus antecesores no hiciero para sacarlo del subdesarrollo&#8230; No, Cuitl\u00e1huac ve progreso en un peque\u00f1o camino, en una carretera rural o una fuente para embellecer un parque&#8230; \u00bfY lo dem\u00e1s?&#8230; Por eso, el Presidente tiene que estarlo respaldando a cada rato&#8230; No hay visi\u00f3n&#8230;<\/p>\n<p>Por ello, es la ca\u00edda del gobernador ante la sociedad es porque SIN ENTENDER a ciencia cierta, lo que es desarrollo social y econ\u00f3mico de la ciudadan\u00eda&#8230; Cuitl\u00e1huac tiene una pelea ideol\u00f3gica contra el \u00abneoliberalismo\u00bb, queriendo ver que el progreso es el \u00abdiablo\u00bb&#8230; Frenando el crecimiento de Veracruz.. Cuando fue el \u00abneoliberalismo\u00bb lo que le permiti\u00f3 tener una plaza de maestro de la UV, con todos sus privilegios&#8230; Tampoco dijo nada cuando ese gobierno le otorg\u00f3 una beca a Alemania&#8230; Ah\u00ed s\u00f3lo vio su \u00abmaterialismo\u00bb&#8230; Lo hist\u00f3rico lo olvido&#8230;<\/p>\n<p>Los mismos personajes que cometen los errores en el gobierno de MORENA en Veracruz, son los que auspician que esta FILOSOF\u00cdA POL\u00cdTICA (insistimos que no la entienden) perme\u00e9 en la administraci\u00f3n estatal, en donde radicaliza a la sociedad, con el prop\u00f3sito de \u00abacelerar\u00bb estas contradicciones entre la misma ciudadan\u00eda&#8230; Para intentar \u00abenga\u00f1arla\u00bb y que en Palacio de Gobierno avance un proyecto que supuestamente es \u00abjusticiero\u00bb para el pueblo&#8230; Y al final, no cumplen lo que prometieron como gobierno estatal&#8230;<\/p>\n<p>Debido a estas acciones y esa forma de comportarse como gobierno&#8230; Que no le importa nada m\u00e1s, que s\u00f3lo los que votaron por ellos, es que tienen calificado a Cuitl\u00e1huac de esa forma&#8230; Pese a los RESPALDOS Presidenciales, que ya s\u00f3lo quedan en an\u00e9cdotas para el conteo en medios de comunicaci\u00f3n y redes sociales, ya no merman en la sociedad.. Que s\u00f3lo ven en MORENA, un movimiento de moda, pero que ya paso y que la Reforma Electoral es porque los funcionarios locales, se dieron cuenta de ello&#8230; Y, no quieren perder el poder&#8230;<\/p>\n<p>Al final de cuentas, el gobierno de Cuitl\u00e1huac Garc\u00eda y sus diputados locales de MORENA, tienen todas las caracter\u00edsticas de ser un \u00abtufo stalinista\u00bb porque son AUTORITARIOS, la reforma electoral, quitar alcaldes y tratar de imponer a la Fiscal de Veracruz, son la mayor prueba de ello&#8230; Lo \u00fanico bueno es que YA SE QUITARON LAS MASCARAS y la sociedad sabe de sus alcances y comportamiento anti-democr\u00e1tico&#8230; Que no soportan la cr\u00edtica&#8230; Y que todo aquel que lo critica es \u00abfifi\u00bb porque los Morenos no aceptan errores&#8230;<\/p>\n<p>Por esa situaci\u00f3n, es que a Veracruz no lo ven como un destino para inversi\u00f3n&#8230; El crecimiento econ\u00f3mico del Estado es peor que cero&#8230; Se encuentra paralizada la obra p\u00fablica desde antes del COVID&#8230; Los empresarios siguen reclamando pagos, desde antes del Coronavirus&#8230; Las empresas \u00abfantasmas\u00bb existe desde antes la pandem\u00eda&#8230; El autoritarismo lo quisieron hacer en plena contingencia y a sus adversarios los acusaron de delincuentes.. A d\u00f3nde creen que llev\u00f3 todo, de ir en sentido contrario a donde va la sociedad: Al sitio 32&#8230; Reservado&#8230;<\/p>\n<p>Tan grave est\u00e1 el tema en Veracruz en sus acciones de gobierno&#8230; Que el propio Cuitl\u00e1huac y su gabinete estatal, no se ha dado cuenta que con esta pandemia&#8230; YA CAMBI\u00d3 LA ECUACI\u00d3N de su administraci\u00f3n ante los veracruzanos&#8230; Si el gobernador quiere salir \u00abairoso\u00bb y no \u00abcrucificado\u00bb por su pueblo y militancia de MORENA&#8230; Tiene que REPLANTEAR su MODELO y las POL\u00cdTICAS P\u00daBLICAS&#8230; Adem\u00e1s de un programa de RESCATE ECON\u00d3MICO&#8230; Que Cuitl\u00e1huac simplemente NO LO TIENE.. La clase empresarial est\u00e1 peleada con \u00e9l&#8230;<\/p>\n<p>As\u00ed que todo lo que suceda en Veracruz, despu\u00e9s del COVID, el gobierno de Cuitl\u00e1huac junto con sus diputados locales, federales de MORENA son \u00abCORRESPONSABLES\u00bb, para bien o para mal, pero a como van las cosas&#8230; Lo primero tienen que buscar, es la GOBERNABILIDAD porque no la tiene: La violencia y la crisis econ\u00f3mica, es la principal muestra de ello&#8230; Pero la idea del gobernador, es que en Veracruz, se extienda eso que le llaman: \u00abBolivarismo-Chavista\u00bb&#8230; Ese es su proyecto&#8230;<\/p>\n<p>Es el perfil que como pol\u00edtico se identifica y que Veracruz se \u00abVenezualice\u00bb, ya es una \u00abmala cop\u00eda\u00bb de Maduro, vean el \u00abremedo\u00bb de la Reforma Electoral para mantenerse en el poder y no ir a la REVOCACI\u00d3N DE MANDATO&#8230; Es su idea&#8230; Ya lleg\u00f3, gan\u00f3 con impulso de AMLO y ahora que se ve d\u00e9bil, acosado por su propia militancia y acusado por la oposici\u00f3n.. Intentar\u00e1 quedarse y el resto de la sociedad, \u00abque se joda y rasque con sus propias u\u00f1as\u00bb&#8230; Por eso, ya los RESPALDOS no le sirven.. Ni siquiera los de AMLO&#8230; En Veracruz, en este 2020, en plena pandemia, ya soplan los \u00abVIENTOS\u00bb de la ALTERNANCIA&#8230; CONSUMATUM EST&#8230;<\/p>\n","protected":false},"excerpt":{"rendered":"<p>Ricardo Ch\u00faa Sale y Vale EL NUEVO RESPALDO&#8230; El Presidente, Andr\u00e9s Manuel L\u00f3pez Obrador volvi\u00f3 a RESPALDAR a Cuitl\u00e1huac Garc\u00eda, gobernador de Veracruz, de se\u00f1alamientos del PAN, de presuntas empresas \u00abfantasmas\u00bb creadas en su administraci\u00f3n&#8230; Desde\u00f1\u00e1ndolos y se\u00f1alando que esos \u00abataques\u00bb al xalape\u00f1o son por cuestiones pol\u00edticas, no porque Cuitl\u00e1huac sea mal gobernante.. Pero la [&hellip;]<\/p>\n","protected":false},"author":2,"featured_media":47630,"comment_status":"open","ping_status":"open","sticky":false,"template":"","format":"standard","meta":{"tdm_status":"","tdm_grid_status":"","footnotes":""},"categories":[70],"tags":[618,16264,16673,6209,1026,13604,10353,195],"class_list":{"0":"post-55439","1":"post","2":"type-post","3":"status-publish","4":"format-standard","5":"has-post-thumbnail","7":"category-de-opinion","8":"tag-andres-manuel-lopez-obrador","9":"tag-coronavirus","10":"tag-covid-19","11":"tag-empresas-fantasmas","12":"tag-morena","13":"tag-ricardo-chua","14":"tag-ricardo-monreal","15":"tag-veracruz"},"yoast_head":"<!-- This site is optimized with the Yoast SEO plugin v27.4 - https:\/\/yoast.com\/product\/yoast-seo-wordpress\/ -->\n<title>El enclenque apoyo de AMLO a Cuic - Los pol\u00edticos Veracruz<\/title>\n<meta name=\"robots\" content=\"index, follow, max-snippet:-1, max-image-preview:large, max-video-preview:-1\" \/>\n<link rel=\"canonical\" href=\"https:\/\/lospoliticosveracruz.com\/?p=55439\" \/>\n<meta property=\"og:locale\" content=\"es_ES\" \/>\n<meta property=\"og:type\" content=\"article\" \/>\n<meta property=\"og:title\" content=\"El enclenque apoyo de AMLO a Cuic - Los pol\u00edticos Veracruz\" \/>\n<meta property=\"og:description\" content=\"Ricardo Ch\u00faa Sale y Vale EL NUEVO RESPALDO&#8230; El Presidente, Andr\u00e9s Manuel L\u00f3pez Obrador volvi\u00f3 a RESPALDAR a Cuitl\u00e1huac Garc\u00eda, gobernador de Veracruz, de se\u00f1alamientos del PAN, de presuntas empresas \u00abfantasmas\u00bb creadas en su administraci\u00f3n&#8230; Desde\u00f1\u00e1ndolos y se\u00f1alando que esos \u00abataques\u00bb al xalape\u00f1o son por cuestiones pol\u00edticas, no porque Cuitl\u00e1huac sea mal gobernante.. Pero la [&hellip;]\" \/>\n<meta property=\"og:url\" content=\"https:\/\/lospoliticosveracruz.com\/?p=55439\" \/>\n<meta property=\"og:site_name\" content=\"Los pol\u00edticos Veracruz\" \/>\n<meta property=\"article:publisher\" content=\"https:\/\/www.facebook.com\/people\/Notimemes-de-los-Polticos\/61565672886568\/\" \/>\n<meta property=\"article:published_time\" content=\"2020-05-26T13:44:10+00:00\" \/>\n<meta property=\"article:modified_time\" content=\"2020-05-26T13:44:30+00:00\" \/>\n<meta property=\"og:image\" content=\"https:\/\/lospoliticosveracruz.com\/wp-content\/uploads\/2019\/03\/Cuic-y-AMLO-Gira.jpg\" \/>\n\t<meta property=\"og:image:width\" content=\"600\" \/>\n\t<meta property=\"og:image:height\" content=\"475\" \/>\n\t<meta property=\"og:image:type\" content=\"image\/jpeg\" \/>\n<meta name=\"author\" content=\"Lo viste en Los Pol\u00edticos\" \/>\n<meta name=\"twitter:card\" content=\"summary_large_image\" \/>\n<meta name=\"twitter:creator\" content=\"@LosPoliticosVer\" \/>\n<meta name=\"twitter:site\" content=\"@LosPoliticosVer\" \/>\n<meta name=\"twitter:label1\" content=\"Escrito por\" \/>\n\t<meta name=\"twitter:data1\" content=\"Lo viste en Los Pol\u00edticos\" \/>\n\t<meta name=\"twitter:label2\" content=\"Tiempo de lectura\" \/>\n\t<meta name=\"twitter:data2\" content=\"6 minutos\" \/>\n<script type=\"application\/ld+json\" class=\"yoast-schema-graph\">{\"@context\":\"https:\\\/\\\/schema.org\",\"@graph\":[{\"@type\":\"Article\",\"@id\":\"https:\\\/\\\/lospoliticosveracruz.com\\\/?p=55439#article\",\"isPartOf\":{\"@id\":\"https:\\\/\\\/lospoliticosveracruz.com\\\/?p=55439\"},\"author\":{\"name\":\"Lo viste en Los Pol\u00edticos\",\"@id\":\"https:\\\/\\\/lospoliticosveracruz.com\\\/#\\\/schema\\\/person\\\/b8702bb0e538456e6efd07080bf2a4a2\"},\"headline\":\"El enclenque apoyo de AMLO a Cuic\",\"datePublished\":\"2020-05-26T13:44:10+00:00\",\"dateModified\":\"2020-05-26T13:44:30+00:00\",\"mainEntityOfPage\":{\"@id\":\"https:\\\/\\\/lospoliticosveracruz.com\\\/?p=55439\"},\"wordCount\":1142,\"commentCount\":0,\"publisher\":{\"@id\":\"https:\\\/\\\/lospoliticosveracruz.com\\\/#organization\"},\"image\":{\"@id\":\"https:\\\/\\\/lospoliticosveracruz.com\\\/?p=55439#primaryimage\"},\"thumbnailUrl\":\"https:\\\/\\\/lospoliticosveracruz.com\\\/wp-content\\\/uploads\\\/2019\\\/03\\\/Cuic-y-AMLO-Gira.jpg\",\"keywords\":[\"Andr\u00e9s Manuel L\u00f3pez Obrador\",\"coronavirus\",\"Covid 19\",\"Empresas fantasmas\",\"Morena\",\"Ricardo Ch\u00faa\",\"Ricardo Monreal\",\"Veracruz\"],\"articleSection\":[\"De Opini\u00f3n\"],\"inLanguage\":\"es\",\"potentialAction\":[{\"@type\":\"CommentAction\",\"name\":\"Comment\",\"target\":[\"https:\\\/\\\/lospoliticosveracruz.com\\\/?p=55439#respond\"]}]},{\"@type\":\"WebPage\",\"@id\":\"https:\\\/\\\/lospoliticosveracruz.com\\\/?p=55439\",\"url\":\"https:\\\/\\\/lospoliticosveracruz.com\\\/?p=55439\",\"name\":\"El enclenque apoyo de AMLO a Cuic - Los pol\u00edticos Veracruz\",\"isPartOf\":{\"@id\":\"https:\\\/\\\/lospoliticosveracruz.com\\\/#website\"},\"primaryImageOfPage\":{\"@id\":\"https:\\\/\\\/lospoliticosveracruz.com\\\/?p=55439#primaryimage\"},\"image\":{\"@id\":\"https:\\\/\\\/lospoliticosveracruz.com\\\/?p=55439#primaryimage\"},\"thumbnailUrl\":\"https:\\\/\\\/lospoliticosveracruz.com\\\/wp-content\\\/uploads\\\/2019\\\/03\\\/Cuic-y-AMLO-Gira.jpg\",\"datePublished\":\"2020-05-26T13:44:10+00:00\",\"dateModified\":\"2020-05-26T13:44:30+00:00\",\"breadcrumb\":{\"@id\":\"https:\\\/\\\/lospoliticosveracruz.com\\\/?p=55439#breadcrumb\"},\"inLanguage\":\"es\",\"potentialAction\":[{\"@type\":\"ReadAction\",\"target\":[\"https:\\\/\\\/lospoliticosveracruz.com\\\/?p=55439\"]}]},{\"@type\":\"ImageObject\",\"inLanguage\":\"es\",\"@id\":\"https:\\\/\\\/lospoliticosveracruz.com\\\/?p=55439#primaryimage\",\"url\":\"https:\\\/\\\/lospoliticosveracruz.com\\\/wp-content\\\/uploads\\\/2019\\\/03\\\/Cuic-y-AMLO-Gira.jpg\",\"contentUrl\":\"https:\\\/\\\/lospoliticosveracruz.com\\\/wp-content\\\/uploads\\\/2019\\\/03\\\/Cuic-y-AMLO-Gira.jpg\",\"width\":600,\"height\":475},{\"@type\":\"BreadcrumbList\",\"@id\":\"https:\\\/\\\/lospoliticosveracruz.com\\\/?p=55439#breadcrumb\",\"itemListElement\":[{\"@type\":\"ListItem\",\"position\":1,\"name\":\"Portada\",\"item\":\"https:\\\/\\\/lospoliticosveracruz.com\\\/\"},{\"@type\":\"ListItem\",\"position\":2,\"name\":\"El enclenque apoyo de AMLO a Cuic\"}]},{\"@type\":\"WebSite\",\"@id\":\"https:\\\/\\\/lospoliticosveracruz.com\\\/#website\",\"url\":\"https:\\\/\\\/lospoliticosveracruz.com\\\/\",\"name\":\"Los pol\u00edticos Veracruz\",\"description\":\"\",\"publisher\":{\"@id\":\"https:\\\/\\\/lospoliticosveracruz.com\\\/#organization\"},\"potentialAction\":[{\"@type\":\"SearchAction\",\"target\":{\"@type\":\"EntryPoint\",\"urlTemplate\":\"https:\\\/\\\/lospoliticosveracruz.com\\\/?s={search_term_string}\"},\"query-input\":{\"@type\":\"PropertyValueSpecification\",\"valueRequired\":true,\"valueName\":\"search_term_string\"}}],\"inLanguage\":\"es\"},{\"@type\":\"Organization\",\"@id\":\"https:\\\/\\\/lospoliticosveracruz.com\\\/#organization\",\"name\":\"Los pol\u00edticos Veracruz\",\"url\":\"https:\\\/\\\/lospoliticosveracruz.com\\\/\",\"logo\":{\"@type\":\"ImageObject\",\"inLanguage\":\"es\",\"@id\":\"https:\\\/\\\/lospoliticosveracruz.com\\\/#\\\/schema\\\/logo\\\/image\\\/\",\"url\":\"https:\\\/\\\/lospoliticosveracruz.com\\\/wp-content\\\/uploads\\\/2025\\\/12\\\/Logo-Nuevo-LOS-POLITICOS-1.jpg\",\"contentUrl\":\"https:\\\/\\\/lospoliticosveracruz.com\\\/wp-content\\\/uploads\\\/2025\\\/12\\\/Logo-Nuevo-LOS-POLITICOS-1.jpg\",\"width\":260,\"height\":70,\"caption\":\"Los pol\u00edticos Veracruz\"},\"image\":{\"@id\":\"https:\\\/\\\/lospoliticosveracruz.com\\\/#\\\/schema\\\/logo\\\/image\\\/\"},\"sameAs\":[\"https:\\\/\\\/www.facebook.com\\\/people\\\/Notimemes-de-los-Polticos\\\/61565672886568\\\/\",\"https:\\\/\\\/x.com\\\/LosPoliticosVer\"]},{\"@type\":\"Person\",\"@id\":\"https:\\\/\\\/lospoliticosveracruz.com\\\/#\\\/schema\\\/person\\\/b8702bb0e538456e6efd07080bf2a4a2\",\"name\":\"Lo viste en Los Pol\u00edticos\",\"image\":{\"@type\":\"ImageObject\",\"inLanguage\":\"es\",\"@id\":\"https:\\\/\\\/secure.gravatar.com\\\/avatar\\\/3a8de04a2656d44082be478bd6c086daa447c4651605818287b9532d3d0bd435?s=96&d=mm&r=g\",\"url\":\"https:\\\/\\\/secure.gravatar.com\\\/avatar\\\/3a8de04a2656d44082be478bd6c086daa447c4651605818287b9532d3d0bd435?s=96&d=mm&r=g\",\"contentUrl\":\"https:\\\/\\\/secure.gravatar.com\\\/avatar\\\/3a8de04a2656d44082be478bd6c086daa447c4651605818287b9532d3d0bd435?s=96&d=mm&r=g\",\"caption\":\"Lo viste en Los Pol\u00edticos\"},\"url\":\"https:\\\/\\\/lospoliticosveracruz.com\\\/?author=2\"}]}<\/script>\n<!-- \/ Yoast SEO plugin. -->","yoast_head_json":{"title":"El enclenque apoyo de AMLO a Cuic - Los pol\u00edticos Veracruz","robots":{"index":"index","follow":"follow","max-snippet":"max-snippet:-1","max-image-preview":"max-image-preview:large","max-video-preview":"max-video-preview:-1"},"canonical":"https:\/\/lospoliticosveracruz.com\/?p=55439","og_locale":"es_ES","og_type":"article","og_title":"El enclenque apoyo de AMLO a Cuic - Los pol\u00edticos Veracruz","og_description":"Ricardo Ch\u00faa Sale y Vale EL NUEVO RESPALDO&#8230; El Presidente, Andr\u00e9s Manuel L\u00f3pez Obrador volvi\u00f3 a RESPALDAR a Cuitl\u00e1huac Garc\u00eda, gobernador de Veracruz, de se\u00f1alamientos del PAN, de presuntas empresas \u00abfantasmas\u00bb creadas en su administraci\u00f3n&#8230; Desde\u00f1\u00e1ndolos y se\u00f1alando que esos \u00abataques\u00bb al xalape\u00f1o son por cuestiones pol\u00edticas, no porque Cuitl\u00e1huac sea mal gobernante.. Pero la [&hellip;]","og_url":"https:\/\/lospoliticosveracruz.com\/?p=55439","og_site_name":"Los pol\u00edticos Veracruz","article_publisher":"https:\/\/www.facebook.com\/people\/Notimemes-de-los-Polticos\/61565672886568\/","article_published_time":"2020-05-26T13:44:10+00:00","article_modified_time":"2020-05-26T13:44:30+00:00","og_image":[{"width":600,"height":475,"url":"https:\/\/lospoliticosveracruz.com\/wp-content\/uploads\/2019\/03\/Cuic-y-AMLO-Gira.jpg","type":"image\/jpeg"}],"author":"Lo viste en Los Pol\u00edticos","twitter_card":"summary_large_image","twitter_creator":"@LosPoliticosVer","twitter_site":"@LosPoliticosVer","twitter_misc":{"Escrito por":"Lo viste en Los Pol\u00edticos","Tiempo de lectura":"6 minutos"},"schema":{"@context":"https:\/\/schema.org","@graph":[{"@type":"Article","@id":"https:\/\/lospoliticosveracruz.com\/?p=55439#article","isPartOf":{"@id":"https:\/\/lospoliticosveracruz.com\/?p=55439"},"author":{"name":"Lo viste en Los Pol\u00edticos","@id":"https:\/\/lospoliticosveracruz.com\/#\/schema\/person\/b8702bb0e538456e6efd07080bf2a4a2"},"headline":"El enclenque apoyo de AMLO a Cuic","datePublished":"2020-05-26T13:44:10+00:00","dateModified":"2020-05-26T13:44:30+00:00","mainEntityOfPage":{"@id":"https:\/\/lospoliticosveracruz.com\/?p=55439"},"wordCount":1142,"commentCount":0,"publisher":{"@id":"https:\/\/lospoliticosveracruz.com\/#organization"},"image":{"@id":"https:\/\/lospoliticosveracruz.com\/?p=55439#primaryimage"},"thumbnailUrl":"https:\/\/lospoliticosveracruz.com\/wp-content\/uploads\/2019\/03\/Cuic-y-AMLO-Gira.jpg","keywords":["Andr\u00e9s Manuel L\u00f3pez Obrador","coronavirus","Covid 19","Empresas fantasmas","Morena","Ricardo Ch\u00faa","Ricardo Monreal","Veracruz"],"articleSection":["De Opini\u00f3n"],"inLanguage":"es","potentialAction":[{"@type":"CommentAction","name":"Comment","target":["https:\/\/lospoliticosveracruz.com\/?p=55439#respond"]}]},{"@type":"WebPage","@id":"https:\/\/lospoliticosveracruz.com\/?p=55439","url":"https:\/\/lospoliticosveracruz.com\/?p=55439","name":"El enclenque apoyo de AMLO a Cuic - Los pol\u00edticos Veracruz","isPartOf":{"@id":"https:\/\/lospoliticosveracruz.com\/#website"},"primaryImageOfPage":{"@id":"https:\/\/lospoliticosveracruz.com\/?p=55439#primaryimage"},"image":{"@id":"https:\/\/lospoliticosveracruz.com\/?p=55439#primaryimage"},"thumbnailUrl":"https:\/\/lospoliticosveracruz.com\/wp-content\/uploads\/2019\/03\/Cuic-y-AMLO-Gira.jpg","datePublished":"2020-05-26T13:44:10+00:00","dateModified":"2020-05-26T13:44:30+00:00","breadcrumb":{"@id":"https:\/\/lospoliticosveracruz.com\/?p=55439#breadcrumb"},"inLanguage":"es","potentialAction":[{"@type":"ReadAction","target":["https:\/\/lospoliticosveracruz.com\/?p=55439"]}]},{"@type":"ImageObject","inLanguage":"es","@id":"https:\/\/lospoliticosveracruz.com\/?p=55439#primaryimage","url":"https:\/\/lospoliticosveracruz.com\/wp-content\/uploads\/2019\/03\/Cuic-y-AMLO-Gira.jpg","contentUrl":"https:\/\/lospoliticosveracruz.com\/wp-content\/uploads\/2019\/03\/Cuic-y-AMLO-Gira.jpg","width":600,"height":475},{"@type":"BreadcrumbList","@id":"https:\/\/lospoliticosveracruz.com\/?p=55439#breadcrumb","itemListElement":[{"@type":"ListItem","position":1,"name":"Portada","item":"https:\/\/lospoliticosveracruz.com\/"},{"@type":"ListItem","position":2,"name":"El enclenque apoyo de AMLO a Cuic"}]},{"@type":"WebSite","@id":"https:\/\/lospoliticosveracruz.com\/#website","url":"https:\/\/lospoliticosveracruz.com\/","name":"Los pol\u00edticos Veracruz","description":"","publisher":{"@id":"https:\/\/lospoliticosveracruz.com\/#organization"},"potentialAction":[{"@type":"SearchAction","target":{"@type":"EntryPoint","urlTemplate":"https:\/\/lospoliticosveracruz.com\/?s={search_term_string}"},"query-input":{"@type":"PropertyValueSpecification","valueRequired":true,"valueName":"search_term_string"}}],"inLanguage":"es"},{"@type":"Organization","@id":"https:\/\/lospoliticosveracruz.com\/#organization","name":"Los pol\u00edticos Veracruz","url":"https:\/\/lospoliticosveracruz.com\/","logo":{"@type":"ImageObject","inLanguage":"es","@id":"https:\/\/lospoliticosveracruz.com\/#\/schema\/logo\/image\/","url":"https:\/\/lospoliticosveracruz.com\/wp-content\/uploads\/2025\/12\/Logo-Nuevo-LOS-POLITICOS-1.jpg","contentUrl":"https:\/\/lospoliticosveracruz.com\/wp-content\/uploads\/2025\/12\/Logo-Nuevo-LOS-POLITICOS-1.jpg","width":260,"height":70,"caption":"Los pol\u00edticos Veracruz"},"image":{"@id":"https:\/\/lospoliticosveracruz.com\/#\/schema\/logo\/image\/"},"sameAs":["https:\/\/www.facebook.com\/people\/Notimemes-de-los-Polticos\/61565672886568\/","https:\/\/x.com\/LosPoliticosVer"]},{"@type":"Person","@id":"https:\/\/lospoliticosveracruz.com\/#\/schema\/person\/b8702bb0e538456e6efd07080bf2a4a2","name":"Lo viste en Los Pol\u00edticos","image":{"@type":"ImageObject","inLanguage":"es","@id":"https:\/\/secure.gravatar.com\/avatar\/3a8de04a2656d44082be478bd6c086daa447c4651605818287b9532d3d0bd435?s=96&d=mm&r=g","url":"https:\/\/secure.gravatar.com\/avatar\/3a8de04a2656d44082be478bd6c086daa447c4651605818287b9532d3d0bd435?s=96&d=mm&r=g","contentUrl":"https:\/\/secure.gravatar.com\/avatar\/3a8de04a2656d44082be478bd6c086daa447c4651605818287b9532d3d0bd435?s=96&d=mm&r=g","caption":"Lo viste en Los Pol\u00edticos"},"url":"https:\/\/lospoliticosveracruz.com\/?author=2"}]}},"_links":{"self":[{"href":"https:\/\/lospoliticosveracruz.com\/index.php?rest_route=\/wp\/v2\/posts\/55439","targetHints":{"allow":["GET"]}}],"collection":[{"href":"https:\/\/lospoliticosveracruz.com\/index.php?rest_route=\/wp\/v2\/posts"}],"about":[{"href":"https:\/\/lospoliticosveracruz.com\/index.php?rest_route=\/wp\/v2\/types\/post"}],"author":[{"embeddable":true,"href":"https:\/\/lospoliticosveracruz.com\/index.php?rest_route=\/wp\/v2\/users\/2"}],"replies":[{"embeddable":true,"href":"https:\/\/lospoliticosveracruz.com\/index.php?rest_route=%2Fwp%2Fv2%2Fcomments&post=55439"}],"version-history":[{"count":2,"href":"https:\/\/lospoliticosveracruz.com\/index.php?rest_route=\/wp\/v2\/posts\/55439\/revisions"}],"predecessor-version":[{"id":55441,"href":"https:\/\/lospoliticosveracruz.com\/index.php?rest_route=\/wp\/v2\/posts\/55439\/revisions\/55441"}],"wp:featuredmedia":[{"embeddable":true,"href":"https:\/\/lospoliticosveracruz.com\/index.php?rest_route=\/wp\/v2\/media\/47630"}],"wp:attachment":[{"href":"https:\/\/lospoliticosveracruz.com\/index.php?rest_route=%2Fwp%2Fv2%2Fmedia&parent=55439"}],"wp:term":[{"taxonomy":"category","embeddable":true,"href":"https:\/\/lospoliticosveracruz.com\/index.php?rest_route=%2Fwp%2Fv2%2Fcategories&post=55439"},{"taxonomy":"post_tag","embeddable":true,"href":"https:\/\/lospoliticosveracruz.com\/index.php?rest_route=%2Fwp%2Fv2%2Ftags&post=55439"}],"curies":[{"name":"wp","href":"https:\/\/api.w.org\/{rel}","templated":true}]}}