{"id":55473,"date":"2020-05-26T19:00:49","date_gmt":"2020-05-27T00:00:49","guid":{"rendered":"http:\/\/www.lospoliticosveracruz.com.mx\/?p=55473"},"modified":"2020-05-26T19:00:49","modified_gmt":"2020-05-27T00:00:49","slug":"de-tiliches-y-cachivaches-1","status":"publish","type":"post","link":"https:\/\/lospoliticosveracruz.com\/?p=55473","title":{"rendered":"De tiliches y cachivaches (1)"},"content":{"rendered":"<p><strong>Jorge Arturo Rodr\u00edguez<\/strong><\/p>\n<p><em>Tierra de Babel<\/em><\/p>\n<p style=\"text-align: right;\"><em>\u201cLa amistad nos ayuda a vivir: el amor nos ayuda a morir\u201d (A. Ortiz-Os\u00e9s).<\/em><\/p>\n<p style=\"text-align: right;\"><em>A Gustavo Cadena Mathey<\/em><\/p>\n<p>En lo que va del confinamiento y del miedo que nos arrastra a quedarnos en casa \u2013no a todos, desde luego, porque a algunos les vale la que nos trajo- cada quien, cada familia, pareja, cada persona sola, nos las arreglamos para no terminar con los nervios destrozados, o descuartizados unos sobre los otros, o pa\u2019 no morir de hambre. Las ocurrencias est\u00e1n en su punto \u2013no me refiero al gobierno, eh, ese es otro cantar, desentonado, por cierto-; inventamos y hacemos cada pendejada pa\u2019 no aburrirnos y no desesperarnos. Dormimos, comemos, bebemos, evacuamos \u2013iba a decir cagamos, pero es preferible el eufemismo para los castos o\u00eddos-, hacemos el amor \u2013iba a escribir cogemos, pero ya saben-, y lo que se nos ocurra; buscamos en qu\u00e9 entretenernos. Vemos la tele, vaya el internet, estamos metidos en las redes sociales, vemos las noticias sobre el coronavirus, violencia, fin del mundo y dem\u00e1s porque necesitamos que nos caguen de miedo, nos gusta la mala vida; nos la pasamos mirando pel\u00edculas palomeras, muy pocas veces cine de arte, pa\u2019 qu\u00e9 complicarse la vida si ya est\u00e1 de la chingada. Leemos algunos libros, para qu\u00e9 complicarnos, mucho menos libros de altura, esos que est\u00e1n arriba de la estanter\u00eda.<br \/>\nEn fin, inventando que sue\u00f1o o so\u00f1ando que invento, \u00bfo no, Jos\u00e9 Agust\u00edn? En pl\u00e1tica por watsap con mi amigo el destacado y reconocido periodista \u2013y mi ex jefe en Comunicaci\u00f3n Social de no recuerdo qu\u00e9 Legislatura estatal-, Gustavo Cadena Mathey, le pregunt\u00e9 lo cl\u00e1sico: \u201c\u00bfC\u00f3mo est\u00e1n?\u201d, a lo que me respondi\u00f3 lo cl\u00e1sico: \u201cBien, aqu\u00ed con la familia\u201d. (Cl\u00e1sico es sin\u00f3nimo, a veces, de seguir la corriente y entablar un di\u00e1logo, es decir, funci\u00f3n f\u00e1tica). En la pl\u00e1tica me coment\u00f3 algo as\u00ed como: \u201cAqu\u00ed, en el cuarto de tiliches\u201d, y me supuse que pa\u2019 matar el tiempo. Entonces me dijo que estar\u00eda bien que en uno de mis art\u00edculos comentara algo al respecto. Record\u00e9 lo que escribi\u00f3 Cior\u00e1n: \u201cMi misi\u00f3n es matar el tiempo, y la del tiempo es matarme en su turno a m\u00ed. Qu\u00e9 c\u00f3modo se encuentra uno entre asesinos\u201d.<br \/>\nLe dije a Gustavo que lo comentar\u00eda, pero para ello tuve que meterme entre los tiliches o cachivaches que creo a todos nos rodean, sobre todo si nos mudamos de casa. Pero en esta ocasi\u00f3n era para pasar el tiempo en este encierro donde estamos.<br \/>\nEs de aclararse que tiliches o cachivaches significa \u201ctrasto sin valor o de poca utilidad\u201d, \u201cObjeto, generalmente de escasa utilidad, al que se concede poco valor\u201d, incluso que no se sabe c\u00f3mo nombrarlo ni donde madres ponerlo, tirarlo o, en lo mejor de los casos, regalarlo, pero \u00bf\u00a1qui\u00e9n madres quiere tiliches!? Quiz\u00e1s los m\u00e1s jodidos que uno, o el \u201c\u00a1Fierro viejo que vendan!\u201d El caso es que me puse a la tarea de acomodar mis tiliches o cachivaches y me di cuenta que realmente tienen mucho valor. Porque ni siquiera fue una terapia ocupacional, o porque as\u00ed lo orden\u00f3 quien es due\u00f1a de la quincena; fue porque de ese modo \u2013lo comprend\u00ed luego- nos entrecruzamos a distancia con el pasado, el \u201chubiera\u201d, el presente y el ma\u00f1ana.<br \/>\nEs as\u00ed que, por solo ejemplos, y hablando del Congreso de Veracruz, donde trabajo desde hace m\u00e1s de veinte a\u00f1os, encontr\u00e9 documentos donde le\u00ed que en la LIV Legislatura del Estado (1986\/89), la Comisi\u00f3n Permanente de Justicia y Puntos Constitucionales, estuvo integrada por los diputados \u2013algunos que Dios los tenga en su gloria-, Fluvio C\u00e9sar Vista Altamirano, presidente; Francisco Mora Dom\u00ednguez y Gabriel Fuster Jim\u00e9nez, vocales. En esta Legislatura, estuvo como vocal de la Comisi\u00f3n de Gobernaci\u00f3n el diputado Jorge Moreno Salinas.<br \/>\nEn la LV Legislatura local (1989\/92), la Comisi\u00f3n Permanente de Justicia y Puntos Constitucionales, estuvo integrada por los diputados Felipe Amadeo Flores Espinoza, presidente; Roberto Bravo Garz\u00f3n e Isauro Cuellar Carranza, vocales.<br \/>\nEn la LVI Legislatura estatal (1992\/95), integraron esa misma Comisi\u00f3n, los diputados Emilio Gidi Villarreal, presidente; Francisco Loyo Ramos y Esteban Lameiras y Olvera, vocales. Por ah\u00ed estuvo tambi\u00e9n presidiendo la Comisi\u00f3n Permanente de Organizaci\u00f3n Pol\u00edtica y Procesos Electorales, el diputado Jorge Moreno Salinas.<br \/>\nEn la LVII Legislatura local (1995\/98), en la Comisi\u00f3n de Justicia y Puntos Constitucionales, estuvieron los diputados Pericles Namorado Urrutia, presidente; Celestino Ortiz Denetro y Uriel Flores Aguayo, vocales. Por ah\u00ed anduvo el diputado Jos\u00e9 Manuel Pozos Castro como presidente de Comisi\u00f3n Permanente de Trabajo y Previsi\u00f3n Social.<br \/>\nEntre tiliches o cachivaches te veas. Es bueno adentrarse y volver al futuro. En pr\u00f3xima entrega les paso otros datitos que encontr\u00e9, como cuando se fue el Gobernador del Estado Fernando Guti\u00e9rrez Barrios a formar parte del Gabinete del Presidente Carlos Salinas de Gortari (\u00a1ay, nanitas!), y designaron como Gobernador de Veracruz sustituto a Dante Delgado Rannauro. \u00bfRecordar es vivir?<\/p>\n<p><strong>Los d\u00edas y los temas<\/strong><\/p>\n<p>Tons, entre tiliches y cachivaches encontr\u00e9 una publicaci\u00f3n de cuatro p\u00e1ginas tama\u00f1o doble carta, editada por la Universidad Aut\u00f3noma Metropolitana, llamada \u201cTejav\u00e1n\u201d, de febrero de 1987, siendo el editor \u00c1ngel Jos\u00e9 Fern\u00e1ndez, y el Consejo Editorial lo integraban Jorge Brash, Marco Antonio Campos, Luis Hern\u00e1ndez Palacios, Enrique L\u00f3pez Aguilar y Guillermo Samperio. Vi\u00f1etas de Elsa Beverido.<br \/>\nAh\u00ed aparecen poemas de varios compa\u00f1eros \u2013unos ya descansando-, como Jorge Lobillo, Librado Basilio, Maliyel Beverido, Carlomagno Sol, Carlos Islas, Esther Hern\u00e1ndez Palacios, Jos\u00e9 Homero, Jos\u00e9 Antonio Rodr\u00edguez Villalvazo, entre otros.<br \/>\nAh\u00ed se leen unos textos de un servidor; les comparto uno:<\/p>\n<p>\u201cTu cuerpo<br \/>\nabierto<br \/>\nal orgi\u00e1stico susurro<br \/>\nde mis manos en movimiento<br \/>\nengrandece la marejada de mi insomnio.\u201d<\/p>\n<p>\u00bfY sus tiliches o cachivaches? Ah\u00ed me cuentan.<\/p>\n<p><strong>De cinismo y anexas<\/strong><\/p>\n<p>Lo prometido es deuda, ah\u00ed les van otros aforismos de varios autores.<\/p>\n<p>*Los Papas mueren sin recibir la bendici\u00f3n de Su Santidad. (Enrique Jardiel Poncela).<br \/>\n*Si un hombre que no sabe contar encuentra un tr\u00e9bol de cuatro hojas, \u00bftiene tambi\u00e9n derecho a la suerte? (S. J. Lec).<br \/>\n*\u00a1Levantarse y andar, qu\u00e9 suerte! (P. Handke).<\/p>\n<p>Ah\u00ed se ven.<\/p>\n","protected":false},"excerpt":{"rendered":"<p>Jorge Arturo Rodr\u00edguez Tierra de Babel \u201cLa amistad nos ayuda a vivir: el amor nos ayuda a morir\u201d (A. Ortiz-Os\u00e9s). A Gustavo Cadena Mathey En lo que va del confinamiento y del miedo que nos arrastra a quedarnos en casa \u2013no a todos, desde luego, porque a algunos les vale la que nos trajo- cada [&hellip;]<\/p>\n","protected":false},"author":2,"featured_media":0,"comment_status":"open","ping_status":"open","sticky":false,"template":"","format":"standard","meta":{"tdm_status":"","tdm_grid_status":"","footnotes":""},"categories":[70],"tags":[18113,18130,18131,3223,18119,393,1006,18126,2587,18124,18118,4938,2051,611,18116,1759,4220,18115,18125,2820,18117,2677,18122,18127,4619,3008,18133,18132,11958,18128,18114,16630,18129,18123,8392,367,18120,18112,2552],"class_list":{"0":"post-55473","1":"post","2":"type-post","3":"status-publish","4":"format-standard","6":"category-de-opinion","7":"tag-cachivaches","8":"tag-carlomagno-sol","9":"tag-carlos-islas","10":"tag-carlos-salinas-de-gortari","11":"tag-celestino-ortiz-denetro","12":"tag-congreso-de-veracruz","13":"tag-dante-delgado-rannauro","14":"tag-elsa-beverido","15":"tag-emilio-gidi-villarreal","16":"tag-enrique-lopez-aguilar","17":"tag-esteban-lameiras-y-olvera","18":"tag-esther-hernandez-palacios","19":"tag-felipe-amadeo-flores-espinosa","20":"tag-fernando-gutierrez-barrios","21":"tag-fluvio-cesar-vista-altamirano","22":"tag-francisco-loyo-ramos","23":"tag-francisco-mora-dominguez","24":"tag-gabriel-fuster-jimenez","25":"tag-guillermo-samperio","26":"tag-gustavo-cadena-mathey","27":"tag-isauro-cuellar-carranza","28":"tag-jorge-arturo-rodriguez","29":"tag-jorge-brash","30":"tag-jorge-lobillo","31":"tag-jorge-moreno-salinas","32":"tag-jose-agustin","33":"tag-jose-antonio-rodriguez-villalvazo","34":"tag-jose-homero","35":"tag-jose-manuel-pozos-castro","36":"tag-librado-basilio","37":"tag-liv-legislatura","38":"tag-luis-hernandez-palacios","39":"tag-maliyel-beverido","40":"tag-marco-antonio-campos","41":"tag-pericles-namorado-urrutia","42":"tag-roberto-bravo-garzon","43":"tag-tejavan","44":"tag-tiliches","45":"tag-uriel-flores-aguayo"},"yoast_head":"<!-- This site is optimized with the Yoast SEO plugin v27.4 - https:\/\/yoast.com\/product\/yoast-seo-wordpress\/ -->\n<title>De tiliches y cachivaches (1) - Los pol\u00edticos Veracruz<\/title>\n<meta name=\"robots\" content=\"index, follow, max-snippet:-1, max-image-preview:large, max-video-preview:-1\" \/>\n<link rel=\"canonical\" href=\"https:\/\/lospoliticosveracruz.com\/?p=55473\" \/>\n<meta property=\"og:locale\" content=\"es_ES\" \/>\n<meta property=\"og:type\" content=\"article\" \/>\n<meta property=\"og:title\" content=\"De tiliches y cachivaches (1) - Los pol\u00edticos Veracruz\" \/>\n<meta property=\"og:description\" content=\"Jorge Arturo Rodr\u00edguez Tierra de Babel \u201cLa amistad nos ayuda a vivir: el amor nos ayuda a morir\u201d (A. Ortiz-Os\u00e9s). A Gustavo Cadena Mathey En lo que va del confinamiento y del miedo que nos arrastra a quedarnos en casa \u2013no a todos, desde luego, porque a algunos les vale la que nos trajo- cada [&hellip;]\" \/>\n<meta property=\"og:url\" content=\"https:\/\/lospoliticosveracruz.com\/?p=55473\" \/>\n<meta property=\"og:site_name\" content=\"Los pol\u00edticos Veracruz\" \/>\n<meta property=\"article:publisher\" content=\"https:\/\/www.facebook.com\/people\/Notimemes-de-los-Polticos\/61565672886568\/\" \/>\n<meta property=\"article:published_time\" content=\"2020-05-27T00:00:49+00:00\" \/>\n<meta property=\"og:image\" content=\"https:\/\/lospoliticosveracruz.com\/wp-content\/uploads\/2016\/07\/Logo-Dor.jpg\" \/>\n\t<meta property=\"og:image:width\" content=\"200\" \/>\n\t<meta property=\"og:image:height\" content=\"200\" \/>\n\t<meta property=\"og:image:type\" content=\"image\/jpeg\" \/>\n<meta name=\"author\" content=\"Lo viste en Los Pol\u00edticos\" \/>\n<meta name=\"twitter:card\" content=\"summary_large_image\" \/>\n<meta name=\"twitter:creator\" content=\"@LosPoliticosVer\" \/>\n<meta name=\"twitter:site\" content=\"@LosPoliticosVer\" \/>\n<meta name=\"twitter:label1\" content=\"Escrito por\" \/>\n\t<meta name=\"twitter:data1\" content=\"Lo viste en Los Pol\u00edticos\" \/>\n\t<meta name=\"twitter:label2\" content=\"Tiempo de lectura\" \/>\n\t<meta name=\"twitter:data2\" content=\"5 minutos\" \/>\n<script type=\"application\/ld+json\" class=\"yoast-schema-graph\">{\"@context\":\"https:\\\/\\\/schema.org\",\"@graph\":[{\"@type\":\"Article\",\"@id\":\"https:\\\/\\\/lospoliticosveracruz.com\\\/?p=55473#article\",\"isPartOf\":{\"@id\":\"https:\\\/\\\/lospoliticosveracruz.com\\\/?p=55473\"},\"author\":{\"name\":\"Lo viste en Los Pol\u00edticos\",\"@id\":\"https:\\\/\\\/lospoliticosveracruz.com\\\/#\\\/schema\\\/person\\\/b8702bb0e538456e6efd07080bf2a4a2\"},\"headline\":\"De tiliches y cachivaches (1)\",\"datePublished\":\"2020-05-27T00:00:49+00:00\",\"mainEntityOfPage\":{\"@id\":\"https:\\\/\\\/lospoliticosveracruz.com\\\/?p=55473\"},\"wordCount\":1070,\"commentCount\":0,\"publisher\":{\"@id\":\"https:\\\/\\\/lospoliticosveracruz.com\\\/#organization\"},\"keywords\":[\"cachivaches\",\"Carlomagno Sol\",\"Carlos Islas\",\"Carlos Salinas de Gortari\",\"Celestino Ortiz Denetro\",\"Congreso de Veracruz\",\"Dante Delgado Rannauro\",\"Elsa Beverido\",\"Emilio Gidi Villarreal\",\"Enrique L\u00f3pez Aguilar\",\"Esteban Lameiras y Olvera\",\"Esther Hern\u00e1ndez Palacios\",\"Felipe Amadeo Flores Espinosa\",\"Fernando Guti\u00e9rrez Barrios\",\"Fluvio C\u00e9sar Vista Altamirano\",\"Francisco Loyo Ramos\",\"Francisco Mora Dom\u00ednguez\",\"Gabriel Fuster Jim\u00e9nez\",\"Guillermo Samperio\",\"Gustavo Cadena Mathey\",\"Isauro Cu\u00e9llar Carranza\",\"Jorge Arturo Rodr\u00edguez\",\"Jorge Brash\",\"Jorge Lobillo\",\"Jorge Moreno Salinas\",\"Jos\u00e9 Agust\u00edn\",\"Jos\u00e9 Antonio Rodr\u00edguez Villalvazo\",\"Jos\u00e9 Homero\",\"Jos\u00e9 Manuel Pozos Castro\",\"Librado Basilio\",\"LIV Legislatura\",\"Luis Hern\u00e1ndez Palacios\",\"Maliyel Beverido\",\"Marco Antonio Campos\",\"Pericles Namorado Urrutia\",\"Roberto Bravo Garz\u00f3n\",\"Tejav\u00e1n\",\"tiliches\",\"Uriel Flores Aguayo\"],\"articleSection\":[\"De Opini\u00f3n\"],\"inLanguage\":\"es\",\"potentialAction\":[{\"@type\":\"CommentAction\",\"name\":\"Comment\",\"target\":[\"https:\\\/\\\/lospoliticosveracruz.com\\\/?p=55473#respond\"]}]},{\"@type\":\"WebPage\",\"@id\":\"https:\\\/\\\/lospoliticosveracruz.com\\\/?p=55473\",\"url\":\"https:\\\/\\\/lospoliticosveracruz.com\\\/?p=55473\",\"name\":\"De tiliches y cachivaches (1) - Los pol\u00edticos Veracruz\",\"isPartOf\":{\"@id\":\"https:\\\/\\\/lospoliticosveracruz.com\\\/#website\"},\"datePublished\":\"2020-05-27T00:00:49+00:00\",\"breadcrumb\":{\"@id\":\"https:\\\/\\\/lospoliticosveracruz.com\\\/?p=55473#breadcrumb\"},\"inLanguage\":\"es\",\"potentialAction\":[{\"@type\":\"ReadAction\",\"target\":[\"https:\\\/\\\/lospoliticosveracruz.com\\\/?p=55473\"]}]},{\"@type\":\"BreadcrumbList\",\"@id\":\"https:\\\/\\\/lospoliticosveracruz.com\\\/?p=55473#breadcrumb\",\"itemListElement\":[{\"@type\":\"ListItem\",\"position\":1,\"name\":\"Portada\",\"item\":\"https:\\\/\\\/lospoliticosveracruz.com\\\/\"},{\"@type\":\"ListItem\",\"position\":2,\"name\":\"De tiliches y cachivaches (1)\"}]},{\"@type\":\"WebSite\",\"@id\":\"https:\\\/\\\/lospoliticosveracruz.com\\\/#website\",\"url\":\"https:\\\/\\\/lospoliticosveracruz.com\\\/\",\"name\":\"Los pol\u00edticos Veracruz\",\"description\":\"\",\"publisher\":{\"@id\":\"https:\\\/\\\/lospoliticosveracruz.com\\\/#organization\"},\"potentialAction\":[{\"@type\":\"SearchAction\",\"target\":{\"@type\":\"EntryPoint\",\"urlTemplate\":\"https:\\\/\\\/lospoliticosveracruz.com\\\/?s={search_term_string}\"},\"query-input\":{\"@type\":\"PropertyValueSpecification\",\"valueRequired\":true,\"valueName\":\"search_term_string\"}}],\"inLanguage\":\"es\"},{\"@type\":\"Organization\",\"@id\":\"https:\\\/\\\/lospoliticosveracruz.com\\\/#organization\",\"name\":\"Los pol\u00edticos Veracruz\",\"url\":\"https:\\\/\\\/lospoliticosveracruz.com\\\/\",\"logo\":{\"@type\":\"ImageObject\",\"inLanguage\":\"es\",\"@id\":\"https:\\\/\\\/lospoliticosveracruz.com\\\/#\\\/schema\\\/logo\\\/image\\\/\",\"url\":\"https:\\\/\\\/lospoliticosveracruz.com\\\/wp-content\\\/uploads\\\/2025\\\/12\\\/Logo-Nuevo-LOS-POLITICOS-1.jpg\",\"contentUrl\":\"https:\\\/\\\/lospoliticosveracruz.com\\\/wp-content\\\/uploads\\\/2025\\\/12\\\/Logo-Nuevo-LOS-POLITICOS-1.jpg\",\"width\":260,\"height\":70,\"caption\":\"Los pol\u00edticos Veracruz\"},\"image\":{\"@id\":\"https:\\\/\\\/lospoliticosveracruz.com\\\/#\\\/schema\\\/logo\\\/image\\\/\"},\"sameAs\":[\"https:\\\/\\\/www.facebook.com\\\/people\\\/Notimemes-de-los-Polticos\\\/61565672886568\\\/\",\"https:\\\/\\\/x.com\\\/LosPoliticosVer\"]},{\"@type\":\"Person\",\"@id\":\"https:\\\/\\\/lospoliticosveracruz.com\\\/#\\\/schema\\\/person\\\/b8702bb0e538456e6efd07080bf2a4a2\",\"name\":\"Lo viste en Los Pol\u00edticos\",\"image\":{\"@type\":\"ImageObject\",\"inLanguage\":\"es\",\"@id\":\"https:\\\/\\\/secure.gravatar.com\\\/avatar\\\/3a8de04a2656d44082be478bd6c086daa447c4651605818287b9532d3d0bd435?s=96&d=mm&r=g\",\"url\":\"https:\\\/\\\/secure.gravatar.com\\\/avatar\\\/3a8de04a2656d44082be478bd6c086daa447c4651605818287b9532d3d0bd435?s=96&d=mm&r=g\",\"contentUrl\":\"https:\\\/\\\/secure.gravatar.com\\\/avatar\\\/3a8de04a2656d44082be478bd6c086daa447c4651605818287b9532d3d0bd435?s=96&d=mm&r=g\",\"caption\":\"Lo viste en Los Pol\u00edticos\"},\"url\":\"https:\\\/\\\/lospoliticosveracruz.com\\\/?author=2\"}]}<\/script>\n<!-- \/ Yoast SEO plugin. -->","yoast_head_json":{"title":"De tiliches y cachivaches (1) - Los pol\u00edticos Veracruz","robots":{"index":"index","follow":"follow","max-snippet":"max-snippet:-1","max-image-preview":"max-image-preview:large","max-video-preview":"max-video-preview:-1"},"canonical":"https:\/\/lospoliticosveracruz.com\/?p=55473","og_locale":"es_ES","og_type":"article","og_title":"De tiliches y cachivaches (1) - Los pol\u00edticos Veracruz","og_description":"Jorge Arturo Rodr\u00edguez Tierra de Babel \u201cLa amistad nos ayuda a vivir: el amor nos ayuda a morir\u201d (A. Ortiz-Os\u00e9s). A Gustavo Cadena Mathey En lo que va del confinamiento y del miedo que nos arrastra a quedarnos en casa \u2013no a todos, desde luego, porque a algunos les vale la que nos trajo- cada [&hellip;]","og_url":"https:\/\/lospoliticosveracruz.com\/?p=55473","og_site_name":"Los pol\u00edticos Veracruz","article_publisher":"https:\/\/www.facebook.com\/people\/Notimemes-de-los-Polticos\/61565672886568\/","article_published_time":"2020-05-27T00:00:49+00:00","og_image":[{"width":200,"height":200,"url":"https:\/\/lospoliticosveracruz.com\/wp-content\/uploads\/2016\/07\/Logo-Dor.jpg","type":"image\/jpeg"}],"author":"Lo viste en Los Pol\u00edticos","twitter_card":"summary_large_image","twitter_creator":"@LosPoliticosVer","twitter_site":"@LosPoliticosVer","twitter_misc":{"Escrito por":"Lo viste en Los Pol\u00edticos","Tiempo de lectura":"5 minutos"},"schema":{"@context":"https:\/\/schema.org","@graph":[{"@type":"Article","@id":"https:\/\/lospoliticosveracruz.com\/?p=55473#article","isPartOf":{"@id":"https:\/\/lospoliticosveracruz.com\/?p=55473"},"author":{"name":"Lo viste en Los Pol\u00edticos","@id":"https:\/\/lospoliticosveracruz.com\/#\/schema\/person\/b8702bb0e538456e6efd07080bf2a4a2"},"headline":"De tiliches y cachivaches (1)","datePublished":"2020-05-27T00:00:49+00:00","mainEntityOfPage":{"@id":"https:\/\/lospoliticosveracruz.com\/?p=55473"},"wordCount":1070,"commentCount":0,"publisher":{"@id":"https:\/\/lospoliticosveracruz.com\/#organization"},"keywords":["cachivaches","Carlomagno Sol","Carlos Islas","Carlos Salinas de Gortari","Celestino Ortiz Denetro","Congreso de Veracruz","Dante Delgado Rannauro","Elsa Beverido","Emilio Gidi Villarreal","Enrique L\u00f3pez Aguilar","Esteban Lameiras y Olvera","Esther Hern\u00e1ndez Palacios","Felipe Amadeo Flores Espinosa","Fernando Guti\u00e9rrez Barrios","Fluvio C\u00e9sar Vista Altamirano","Francisco Loyo Ramos","Francisco Mora Dom\u00ednguez","Gabriel Fuster Jim\u00e9nez","Guillermo Samperio","Gustavo Cadena Mathey","Isauro Cu\u00e9llar Carranza","Jorge Arturo Rodr\u00edguez","Jorge Brash","Jorge Lobillo","Jorge Moreno Salinas","Jos\u00e9 Agust\u00edn","Jos\u00e9 Antonio Rodr\u00edguez Villalvazo","Jos\u00e9 Homero","Jos\u00e9 Manuel Pozos Castro","Librado Basilio","LIV Legislatura","Luis Hern\u00e1ndez Palacios","Maliyel Beverido","Marco Antonio Campos","Pericles Namorado Urrutia","Roberto Bravo Garz\u00f3n","Tejav\u00e1n","tiliches","Uriel Flores Aguayo"],"articleSection":["De Opini\u00f3n"],"inLanguage":"es","potentialAction":[{"@type":"CommentAction","name":"Comment","target":["https:\/\/lospoliticosveracruz.com\/?p=55473#respond"]}]},{"@type":"WebPage","@id":"https:\/\/lospoliticosveracruz.com\/?p=55473","url":"https:\/\/lospoliticosveracruz.com\/?p=55473","name":"De tiliches y cachivaches (1) - Los pol\u00edticos Veracruz","isPartOf":{"@id":"https:\/\/lospoliticosveracruz.com\/#website"},"datePublished":"2020-05-27T00:00:49+00:00","breadcrumb":{"@id":"https:\/\/lospoliticosveracruz.com\/?p=55473#breadcrumb"},"inLanguage":"es","potentialAction":[{"@type":"ReadAction","target":["https:\/\/lospoliticosveracruz.com\/?p=55473"]}]},{"@type":"BreadcrumbList","@id":"https:\/\/lospoliticosveracruz.com\/?p=55473#breadcrumb","itemListElement":[{"@type":"ListItem","position":1,"name":"Portada","item":"https:\/\/lospoliticosveracruz.com\/"},{"@type":"ListItem","position":2,"name":"De tiliches y cachivaches (1)"}]},{"@type":"WebSite","@id":"https:\/\/lospoliticosveracruz.com\/#website","url":"https:\/\/lospoliticosveracruz.com\/","name":"Los pol\u00edticos Veracruz","description":"","publisher":{"@id":"https:\/\/lospoliticosveracruz.com\/#organization"},"potentialAction":[{"@type":"SearchAction","target":{"@type":"EntryPoint","urlTemplate":"https:\/\/lospoliticosveracruz.com\/?s={search_term_string}"},"query-input":{"@type":"PropertyValueSpecification","valueRequired":true,"valueName":"search_term_string"}}],"inLanguage":"es"},{"@type":"Organization","@id":"https:\/\/lospoliticosveracruz.com\/#organization","name":"Los pol\u00edticos Veracruz","url":"https:\/\/lospoliticosveracruz.com\/","logo":{"@type":"ImageObject","inLanguage":"es","@id":"https:\/\/lospoliticosveracruz.com\/#\/schema\/logo\/image\/","url":"https:\/\/lospoliticosveracruz.com\/wp-content\/uploads\/2025\/12\/Logo-Nuevo-LOS-POLITICOS-1.jpg","contentUrl":"https:\/\/lospoliticosveracruz.com\/wp-content\/uploads\/2025\/12\/Logo-Nuevo-LOS-POLITICOS-1.jpg","width":260,"height":70,"caption":"Los pol\u00edticos Veracruz"},"image":{"@id":"https:\/\/lospoliticosveracruz.com\/#\/schema\/logo\/image\/"},"sameAs":["https:\/\/www.facebook.com\/people\/Notimemes-de-los-Polticos\/61565672886568\/","https:\/\/x.com\/LosPoliticosVer"]},{"@type":"Person","@id":"https:\/\/lospoliticosveracruz.com\/#\/schema\/person\/b8702bb0e538456e6efd07080bf2a4a2","name":"Lo viste en Los Pol\u00edticos","image":{"@type":"ImageObject","inLanguage":"es","@id":"https:\/\/secure.gravatar.com\/avatar\/3a8de04a2656d44082be478bd6c086daa447c4651605818287b9532d3d0bd435?s=96&d=mm&r=g","url":"https:\/\/secure.gravatar.com\/avatar\/3a8de04a2656d44082be478bd6c086daa447c4651605818287b9532d3d0bd435?s=96&d=mm&r=g","contentUrl":"https:\/\/secure.gravatar.com\/avatar\/3a8de04a2656d44082be478bd6c086daa447c4651605818287b9532d3d0bd435?s=96&d=mm&r=g","caption":"Lo viste en Los Pol\u00edticos"},"url":"https:\/\/lospoliticosveracruz.com\/?author=2"}]}},"_links":{"self":[{"href":"https:\/\/lospoliticosveracruz.com\/index.php?rest_route=\/wp\/v2\/posts\/55473","targetHints":{"allow":["GET"]}}],"collection":[{"href":"https:\/\/lospoliticosveracruz.com\/index.php?rest_route=\/wp\/v2\/posts"}],"about":[{"href":"https:\/\/lospoliticosveracruz.com\/index.php?rest_route=\/wp\/v2\/types\/post"}],"author":[{"embeddable":true,"href":"https:\/\/lospoliticosveracruz.com\/index.php?rest_route=\/wp\/v2\/users\/2"}],"replies":[{"embeddable":true,"href":"https:\/\/lospoliticosveracruz.com\/index.php?rest_route=%2Fwp%2Fv2%2Fcomments&post=55473"}],"version-history":[{"count":1,"href":"https:\/\/lospoliticosveracruz.com\/index.php?rest_route=\/wp\/v2\/posts\/55473\/revisions"}],"predecessor-version":[{"id":55475,"href":"https:\/\/lospoliticosveracruz.com\/index.php?rest_route=\/wp\/v2\/posts\/55473\/revisions\/55475"}],"wp:attachment":[{"href":"https:\/\/lospoliticosveracruz.com\/index.php?rest_route=%2Fwp%2Fv2%2Fmedia&parent=55473"}],"wp:term":[{"taxonomy":"category","embeddable":true,"href":"https:\/\/lospoliticosveracruz.com\/index.php?rest_route=%2Fwp%2Fv2%2Fcategories&post=55473"},{"taxonomy":"post_tag","embeddable":true,"href":"https:\/\/lospoliticosveracruz.com\/index.php?rest_route=%2Fwp%2Fv2%2Ftags&post=55473"}],"curies":[{"name":"wp","href":"https:\/\/api.w.org\/{rel}","templated":true}]}}