{"id":55483,"date":"2020-05-27T09:20:04","date_gmt":"2020-05-27T14:20:04","guid":{"rendered":"http:\/\/www.lospoliticosveracruz.com.mx\/?p=55483"},"modified":"2020-05-27T09:20:04","modified_gmt":"2020-05-27T14:20:04","slug":"todo-empieza-con-un-pequeno-cambio","status":"publish","type":"post","link":"https:\/\/lospoliticosveracruz.com\/?p=55483","title":{"rendered":"Todo empieza con un peque\u00f1o cambio"},"content":{"rendered":"<p><strong>Maricarmen Garc\u00eda El\u00edas<\/strong><\/p>\n<p><em>Animalia<\/em><\/p>\n<p>Se dice que las grandes transformaciones\u00a0 empiezan con un peque\u00f1o cambio, al igual que cambiar tus pensamientos puede cambiar tu mundo, cambiar tu alimentaci\u00f3n a un estilo sano que no incluya animales, cambiar\u00e1 la salud de tu cuerpo significativamente.<\/p>\n<p>En mi caso no recuerdo si ten\u00eda 9 o 10 a\u00f1os cuando me toc\u00f3 presenciar en un pueblito cercano a la ciudad donde nac\u00ed el sacrificio\u00a0 de un cerdo, el animal estaba acostado sobre una mesa boca arriba mientras 4 hombres lo agarraban por las patas y otro m\u00e1s le clavaba un cuchillo, el animal al sentir la pu\u00f1alada\u00a0 brinc\u00f3 de la mesa y trat\u00f3 de escapar in\u00fatilmente pues alcanz\u00f3 a dar unos pocos pasos cuando cay\u00f3 y fue sujetado por uno de los hombres que ah\u00ed en la tierra le dio otra pu\u00f1alada\u00a0 mientras otro le sorrajaba en la cabeza un ladrillo, el animalito chillaba con toda la fuerza que a\u00fan le quedaba mientras se hac\u00eda un charco de sangre enorme, eso para m\u00ed signific\u00f3 el final de mi infancia pues a partir de ah\u00ed todo cambi\u00f3.<\/p>\n<p>De peque\u00f1a la carne nunca me gust\u00f3 comerla, era un suplicio; cuando me tocaba carne sol\u00eda d\u00e1rsela a mis perros por debajo de la mesa pero a ra\u00edz de ese episodio me promet\u00ed que jam\u00e1s comer\u00eda carne\u00a0 ni usar\u00eda cosas de piel y pocos a\u00f1os despu\u00e9s pude lograrlo. Entonces a\u00fan peque\u00f1a investigaba sobre el maltrato animal, me dio empat\u00eda hacia todos los seres vivos y comenc\u00e9 a ponerme en el lugar de los dem\u00e1s en especial de los m\u00e1s desfavorecidos como los ni\u00f1os maltratados o en situaci\u00f3n de calle, o los sin voz como los animales.<\/p>\n<p>Ya con el tiempo surgi\u00f3 la facilidad de la red y entonces se compart\u00edan toda clase de videos con material explicito\u00a0 que concientizaban sobre el maltrato animal y la forma en que operan los mataderos, tambi\u00e9n fue la \u00e9poca donde conoc\u00ed a varias personas de todo el pa\u00eds que al igual que yo picaron piedra en el tema pues todav\u00eda\u00a0 a finales de los 90\u00b4s y mediados del 2000 pensar que los animales fueran sujeto de derecho era cosa de locos al menos en Veracruz y en el pa\u00eds. Estudi\u00e9 dos carreras Ciencias de la Comunicaci\u00f3n y Derecho pues cre\u00eda firmemente que podr\u00eda defender a los animales y a los ni\u00f1os alg\u00fan d\u00eda pero con la ley, al salir fue entonces que daba clases y trabajaba en un noticiero de radio, luego entr\u00e9 a la administraci\u00f3n p\u00fablica en el \u00e1rea de comunicaci\u00f3n primero, despu\u00e9s como asesor legislativo y luego como servidor p\u00fablico.<\/p>\n<p>Hoy gracias al movimiento mundial\u00a0 que se form\u00f3 en torno, \u00a0a estas personas se les conoce como animalistas, t\u00e9rmino acu\u00f1ado por los precursores de la defensa animal en el mundo que desde los sesentas o antes iniciaron acciones importantes como la Declaraci\u00f3n Universal de los Derechos de los Animales. En Veracruz se fue trabajando desde diversas trincheras, \u00edbamos a protestar all\u00e1 por el 2003 afuera de los circos para que la gente no entrara o en Plaza Lerdo, contra el embalse de toros. En enero de 2009 con varios compa\u00f1eros periodistas del estado coincidimos en emitir un desplegado contra la barbarie del embalse de toros en Tlacotalpan, mismo que amablemente varios medios impresos publicaron en planas completas.<\/p>\n<p>Ya desde los 90\u00b4s Ofelia Alarc\u00f3n (qepd) trabajaba fuerte creando Amigos de los Animales que hoy es todo un referente en protecci\u00f3n de animales en situaci\u00f3n de calle y quienes inculcaron en la poblaci\u00f3n la cultura de esterilizar a nuestras mascotas, lo mismo Rosina Callejas y La Roca en el Puerto de Veracruz y as\u00ed con el tiempo conoc\u00ed a m\u00e1s personas valiosas como la Dra. Gabriela Castro de CODEBA, Elideth Fern\u00e1ndez de Movimiento Consciencia en M\u00e9xico, Martha Alarc\u00f3n, Isis Guill\u00e9n, Cecy Mart\u00ednez , Balo Dur\u00e1n , Chava de Opra y muchos otros activistas de Xalapa y el estado, adem\u00e1s de respetados activistas del extranjero, grandes personas todas, \u00a0que no acabar\u00eda de enlistar con quienes trabajamos en importantes leyes de protecci\u00f3n animal: Tipificaci\u00f3n del maltrato animal en el C\u00f3digo Penal, Conversi\u00f3n a Santuarios, Prohibici\u00f3n de menores de edad en las corridas de toros, modificaciones a la Ley Estatal de Protecci\u00f3n Animal, etc. que hoy son una realidad y resultado del trabajo y esfuerzo de muchas personas m\u00e1s all\u00e1 de que se apliquen o no por el desconocimiento, la incompetencia y\/ o lentitud de algunos servidores p\u00fablicos.\u00a0 Mencionar tambi\u00e9n que un sinf\u00edn de animalistas tienen posgrados, hablan varios idiomas, y con todo eso un coraz\u00f3n humilde.<\/p>\n<p>Un merecido reconocimiento a todos los animalistas y rescatistas del pasado y del presente, que siguen trabajando d\u00eda a d\u00eda, porque ser animalista implica muchos sacrificios personales e importantes de nuestras vidas en la lucha por los ideales de un mundo mejor y m\u00e1s compasivo como herencia para las futuras generaciones.<\/p>\n<p>gaem80@gmail.com<\/p>\n","protected":false},"excerpt":{"rendered":"<p>Maricarmen Garc\u00eda El\u00edas Animalia Se dice que las grandes transformaciones\u00a0 empiezan con un peque\u00f1o cambio, al igual que cambiar tus pensamientos puede cambiar tu mundo, cambiar tu alimentaci\u00f3n a un estilo sano que no incluya animales, cambiar\u00e1 la salud de tu cuerpo significativamente. En mi caso no recuerdo si ten\u00eda 9 o 10 a\u00f1os cuando [&hellip;]<\/p>\n","protected":false},"author":2,"featured_media":0,"comment_status":"open","ping_status":"open","sticky":false,"template":"","format":"standard","meta":{"tdm_status":"","tdm_grid_status":"","footnotes":""},"categories":[6451],"tags":[18158,18160,279,9049,18162,18147,11126,18154,18148,18153,18157,18152,16828,18156,18146,18155,18149,18161,336,189,1654,18151,676,195,96],"class_list":{"0":"post-55483","1":"post","2":"type-post","3":"status-publish","4":"format-standard","6":"category-historias_de_amigos","7":"tag-cecy-martinez","8":"tag-chava","9":"tag-codeba","10":"tag-codigo-penal","11":"tag-conversion-a-santuarios","12":"tag-declaracion-universal-de-los-derechos-de-los-animales","13":"tag-dibujando-perros-en-ipad","14":"tag-elideth-fernandez","15":"tag-embalse-de-toros","16":"tag-gabriela-castro","17":"tag-isis-guillen","18":"tag-la-roca","19":"tag-maricarmen-garcia-elias","20":"tag-martha-alarcon","21":"tag-mataderos","22":"tag-movimiento-consciencia-en-mexico","23":"tag-ofelia-alarcon","24":"tag-opra","25":"tag-perros","26":"tag-plaza-lerdo","27":"tag-puerto-de-veracruz","28":"tag-rosina-callejas","29":"tag-tlacotalpan","30":"tag-veracruz","31":"tag-xalapa"},"yoast_head":"<!-- This site is optimized with the Yoast SEO plugin v27.4 - https:\/\/yoast.com\/product\/yoast-seo-wordpress\/ -->\n<title>Todo empieza con un peque\u00f1o cambio - Los pol\u00edticos Veracruz<\/title>\n<meta name=\"robots\" content=\"index, follow, max-snippet:-1, max-image-preview:large, max-video-preview:-1\" \/>\n<link rel=\"canonical\" href=\"https:\/\/lospoliticosveracruz.com\/?p=55483\" \/>\n<meta property=\"og:locale\" content=\"es_ES\" \/>\n<meta property=\"og:type\" content=\"article\" \/>\n<meta property=\"og:title\" content=\"Todo empieza con un peque\u00f1o cambio - Los pol\u00edticos Veracruz\" \/>\n<meta property=\"og:description\" content=\"Maricarmen Garc\u00eda El\u00edas Animalia Se dice que las grandes transformaciones\u00a0 empiezan con un peque\u00f1o cambio, al igual que cambiar tus pensamientos puede cambiar tu mundo, cambiar tu alimentaci\u00f3n a un estilo sano que no incluya animales, cambiar\u00e1 la salud de tu cuerpo significativamente. En mi caso no recuerdo si ten\u00eda 9 o 10 a\u00f1os cuando [&hellip;]\" \/>\n<meta property=\"og:url\" content=\"https:\/\/lospoliticosveracruz.com\/?p=55483\" \/>\n<meta property=\"og:site_name\" content=\"Los pol\u00edticos Veracruz\" \/>\n<meta property=\"article:publisher\" content=\"https:\/\/www.facebook.com\/people\/Notimemes-de-los-Polticos\/61565672886568\/\" \/>\n<meta property=\"article:published_time\" content=\"2020-05-27T14:20:04+00:00\" \/>\n<meta property=\"og:image\" content=\"https:\/\/lospoliticosveracruz.com\/wp-content\/uploads\/2016\/07\/Logo-Dor.jpg\" \/>\n\t<meta property=\"og:image:width\" content=\"200\" \/>\n\t<meta property=\"og:image:height\" content=\"200\" \/>\n\t<meta property=\"og:image:type\" content=\"image\/jpeg\" \/>\n<meta name=\"author\" content=\"Lo viste en Los Pol\u00edticos\" \/>\n<meta name=\"twitter:card\" content=\"summary_large_image\" \/>\n<meta name=\"twitter:creator\" content=\"@LosPoliticosVer\" \/>\n<meta name=\"twitter:site\" content=\"@LosPoliticosVer\" \/>\n<meta name=\"twitter:label1\" content=\"Escrito por\" \/>\n\t<meta name=\"twitter:data1\" content=\"Lo viste en Los Pol\u00edticos\" \/>\n\t<meta name=\"twitter:label2\" content=\"Tiempo de lectura\" \/>\n\t<meta name=\"twitter:data2\" content=\"4 minutos\" \/>\n<script type=\"application\/ld+json\" class=\"yoast-schema-graph\">{\"@context\":\"https:\\\/\\\/schema.org\",\"@graph\":[{\"@type\":\"Article\",\"@id\":\"https:\\\/\\\/lospoliticosveracruz.com\\\/?p=55483#article\",\"isPartOf\":{\"@id\":\"https:\\\/\\\/lospoliticosveracruz.com\\\/?p=55483\"},\"author\":{\"name\":\"Lo viste en Los Pol\u00edticos\",\"@id\":\"https:\\\/\\\/lospoliticosveracruz.com\\\/#\\\/schema\\\/person\\\/b8702bb0e538456e6efd07080bf2a4a2\"},\"headline\":\"Todo empieza con un peque\u00f1o cambio\",\"datePublished\":\"2020-05-27T14:20:04+00:00\",\"mainEntityOfPage\":{\"@id\":\"https:\\\/\\\/lospoliticosveracruz.com\\\/?p=55483\"},\"wordCount\":879,\"commentCount\":0,\"publisher\":{\"@id\":\"https:\\\/\\\/lospoliticosveracruz.com\\\/#organization\"},\"keywords\":[\"Cecy Mart\u00ednez\",\"Chava\",\"Codeba\",\"C\u00f3digo Penal\",\"Conversi\u00f3n a Santuarios\",\"Declaraci\u00f3n Universal de los Derechos de los Animales\",\"Dibujando Perros en IPAD\",\"Elideth Fern\u00e1ndez\",\"embalse de toros\",\"Gabriela Castro\",\"Isis Guill\u00e9n\",\"La Roca\",\"Maricarmen Garc\u00eda El\u00edas\",\"Martha Alarc\u00f3n\",\"mataderos\",\"Movimiento Consciencia en M\u00e9xico\",\"Ofelia Alarc\u00f3n\",\"Opra\",\"perros\",\"Plaza Lerdo\",\"Puerto de Veracruz\",\"Rosina Callejas\",\"Tlacotalpan\",\"Veracruz\",\"Xalapa\"],\"articleSection\":[\"Historias de Amigos\"],\"inLanguage\":\"es\",\"potentialAction\":[{\"@type\":\"CommentAction\",\"name\":\"Comment\",\"target\":[\"https:\\\/\\\/lospoliticosveracruz.com\\\/?p=55483#respond\"]}]},{\"@type\":\"WebPage\",\"@id\":\"https:\\\/\\\/lospoliticosveracruz.com\\\/?p=55483\",\"url\":\"https:\\\/\\\/lospoliticosveracruz.com\\\/?p=55483\",\"name\":\"Todo empieza con un peque\u00f1o cambio - Los pol\u00edticos Veracruz\",\"isPartOf\":{\"@id\":\"https:\\\/\\\/lospoliticosveracruz.com\\\/#website\"},\"datePublished\":\"2020-05-27T14:20:04+00:00\",\"breadcrumb\":{\"@id\":\"https:\\\/\\\/lospoliticosveracruz.com\\\/?p=55483#breadcrumb\"},\"inLanguage\":\"es\",\"potentialAction\":[{\"@type\":\"ReadAction\",\"target\":[\"https:\\\/\\\/lospoliticosveracruz.com\\\/?p=55483\"]}]},{\"@type\":\"BreadcrumbList\",\"@id\":\"https:\\\/\\\/lospoliticosveracruz.com\\\/?p=55483#breadcrumb\",\"itemListElement\":[{\"@type\":\"ListItem\",\"position\":1,\"name\":\"Portada\",\"item\":\"https:\\\/\\\/lospoliticosveracruz.com\\\/\"},{\"@type\":\"ListItem\",\"position\":2,\"name\":\"Todo empieza con un peque\u00f1o cambio\"}]},{\"@type\":\"WebSite\",\"@id\":\"https:\\\/\\\/lospoliticosveracruz.com\\\/#website\",\"url\":\"https:\\\/\\\/lospoliticosveracruz.com\\\/\",\"name\":\"Los pol\u00edticos Veracruz\",\"description\":\"\",\"publisher\":{\"@id\":\"https:\\\/\\\/lospoliticosveracruz.com\\\/#organization\"},\"potentialAction\":[{\"@type\":\"SearchAction\",\"target\":{\"@type\":\"EntryPoint\",\"urlTemplate\":\"https:\\\/\\\/lospoliticosveracruz.com\\\/?s={search_term_string}\"},\"query-input\":{\"@type\":\"PropertyValueSpecification\",\"valueRequired\":true,\"valueName\":\"search_term_string\"}}],\"inLanguage\":\"es\"},{\"@type\":\"Organization\",\"@id\":\"https:\\\/\\\/lospoliticosveracruz.com\\\/#organization\",\"name\":\"Los pol\u00edticos Veracruz\",\"url\":\"https:\\\/\\\/lospoliticosveracruz.com\\\/\",\"logo\":{\"@type\":\"ImageObject\",\"inLanguage\":\"es\",\"@id\":\"https:\\\/\\\/lospoliticosveracruz.com\\\/#\\\/schema\\\/logo\\\/image\\\/\",\"url\":\"https:\\\/\\\/lospoliticosveracruz.com\\\/wp-content\\\/uploads\\\/2025\\\/12\\\/Logo-Nuevo-LOS-POLITICOS-1.jpg\",\"contentUrl\":\"https:\\\/\\\/lospoliticosveracruz.com\\\/wp-content\\\/uploads\\\/2025\\\/12\\\/Logo-Nuevo-LOS-POLITICOS-1.jpg\",\"width\":260,\"height\":70,\"caption\":\"Los pol\u00edticos Veracruz\"},\"image\":{\"@id\":\"https:\\\/\\\/lospoliticosveracruz.com\\\/#\\\/schema\\\/logo\\\/image\\\/\"},\"sameAs\":[\"https:\\\/\\\/www.facebook.com\\\/people\\\/Notimemes-de-los-Polticos\\\/61565672886568\\\/\",\"https:\\\/\\\/x.com\\\/LosPoliticosVer\"]},{\"@type\":\"Person\",\"@id\":\"https:\\\/\\\/lospoliticosveracruz.com\\\/#\\\/schema\\\/person\\\/b8702bb0e538456e6efd07080bf2a4a2\",\"name\":\"Lo viste en Los Pol\u00edticos\",\"image\":{\"@type\":\"ImageObject\",\"inLanguage\":\"es\",\"@id\":\"https:\\\/\\\/secure.gravatar.com\\\/avatar\\\/3a8de04a2656d44082be478bd6c086daa447c4651605818287b9532d3d0bd435?s=96&d=mm&r=g\",\"url\":\"https:\\\/\\\/secure.gravatar.com\\\/avatar\\\/3a8de04a2656d44082be478bd6c086daa447c4651605818287b9532d3d0bd435?s=96&d=mm&r=g\",\"contentUrl\":\"https:\\\/\\\/secure.gravatar.com\\\/avatar\\\/3a8de04a2656d44082be478bd6c086daa447c4651605818287b9532d3d0bd435?s=96&d=mm&r=g\",\"caption\":\"Lo viste en Los Pol\u00edticos\"},\"url\":\"https:\\\/\\\/lospoliticosveracruz.com\\\/?author=2\"}]}<\/script>\n<!-- \/ Yoast SEO plugin. -->","yoast_head_json":{"title":"Todo empieza con un peque\u00f1o cambio - Los pol\u00edticos Veracruz","robots":{"index":"index","follow":"follow","max-snippet":"max-snippet:-1","max-image-preview":"max-image-preview:large","max-video-preview":"max-video-preview:-1"},"canonical":"https:\/\/lospoliticosveracruz.com\/?p=55483","og_locale":"es_ES","og_type":"article","og_title":"Todo empieza con un peque\u00f1o cambio - Los pol\u00edticos Veracruz","og_description":"Maricarmen Garc\u00eda El\u00edas Animalia Se dice que las grandes transformaciones\u00a0 empiezan con un peque\u00f1o cambio, al igual que cambiar tus pensamientos puede cambiar tu mundo, cambiar tu alimentaci\u00f3n a un estilo sano que no incluya animales, cambiar\u00e1 la salud de tu cuerpo significativamente. En mi caso no recuerdo si ten\u00eda 9 o 10 a\u00f1os cuando [&hellip;]","og_url":"https:\/\/lospoliticosveracruz.com\/?p=55483","og_site_name":"Los pol\u00edticos Veracruz","article_publisher":"https:\/\/www.facebook.com\/people\/Notimemes-de-los-Polticos\/61565672886568\/","article_published_time":"2020-05-27T14:20:04+00:00","og_image":[{"width":200,"height":200,"url":"https:\/\/lospoliticosveracruz.com\/wp-content\/uploads\/2016\/07\/Logo-Dor.jpg","type":"image\/jpeg"}],"author":"Lo viste en Los Pol\u00edticos","twitter_card":"summary_large_image","twitter_creator":"@LosPoliticosVer","twitter_site":"@LosPoliticosVer","twitter_misc":{"Escrito por":"Lo viste en Los Pol\u00edticos","Tiempo de lectura":"4 minutos"},"schema":{"@context":"https:\/\/schema.org","@graph":[{"@type":"Article","@id":"https:\/\/lospoliticosveracruz.com\/?p=55483#article","isPartOf":{"@id":"https:\/\/lospoliticosveracruz.com\/?p=55483"},"author":{"name":"Lo viste en Los Pol\u00edticos","@id":"https:\/\/lospoliticosveracruz.com\/#\/schema\/person\/b8702bb0e538456e6efd07080bf2a4a2"},"headline":"Todo empieza con un peque\u00f1o cambio","datePublished":"2020-05-27T14:20:04+00:00","mainEntityOfPage":{"@id":"https:\/\/lospoliticosveracruz.com\/?p=55483"},"wordCount":879,"commentCount":0,"publisher":{"@id":"https:\/\/lospoliticosveracruz.com\/#organization"},"keywords":["Cecy Mart\u00ednez","Chava","Codeba","C\u00f3digo Penal","Conversi\u00f3n a Santuarios","Declaraci\u00f3n Universal de los Derechos de los Animales","Dibujando Perros en IPAD","Elideth Fern\u00e1ndez","embalse de toros","Gabriela Castro","Isis Guill\u00e9n","La Roca","Maricarmen Garc\u00eda El\u00edas","Martha Alarc\u00f3n","mataderos","Movimiento Consciencia en M\u00e9xico","Ofelia Alarc\u00f3n","Opra","perros","Plaza Lerdo","Puerto de Veracruz","Rosina Callejas","Tlacotalpan","Veracruz","Xalapa"],"articleSection":["Historias de Amigos"],"inLanguage":"es","potentialAction":[{"@type":"CommentAction","name":"Comment","target":["https:\/\/lospoliticosveracruz.com\/?p=55483#respond"]}]},{"@type":"WebPage","@id":"https:\/\/lospoliticosveracruz.com\/?p=55483","url":"https:\/\/lospoliticosveracruz.com\/?p=55483","name":"Todo empieza con un peque\u00f1o cambio - Los pol\u00edticos Veracruz","isPartOf":{"@id":"https:\/\/lospoliticosveracruz.com\/#website"},"datePublished":"2020-05-27T14:20:04+00:00","breadcrumb":{"@id":"https:\/\/lospoliticosveracruz.com\/?p=55483#breadcrumb"},"inLanguage":"es","potentialAction":[{"@type":"ReadAction","target":["https:\/\/lospoliticosveracruz.com\/?p=55483"]}]},{"@type":"BreadcrumbList","@id":"https:\/\/lospoliticosveracruz.com\/?p=55483#breadcrumb","itemListElement":[{"@type":"ListItem","position":1,"name":"Portada","item":"https:\/\/lospoliticosveracruz.com\/"},{"@type":"ListItem","position":2,"name":"Todo empieza con un peque\u00f1o cambio"}]},{"@type":"WebSite","@id":"https:\/\/lospoliticosveracruz.com\/#website","url":"https:\/\/lospoliticosveracruz.com\/","name":"Los pol\u00edticos Veracruz","description":"","publisher":{"@id":"https:\/\/lospoliticosveracruz.com\/#organization"},"potentialAction":[{"@type":"SearchAction","target":{"@type":"EntryPoint","urlTemplate":"https:\/\/lospoliticosveracruz.com\/?s={search_term_string}"},"query-input":{"@type":"PropertyValueSpecification","valueRequired":true,"valueName":"search_term_string"}}],"inLanguage":"es"},{"@type":"Organization","@id":"https:\/\/lospoliticosveracruz.com\/#organization","name":"Los pol\u00edticos Veracruz","url":"https:\/\/lospoliticosveracruz.com\/","logo":{"@type":"ImageObject","inLanguage":"es","@id":"https:\/\/lospoliticosveracruz.com\/#\/schema\/logo\/image\/","url":"https:\/\/lospoliticosveracruz.com\/wp-content\/uploads\/2025\/12\/Logo-Nuevo-LOS-POLITICOS-1.jpg","contentUrl":"https:\/\/lospoliticosveracruz.com\/wp-content\/uploads\/2025\/12\/Logo-Nuevo-LOS-POLITICOS-1.jpg","width":260,"height":70,"caption":"Los pol\u00edticos Veracruz"},"image":{"@id":"https:\/\/lospoliticosveracruz.com\/#\/schema\/logo\/image\/"},"sameAs":["https:\/\/www.facebook.com\/people\/Notimemes-de-los-Polticos\/61565672886568\/","https:\/\/x.com\/LosPoliticosVer"]},{"@type":"Person","@id":"https:\/\/lospoliticosveracruz.com\/#\/schema\/person\/b8702bb0e538456e6efd07080bf2a4a2","name":"Lo viste en Los Pol\u00edticos","image":{"@type":"ImageObject","inLanguage":"es","@id":"https:\/\/secure.gravatar.com\/avatar\/3a8de04a2656d44082be478bd6c086daa447c4651605818287b9532d3d0bd435?s=96&d=mm&r=g","url":"https:\/\/secure.gravatar.com\/avatar\/3a8de04a2656d44082be478bd6c086daa447c4651605818287b9532d3d0bd435?s=96&d=mm&r=g","contentUrl":"https:\/\/secure.gravatar.com\/avatar\/3a8de04a2656d44082be478bd6c086daa447c4651605818287b9532d3d0bd435?s=96&d=mm&r=g","caption":"Lo viste en Los Pol\u00edticos"},"url":"https:\/\/lospoliticosveracruz.com\/?author=2"}]}},"_links":{"self":[{"href":"https:\/\/lospoliticosveracruz.com\/index.php?rest_route=\/wp\/v2\/posts\/55483","targetHints":{"allow":["GET"]}}],"collection":[{"href":"https:\/\/lospoliticosveracruz.com\/index.php?rest_route=\/wp\/v2\/posts"}],"about":[{"href":"https:\/\/lospoliticosveracruz.com\/index.php?rest_route=\/wp\/v2\/types\/post"}],"author":[{"embeddable":true,"href":"https:\/\/lospoliticosveracruz.com\/index.php?rest_route=\/wp\/v2\/users\/2"}],"replies":[{"embeddable":true,"href":"https:\/\/lospoliticosveracruz.com\/index.php?rest_route=%2Fwp%2Fv2%2Fcomments&post=55483"}],"version-history":[{"count":1,"href":"https:\/\/lospoliticosveracruz.com\/index.php?rest_route=\/wp\/v2\/posts\/55483\/revisions"}],"predecessor-version":[{"id":55485,"href":"https:\/\/lospoliticosveracruz.com\/index.php?rest_route=\/wp\/v2\/posts\/55483\/revisions\/55485"}],"wp:attachment":[{"href":"https:\/\/lospoliticosveracruz.com\/index.php?rest_route=%2Fwp%2Fv2%2Fmedia&parent=55483"}],"wp:term":[{"taxonomy":"category","embeddable":true,"href":"https:\/\/lospoliticosveracruz.com\/index.php?rest_route=%2Fwp%2Fv2%2Fcategories&post=55483"},{"taxonomy":"post_tag","embeddable":true,"href":"https:\/\/lospoliticosveracruz.com\/index.php?rest_route=%2Fwp%2Fv2%2Ftags&post=55483"}],"curies":[{"name":"wp","href":"https:\/\/api.w.org\/{rel}","templated":true}]}}