{"id":55531,"date":"2020-05-28T14:32:34","date_gmt":"2020-05-28T19:32:34","guid":{"rendered":"http:\/\/www.lospoliticosveracruz.com.mx\/?p=55531"},"modified":"2020-05-28T14:32:34","modified_gmt":"2020-05-28T19:32:34","slug":"y-cuando-robar-es-legal-que","status":"publish","type":"post","link":"https:\/\/lospoliticosveracruz.com\/?p=55531","title":{"rendered":"Y cuando robar es legal&#8230; \u00bfqu\u00e9?"},"content":{"rendered":"<p><strong>Jorge Viveros Pasquel<\/strong><\/p>\n<p style=\"text-align: right;\"><em>(Def. El robo es un delito contra el patrimonio, consistente en el apoderamiento de bienes ajenos de otras personas de manera fraudulenta)<\/em><\/p>\n<p style=\"text-align: left;\">Confieso que sent\u00ed cierto grado de satisfacci\u00f3n hace unos d\u00edas que vi en redes sociales c\u00f3mo una v\u00edctima, al defenderse de un ladr\u00f3n, lo mataba con su propia arma. La misma reacci\u00f3n de agrado vi replicada en muchos comentarios de otros conocidos que obviamente son consecuencia de una ola de cr\u00edmenes, que no paran, en contra de la vida y del patrimonio de gente honesta. No entrar\u00e9 a debatir aqu\u00ed sobre la \u201cleg\u00edtima defensa\u201d ni mucho menos tratar\u00eda de justificar la acci\u00f3n y el consabido riesgo del que comete y vive de este il\u00edcito.<br \/>\nVolviendo al video de 15 segundos este termina con el cuerpo inerte del asaltante en una calle de M\u00e9xico (que puede ser cualquiera en nuestro pa\u00eds) y al verlo tirado y mal vestido pens\u00e9 en cuanto pod\u00eda haber robado a un simple transe\u00fante; quiz\u00e1 quinientos o mil pesos, y \u00bfcu\u00e1ntos m\u00e1s como ese malviviente habr\u00e1n sobrevivido el d\u00eda para ma\u00f1ana o pasado volver a lo mismo?<br \/>\nSeg\u00fan datos oficiales el a\u00f1o pasado (2019) se cometieron un aproximado de 800 mil robos en territorio nacional, siendo los m\u00e1s comunes el robo a casa habitaci\u00f3n, el de veh\u00edculos o bien el robo en v\u00eda p\u00fablica. Suponiendo que debe ser una actividad redituable, lo cierto es que quienes se dedican a eso tarde o temprano terminan en la c\u00e1rcel o el cementerio. Pero, \u00bfqu\u00e9 pasa con los que roban de manera \u201clegal\u201d?<br \/>\nDel \u201crobo legal\u201d poco o nada se habla a pesar de ser una pr\u00e1ctica muy com\u00fan y extendida para la cual no se requiere ni pistolas ni hay riesgo alguno de muerte o c\u00e1rcel, pero de la que somos v\u00edctimas un n\u00famero mucho mayor de personas que de los otros robos antes mencionados. Pero \u00bfqui\u00e9n o qui\u00e9nes nos roban con la ley en la mano? Les comparto tan s\u00f3lo algunos ejemplos que nos pueden ayudar a responder la pregunta.<br \/>\nSe calcula que en 2019 cerca de 60 millones de mexicanos contaban con al menos un producto financiero, entendido esto como cuentas de cr\u00e9dito o d\u00e9bito, pr\u00e9stamos bancarios, seguros, ahorro para el retiro, etc. De este universo de casi la mitad de la poblaci\u00f3n, \u00bfa cu\u00e1ntos les habr\u00e1 aparecido de repente un seguro de vida, uno de desempleo o alg\u00fan otro \u201cservicio\u201d sin haberlo solicitado y con un costo de solo $30 pesos al mes?; y m\u00e1s importante a\u00fan, \u00bfcu\u00e1nto sumar\u00e1 esa cantidad multiplicada por millones de usuarios? \u00bfEs menos ladr\u00f3n el que te quita tu dinero de esta manera o el que usa una pistola en la calle?<br \/>\nHace poco, tambi\u00e9n en redes sociales, vi a alguien que se quejaba porque no hab\u00eda podido hacer valida la garant\u00eda de un sart\u00e9n azul car\u00edsimo anunciado por un conductor famoso y que hab\u00eda comprado por un infomercial resultando ser un completo enga\u00f1o, lo que a los pocos minutos fue confirmado por muchos otros usuarios de cuentas reales en la misma publicaci\u00f3n. Apostarle a vender basura, pues conoces de antemano que ser\u00e1n pocas las garant\u00edas que tengas que regresar el producto, \u00bfno es robar? Se calcula que en M\u00e9xico el 96% de la poblaci\u00f3n, es decir 115 millones de mexicanos tenemos una televisi\u00f3n en casa y de ellos un 36% tiene acceso a la televisi\u00f3n de paga. \u00bfA cuantos millones de televidentes llega esta informaci\u00f3n fraudulenta? \u00bfNo es lo mismo que hacen los que venden piezas robadas en la colonia Buenos Aires de la CDMX o lo que hace el supuesto doctor cubano que dice que cura el c\u00e1ncer en el Puerto de Veracruz?<br \/>\nQuiz\u00e1 dentro de la clase pol\u00edtica sean los diputados quienes guardan el deshonroso primer sitio en ser los menos honrados y basta darle una mirada al curr\u00edculo del 90% de ellos para concluir que no tienen ni idea de leyes o en su defecto de legislar, son o l\u00edderes de sectores, o pagos por favores sexuales o de apoyos en campa\u00f1as. El ejemplo m\u00e1s visible y vil quiz\u00e1 sea Sergio Mayer, pero en cada estado, en cada Congreso, hay otros(as) iguales. \u00bfCu\u00e1ntos millones de pesos al mes pagamos por ellos(as)? Hay 30 estados y calculo que un promedio de 20 diputados locales por entidad, lo que hace 600 diputados locales, m\u00e1s los 500 federales, que m\u00ednimo reciben un sueldo de 100 mil pesos al mes, lo que da un aproximado de 110 millones de pesos cada 30 d\u00edas. \u00bfNo es tambi\u00e9n robar el cobrar un sueldo de dinero p\u00fablico para el que no tienes ni remotamente una preparaci\u00f3n? En esencia esa ambici\u00f3n de llevarse una tajada del pastel sin desquitarlo con trabajo, \u00bfno es lo mismo que criticamos de los que roban un tr\u00e1iler que volc\u00f3 a mitad de una autopista?<br \/>\nEsos son s\u00f3lo tres breves ejemplos de un sistema pol\u00edtico\/financiero que avala el robo legal, la cantidad de dinero que se pierde de esta manera es muy dif\u00edcil de cuantificar, pero sin duda es mayor a la que generan los ladronzuelos que vemos diariamente captados en la televisi\u00f3n y aparentemente no hay inter\u00e9s ni de los gobiernos ni de la sociedad de se\u00f1alar esto como lo que es&#8230; un robo. Hoy mismo algunos cuantos personajes como los descritos se apoderar\u00e1n de bienes ajenos de manera fraudulenta y no les preocupa que alguien los se\u00f1ale pues lo suyo, lo suyo, es un robo limpio y legal.<br \/>\njorgeviveros2010@hotmail.com<\/p>\n","protected":false},"excerpt":{"rendered":"<p>Jorge Viveros Pasquel (Def. El robo es un delito contra el patrimonio, consistente en el apoderamiento de bienes ajenos de otras personas de manera fraudulenta) Confieso que sent\u00ed cierto grado de satisfacci\u00f3n hace unos d\u00edas que vi en redes sociales c\u00f3mo una v\u00edctima, al defenderse de un ladr\u00f3n, lo mataba con su propia arma. La [&hellip;]<\/p>\n","protected":false},"author":2,"featured_media":0,"comment_status":"open","ping_status":"open","sticky":false,"template":"","format":"standard","meta":{"tdm_status":"","tdm_grid_status":"","footnotes":""},"categories":[70],"tags":[18183,18176,18179,18175,10166,395,18177,18180,1654,18178,18181,12791],"class_list":{"0":"post-55531","1":"post","2":"type-post","3":"status-publish","4":"format-standard","6":"category-de-opinion","7":"tag-colonia-buenos-aires","8":"tag-crimenes","9":"tag-cuentas-de-credito-o-debito","10":"tag-ladron","11":"tag-legitima-defensa","12":"tag-mexico","13":"tag-patrimonio","14":"tag-prestamos-bancarios","15":"tag-puerto-de-veracruz","16":"tag-robo-legal","17":"tag-seguros","18":"tag-sergio-mayer"},"yoast_head":"<!-- This site is optimized with the Yoast SEO plugin v27.4 - https:\/\/yoast.com\/product\/yoast-seo-wordpress\/ -->\n<title>Y cuando robar es legal... \u00bfqu\u00e9? - Los pol\u00edticos Veracruz<\/title>\n<meta name=\"robots\" content=\"index, follow, max-snippet:-1, max-image-preview:large, max-video-preview:-1\" \/>\n<link rel=\"canonical\" href=\"https:\/\/lospoliticosveracruz.com\/?p=55531\" \/>\n<meta property=\"og:locale\" content=\"es_ES\" \/>\n<meta property=\"og:type\" content=\"article\" \/>\n<meta property=\"og:title\" content=\"Y cuando robar es legal... \u00bfqu\u00e9? - Los pol\u00edticos Veracruz\" \/>\n<meta property=\"og:description\" content=\"Jorge Viveros Pasquel (Def. El robo es un delito contra el patrimonio, consistente en el apoderamiento de bienes ajenos de otras personas de manera fraudulenta) Confieso que sent\u00ed cierto grado de satisfacci\u00f3n hace unos d\u00edas que vi en redes sociales c\u00f3mo una v\u00edctima, al defenderse de un ladr\u00f3n, lo mataba con su propia arma. La [&hellip;]\" \/>\n<meta property=\"og:url\" content=\"https:\/\/lospoliticosveracruz.com\/?p=55531\" \/>\n<meta property=\"og:site_name\" content=\"Los pol\u00edticos Veracruz\" \/>\n<meta property=\"article:publisher\" content=\"https:\/\/www.facebook.com\/people\/Notimemes-de-los-Polticos\/61565672886568\/\" \/>\n<meta property=\"article:published_time\" content=\"2020-05-28T19:32:34+00:00\" \/>\n<meta property=\"og:image\" content=\"https:\/\/lospoliticosveracruz.com\/wp-content\/uploads\/2016\/07\/Logo-Dor.jpg\" \/>\n\t<meta property=\"og:image:width\" content=\"200\" \/>\n\t<meta property=\"og:image:height\" content=\"200\" \/>\n\t<meta property=\"og:image:type\" content=\"image\/jpeg\" \/>\n<meta name=\"author\" content=\"Lo viste en Los Pol\u00edticos\" \/>\n<meta name=\"twitter:card\" content=\"summary_large_image\" \/>\n<meta name=\"twitter:creator\" content=\"@LosPoliticosVer\" \/>\n<meta name=\"twitter:site\" content=\"@LosPoliticosVer\" \/>\n<meta name=\"twitter:label1\" content=\"Escrito por\" \/>\n\t<meta name=\"twitter:data1\" content=\"Lo viste en Los Pol\u00edticos\" \/>\n\t<meta name=\"twitter:label2\" content=\"Tiempo de lectura\" \/>\n\t<meta name=\"twitter:data2\" content=\"5 minutos\" \/>\n<script type=\"application\/ld+json\" class=\"yoast-schema-graph\">{\"@context\":\"https:\\\/\\\/schema.org\",\"@graph\":[{\"@type\":\"Article\",\"@id\":\"https:\\\/\\\/lospoliticosveracruz.com\\\/?p=55531#article\",\"isPartOf\":{\"@id\":\"https:\\\/\\\/lospoliticosveracruz.com\\\/?p=55531\"},\"author\":{\"name\":\"Lo viste en Los Pol\u00edticos\",\"@id\":\"https:\\\/\\\/lospoliticosveracruz.com\\\/#\\\/schema\\\/person\\\/b8702bb0e538456e6efd07080bf2a4a2\"},\"headline\":\"Y cuando robar es legal&#8230; \u00bfqu\u00e9?\",\"datePublished\":\"2020-05-28T19:32:34+00:00\",\"mainEntityOfPage\":{\"@id\":\"https:\\\/\\\/lospoliticosveracruz.com\\\/?p=55531\"},\"wordCount\":984,\"commentCount\":0,\"publisher\":{\"@id\":\"https:\\\/\\\/lospoliticosveracruz.com\\\/#organization\"},\"keywords\":[\"colonia Buenos Aires\",\"cr\u00edmenes\",\"cuentas de cr\u00e9dito o d\u00e9bito\",\"ladr\u00f3n\",\"Leg\u00edtima defensa\",\"M\u00e9xico\",\"patrimonio\",\"pr\u00e9stamos bancarios\",\"Puerto de Veracruz\",\"robo legal\",\"seguros\",\"Sergio Mayer\"],\"articleSection\":[\"De Opini\u00f3n\"],\"inLanguage\":\"es\",\"potentialAction\":[{\"@type\":\"CommentAction\",\"name\":\"Comment\",\"target\":[\"https:\\\/\\\/lospoliticosveracruz.com\\\/?p=55531#respond\"]}]},{\"@type\":\"WebPage\",\"@id\":\"https:\\\/\\\/lospoliticosveracruz.com\\\/?p=55531\",\"url\":\"https:\\\/\\\/lospoliticosveracruz.com\\\/?p=55531\",\"name\":\"Y cuando robar es legal... \u00bfqu\u00e9? - Los pol\u00edticos Veracruz\",\"isPartOf\":{\"@id\":\"https:\\\/\\\/lospoliticosveracruz.com\\\/#website\"},\"datePublished\":\"2020-05-28T19:32:34+00:00\",\"breadcrumb\":{\"@id\":\"https:\\\/\\\/lospoliticosveracruz.com\\\/?p=55531#breadcrumb\"},\"inLanguage\":\"es\",\"potentialAction\":[{\"@type\":\"ReadAction\",\"target\":[\"https:\\\/\\\/lospoliticosveracruz.com\\\/?p=55531\"]}]},{\"@type\":\"BreadcrumbList\",\"@id\":\"https:\\\/\\\/lospoliticosveracruz.com\\\/?p=55531#breadcrumb\",\"itemListElement\":[{\"@type\":\"ListItem\",\"position\":1,\"name\":\"Portada\",\"item\":\"https:\\\/\\\/lospoliticosveracruz.com\\\/\"},{\"@type\":\"ListItem\",\"position\":2,\"name\":\"Y cuando robar es legal&#8230; \u00bfqu\u00e9?\"}]},{\"@type\":\"WebSite\",\"@id\":\"https:\\\/\\\/lospoliticosveracruz.com\\\/#website\",\"url\":\"https:\\\/\\\/lospoliticosveracruz.com\\\/\",\"name\":\"Los pol\u00edticos Veracruz\",\"description\":\"\",\"publisher\":{\"@id\":\"https:\\\/\\\/lospoliticosveracruz.com\\\/#organization\"},\"potentialAction\":[{\"@type\":\"SearchAction\",\"target\":{\"@type\":\"EntryPoint\",\"urlTemplate\":\"https:\\\/\\\/lospoliticosveracruz.com\\\/?s={search_term_string}\"},\"query-input\":{\"@type\":\"PropertyValueSpecification\",\"valueRequired\":true,\"valueName\":\"search_term_string\"}}],\"inLanguage\":\"es\"},{\"@type\":\"Organization\",\"@id\":\"https:\\\/\\\/lospoliticosveracruz.com\\\/#organization\",\"name\":\"Los pol\u00edticos Veracruz\",\"url\":\"https:\\\/\\\/lospoliticosveracruz.com\\\/\",\"logo\":{\"@type\":\"ImageObject\",\"inLanguage\":\"es\",\"@id\":\"https:\\\/\\\/lospoliticosveracruz.com\\\/#\\\/schema\\\/logo\\\/image\\\/\",\"url\":\"https:\\\/\\\/lospoliticosveracruz.com\\\/wp-content\\\/uploads\\\/2025\\\/12\\\/Logo-Nuevo-LOS-POLITICOS-1.jpg\",\"contentUrl\":\"https:\\\/\\\/lospoliticosveracruz.com\\\/wp-content\\\/uploads\\\/2025\\\/12\\\/Logo-Nuevo-LOS-POLITICOS-1.jpg\",\"width\":260,\"height\":70,\"caption\":\"Los pol\u00edticos Veracruz\"},\"image\":{\"@id\":\"https:\\\/\\\/lospoliticosveracruz.com\\\/#\\\/schema\\\/logo\\\/image\\\/\"},\"sameAs\":[\"https:\\\/\\\/www.facebook.com\\\/people\\\/Notimemes-de-los-Polticos\\\/61565672886568\\\/\",\"https:\\\/\\\/x.com\\\/LosPoliticosVer\"]},{\"@type\":\"Person\",\"@id\":\"https:\\\/\\\/lospoliticosveracruz.com\\\/#\\\/schema\\\/person\\\/b8702bb0e538456e6efd07080bf2a4a2\",\"name\":\"Lo viste en Los Pol\u00edticos\",\"image\":{\"@type\":\"ImageObject\",\"inLanguage\":\"es\",\"@id\":\"https:\\\/\\\/secure.gravatar.com\\\/avatar\\\/3a8de04a2656d44082be478bd6c086daa447c4651605818287b9532d3d0bd435?s=96&d=mm&r=g\",\"url\":\"https:\\\/\\\/secure.gravatar.com\\\/avatar\\\/3a8de04a2656d44082be478bd6c086daa447c4651605818287b9532d3d0bd435?s=96&d=mm&r=g\",\"contentUrl\":\"https:\\\/\\\/secure.gravatar.com\\\/avatar\\\/3a8de04a2656d44082be478bd6c086daa447c4651605818287b9532d3d0bd435?s=96&d=mm&r=g\",\"caption\":\"Lo viste en Los Pol\u00edticos\"},\"url\":\"https:\\\/\\\/lospoliticosveracruz.com\\\/?author=2\"}]}<\/script>\n<!-- \/ Yoast SEO plugin. -->","yoast_head_json":{"title":"Y cuando robar es legal... \u00bfqu\u00e9? - Los pol\u00edticos Veracruz","robots":{"index":"index","follow":"follow","max-snippet":"max-snippet:-1","max-image-preview":"max-image-preview:large","max-video-preview":"max-video-preview:-1"},"canonical":"https:\/\/lospoliticosveracruz.com\/?p=55531","og_locale":"es_ES","og_type":"article","og_title":"Y cuando robar es legal... \u00bfqu\u00e9? - Los pol\u00edticos Veracruz","og_description":"Jorge Viveros Pasquel (Def. El robo es un delito contra el patrimonio, consistente en el apoderamiento de bienes ajenos de otras personas de manera fraudulenta) Confieso que sent\u00ed cierto grado de satisfacci\u00f3n hace unos d\u00edas que vi en redes sociales c\u00f3mo una v\u00edctima, al defenderse de un ladr\u00f3n, lo mataba con su propia arma. La [&hellip;]","og_url":"https:\/\/lospoliticosveracruz.com\/?p=55531","og_site_name":"Los pol\u00edticos Veracruz","article_publisher":"https:\/\/www.facebook.com\/people\/Notimemes-de-los-Polticos\/61565672886568\/","article_published_time":"2020-05-28T19:32:34+00:00","og_image":[{"width":200,"height":200,"url":"https:\/\/lospoliticosveracruz.com\/wp-content\/uploads\/2016\/07\/Logo-Dor.jpg","type":"image\/jpeg"}],"author":"Lo viste en Los Pol\u00edticos","twitter_card":"summary_large_image","twitter_creator":"@LosPoliticosVer","twitter_site":"@LosPoliticosVer","twitter_misc":{"Escrito por":"Lo viste en Los Pol\u00edticos","Tiempo de lectura":"5 minutos"},"schema":{"@context":"https:\/\/schema.org","@graph":[{"@type":"Article","@id":"https:\/\/lospoliticosveracruz.com\/?p=55531#article","isPartOf":{"@id":"https:\/\/lospoliticosveracruz.com\/?p=55531"},"author":{"name":"Lo viste en Los Pol\u00edticos","@id":"https:\/\/lospoliticosveracruz.com\/#\/schema\/person\/b8702bb0e538456e6efd07080bf2a4a2"},"headline":"Y cuando robar es legal&#8230; \u00bfqu\u00e9?","datePublished":"2020-05-28T19:32:34+00:00","mainEntityOfPage":{"@id":"https:\/\/lospoliticosveracruz.com\/?p=55531"},"wordCount":984,"commentCount":0,"publisher":{"@id":"https:\/\/lospoliticosveracruz.com\/#organization"},"keywords":["colonia Buenos Aires","cr\u00edmenes","cuentas de cr\u00e9dito o d\u00e9bito","ladr\u00f3n","Leg\u00edtima defensa","M\u00e9xico","patrimonio","pr\u00e9stamos bancarios","Puerto de Veracruz","robo legal","seguros","Sergio Mayer"],"articleSection":["De Opini\u00f3n"],"inLanguage":"es","potentialAction":[{"@type":"CommentAction","name":"Comment","target":["https:\/\/lospoliticosveracruz.com\/?p=55531#respond"]}]},{"@type":"WebPage","@id":"https:\/\/lospoliticosveracruz.com\/?p=55531","url":"https:\/\/lospoliticosveracruz.com\/?p=55531","name":"Y cuando robar es legal... \u00bfqu\u00e9? - Los pol\u00edticos Veracruz","isPartOf":{"@id":"https:\/\/lospoliticosveracruz.com\/#website"},"datePublished":"2020-05-28T19:32:34+00:00","breadcrumb":{"@id":"https:\/\/lospoliticosveracruz.com\/?p=55531#breadcrumb"},"inLanguage":"es","potentialAction":[{"@type":"ReadAction","target":["https:\/\/lospoliticosveracruz.com\/?p=55531"]}]},{"@type":"BreadcrumbList","@id":"https:\/\/lospoliticosveracruz.com\/?p=55531#breadcrumb","itemListElement":[{"@type":"ListItem","position":1,"name":"Portada","item":"https:\/\/lospoliticosveracruz.com\/"},{"@type":"ListItem","position":2,"name":"Y cuando robar es legal&#8230; \u00bfqu\u00e9?"}]},{"@type":"WebSite","@id":"https:\/\/lospoliticosveracruz.com\/#website","url":"https:\/\/lospoliticosveracruz.com\/","name":"Los pol\u00edticos Veracruz","description":"","publisher":{"@id":"https:\/\/lospoliticosveracruz.com\/#organization"},"potentialAction":[{"@type":"SearchAction","target":{"@type":"EntryPoint","urlTemplate":"https:\/\/lospoliticosveracruz.com\/?s={search_term_string}"},"query-input":{"@type":"PropertyValueSpecification","valueRequired":true,"valueName":"search_term_string"}}],"inLanguage":"es"},{"@type":"Organization","@id":"https:\/\/lospoliticosveracruz.com\/#organization","name":"Los pol\u00edticos Veracruz","url":"https:\/\/lospoliticosveracruz.com\/","logo":{"@type":"ImageObject","inLanguage":"es","@id":"https:\/\/lospoliticosveracruz.com\/#\/schema\/logo\/image\/","url":"https:\/\/lospoliticosveracruz.com\/wp-content\/uploads\/2025\/12\/Logo-Nuevo-LOS-POLITICOS-1.jpg","contentUrl":"https:\/\/lospoliticosveracruz.com\/wp-content\/uploads\/2025\/12\/Logo-Nuevo-LOS-POLITICOS-1.jpg","width":260,"height":70,"caption":"Los pol\u00edticos Veracruz"},"image":{"@id":"https:\/\/lospoliticosveracruz.com\/#\/schema\/logo\/image\/"},"sameAs":["https:\/\/www.facebook.com\/people\/Notimemes-de-los-Polticos\/61565672886568\/","https:\/\/x.com\/LosPoliticosVer"]},{"@type":"Person","@id":"https:\/\/lospoliticosveracruz.com\/#\/schema\/person\/b8702bb0e538456e6efd07080bf2a4a2","name":"Lo viste en Los Pol\u00edticos","image":{"@type":"ImageObject","inLanguage":"es","@id":"https:\/\/secure.gravatar.com\/avatar\/3a8de04a2656d44082be478bd6c086daa447c4651605818287b9532d3d0bd435?s=96&d=mm&r=g","url":"https:\/\/secure.gravatar.com\/avatar\/3a8de04a2656d44082be478bd6c086daa447c4651605818287b9532d3d0bd435?s=96&d=mm&r=g","contentUrl":"https:\/\/secure.gravatar.com\/avatar\/3a8de04a2656d44082be478bd6c086daa447c4651605818287b9532d3d0bd435?s=96&d=mm&r=g","caption":"Lo viste en Los Pol\u00edticos"},"url":"https:\/\/lospoliticosveracruz.com\/?author=2"}]}},"_links":{"self":[{"href":"https:\/\/lospoliticosveracruz.com\/index.php?rest_route=\/wp\/v2\/posts\/55531","targetHints":{"allow":["GET"]}}],"collection":[{"href":"https:\/\/lospoliticosveracruz.com\/index.php?rest_route=\/wp\/v2\/posts"}],"about":[{"href":"https:\/\/lospoliticosveracruz.com\/index.php?rest_route=\/wp\/v2\/types\/post"}],"author":[{"embeddable":true,"href":"https:\/\/lospoliticosveracruz.com\/index.php?rest_route=\/wp\/v2\/users\/2"}],"replies":[{"embeddable":true,"href":"https:\/\/lospoliticosveracruz.com\/index.php?rest_route=%2Fwp%2Fv2%2Fcomments&post=55531"}],"version-history":[{"count":1,"href":"https:\/\/lospoliticosveracruz.com\/index.php?rest_route=\/wp\/v2\/posts\/55531\/revisions"}],"predecessor-version":[{"id":55533,"href":"https:\/\/lospoliticosveracruz.com\/index.php?rest_route=\/wp\/v2\/posts\/55531\/revisions\/55533"}],"wp:attachment":[{"href":"https:\/\/lospoliticosveracruz.com\/index.php?rest_route=%2Fwp%2Fv2%2Fmedia&parent=55531"}],"wp:term":[{"taxonomy":"category","embeddable":true,"href":"https:\/\/lospoliticosveracruz.com\/index.php?rest_route=%2Fwp%2Fv2%2Fcategories&post=55531"},{"taxonomy":"post_tag","embeddable":true,"href":"https:\/\/lospoliticosveracruz.com\/index.php?rest_route=%2Fwp%2Fv2%2Ftags&post=55531"}],"curies":[{"name":"wp","href":"https:\/\/api.w.org\/{rel}","templated":true}]}}