{"id":55541,"date":"2020-05-28T18:08:34","date_gmt":"2020-05-28T23:08:34","guid":{"rendered":"http:\/\/www.lospoliticosveracruz.com.mx\/?p=55541"},"modified":"2020-05-28T18:08:34","modified_gmt":"2020-05-28T23:08:34","slug":"la-cuenca-en-tiempos-del-covid-19","status":"publish","type":"post","link":"https:\/\/lospoliticosveracruz.com\/?p=55541","title":{"rendered":"La Cuenca en tiempos del Covid-19"},"content":{"rendered":"<p><strong>Eduardo Venegas Naranjo<\/strong><\/p>\n<p><em>Aqu\u00ed Entre Nos&#8230;<\/em><\/p>\n<p>Durante esta pandemia que tiene al mundo en el colapso, la Cuenca del Papaloapan no es la excepci\u00f3n y ha sido golpeada en su econom\u00eda, hay alcaldes preocupados por su gente que han impulsado a la econom\u00eda de las familias de sus municipios, otros parecen no importarles el tema y han pasado este tiempo sin pena ni gloria.<\/p>\n<p><strong>Cosamaloapan con Ra\u00fal en el precipicio<\/strong><\/p>\n<p>A pesar de que Cosamaloapan es la ciudad m\u00e1s grande de la Cuenca del Papaloapan con mayor movimiento comercial la actual administraci\u00f3n que preside Ra\u00fal Hermida Salto, ha pasado sin pena ni gloria, si bien ha realizado obras \u00e9stas no son conocidas por la ciudadan\u00eda, su gobierno es gris y alejado de la gente y medios de comunicaci\u00f3n.<br \/>\nRa\u00fal es panista, del equipo de Miguel \u00c1ngel Yunes, no es bien visto por el gobierno de Morena, lo tienen congelado, y no ha hecho alianzas ni pactos, su gobierno pasar\u00e1 sin dejar huella.<br \/>\nEn la ciudad comentan de la mala administraci\u00f3n y de lo ausente del alcalde con la poblaci\u00f3n; dif\u00edcilmente podr\u00e1 levantar su desgastada imagen.<br \/>\nCosamaloapan es la ciudad con m\u00e1s casos positivos de covid-19 en la zona y el alcalde no ha sido escuchado por sus ciudadanos, no ha puesto mano dura a los negocios, en la ciudad todo est\u00e1 abierto, y la gente expuesta a contagios; en las instituciones bancarias es un verdadero desmadre, desde la madrugada se forman a hacer filas en los bancos donde pagan a los ca\u00f1eros.<br \/>\nA Ra\u00fal le hace falta acciones en\u00e9rgicas, donde se vea su liderazgo, es un alcalde tibio, sus acciones pasan desapercibidas.<br \/>\n<strong>Mayra, comprometida con Chacaltianguis<\/strong><\/p>\n<p>Mayra Janeth Torres Dom\u00ednguez ha sido una de las funcionarias m\u00e1s preocupadas con la ciudadan\u00eda durante la pandemia de covid19.<br \/>\nLa doctora, ha entregado m\u00e1s de 5 mil despensas; realiza de manera constante brigadas de sanitizaciones, ha repartido cubrebocas, gel antibacterial y jab\u00f3n l\u00edquido para manos durante la emergencia; sabe que su gente la necesita y por ello no deja de dar resultados.<br \/>\nLa cercan\u00eda de la alcaldesa con la ciudadan\u00eda es constante, aun con la pandemia ha cuidado la Sana Distancia pero ha realizado eventos para continuar su labor como presidenta municipal, ha dado banderazos de importantes obras, que sin duda son para el bienestar de la poblaci\u00f3n, el puente colgante de la isleta Chacalapa es una realidad; adem\u00e1s, de igual forma puso en marcha la construcci\u00f3n de techados en instituciones educativas, ella dejar\u00e1 huella en su municipio,<br \/>\nMayra es sensible, es una mujer de compromiso, en el DIF Municipal a cargo de Bertha Isabel Mu\u00f1oz Torres, los resultados son visibles la entrega de aparatos funcionales no ha dejado de fluir, adem\u00e1s por gestiones con el gobierno estatal logr\u00f3 la llegada de una Unidad de Traslado, Chacaltianguis es otro, va avanzando a paso firme.<\/p>\n<p><strong>Felipe Pineda, sin duda tendr\u00e1 continuidad<\/strong><\/p>\n<p>Otro amigo, que sabe gobernar y llevar a su municipio a la prosperidad es Felipe Pineda Barradas, Acula tiene grandes obras, una de las importantes es la rehabilitaci\u00f3n de la carretera Acula &#8211; Ixmatlahuacan que era una demanda desde hace a\u00f1os por parte de los ciudadanos, durante a\u00f1os la administraci\u00f3n que preside Felipe realizar\u00e1 m\u00e1s de 16 obras donde sobresalen domos en varias instituciones educativas, as\u00ed como pavimentaciones de varias calles de Acula que marcan la transformaci\u00f3n de la ciudad.<br \/>\nDurante esta emergencia por el covid19, el alcalde ha sido un buen aliado de su gente, entregando apoyos alimenticios a quienes m\u00e1s lo necesitan; adem\u00e1s de impulsar la econom\u00eda de los m\u00e1s vulnerables.<br \/>\nEn el DIF a Felipe lo acompa\u00f1a su esposa Roc\u00edo Cruz Dom\u00ednguez, quien ha realizado un extraordinario trabajo a favor los m\u00e1s desprotegidos, ella ha sido una excelente aliada de los acule\u00f1os.<br \/>\nChio es la mejor opci\u00f3n para continuar con la transformaci\u00f3n de Acula y llevar por buen camino a su municipio, es una excelente gestora y una mujer con visi\u00f3n.<\/p>\n","protected":false},"excerpt":{"rendered":"<p>Eduardo Venegas Naranjo Aqu\u00ed Entre Nos&#8230; Durante esta pandemia que tiene al mundo en el colapso, la Cuenca del Papaloapan no es la excepci\u00f3n y ha sido golpeada en su econom\u00eda, hay alcaldes preocupados por su gente que han impulsado a la econom\u00eda de las familias de sus municipios, otros parecen no importarles el tema [&hellip;]<\/p>\n","protected":false},"author":2,"featured_media":0,"comment_status":"open","ping_status":"open","sticky":false,"template":"","format":"standard","meta":{"tdm_status":"","tdm_grid_status":"","footnotes":""},"categories":[70],"tags":[12464,3659,16673,12297,13170,18187,18185,12465,1510,1026,16929,12583,18188],"class_list":{"0":"post-55541","1":"post","2":"type-post","3":"status-publish","4":"format-standard","6":"category-de-opinion","7":"tag-chacaltianguis","8":"tag-cosamaloapan","9":"tag-covid-19","10":"tag-cuenca-del-papaloapan","11":"tag-eduardo-venegas-naranjo","12":"tag-felipe-pineda","13":"tag-isleta-chacalapa","14":"tag-mayra-janeth-torres-dominguez","15":"tag-miguel-angel-yunes","16":"tag-morena","17":"tag-pandemia","18":"tag-raul-hermida-salto","19":"tag-rocio-cruz-dominguez"},"yoast_head":"<!-- This site is optimized with the Yoast SEO plugin v27.4 - https:\/\/yoast.com\/product\/yoast-seo-wordpress\/ -->\n<title>La Cuenca en tiempos del Covid-19 - Los pol\u00edticos Veracruz<\/title>\n<meta name=\"robots\" content=\"index, follow, max-snippet:-1, max-image-preview:large, max-video-preview:-1\" \/>\n<link rel=\"canonical\" href=\"https:\/\/lospoliticosveracruz.com\/?p=55541\" \/>\n<meta property=\"og:locale\" content=\"es_ES\" \/>\n<meta property=\"og:type\" content=\"article\" \/>\n<meta property=\"og:title\" content=\"La Cuenca en tiempos del Covid-19 - Los pol\u00edticos Veracruz\" \/>\n<meta property=\"og:description\" content=\"Eduardo Venegas Naranjo Aqu\u00ed Entre Nos&#8230; Durante esta pandemia que tiene al mundo en el colapso, la Cuenca del Papaloapan no es la excepci\u00f3n y ha sido golpeada en su econom\u00eda, hay alcaldes preocupados por su gente que han impulsado a la econom\u00eda de las familias de sus municipios, otros parecen no importarles el tema [&hellip;]\" \/>\n<meta property=\"og:url\" content=\"https:\/\/lospoliticosveracruz.com\/?p=55541\" \/>\n<meta property=\"og:site_name\" content=\"Los pol\u00edticos Veracruz\" \/>\n<meta property=\"article:publisher\" content=\"https:\/\/www.facebook.com\/people\/Notimemes-de-los-Polticos\/61565672886568\/\" \/>\n<meta property=\"article:published_time\" content=\"2020-05-28T23:08:34+00:00\" \/>\n<meta property=\"og:image\" content=\"https:\/\/lospoliticosveracruz.com\/wp-content\/uploads\/2016\/07\/Logo-Dor.jpg\" \/>\n\t<meta property=\"og:image:width\" content=\"200\" \/>\n\t<meta property=\"og:image:height\" content=\"200\" \/>\n\t<meta property=\"og:image:type\" content=\"image\/jpeg\" \/>\n<meta name=\"author\" content=\"Lo viste en Los Pol\u00edticos\" \/>\n<meta name=\"twitter:card\" content=\"summary_large_image\" \/>\n<meta name=\"twitter:creator\" content=\"@LosPoliticosVer\" \/>\n<meta name=\"twitter:site\" content=\"@LosPoliticosVer\" \/>\n<meta name=\"twitter:label1\" content=\"Escrito por\" \/>\n\t<meta name=\"twitter:data1\" content=\"Lo viste en Los Pol\u00edticos\" \/>\n\t<meta name=\"twitter:label2\" content=\"Tiempo de lectura\" \/>\n\t<meta name=\"twitter:data2\" content=\"3 minutos\" \/>\n<script type=\"application\/ld+json\" class=\"yoast-schema-graph\">{\"@context\":\"https:\\\/\\\/schema.org\",\"@graph\":[{\"@type\":\"Article\",\"@id\":\"https:\\\/\\\/lospoliticosveracruz.com\\\/?p=55541#article\",\"isPartOf\":{\"@id\":\"https:\\\/\\\/lospoliticosveracruz.com\\\/?p=55541\"},\"author\":{\"name\":\"Lo viste en Los Pol\u00edticos\",\"@id\":\"https:\\\/\\\/lospoliticosveracruz.com\\\/#\\\/schema\\\/person\\\/b8702bb0e538456e6efd07080bf2a4a2\"},\"headline\":\"La Cuenca en tiempos del Covid-19\",\"datePublished\":\"2020-05-28T23:08:34+00:00\",\"mainEntityOfPage\":{\"@id\":\"https:\\\/\\\/lospoliticosveracruz.com\\\/?p=55541\"},\"wordCount\":703,\"commentCount\":0,\"publisher\":{\"@id\":\"https:\\\/\\\/lospoliticosveracruz.com\\\/#organization\"},\"keywords\":[\"Chacaltianguis\",\"Cosamaloapan\",\"Covid 19\",\"Cuenca del Papaloapan\",\"Eduardo Venegas Naranjo\",\"Felipe Pineda\",\"isleta Chacalapa\",\"Mayra Janeth Torres Dom\u00ednguez\",\"Miguel \u00c1ngel Yunes\",\"Morena\",\"pandemia\",\"Ra\u00fal Hermida Salto\",\"Roc\u00edo Cruz Dom\u00ednguez\"],\"articleSection\":[\"De Opini\u00f3n\"],\"inLanguage\":\"es\",\"potentialAction\":[{\"@type\":\"CommentAction\",\"name\":\"Comment\",\"target\":[\"https:\\\/\\\/lospoliticosveracruz.com\\\/?p=55541#respond\"]}]},{\"@type\":\"WebPage\",\"@id\":\"https:\\\/\\\/lospoliticosveracruz.com\\\/?p=55541\",\"url\":\"https:\\\/\\\/lospoliticosveracruz.com\\\/?p=55541\",\"name\":\"La Cuenca en tiempos del Covid-19 - Los pol\u00edticos Veracruz\",\"isPartOf\":{\"@id\":\"https:\\\/\\\/lospoliticosveracruz.com\\\/#website\"},\"datePublished\":\"2020-05-28T23:08:34+00:00\",\"breadcrumb\":{\"@id\":\"https:\\\/\\\/lospoliticosveracruz.com\\\/?p=55541#breadcrumb\"},\"inLanguage\":\"es\",\"potentialAction\":[{\"@type\":\"ReadAction\",\"target\":[\"https:\\\/\\\/lospoliticosveracruz.com\\\/?p=55541\"]}]},{\"@type\":\"BreadcrumbList\",\"@id\":\"https:\\\/\\\/lospoliticosveracruz.com\\\/?p=55541#breadcrumb\",\"itemListElement\":[{\"@type\":\"ListItem\",\"position\":1,\"name\":\"Portada\",\"item\":\"https:\\\/\\\/lospoliticosveracruz.com\\\/\"},{\"@type\":\"ListItem\",\"position\":2,\"name\":\"La Cuenca en tiempos del Covid-19\"}]},{\"@type\":\"WebSite\",\"@id\":\"https:\\\/\\\/lospoliticosveracruz.com\\\/#website\",\"url\":\"https:\\\/\\\/lospoliticosveracruz.com\\\/\",\"name\":\"Los pol\u00edticos Veracruz\",\"description\":\"\",\"publisher\":{\"@id\":\"https:\\\/\\\/lospoliticosveracruz.com\\\/#organization\"},\"potentialAction\":[{\"@type\":\"SearchAction\",\"target\":{\"@type\":\"EntryPoint\",\"urlTemplate\":\"https:\\\/\\\/lospoliticosveracruz.com\\\/?s={search_term_string}\"},\"query-input\":{\"@type\":\"PropertyValueSpecification\",\"valueRequired\":true,\"valueName\":\"search_term_string\"}}],\"inLanguage\":\"es\"},{\"@type\":\"Organization\",\"@id\":\"https:\\\/\\\/lospoliticosveracruz.com\\\/#organization\",\"name\":\"Los pol\u00edticos Veracruz\",\"url\":\"https:\\\/\\\/lospoliticosveracruz.com\\\/\",\"logo\":{\"@type\":\"ImageObject\",\"inLanguage\":\"es\",\"@id\":\"https:\\\/\\\/lospoliticosveracruz.com\\\/#\\\/schema\\\/logo\\\/image\\\/\",\"url\":\"https:\\\/\\\/lospoliticosveracruz.com\\\/wp-content\\\/uploads\\\/2025\\\/12\\\/Logo-Nuevo-LOS-POLITICOS-1.jpg\",\"contentUrl\":\"https:\\\/\\\/lospoliticosveracruz.com\\\/wp-content\\\/uploads\\\/2025\\\/12\\\/Logo-Nuevo-LOS-POLITICOS-1.jpg\",\"width\":260,\"height\":70,\"caption\":\"Los pol\u00edticos Veracruz\"},\"image\":{\"@id\":\"https:\\\/\\\/lospoliticosveracruz.com\\\/#\\\/schema\\\/logo\\\/image\\\/\"},\"sameAs\":[\"https:\\\/\\\/www.facebook.com\\\/people\\\/Notimemes-de-los-Polticos\\\/61565672886568\\\/\",\"https:\\\/\\\/x.com\\\/LosPoliticosVer\"]},{\"@type\":\"Person\",\"@id\":\"https:\\\/\\\/lospoliticosveracruz.com\\\/#\\\/schema\\\/person\\\/b8702bb0e538456e6efd07080bf2a4a2\",\"name\":\"Lo viste en Los Pol\u00edticos\",\"image\":{\"@type\":\"ImageObject\",\"inLanguage\":\"es\",\"@id\":\"https:\\\/\\\/secure.gravatar.com\\\/avatar\\\/3a8de04a2656d44082be478bd6c086daa447c4651605818287b9532d3d0bd435?s=96&d=mm&r=g\",\"url\":\"https:\\\/\\\/secure.gravatar.com\\\/avatar\\\/3a8de04a2656d44082be478bd6c086daa447c4651605818287b9532d3d0bd435?s=96&d=mm&r=g\",\"contentUrl\":\"https:\\\/\\\/secure.gravatar.com\\\/avatar\\\/3a8de04a2656d44082be478bd6c086daa447c4651605818287b9532d3d0bd435?s=96&d=mm&r=g\",\"caption\":\"Lo viste en Los Pol\u00edticos\"},\"url\":\"https:\\\/\\\/lospoliticosveracruz.com\\\/?author=2\"}]}<\/script>\n<!-- \/ Yoast SEO plugin. -->","yoast_head_json":{"title":"La Cuenca en tiempos del Covid-19 - Los pol\u00edticos Veracruz","robots":{"index":"index","follow":"follow","max-snippet":"max-snippet:-1","max-image-preview":"max-image-preview:large","max-video-preview":"max-video-preview:-1"},"canonical":"https:\/\/lospoliticosveracruz.com\/?p=55541","og_locale":"es_ES","og_type":"article","og_title":"La Cuenca en tiempos del Covid-19 - Los pol\u00edticos Veracruz","og_description":"Eduardo Venegas Naranjo Aqu\u00ed Entre Nos&#8230; Durante esta pandemia que tiene al mundo en el colapso, la Cuenca del Papaloapan no es la excepci\u00f3n y ha sido golpeada en su econom\u00eda, hay alcaldes preocupados por su gente que han impulsado a la econom\u00eda de las familias de sus municipios, otros parecen no importarles el tema [&hellip;]","og_url":"https:\/\/lospoliticosveracruz.com\/?p=55541","og_site_name":"Los pol\u00edticos Veracruz","article_publisher":"https:\/\/www.facebook.com\/people\/Notimemes-de-los-Polticos\/61565672886568\/","article_published_time":"2020-05-28T23:08:34+00:00","og_image":[{"width":200,"height":200,"url":"https:\/\/lospoliticosveracruz.com\/wp-content\/uploads\/2016\/07\/Logo-Dor.jpg","type":"image\/jpeg"}],"author":"Lo viste en Los Pol\u00edticos","twitter_card":"summary_large_image","twitter_creator":"@LosPoliticosVer","twitter_site":"@LosPoliticosVer","twitter_misc":{"Escrito por":"Lo viste en Los Pol\u00edticos","Tiempo de lectura":"3 minutos"},"schema":{"@context":"https:\/\/schema.org","@graph":[{"@type":"Article","@id":"https:\/\/lospoliticosveracruz.com\/?p=55541#article","isPartOf":{"@id":"https:\/\/lospoliticosveracruz.com\/?p=55541"},"author":{"name":"Lo viste en Los Pol\u00edticos","@id":"https:\/\/lospoliticosveracruz.com\/#\/schema\/person\/b8702bb0e538456e6efd07080bf2a4a2"},"headline":"La Cuenca en tiempos del Covid-19","datePublished":"2020-05-28T23:08:34+00:00","mainEntityOfPage":{"@id":"https:\/\/lospoliticosveracruz.com\/?p=55541"},"wordCount":703,"commentCount":0,"publisher":{"@id":"https:\/\/lospoliticosveracruz.com\/#organization"},"keywords":["Chacaltianguis","Cosamaloapan","Covid 19","Cuenca del Papaloapan","Eduardo Venegas Naranjo","Felipe Pineda","isleta Chacalapa","Mayra Janeth Torres Dom\u00ednguez","Miguel \u00c1ngel Yunes","Morena","pandemia","Ra\u00fal Hermida Salto","Roc\u00edo Cruz Dom\u00ednguez"],"articleSection":["De Opini\u00f3n"],"inLanguage":"es","potentialAction":[{"@type":"CommentAction","name":"Comment","target":["https:\/\/lospoliticosveracruz.com\/?p=55541#respond"]}]},{"@type":"WebPage","@id":"https:\/\/lospoliticosveracruz.com\/?p=55541","url":"https:\/\/lospoliticosveracruz.com\/?p=55541","name":"La Cuenca en tiempos del Covid-19 - Los pol\u00edticos Veracruz","isPartOf":{"@id":"https:\/\/lospoliticosveracruz.com\/#website"},"datePublished":"2020-05-28T23:08:34+00:00","breadcrumb":{"@id":"https:\/\/lospoliticosveracruz.com\/?p=55541#breadcrumb"},"inLanguage":"es","potentialAction":[{"@type":"ReadAction","target":["https:\/\/lospoliticosveracruz.com\/?p=55541"]}]},{"@type":"BreadcrumbList","@id":"https:\/\/lospoliticosveracruz.com\/?p=55541#breadcrumb","itemListElement":[{"@type":"ListItem","position":1,"name":"Portada","item":"https:\/\/lospoliticosveracruz.com\/"},{"@type":"ListItem","position":2,"name":"La Cuenca en tiempos del Covid-19"}]},{"@type":"WebSite","@id":"https:\/\/lospoliticosveracruz.com\/#website","url":"https:\/\/lospoliticosveracruz.com\/","name":"Los pol\u00edticos Veracruz","description":"","publisher":{"@id":"https:\/\/lospoliticosveracruz.com\/#organization"},"potentialAction":[{"@type":"SearchAction","target":{"@type":"EntryPoint","urlTemplate":"https:\/\/lospoliticosveracruz.com\/?s={search_term_string}"},"query-input":{"@type":"PropertyValueSpecification","valueRequired":true,"valueName":"search_term_string"}}],"inLanguage":"es"},{"@type":"Organization","@id":"https:\/\/lospoliticosveracruz.com\/#organization","name":"Los pol\u00edticos Veracruz","url":"https:\/\/lospoliticosveracruz.com\/","logo":{"@type":"ImageObject","inLanguage":"es","@id":"https:\/\/lospoliticosveracruz.com\/#\/schema\/logo\/image\/","url":"https:\/\/lospoliticosveracruz.com\/wp-content\/uploads\/2025\/12\/Logo-Nuevo-LOS-POLITICOS-1.jpg","contentUrl":"https:\/\/lospoliticosveracruz.com\/wp-content\/uploads\/2025\/12\/Logo-Nuevo-LOS-POLITICOS-1.jpg","width":260,"height":70,"caption":"Los pol\u00edticos Veracruz"},"image":{"@id":"https:\/\/lospoliticosveracruz.com\/#\/schema\/logo\/image\/"},"sameAs":["https:\/\/www.facebook.com\/people\/Notimemes-de-los-Polticos\/61565672886568\/","https:\/\/x.com\/LosPoliticosVer"]},{"@type":"Person","@id":"https:\/\/lospoliticosveracruz.com\/#\/schema\/person\/b8702bb0e538456e6efd07080bf2a4a2","name":"Lo viste en Los Pol\u00edticos","image":{"@type":"ImageObject","inLanguage":"es","@id":"https:\/\/secure.gravatar.com\/avatar\/3a8de04a2656d44082be478bd6c086daa447c4651605818287b9532d3d0bd435?s=96&d=mm&r=g","url":"https:\/\/secure.gravatar.com\/avatar\/3a8de04a2656d44082be478bd6c086daa447c4651605818287b9532d3d0bd435?s=96&d=mm&r=g","contentUrl":"https:\/\/secure.gravatar.com\/avatar\/3a8de04a2656d44082be478bd6c086daa447c4651605818287b9532d3d0bd435?s=96&d=mm&r=g","caption":"Lo viste en Los Pol\u00edticos"},"url":"https:\/\/lospoliticosveracruz.com\/?author=2"}]}},"_links":{"self":[{"href":"https:\/\/lospoliticosveracruz.com\/index.php?rest_route=\/wp\/v2\/posts\/55541","targetHints":{"allow":["GET"]}}],"collection":[{"href":"https:\/\/lospoliticosveracruz.com\/index.php?rest_route=\/wp\/v2\/posts"}],"about":[{"href":"https:\/\/lospoliticosveracruz.com\/index.php?rest_route=\/wp\/v2\/types\/post"}],"author":[{"embeddable":true,"href":"https:\/\/lospoliticosveracruz.com\/index.php?rest_route=\/wp\/v2\/users\/2"}],"replies":[{"embeddable":true,"href":"https:\/\/lospoliticosveracruz.com\/index.php?rest_route=%2Fwp%2Fv2%2Fcomments&post=55541"}],"version-history":[{"count":1,"href":"https:\/\/lospoliticosveracruz.com\/index.php?rest_route=\/wp\/v2\/posts\/55541\/revisions"}],"predecessor-version":[{"id":55543,"href":"https:\/\/lospoliticosveracruz.com\/index.php?rest_route=\/wp\/v2\/posts\/55541\/revisions\/55543"}],"wp:attachment":[{"href":"https:\/\/lospoliticosveracruz.com\/index.php?rest_route=%2Fwp%2Fv2%2Fmedia&parent=55541"}],"wp:term":[{"taxonomy":"category","embeddable":true,"href":"https:\/\/lospoliticosveracruz.com\/index.php?rest_route=%2Fwp%2Fv2%2Fcategories&post=55541"},{"taxonomy":"post_tag","embeddable":true,"href":"https:\/\/lospoliticosveracruz.com\/index.php?rest_route=%2Fwp%2Fv2%2Ftags&post=55541"}],"curies":[{"name":"wp","href":"https:\/\/api.w.org\/{rel}","templated":true}]}}