{"id":55600,"date":"2020-05-31T19:19:59","date_gmt":"2020-06-01T00:19:59","guid":{"rendered":"http:\/\/www.lospoliticosveracruz.com.mx\/?p=55600"},"modified":"2020-05-31T19:25:38","modified_gmt":"2020-06-01T00:25:38","slug":"las-mentiras-de-honesta-rocio-nahle","status":"publish","type":"post","link":"https:\/\/lospoliticosveracruz.com\/?p=55600","title":{"rendered":"Las Mentiras de la \u201chonesta\u201d Roc\u00edo Nahle"},"content":{"rendered":"<p><strong>Eduardo Venegas Naranjo<\/strong><\/p>\n<p><em>Aqu\u00ed entro nos<\/em><\/p>\n<p>Bien dicen que los dichos est\u00e1n bien dichos pues como dice el viejo y conocido refr\u00e1n \u00abJustificaci\u00f3n dada no pedida, culpabilidad aceptada\u00bb verbo y gracia con el caso de la veracruzana Roc\u00edo Nahle en relaci\u00f3n a la nota publicada por Grupo Reforma, \u201cDa s\u00faper negocio Nahle a compadre\u201d.<br \/>\nLa Secretaria de Energ\u00eda manda una aclaratoria donde niega categ\u00f3ricamente que su compadre, Arturo Quintanilla Hayek, due\u00f1o de Grupo Huerta Madre; se beneficie con una obra en la Refiner\u00eda de \u00abDos Bocas\u00bb con un valor de casi 5 mil millones de pesos.<br \/>\nRoc\u00edo carece de credibilidad, ha sido una de las funcionarias del Gobierno de la mal llamada cuarta transformaci\u00f3n que ha sido cuestionada sobre todo por la obra de la refiner\u00eda.<br \/>\nDestacados empresarios de la construcci\u00f3n de la zona de Minatitl\u00e1n, Coatzacoalcos, Nanchital nos comentaron que la noticia es ver\u00eddica se\u00f1alan que el peri\u00f3dico en algunos nombres y parentescos est\u00e1 equivocado.<br \/>\n\u201cLos que si tienen el contrato de uno de los tantos paquetes&#8230; Son los Quintanilla, hermano del due\u00f1o de \u00abLa Quilla\u00bb.<br \/>\n\u00abLa Quilla\u00bb es un Club Marina\u00a0d\u00f3nde los ricos de la regi\u00f3n de Minatitl\u00e1n, Coatzacoalcos, Nanchital e incluso de Villahermosa guardan sus lujosas lanchas y yates, es propiedad del hermano del compadre de Nahle.<br \/>\nLos empresarios de la regi\u00f3n acusan que funcionarios, \u201cdan subcontratos con lana, llega otro con m\u00e1s lana, y se lo vuelven a dar, es ah\u00ed cuando se meten en problemas; adem\u00e1s no pagan a tiempo, porque ellos no cuentan con el capital\u201d.<br \/>\nLa noticia que p\u00fablico Grupo Reforma, fue filtrada por una empresa a la cual le quedaron mal, como es costumbre del gobierno federal, todav\u00eda la dependencia tiene el descaro de decir en una nota aclaratoria que el peri\u00f3dico no lleva la misma ideolog\u00eda del gobierno de la 4T, buscando excusas para poder librarse de este duro golpe.<br \/>\nRoc\u00edo Nahle, con esta informaci\u00f3n queda mal parada con el gobierno federal. Ella aspirada con la gubernatura de Veracruz, esto la pone en el ojo del hurac\u00e1n y su carrera pol\u00edtica se desplomar\u00e1.<\/p>\n","protected":false},"excerpt":{"rendered":"<p>Eduardo Venegas Naranjo Aqu\u00ed entro nos Bien dicen que los dichos est\u00e1n bien dichos pues como dice el viejo y conocido refr\u00e1n \u00abJustificaci\u00f3n dada no pedida, culpabilidad aceptada\u00bb verbo y gracia con el caso de la veracruzana Roc\u00edo Nahle en relaci\u00f3n a la nota publicada por Grupo Reforma, \u201cDa s\u00faper negocio Nahle a compadre\u201d. La [&hellip;]<\/p>\n","protected":false},"author":2,"featured_media":0,"comment_status":"open","ping_status":"open","sticky":false,"template":"","format":"standard","meta":{"tdm_status":"","tdm_grid_status":"","footnotes":""},"categories":[70],"tags":[371,14643,18211,18212,373,374,3091,3578,9087],"class_list":{"0":"post-55600","1":"post","2":"type-post","3":"status-publish","4":"format-standard","6":"category-de-opinion","7":"tag-coatzacoalcos","8":"tag-dos-bocas","9":"tag-grupo-huerta-madre","10":"tag-la-quilla","11":"tag-minatitlan","12":"tag-nanchital","13":"tag-reforma","14":"tag-rocio-nahle","15":"tag-secretaria-de-energia"},"yoast_head":"<!-- This site is optimized with the Yoast SEO plugin v27.4 - https:\/\/yoast.com\/product\/yoast-seo-wordpress\/ -->\n<title>Las Mentiras de la \u201chonesta\u201d Roc\u00edo Nahle - Los pol\u00edticos Veracruz<\/title>\n<meta name=\"robots\" content=\"index, follow, max-snippet:-1, max-image-preview:large, max-video-preview:-1\" \/>\n<link rel=\"canonical\" href=\"https:\/\/lospoliticosveracruz.com\/?p=55600\" \/>\n<meta property=\"og:locale\" content=\"es_ES\" \/>\n<meta property=\"og:type\" content=\"article\" \/>\n<meta property=\"og:title\" content=\"Las Mentiras de la \u201chonesta\u201d Roc\u00edo Nahle - Los pol\u00edticos Veracruz\" \/>\n<meta property=\"og:description\" content=\"Eduardo Venegas Naranjo Aqu\u00ed entro nos Bien dicen que los dichos est\u00e1n bien dichos pues como dice el viejo y conocido refr\u00e1n \u00abJustificaci\u00f3n dada no pedida, culpabilidad aceptada\u00bb verbo y gracia con el caso de la veracruzana Roc\u00edo Nahle en relaci\u00f3n a la nota publicada por Grupo Reforma, \u201cDa s\u00faper negocio Nahle a compadre\u201d. La [&hellip;]\" \/>\n<meta property=\"og:url\" content=\"https:\/\/lospoliticosveracruz.com\/?p=55600\" \/>\n<meta property=\"og:site_name\" content=\"Los pol\u00edticos Veracruz\" \/>\n<meta property=\"article:publisher\" content=\"https:\/\/www.facebook.com\/people\/Notimemes-de-los-Polticos\/61565672886568\/\" \/>\n<meta property=\"article:published_time\" content=\"2020-06-01T00:19:59+00:00\" \/>\n<meta property=\"article:modified_time\" content=\"2020-06-01T00:25:38+00:00\" \/>\n<meta property=\"og:image\" content=\"https:\/\/lospoliticosveracruz.com\/wp-content\/uploads\/2016\/07\/Logo-Dor.jpg\" \/>\n\t<meta property=\"og:image:width\" content=\"200\" \/>\n\t<meta property=\"og:image:height\" content=\"200\" \/>\n\t<meta property=\"og:image:type\" content=\"image\/jpeg\" \/>\n<meta name=\"author\" content=\"Lo viste en Los Pol\u00edticos\" \/>\n<meta name=\"twitter:card\" content=\"summary_large_image\" \/>\n<meta name=\"twitter:creator\" content=\"@LosPoliticosVer\" \/>\n<meta name=\"twitter:site\" content=\"@LosPoliticosVer\" \/>\n<meta name=\"twitter:label1\" content=\"Escrito por\" \/>\n\t<meta name=\"twitter:data1\" content=\"Lo viste en Los Pol\u00edticos\" \/>\n\t<meta name=\"twitter:label2\" content=\"Tiempo de lectura\" \/>\n\t<meta name=\"twitter:data2\" content=\"2 minutos\" \/>\n<script type=\"application\/ld+json\" class=\"yoast-schema-graph\">{\"@context\":\"https:\\\/\\\/schema.org\",\"@graph\":[{\"@type\":\"Article\",\"@id\":\"https:\\\/\\\/lospoliticosveracruz.com\\\/?p=55600#article\",\"isPartOf\":{\"@id\":\"https:\\\/\\\/lospoliticosveracruz.com\\\/?p=55600\"},\"author\":{\"name\":\"Lo viste en Los Pol\u00edticos\",\"@id\":\"https:\\\/\\\/lospoliticosveracruz.com\\\/#\\\/schema\\\/person\\\/b8702bb0e538456e6efd07080bf2a4a2\"},\"headline\":\"Las Mentiras de la \u201chonesta\u201d Roc\u00edo Nahle\",\"datePublished\":\"2020-06-01T00:19:59+00:00\",\"dateModified\":\"2020-06-01T00:25:38+00:00\",\"mainEntityOfPage\":{\"@id\":\"https:\\\/\\\/lospoliticosveracruz.com\\\/?p=55600\"},\"wordCount\":383,\"commentCount\":0,\"publisher\":{\"@id\":\"https:\\\/\\\/lospoliticosveracruz.com\\\/#organization\"},\"keywords\":[\"Coatzacoalcos\",\"Dos Bocas\",\"Grupo Huerta Madre\",\"La Quilla\",\"Minatitl\u00e1n\",\"Nanchital\",\"Reforma\",\"Roc\u00edo Nahle\",\"Secretar\u00eda de Energ\u00eda\"],\"articleSection\":[\"De Opini\u00f3n\"],\"inLanguage\":\"es\",\"potentialAction\":[{\"@type\":\"CommentAction\",\"name\":\"Comment\",\"target\":[\"https:\\\/\\\/lospoliticosveracruz.com\\\/?p=55600#respond\"]}]},{\"@type\":\"WebPage\",\"@id\":\"https:\\\/\\\/lospoliticosveracruz.com\\\/?p=55600\",\"url\":\"https:\\\/\\\/lospoliticosveracruz.com\\\/?p=55600\",\"name\":\"Las Mentiras de la \u201chonesta\u201d Roc\u00edo Nahle - Los pol\u00edticos Veracruz\",\"isPartOf\":{\"@id\":\"https:\\\/\\\/lospoliticosveracruz.com\\\/#website\"},\"datePublished\":\"2020-06-01T00:19:59+00:00\",\"dateModified\":\"2020-06-01T00:25:38+00:00\",\"breadcrumb\":{\"@id\":\"https:\\\/\\\/lospoliticosveracruz.com\\\/?p=55600#breadcrumb\"},\"inLanguage\":\"es\",\"potentialAction\":[{\"@type\":\"ReadAction\",\"target\":[\"https:\\\/\\\/lospoliticosveracruz.com\\\/?p=55600\"]}]},{\"@type\":\"BreadcrumbList\",\"@id\":\"https:\\\/\\\/lospoliticosveracruz.com\\\/?p=55600#breadcrumb\",\"itemListElement\":[{\"@type\":\"ListItem\",\"position\":1,\"name\":\"Portada\",\"item\":\"https:\\\/\\\/lospoliticosveracruz.com\\\/\"},{\"@type\":\"ListItem\",\"position\":2,\"name\":\"Las Mentiras de la \u201chonesta\u201d Roc\u00edo Nahle\"}]},{\"@type\":\"WebSite\",\"@id\":\"https:\\\/\\\/lospoliticosveracruz.com\\\/#website\",\"url\":\"https:\\\/\\\/lospoliticosveracruz.com\\\/\",\"name\":\"Los pol\u00edticos Veracruz\",\"description\":\"\",\"publisher\":{\"@id\":\"https:\\\/\\\/lospoliticosveracruz.com\\\/#organization\"},\"potentialAction\":[{\"@type\":\"SearchAction\",\"target\":{\"@type\":\"EntryPoint\",\"urlTemplate\":\"https:\\\/\\\/lospoliticosveracruz.com\\\/?s={search_term_string}\"},\"query-input\":{\"@type\":\"PropertyValueSpecification\",\"valueRequired\":true,\"valueName\":\"search_term_string\"}}],\"inLanguage\":\"es\"},{\"@type\":\"Organization\",\"@id\":\"https:\\\/\\\/lospoliticosveracruz.com\\\/#organization\",\"name\":\"Los pol\u00edticos Veracruz\",\"url\":\"https:\\\/\\\/lospoliticosveracruz.com\\\/\",\"logo\":{\"@type\":\"ImageObject\",\"inLanguage\":\"es\",\"@id\":\"https:\\\/\\\/lospoliticosveracruz.com\\\/#\\\/schema\\\/logo\\\/image\\\/\",\"url\":\"https:\\\/\\\/lospoliticosveracruz.com\\\/wp-content\\\/uploads\\\/2025\\\/12\\\/Logo-Nuevo-LOS-POLITICOS-1.jpg\",\"contentUrl\":\"https:\\\/\\\/lospoliticosveracruz.com\\\/wp-content\\\/uploads\\\/2025\\\/12\\\/Logo-Nuevo-LOS-POLITICOS-1.jpg\",\"width\":260,\"height\":70,\"caption\":\"Los pol\u00edticos Veracruz\"},\"image\":{\"@id\":\"https:\\\/\\\/lospoliticosveracruz.com\\\/#\\\/schema\\\/logo\\\/image\\\/\"},\"sameAs\":[\"https:\\\/\\\/www.facebook.com\\\/people\\\/Notimemes-de-los-Polticos\\\/61565672886568\\\/\",\"https:\\\/\\\/x.com\\\/LosPoliticosVer\"]},{\"@type\":\"Person\",\"@id\":\"https:\\\/\\\/lospoliticosveracruz.com\\\/#\\\/schema\\\/person\\\/b8702bb0e538456e6efd07080bf2a4a2\",\"name\":\"Lo viste en Los Pol\u00edticos\",\"image\":{\"@type\":\"ImageObject\",\"inLanguage\":\"es\",\"@id\":\"https:\\\/\\\/secure.gravatar.com\\\/avatar\\\/3a8de04a2656d44082be478bd6c086daa447c4651605818287b9532d3d0bd435?s=96&d=mm&r=g\",\"url\":\"https:\\\/\\\/secure.gravatar.com\\\/avatar\\\/3a8de04a2656d44082be478bd6c086daa447c4651605818287b9532d3d0bd435?s=96&d=mm&r=g\",\"contentUrl\":\"https:\\\/\\\/secure.gravatar.com\\\/avatar\\\/3a8de04a2656d44082be478bd6c086daa447c4651605818287b9532d3d0bd435?s=96&d=mm&r=g\",\"caption\":\"Lo viste en Los Pol\u00edticos\"},\"url\":\"https:\\\/\\\/lospoliticosveracruz.com\\\/?author=2\"}]}<\/script>\n<!-- \/ Yoast SEO plugin. -->","yoast_head_json":{"title":"Las Mentiras de la \u201chonesta\u201d Roc\u00edo Nahle - Los pol\u00edticos Veracruz","robots":{"index":"index","follow":"follow","max-snippet":"max-snippet:-1","max-image-preview":"max-image-preview:large","max-video-preview":"max-video-preview:-1"},"canonical":"https:\/\/lospoliticosveracruz.com\/?p=55600","og_locale":"es_ES","og_type":"article","og_title":"Las Mentiras de la \u201chonesta\u201d Roc\u00edo Nahle - Los pol\u00edticos Veracruz","og_description":"Eduardo Venegas Naranjo Aqu\u00ed entro nos Bien dicen que los dichos est\u00e1n bien dichos pues como dice el viejo y conocido refr\u00e1n \u00abJustificaci\u00f3n dada no pedida, culpabilidad aceptada\u00bb verbo y gracia con el caso de la veracruzana Roc\u00edo Nahle en relaci\u00f3n a la nota publicada por Grupo Reforma, \u201cDa s\u00faper negocio Nahle a compadre\u201d. La [&hellip;]","og_url":"https:\/\/lospoliticosveracruz.com\/?p=55600","og_site_name":"Los pol\u00edticos Veracruz","article_publisher":"https:\/\/www.facebook.com\/people\/Notimemes-de-los-Polticos\/61565672886568\/","article_published_time":"2020-06-01T00:19:59+00:00","article_modified_time":"2020-06-01T00:25:38+00:00","og_image":[{"width":200,"height":200,"url":"https:\/\/lospoliticosveracruz.com\/wp-content\/uploads\/2016\/07\/Logo-Dor.jpg","type":"image\/jpeg"}],"author":"Lo viste en Los Pol\u00edticos","twitter_card":"summary_large_image","twitter_creator":"@LosPoliticosVer","twitter_site":"@LosPoliticosVer","twitter_misc":{"Escrito por":"Lo viste en Los Pol\u00edticos","Tiempo de lectura":"2 minutos"},"schema":{"@context":"https:\/\/schema.org","@graph":[{"@type":"Article","@id":"https:\/\/lospoliticosveracruz.com\/?p=55600#article","isPartOf":{"@id":"https:\/\/lospoliticosveracruz.com\/?p=55600"},"author":{"name":"Lo viste en Los Pol\u00edticos","@id":"https:\/\/lospoliticosveracruz.com\/#\/schema\/person\/b8702bb0e538456e6efd07080bf2a4a2"},"headline":"Las Mentiras de la \u201chonesta\u201d Roc\u00edo Nahle","datePublished":"2020-06-01T00:19:59+00:00","dateModified":"2020-06-01T00:25:38+00:00","mainEntityOfPage":{"@id":"https:\/\/lospoliticosveracruz.com\/?p=55600"},"wordCount":383,"commentCount":0,"publisher":{"@id":"https:\/\/lospoliticosveracruz.com\/#organization"},"keywords":["Coatzacoalcos","Dos Bocas","Grupo Huerta Madre","La Quilla","Minatitl\u00e1n","Nanchital","Reforma","Roc\u00edo Nahle","Secretar\u00eda de Energ\u00eda"],"articleSection":["De Opini\u00f3n"],"inLanguage":"es","potentialAction":[{"@type":"CommentAction","name":"Comment","target":["https:\/\/lospoliticosveracruz.com\/?p=55600#respond"]}]},{"@type":"WebPage","@id":"https:\/\/lospoliticosveracruz.com\/?p=55600","url":"https:\/\/lospoliticosveracruz.com\/?p=55600","name":"Las Mentiras de la \u201chonesta\u201d Roc\u00edo Nahle - Los pol\u00edticos Veracruz","isPartOf":{"@id":"https:\/\/lospoliticosveracruz.com\/#website"},"datePublished":"2020-06-01T00:19:59+00:00","dateModified":"2020-06-01T00:25:38+00:00","breadcrumb":{"@id":"https:\/\/lospoliticosveracruz.com\/?p=55600#breadcrumb"},"inLanguage":"es","potentialAction":[{"@type":"ReadAction","target":["https:\/\/lospoliticosveracruz.com\/?p=55600"]}]},{"@type":"BreadcrumbList","@id":"https:\/\/lospoliticosveracruz.com\/?p=55600#breadcrumb","itemListElement":[{"@type":"ListItem","position":1,"name":"Portada","item":"https:\/\/lospoliticosveracruz.com\/"},{"@type":"ListItem","position":2,"name":"Las Mentiras de la \u201chonesta\u201d Roc\u00edo Nahle"}]},{"@type":"WebSite","@id":"https:\/\/lospoliticosveracruz.com\/#website","url":"https:\/\/lospoliticosveracruz.com\/","name":"Los pol\u00edticos Veracruz","description":"","publisher":{"@id":"https:\/\/lospoliticosveracruz.com\/#organization"},"potentialAction":[{"@type":"SearchAction","target":{"@type":"EntryPoint","urlTemplate":"https:\/\/lospoliticosveracruz.com\/?s={search_term_string}"},"query-input":{"@type":"PropertyValueSpecification","valueRequired":true,"valueName":"search_term_string"}}],"inLanguage":"es"},{"@type":"Organization","@id":"https:\/\/lospoliticosveracruz.com\/#organization","name":"Los pol\u00edticos Veracruz","url":"https:\/\/lospoliticosveracruz.com\/","logo":{"@type":"ImageObject","inLanguage":"es","@id":"https:\/\/lospoliticosveracruz.com\/#\/schema\/logo\/image\/","url":"https:\/\/lospoliticosveracruz.com\/wp-content\/uploads\/2025\/12\/Logo-Nuevo-LOS-POLITICOS-1.jpg","contentUrl":"https:\/\/lospoliticosveracruz.com\/wp-content\/uploads\/2025\/12\/Logo-Nuevo-LOS-POLITICOS-1.jpg","width":260,"height":70,"caption":"Los pol\u00edticos Veracruz"},"image":{"@id":"https:\/\/lospoliticosveracruz.com\/#\/schema\/logo\/image\/"},"sameAs":["https:\/\/www.facebook.com\/people\/Notimemes-de-los-Polticos\/61565672886568\/","https:\/\/x.com\/LosPoliticosVer"]},{"@type":"Person","@id":"https:\/\/lospoliticosveracruz.com\/#\/schema\/person\/b8702bb0e538456e6efd07080bf2a4a2","name":"Lo viste en Los Pol\u00edticos","image":{"@type":"ImageObject","inLanguage":"es","@id":"https:\/\/secure.gravatar.com\/avatar\/3a8de04a2656d44082be478bd6c086daa447c4651605818287b9532d3d0bd435?s=96&d=mm&r=g","url":"https:\/\/secure.gravatar.com\/avatar\/3a8de04a2656d44082be478bd6c086daa447c4651605818287b9532d3d0bd435?s=96&d=mm&r=g","contentUrl":"https:\/\/secure.gravatar.com\/avatar\/3a8de04a2656d44082be478bd6c086daa447c4651605818287b9532d3d0bd435?s=96&d=mm&r=g","caption":"Lo viste en Los Pol\u00edticos"},"url":"https:\/\/lospoliticosveracruz.com\/?author=2"}]}},"_links":{"self":[{"href":"https:\/\/lospoliticosveracruz.com\/index.php?rest_route=\/wp\/v2\/posts\/55600","targetHints":{"allow":["GET"]}}],"collection":[{"href":"https:\/\/lospoliticosveracruz.com\/index.php?rest_route=\/wp\/v2\/posts"}],"about":[{"href":"https:\/\/lospoliticosveracruz.com\/index.php?rest_route=\/wp\/v2\/types\/post"}],"author":[{"embeddable":true,"href":"https:\/\/lospoliticosveracruz.com\/index.php?rest_route=\/wp\/v2\/users\/2"}],"replies":[{"embeddable":true,"href":"https:\/\/lospoliticosveracruz.com\/index.php?rest_route=%2Fwp%2Fv2%2Fcomments&post=55600"}],"version-history":[{"count":2,"href":"https:\/\/lospoliticosveracruz.com\/index.php?rest_route=\/wp\/v2\/posts\/55600\/revisions"}],"predecessor-version":[{"id":55603,"href":"https:\/\/lospoliticosveracruz.com\/index.php?rest_route=\/wp\/v2\/posts\/55600\/revisions\/55603"}],"wp:attachment":[{"href":"https:\/\/lospoliticosveracruz.com\/index.php?rest_route=%2Fwp%2Fv2%2Fmedia&parent=55600"}],"wp:term":[{"taxonomy":"category","embeddable":true,"href":"https:\/\/lospoliticosveracruz.com\/index.php?rest_route=%2Fwp%2Fv2%2Fcategories&post=55600"},{"taxonomy":"post_tag","embeddable":true,"href":"https:\/\/lospoliticosveracruz.com\/index.php?rest_route=%2Fwp%2Fv2%2Ftags&post=55600"}],"curies":[{"name":"wp","href":"https:\/\/api.w.org\/{rel}","templated":true}]}}