{"id":55676,"date":"2020-06-02T10:11:28","date_gmt":"2020-06-02T15:11:28","guid":{"rendered":"http:\/\/www.lospoliticosveracruz.com.mx\/?p=55676"},"modified":"2020-06-02T10:11:28","modified_gmt":"2020-06-02T15:11:28","slug":"todo-gobierno-a-evaluacion-y-en-su-caso-revocacion-y-hasta-consignacion","status":"publish","type":"post","link":"https:\/\/lospoliticosveracruz.com\/?p=55676","title":{"rendered":"Todo Gobierno a evaluaci\u00f3n&#8230; y en su caso, revocaci\u00f3n y hasta consignaci\u00f3n"},"content":{"rendered":"<p><strong>Rafael Arias Hern\u00e1ndez<\/strong><\/p>\n<p>En la participaci\u00f3n responsable y en la cr\u00edtica objetiva, importante tomar en cuenta lo bueno. El cambio institucional ha iniciado la revocaci\u00f3n de mandato. Importante valorar los alcances de este logro del gobierno de AMLO.<\/p>\n<p>Necesario reconocerlo, porque urge ampliarlo y profundizarlo, en todo \u00e1mbito de gobierno e instituci\u00f3n p\u00fablica.<\/p>\n<p>Tener siempre presente. Nadie es perfecto, mucho menos en el desempe\u00f1o \u00a0democr\u00e1tico.<\/p>\n<p>Breve y claro. Gobernar al gobierno o pagar las consecuencias.<\/p>\n<p>Revocaci\u00f3n y hasta consignaci\u00f3n; o bien, \u00a0consolidaci\u00f3n y\u00a0 reconocimiento. Apoyo y fortalecimiento al buen servidor p\u00fablico. Imprescindible identificar aciertos y logros, as\u00ed como errores y p\u00e9rdidas.<\/p>\n<p>Nada de que quienes gobiernan, hagan lo que les da la gana: seguimiento y control a todo y a todos. Organizaci\u00f3n y movilizaci\u00f3n social, presente y activa. Participaci\u00f3n y evaluaci\u00f3n ciudadana permanentes. La transformaci\u00f3n debe continuar.<\/p>\n<p>Vivir el hoy y el aqu\u00ed, resolver lo posible y prever lo previsible.<\/p>\n<p>El pasado se hace presente. De la historia y el diario acontecer, vienen ense\u00f1anzas que se olvidan y no se aprenden; los sacrificios y limitaciones siempre presentes; las inconformidades y protestas que no se atienden; los reclamos de justicia que no terminan, y los cambios que no se hacen. No es obligatorio sostener y padecer malos y peores gobernantes.<\/p>\n<p>Nada nuevo bajo el sol, prolongado viaje de mal en peor. Ante m\u00e1s de lo mismo y de los mismos,\u00a0 ante presencia e influencia de ineptos y corruptos, de ineficientes y delincuentes en el gobierno,\u00a0 no es raro o extra\u00f1o constatar que abundan,\u00a0 persisten y crecen errores y p\u00e9rdidas, fallas y pendientes, as\u00ed como desatenciones, retrasos, fracasos y rezagos sociales.<\/p>\n<p>Abruman ineptitud y corrupci\u00f3n, perversidad y mediocridad, frente a los contados logros y avances que, no se reconocen, mejoran o aprovechan. En el colmo, muchos de sus autores, en su ignorancia e incapacidad, ni se enteran que se obtuvieron gracias a su esfuerzo y trabajo. Tic-tac recurrente. Hoy, como antes, se comete el error, lo dem\u00e1s son consecuencias.<\/p>\n<p>Y ah\u00ed vamos de la incredulidad al asombro, anonadados y enajenados de una y mil formas.<\/p>\n<p>Como siempre, abundan entretenimiento y distracci\u00f3n, simulaci\u00f3n y encubrimiento, ineficiencia y delincuencia. Esto y m\u00e1s, encubre y protege, mantiene y sostiene, a par\u00e1sitos, depredadores y saqueadores de los recursos p\u00fablicos; as\u00ed como a distorsionadores y \u00a0abusadores de las leyes y atribuciones institucionales.<\/p>\n<p>Dan pena ajena, y aumentan el tama\u00f1o del da\u00f1o, los mismos que llegan al poder para no poder, pero eso si se caracterizan por aprovecharse de lo oficial, para beneficio personal, familiar o de grupo.<\/p>\n<p>Continuidad de la impunidad que protege y recicla a quienes no son servidores p\u00fablicos, porque no sirven; ni funcionarios, porque no funcionan; y mucho menos, debe llam\u00e1rseles gobernantes,\u00a0 porque no gobiernan, m\u00e1s bien desgobiernan porque los desastres se incrementan y acumulan. Total, saben que todo va con cargo al presupuesto y a la abnegada, sufrida y ninguneada poblaci\u00f3n.<\/p>\n<p>Millones y millones de seres humanos sumidos en la inseguridad creciente, y victimas del empobrecimiento y hambre en aumento. Quien quiera o\u00edr, que oiga.<\/p>\n<p><strong>ELECCION Y REMOCION<\/strong><\/p>\n<p>En la democracia, se tiene tanto el derecho de elegir y de ser electo, como\u00a0 el de quitar el apoyo y hasta de destituir, \u00a0a los malos o p\u00e9simos gobernantes y servidores p\u00fablicos en general. En ning\u00fan momento se establece el deber de aguantar; y mucho menos, se est\u00e1 obligado a sostener y soportar malos o peores gobiernos.<\/p>\n<p>Elecci\u00f3n y remoci\u00f3n o revocaci\u00f3n, son derechos que se abren paso en las incipientes democracias, como la nuestra.<\/p>\n<p>Por eso, hay que insistir y sostener, que otorgar poder, mandato y representaci\u00f3n,\u00a0 debe ser tan com\u00fan, como revocarlo y despedir a los nombrados (incluso denunciaros y consignarlos si su conducta es delictiva).<\/p>\n<p>Ahora s\u00ed, gracias a la todav\u00eda incompleta reforma de la revocaci\u00f3n de mandato, \u00a0en M\u00e9xico se va haciendo realidad la vieja aspiraci\u00f3n de\u00a0 que \u201cno hay mal que dure seis o tres a\u00f1os, ni pueblo que lo aguante\u201d.<\/p>\n<p>As\u00ed que, si en el gobierno federal ya se inici\u00f3 el cambio, por qu\u00e9 en los gobiernos estatales y municipales no aparece ni avanza. M\u00e1s a\u00fan, cuando ante demasiados casos, comprobada y reiteradamente, no hay porqu\u00e9 soportar ni padecer las costosas consecuencias; la historia est\u00e1 repleta de ineficiencia e incompetencia, de irresponsabilidad\u00a0 y de impunidad. Mal de muchos, consuelo de\u2026.<\/p>\n<p>Tener presente y no olvidar,\u00a0 como a lo \u00a0\u00a0largo de la Historia, est\u00e1n consignadas esas consecuencias, de no haber detenido y despedido a tiempo a los malos y peores servidores p\u00fablicos.. P\u00e9rdidas y\u00a0 da\u00f1os en tiempo, recursos y oportunidades; sacrificios, limitaciones y postergaciones para muchos que requieren de atenci\u00f3n y apoyo.<\/p>\n<p>Se sabe por experiencias propias y ajenas, que se requieren gobiernos con capacidad de respuesta y de previsi\u00f3n, no s\u00f3lo simples administradores, vividores de la rutina burocr\u00e1tica o de la urgencia de lo inmediato.<\/p>\n<p>Capacidad gubernamental para la atenci\u00f3n real y la planeaci\u00f3n efectiva. No se puede, ni se debe mantener instituciones, leyes y empleados innecesarios, anclados en el tiempo, sobreviviendo a base de lentitud y superficialidad en los cambios. Mucho menos en la simulaci\u00f3n y la demagogia, en espera de respuestas y soluciones que no llegan.<\/p>\n<p>Retirar confianza y destituir es un derecho,\u00a0 que poco a poco\u00a0 se hace presente y aumenta en las leyes respectivas; y, desde luego, \u00a0en las funciones, estructuras e instituciones p\u00fablicas.<\/p>\n<p>El derecho a elegir y a ser electo, as\u00ed como el de evaluar para respaldar o revocar, se complementa con el de informarse todo el tiempo, para participar con responsabilidad y evaluar\u00a0 permanentemente. Vital asegurar el logro y corregir el fracaso. Saber de las necesidades y de las prioridades sociales; conocer de los esfuerzos y del tama\u00f1o de los retos;\u00a0 enterarse de la amplitud y complejidad de los problemas. Ni la afirmaci\u00f3n aduladora y servil, ni la negaci\u00f3n por principio. Ni exagerar, \u00a0subestimar o sobre valorar.<\/p>\n<p>En una democracia la responsabilidad es de todos, al gobierno hay que gobernarlo.<\/p>\n<p>&nbsp;<\/p>\n<p>-Acad\u00e9mico. IIESESUV\u00a0 Twitter @RafaelAriasH, Facebook: VeracruzHoydeRafaelAriasH<\/p>\n<p>&nbsp;<\/p>\n","protected":false},"excerpt":{"rendered":"<p>Rafael Arias Hern\u00e1ndez En la participaci\u00f3n responsable y en la cr\u00edtica objetiva, importante tomar en cuenta lo bueno. El cambio institucional ha iniciado la revocaci\u00f3n de mandato. Importante valorar los alcances de este logro del gobierno de AMLO. Necesario reconocerlo, porque urge ampliarlo y profundizarlo, en todo \u00e1mbito de gobierno e instituci\u00f3n p\u00fablica. Tener siempre [&hellip;]<\/p>\n","protected":false},"author":2,"featured_media":0,"comment_status":"open","ping_status":"open","sticky":false,"template":"","format":"standard","meta":{"tdm_status":"","tdm_grid_status":"","footnotes":""},"categories":[70],"tags":[8032,14240],"class_list":{"0":"post-55676","1":"post","2":"type-post","3":"status-publish","4":"format-standard","6":"category-de-opinion","7":"tag-rafael-arias-hernandez","8":"tag-revocacion-de-mandato"},"yoast_head":"<!-- This site is optimized with the Yoast SEO plugin v27.4 - https:\/\/yoast.com\/product\/yoast-seo-wordpress\/ -->\n<title>Todo Gobierno a evaluaci\u00f3n... y en su caso, revocaci\u00f3n y hasta consignaci\u00f3n - Los pol\u00edticos Veracruz<\/title>\n<meta name=\"robots\" content=\"index, follow, max-snippet:-1, max-image-preview:large, max-video-preview:-1\" \/>\n<link rel=\"canonical\" href=\"https:\/\/lospoliticosveracruz.com\/?p=55676\" \/>\n<meta property=\"og:locale\" content=\"es_ES\" \/>\n<meta property=\"og:type\" content=\"article\" \/>\n<meta property=\"og:title\" content=\"Todo Gobierno a evaluaci\u00f3n... y en su caso, revocaci\u00f3n y hasta consignaci\u00f3n - Los pol\u00edticos Veracruz\" \/>\n<meta property=\"og:description\" content=\"Rafael Arias Hern\u00e1ndez En la participaci\u00f3n responsable y en la cr\u00edtica objetiva, importante tomar en cuenta lo bueno. El cambio institucional ha iniciado la revocaci\u00f3n de mandato. Importante valorar los alcances de este logro del gobierno de AMLO. Necesario reconocerlo, porque urge ampliarlo y profundizarlo, en todo \u00e1mbito de gobierno e instituci\u00f3n p\u00fablica. Tener siempre [&hellip;]\" \/>\n<meta property=\"og:url\" content=\"https:\/\/lospoliticosveracruz.com\/?p=55676\" \/>\n<meta property=\"og:site_name\" content=\"Los pol\u00edticos Veracruz\" \/>\n<meta property=\"article:publisher\" content=\"https:\/\/www.facebook.com\/people\/Notimemes-de-los-Polticos\/61565672886568\/\" \/>\n<meta property=\"article:published_time\" content=\"2020-06-02T15:11:28+00:00\" \/>\n<meta property=\"og:image\" content=\"https:\/\/lospoliticosveracruz.com\/wp-content\/uploads\/2016\/07\/Logo-Dor.jpg\" \/>\n\t<meta property=\"og:image:width\" content=\"200\" \/>\n\t<meta property=\"og:image:height\" content=\"200\" \/>\n\t<meta property=\"og:image:type\" content=\"image\/jpeg\" \/>\n<meta name=\"author\" content=\"Lo viste en Los Pol\u00edticos\" \/>\n<meta name=\"twitter:card\" content=\"summary_large_image\" \/>\n<meta name=\"twitter:creator\" content=\"@LosPoliticosVer\" \/>\n<meta name=\"twitter:site\" content=\"@LosPoliticosVer\" \/>\n<meta name=\"twitter:label1\" content=\"Escrito por\" \/>\n\t<meta name=\"twitter:data1\" content=\"Lo viste en Los Pol\u00edticos\" \/>\n\t<meta name=\"twitter:label2\" content=\"Tiempo de lectura\" \/>\n\t<meta name=\"twitter:data2\" content=\"5 minutos\" \/>\n<script type=\"application\/ld+json\" class=\"yoast-schema-graph\">{\"@context\":\"https:\\\/\\\/schema.org\",\"@graph\":[{\"@type\":\"Article\",\"@id\":\"https:\\\/\\\/lospoliticosveracruz.com\\\/?p=55676#article\",\"isPartOf\":{\"@id\":\"https:\\\/\\\/lospoliticosveracruz.com\\\/?p=55676\"},\"author\":{\"name\":\"Lo viste en Los Pol\u00edticos\",\"@id\":\"https:\\\/\\\/lospoliticosveracruz.com\\\/#\\\/schema\\\/person\\\/b8702bb0e538456e6efd07080bf2a4a2\"},\"headline\":\"Todo Gobierno a evaluaci\u00f3n&#8230; y en su caso, revocaci\u00f3n y hasta consignaci\u00f3n\",\"datePublished\":\"2020-06-02T15:11:28+00:00\",\"mainEntityOfPage\":{\"@id\":\"https:\\\/\\\/lospoliticosveracruz.com\\\/?p=55676\"},\"wordCount\":1069,\"commentCount\":0,\"publisher\":{\"@id\":\"https:\\\/\\\/lospoliticosveracruz.com\\\/#organization\"},\"keywords\":[\"Rafael Arias Hern\u00e1ndez\",\"Revocaci\u00f3n de Mandato\"],\"articleSection\":[\"De Opini\u00f3n\"],\"inLanguage\":\"es\",\"potentialAction\":[{\"@type\":\"CommentAction\",\"name\":\"Comment\",\"target\":[\"https:\\\/\\\/lospoliticosveracruz.com\\\/?p=55676#respond\"]}]},{\"@type\":\"WebPage\",\"@id\":\"https:\\\/\\\/lospoliticosveracruz.com\\\/?p=55676\",\"url\":\"https:\\\/\\\/lospoliticosveracruz.com\\\/?p=55676\",\"name\":\"Todo Gobierno a evaluaci\u00f3n... y en su caso, revocaci\u00f3n y hasta consignaci\u00f3n - Los pol\u00edticos Veracruz\",\"isPartOf\":{\"@id\":\"https:\\\/\\\/lospoliticosveracruz.com\\\/#website\"},\"datePublished\":\"2020-06-02T15:11:28+00:00\",\"breadcrumb\":{\"@id\":\"https:\\\/\\\/lospoliticosveracruz.com\\\/?p=55676#breadcrumb\"},\"inLanguage\":\"es\",\"potentialAction\":[{\"@type\":\"ReadAction\",\"target\":[\"https:\\\/\\\/lospoliticosveracruz.com\\\/?p=55676\"]}]},{\"@type\":\"BreadcrumbList\",\"@id\":\"https:\\\/\\\/lospoliticosveracruz.com\\\/?p=55676#breadcrumb\",\"itemListElement\":[{\"@type\":\"ListItem\",\"position\":1,\"name\":\"Portada\",\"item\":\"https:\\\/\\\/lospoliticosveracruz.com\\\/\"},{\"@type\":\"ListItem\",\"position\":2,\"name\":\"Todo Gobierno a evaluaci\u00f3n&#8230; y en su caso, revocaci\u00f3n y hasta consignaci\u00f3n\"}]},{\"@type\":\"WebSite\",\"@id\":\"https:\\\/\\\/lospoliticosveracruz.com\\\/#website\",\"url\":\"https:\\\/\\\/lospoliticosveracruz.com\\\/\",\"name\":\"Los pol\u00edticos Veracruz\",\"description\":\"\",\"publisher\":{\"@id\":\"https:\\\/\\\/lospoliticosveracruz.com\\\/#organization\"},\"potentialAction\":[{\"@type\":\"SearchAction\",\"target\":{\"@type\":\"EntryPoint\",\"urlTemplate\":\"https:\\\/\\\/lospoliticosveracruz.com\\\/?s={search_term_string}\"},\"query-input\":{\"@type\":\"PropertyValueSpecification\",\"valueRequired\":true,\"valueName\":\"search_term_string\"}}],\"inLanguage\":\"es\"},{\"@type\":\"Organization\",\"@id\":\"https:\\\/\\\/lospoliticosveracruz.com\\\/#organization\",\"name\":\"Los pol\u00edticos Veracruz\",\"url\":\"https:\\\/\\\/lospoliticosveracruz.com\\\/\",\"logo\":{\"@type\":\"ImageObject\",\"inLanguage\":\"es\",\"@id\":\"https:\\\/\\\/lospoliticosveracruz.com\\\/#\\\/schema\\\/logo\\\/image\\\/\",\"url\":\"https:\\\/\\\/lospoliticosveracruz.com\\\/wp-content\\\/uploads\\\/2025\\\/12\\\/Logo-Nuevo-LOS-POLITICOS-1.jpg\",\"contentUrl\":\"https:\\\/\\\/lospoliticosveracruz.com\\\/wp-content\\\/uploads\\\/2025\\\/12\\\/Logo-Nuevo-LOS-POLITICOS-1.jpg\",\"width\":260,\"height\":70,\"caption\":\"Los pol\u00edticos Veracruz\"},\"image\":{\"@id\":\"https:\\\/\\\/lospoliticosveracruz.com\\\/#\\\/schema\\\/logo\\\/image\\\/\"},\"sameAs\":[\"https:\\\/\\\/www.facebook.com\\\/people\\\/Notimemes-de-los-Polticos\\\/61565672886568\\\/\",\"https:\\\/\\\/x.com\\\/LosPoliticosVer\"]},{\"@type\":\"Person\",\"@id\":\"https:\\\/\\\/lospoliticosveracruz.com\\\/#\\\/schema\\\/person\\\/b8702bb0e538456e6efd07080bf2a4a2\",\"name\":\"Lo viste en Los Pol\u00edticos\",\"image\":{\"@type\":\"ImageObject\",\"inLanguage\":\"es\",\"@id\":\"https:\\\/\\\/secure.gravatar.com\\\/avatar\\\/3a8de04a2656d44082be478bd6c086daa447c4651605818287b9532d3d0bd435?s=96&d=mm&r=g\",\"url\":\"https:\\\/\\\/secure.gravatar.com\\\/avatar\\\/3a8de04a2656d44082be478bd6c086daa447c4651605818287b9532d3d0bd435?s=96&d=mm&r=g\",\"contentUrl\":\"https:\\\/\\\/secure.gravatar.com\\\/avatar\\\/3a8de04a2656d44082be478bd6c086daa447c4651605818287b9532d3d0bd435?s=96&d=mm&r=g\",\"caption\":\"Lo viste en Los Pol\u00edticos\"},\"url\":\"https:\\\/\\\/lospoliticosveracruz.com\\\/?author=2\"}]}<\/script>\n<!-- \/ Yoast SEO plugin. -->","yoast_head_json":{"title":"Todo Gobierno a evaluaci\u00f3n... y en su caso, revocaci\u00f3n y hasta consignaci\u00f3n - Los pol\u00edticos Veracruz","robots":{"index":"index","follow":"follow","max-snippet":"max-snippet:-1","max-image-preview":"max-image-preview:large","max-video-preview":"max-video-preview:-1"},"canonical":"https:\/\/lospoliticosveracruz.com\/?p=55676","og_locale":"es_ES","og_type":"article","og_title":"Todo Gobierno a evaluaci\u00f3n... y en su caso, revocaci\u00f3n y hasta consignaci\u00f3n - Los pol\u00edticos Veracruz","og_description":"Rafael Arias Hern\u00e1ndez En la participaci\u00f3n responsable y en la cr\u00edtica objetiva, importante tomar en cuenta lo bueno. El cambio institucional ha iniciado la revocaci\u00f3n de mandato. Importante valorar los alcances de este logro del gobierno de AMLO. Necesario reconocerlo, porque urge ampliarlo y profundizarlo, en todo \u00e1mbito de gobierno e instituci\u00f3n p\u00fablica. Tener siempre [&hellip;]","og_url":"https:\/\/lospoliticosveracruz.com\/?p=55676","og_site_name":"Los pol\u00edticos Veracruz","article_publisher":"https:\/\/www.facebook.com\/people\/Notimemes-de-los-Polticos\/61565672886568\/","article_published_time":"2020-06-02T15:11:28+00:00","og_image":[{"width":200,"height":200,"url":"https:\/\/lospoliticosveracruz.com\/wp-content\/uploads\/2016\/07\/Logo-Dor.jpg","type":"image\/jpeg"}],"author":"Lo viste en Los Pol\u00edticos","twitter_card":"summary_large_image","twitter_creator":"@LosPoliticosVer","twitter_site":"@LosPoliticosVer","twitter_misc":{"Escrito por":"Lo viste en Los Pol\u00edticos","Tiempo de lectura":"5 minutos"},"schema":{"@context":"https:\/\/schema.org","@graph":[{"@type":"Article","@id":"https:\/\/lospoliticosveracruz.com\/?p=55676#article","isPartOf":{"@id":"https:\/\/lospoliticosveracruz.com\/?p=55676"},"author":{"name":"Lo viste en Los Pol\u00edticos","@id":"https:\/\/lospoliticosveracruz.com\/#\/schema\/person\/b8702bb0e538456e6efd07080bf2a4a2"},"headline":"Todo Gobierno a evaluaci\u00f3n&#8230; y en su caso, revocaci\u00f3n y hasta consignaci\u00f3n","datePublished":"2020-06-02T15:11:28+00:00","mainEntityOfPage":{"@id":"https:\/\/lospoliticosveracruz.com\/?p=55676"},"wordCount":1069,"commentCount":0,"publisher":{"@id":"https:\/\/lospoliticosveracruz.com\/#organization"},"keywords":["Rafael Arias Hern\u00e1ndez","Revocaci\u00f3n de Mandato"],"articleSection":["De Opini\u00f3n"],"inLanguage":"es","potentialAction":[{"@type":"CommentAction","name":"Comment","target":["https:\/\/lospoliticosveracruz.com\/?p=55676#respond"]}]},{"@type":"WebPage","@id":"https:\/\/lospoliticosveracruz.com\/?p=55676","url":"https:\/\/lospoliticosveracruz.com\/?p=55676","name":"Todo Gobierno a evaluaci\u00f3n... y en su caso, revocaci\u00f3n y hasta consignaci\u00f3n - Los pol\u00edticos Veracruz","isPartOf":{"@id":"https:\/\/lospoliticosveracruz.com\/#website"},"datePublished":"2020-06-02T15:11:28+00:00","breadcrumb":{"@id":"https:\/\/lospoliticosveracruz.com\/?p=55676#breadcrumb"},"inLanguage":"es","potentialAction":[{"@type":"ReadAction","target":["https:\/\/lospoliticosveracruz.com\/?p=55676"]}]},{"@type":"BreadcrumbList","@id":"https:\/\/lospoliticosveracruz.com\/?p=55676#breadcrumb","itemListElement":[{"@type":"ListItem","position":1,"name":"Portada","item":"https:\/\/lospoliticosveracruz.com\/"},{"@type":"ListItem","position":2,"name":"Todo Gobierno a evaluaci\u00f3n&#8230; y en su caso, revocaci\u00f3n y hasta consignaci\u00f3n"}]},{"@type":"WebSite","@id":"https:\/\/lospoliticosveracruz.com\/#website","url":"https:\/\/lospoliticosveracruz.com\/","name":"Los pol\u00edticos Veracruz","description":"","publisher":{"@id":"https:\/\/lospoliticosveracruz.com\/#organization"},"potentialAction":[{"@type":"SearchAction","target":{"@type":"EntryPoint","urlTemplate":"https:\/\/lospoliticosveracruz.com\/?s={search_term_string}"},"query-input":{"@type":"PropertyValueSpecification","valueRequired":true,"valueName":"search_term_string"}}],"inLanguage":"es"},{"@type":"Organization","@id":"https:\/\/lospoliticosveracruz.com\/#organization","name":"Los pol\u00edticos Veracruz","url":"https:\/\/lospoliticosveracruz.com\/","logo":{"@type":"ImageObject","inLanguage":"es","@id":"https:\/\/lospoliticosveracruz.com\/#\/schema\/logo\/image\/","url":"https:\/\/lospoliticosveracruz.com\/wp-content\/uploads\/2025\/12\/Logo-Nuevo-LOS-POLITICOS-1.jpg","contentUrl":"https:\/\/lospoliticosveracruz.com\/wp-content\/uploads\/2025\/12\/Logo-Nuevo-LOS-POLITICOS-1.jpg","width":260,"height":70,"caption":"Los pol\u00edticos Veracruz"},"image":{"@id":"https:\/\/lospoliticosveracruz.com\/#\/schema\/logo\/image\/"},"sameAs":["https:\/\/www.facebook.com\/people\/Notimemes-de-los-Polticos\/61565672886568\/","https:\/\/x.com\/LosPoliticosVer"]},{"@type":"Person","@id":"https:\/\/lospoliticosveracruz.com\/#\/schema\/person\/b8702bb0e538456e6efd07080bf2a4a2","name":"Lo viste en Los Pol\u00edticos","image":{"@type":"ImageObject","inLanguage":"es","@id":"https:\/\/secure.gravatar.com\/avatar\/3a8de04a2656d44082be478bd6c086daa447c4651605818287b9532d3d0bd435?s=96&d=mm&r=g","url":"https:\/\/secure.gravatar.com\/avatar\/3a8de04a2656d44082be478bd6c086daa447c4651605818287b9532d3d0bd435?s=96&d=mm&r=g","contentUrl":"https:\/\/secure.gravatar.com\/avatar\/3a8de04a2656d44082be478bd6c086daa447c4651605818287b9532d3d0bd435?s=96&d=mm&r=g","caption":"Lo viste en Los Pol\u00edticos"},"url":"https:\/\/lospoliticosveracruz.com\/?author=2"}]}},"_links":{"self":[{"href":"https:\/\/lospoliticosveracruz.com\/index.php?rest_route=\/wp\/v2\/posts\/55676","targetHints":{"allow":["GET"]}}],"collection":[{"href":"https:\/\/lospoliticosveracruz.com\/index.php?rest_route=\/wp\/v2\/posts"}],"about":[{"href":"https:\/\/lospoliticosveracruz.com\/index.php?rest_route=\/wp\/v2\/types\/post"}],"author":[{"embeddable":true,"href":"https:\/\/lospoliticosveracruz.com\/index.php?rest_route=\/wp\/v2\/users\/2"}],"replies":[{"embeddable":true,"href":"https:\/\/lospoliticosveracruz.com\/index.php?rest_route=%2Fwp%2Fv2%2Fcomments&post=55676"}],"version-history":[{"count":1,"href":"https:\/\/lospoliticosveracruz.com\/index.php?rest_route=\/wp\/v2\/posts\/55676\/revisions"}],"predecessor-version":[{"id":55678,"href":"https:\/\/lospoliticosveracruz.com\/index.php?rest_route=\/wp\/v2\/posts\/55676\/revisions\/55678"}],"wp:attachment":[{"href":"https:\/\/lospoliticosveracruz.com\/index.php?rest_route=%2Fwp%2Fv2%2Fmedia&parent=55676"}],"wp:term":[{"taxonomy":"category","embeddable":true,"href":"https:\/\/lospoliticosveracruz.com\/index.php?rest_route=%2Fwp%2Fv2%2Fcategories&post=55676"},{"taxonomy":"post_tag","embeddable":true,"href":"https:\/\/lospoliticosveracruz.com\/index.php?rest_route=%2Fwp%2Fv2%2Ftags&post=55676"}],"curies":[{"name":"wp","href":"https:\/\/api.w.org\/{rel}","templated":true}]}}