{"id":55822,"date":"2020-06-04T22:59:47","date_gmt":"2020-06-05T03:59:47","guid":{"rendered":"http:\/\/www.lospoliticosveracruz.com.mx\/?p=55822"},"modified":"2020-06-04T22:59:47","modified_gmt":"2020-06-05T03:59:47","slug":"caneros-y-ganaderos-tienen-el-liderazgo","status":"publish","type":"post","link":"https:\/\/lospoliticosveracruz.com\/?p=55822","title":{"rendered":"Ca\u00f1eros y ganaderos tienen el liderazgo"},"content":{"rendered":"<p><strong>Eduardo Venegas Naranjo<\/strong><br \/>\n<em>Aqu\u00ed Entre Nos&#8230;<\/em><\/p>\n<p>Los ca\u00f1eros a nivel nacional tienen el respaldo de Daniel P\u00e9rez Vald\u00e9s, presidente de la Uni\u00f3n Nacional de Productores Ca\u00f1a de Az\u00facar, A.C. quien ha demostrado lealtad y transparencia al gremio.<br \/>\nEl l\u00edder ca\u00f1ero hace unos d\u00edas lanz\u00f3 un video donde dej\u00f3 en claro que si no se hubieran hecho los acuerdos en octubre de 2019, se seguir\u00eda dependiendo terceros como era con el SNIIM el cual dej\u00f3 de operar desde ese entonces cuando solo comercializaban el 10 por ciento basados en el monitoreo de 23 centrales de abasto.<br \/>\nAhora con el Sistema de Informaci\u00f3n del Mercado Azucarero Nacional (SIMAN) ya est\u00e1 operando con eficiencia \u201ctransparencia y certidumbre para todos\u201d se tiene un precio de referencia para el precio del az\u00facar base est\u00e1ndar para el pago de la ca\u00f1a.<br \/>\nDaniel P\u00e9rez es un l\u00edder nato, astuto y veracruzano que sin duda ha sido aliado de los ca\u00f1eros por a\u00f1os; nunca se ha olvidado de su gente.<br \/>\nUno de los l\u00edderes m\u00e1s representativos en el estado y en especial en la Cuenca del Papaloapan, es Luis Carlos P\u00e9rez Balderas, quien desde enero tom\u00f3 las riendas de la Uni\u00f3n Local de Productores de Ca\u00f1a de Az\u00facar; del Ingenio San Crist\u00f3bal, con liderazgo, mostrando el m\u00fasculo y poniendo orden.<br \/>\nP\u00e9rez Balderas, es aliado y amigo de los ca\u00f1eros; es sencillo, le gusta atender personalmente a todos sus agremiados; tiene el respaldo de Daniel P\u00e9rez Vald\u00e9s.<br \/>\nLuis Carlos, tiene un compromiso con su gente, sabe que tiene que dar resultados; es un hombre con visi\u00f3n y determinaci\u00f3n; que sin duda har\u00e1 grandes cosas en la organizaci\u00f3n a favor de los ca\u00f1eros.<\/p>\n<p><strong>Los ganaderos Oswaldo Ch\u00e1zaro, Jes\u00fas Ortega y Luis Medina<\/strong><\/p>\n<p>Oswaldo Ch\u00e1zaro Montalvo es el Presidente de la Confederaci\u00f3n Nacional de Organizaciones Ganaderas, es veracruzano, conoce los problemas del campo, en especial del sector ganadero.<br \/>\nSiempre ha sido un buen puente entre el gobierno y los ganaderos del pa\u00eds, sabe negociar y pactar a favor del gremio, es un hombre de palabra, en Veracruz respalda al l\u00edder de la Uni\u00f3n Ganadera Regional de la Zona Centro, Jes\u00fas Ortega Couttolenc.<br \/>\nChucho, es determinante, aliado de todas las ganaderas que representa, es conocedor del tema y sabe apoyar cuando lo necesitan, en su paso por la Uni\u00f3n ha dejado huella; los ganaderos reconocen su trabajo, una de sus piezas claves que lo acompa\u00f1a en su directiva es su tesorero, el tlacotalpe\u00f1o Luis Medina Aguirre, quien es un personaje que sin duda en los \u00faltimos a\u00f1os ha marcado la diferencia en su municipio, dirige una Asociaci\u00f3n que desde 2013 ha realizado la famosa \u201cExpo Ganaderas de Tlacotalpan\u201d. Esto atrae al sector y deja una derrama econ\u00f3mica en el pueblo.<br \/>\nEn la zona rural y urbana G\u00fcicho es conocido, proviene de una familia respetada, que toda su vida se han dedicado a la actividad ganadera.<br \/>\nEn el municipio Luis tiene su fortaleza, lleva varios a\u00f1os al frente de la Asociaci\u00f3n lo que lo ha consolidado como un buen l\u00edder que sin duda lo pone en la antesala para ocupar cualquier cargo en un futuro.<\/p>\n","protected":false},"excerpt":{"rendered":"<p>Eduardo Venegas Naranjo Aqu\u00ed Entre Nos&#8230; Los ca\u00f1eros a nivel nacional tienen el respaldo de Daniel P\u00e9rez Vald\u00e9s, presidente de la Uni\u00f3n Nacional de Productores Ca\u00f1a de Az\u00facar, A.C. quien ha demostrado lealtad y transparencia al gremio. El l\u00edder ca\u00f1ero hace unos d\u00edas lanz\u00f3 un video donde dej\u00f3 en claro que si no se hubieran [&hellip;]<\/p>\n","protected":false},"author":2,"featured_media":0,"comment_status":"open","ping_status":"open","sticky":false,"template":"","format":"standard","meta":{"tdm_status":"","tdm_grid_status":"","footnotes":""},"categories":[70],"tags":[12553,18403,13170,18408,14554,18406,18404,18407,18405,4427],"class_list":{"0":"post-55822","1":"post","2":"type-post","3":"status-publish","4":"format-standard","6":"category-de-opinion","7":"tag-cana-de-azucar","8":"tag-daniel-perez-valdes","9":"tag-eduardo-venegas-naranjo","10":"tag-expo-ganadera-de-tlacotalpan","11":"tag-ingenio-san-cristobal","12":"tag-jesus-ortega-couttolenc","13":"tag-luis-carlos-perez-balderas","14":"tag-luis-medina-aguirre","15":"tag-organizaciones-ganaderas","16":"tag-oswaldo-chazaro-montalvo"},"yoast_head":"<!-- This site is optimized with the Yoast SEO plugin v27.4 - https:\/\/yoast.com\/product\/yoast-seo-wordpress\/ -->\n<title>Ca\u00f1eros y ganaderos tienen el liderazgo - Los pol\u00edticos Veracruz<\/title>\n<meta name=\"robots\" content=\"index, follow, max-snippet:-1, max-image-preview:large, max-video-preview:-1\" \/>\n<link rel=\"canonical\" href=\"https:\/\/lospoliticosveracruz.com\/?p=55822\" \/>\n<meta property=\"og:locale\" content=\"es_ES\" \/>\n<meta property=\"og:type\" content=\"article\" \/>\n<meta property=\"og:title\" content=\"Ca\u00f1eros y ganaderos tienen el liderazgo - Los pol\u00edticos Veracruz\" \/>\n<meta property=\"og:description\" content=\"Eduardo Venegas Naranjo Aqu\u00ed Entre Nos&#8230; Los ca\u00f1eros a nivel nacional tienen el respaldo de Daniel P\u00e9rez Vald\u00e9s, presidente de la Uni\u00f3n Nacional de Productores Ca\u00f1a de Az\u00facar, A.C. quien ha demostrado lealtad y transparencia al gremio. El l\u00edder ca\u00f1ero hace unos d\u00edas lanz\u00f3 un video donde dej\u00f3 en claro que si no se hubieran [&hellip;]\" \/>\n<meta property=\"og:url\" content=\"https:\/\/lospoliticosveracruz.com\/?p=55822\" \/>\n<meta property=\"og:site_name\" content=\"Los pol\u00edticos Veracruz\" \/>\n<meta property=\"article:publisher\" content=\"https:\/\/www.facebook.com\/people\/Notimemes-de-los-Polticos\/61565672886568\/\" \/>\n<meta property=\"article:published_time\" content=\"2020-06-05T03:59:47+00:00\" \/>\n<meta property=\"og:image\" content=\"https:\/\/lospoliticosveracruz.com\/wp-content\/uploads\/2016\/07\/Logo-Dor.jpg\" \/>\n\t<meta property=\"og:image:width\" content=\"200\" \/>\n\t<meta property=\"og:image:height\" content=\"200\" \/>\n\t<meta property=\"og:image:type\" content=\"image\/jpeg\" \/>\n<meta name=\"author\" content=\"Lo viste en Los Pol\u00edticos\" \/>\n<meta name=\"twitter:card\" content=\"summary_large_image\" \/>\n<meta name=\"twitter:creator\" content=\"@LosPoliticosVer\" \/>\n<meta name=\"twitter:site\" content=\"@LosPoliticosVer\" \/>\n<meta name=\"twitter:label1\" content=\"Escrito por\" \/>\n\t<meta name=\"twitter:data1\" content=\"Lo viste en Los Pol\u00edticos\" \/>\n\t<meta name=\"twitter:label2\" content=\"Tiempo de lectura\" \/>\n\t<meta name=\"twitter:data2\" content=\"3 minutos\" \/>\n<script type=\"application\/ld+json\" class=\"yoast-schema-graph\">{\"@context\":\"https:\\\/\\\/schema.org\",\"@graph\":[{\"@type\":\"Article\",\"@id\":\"https:\\\/\\\/lospoliticosveracruz.com\\\/?p=55822#article\",\"isPartOf\":{\"@id\":\"https:\\\/\\\/lospoliticosveracruz.com\\\/?p=55822\"},\"author\":{\"name\":\"Lo viste en Los Pol\u00edticos\",\"@id\":\"https:\\\/\\\/lospoliticosveracruz.com\\\/#\\\/schema\\\/person\\\/b8702bb0e538456e6efd07080bf2a4a2\"},\"headline\":\"Ca\u00f1eros y ganaderos tienen el liderazgo\",\"datePublished\":\"2020-06-05T03:59:47+00:00\",\"mainEntityOfPage\":{\"@id\":\"https:\\\/\\\/lospoliticosveracruz.com\\\/?p=55822\"},\"wordCount\":568,\"commentCount\":0,\"publisher\":{\"@id\":\"https:\\\/\\\/lospoliticosveracruz.com\\\/#organization\"},\"keywords\":[\"Ca\u00f1a de az\u00facar\",\"Daniel P\u00e9rez Vald\u00e9s\",\"Eduardo Venegas Naranjo\",\"Expo Ganadera de Tlacotalpan\",\"Ingenio San Crist\u00f3bal\",\"Jes\u00fas Ortega Couttolenc\",\"Luis Carlos P\u00e9rez Balderas\",\"Luis Medina Aguirre\",\"Organizaciones Ganaderas\",\"Oswaldo Ch\u00e1zaro Montalvo\"],\"articleSection\":[\"De Opini\u00f3n\"],\"inLanguage\":\"es\",\"potentialAction\":[{\"@type\":\"CommentAction\",\"name\":\"Comment\",\"target\":[\"https:\\\/\\\/lospoliticosveracruz.com\\\/?p=55822#respond\"]}]},{\"@type\":\"WebPage\",\"@id\":\"https:\\\/\\\/lospoliticosveracruz.com\\\/?p=55822\",\"url\":\"https:\\\/\\\/lospoliticosveracruz.com\\\/?p=55822\",\"name\":\"Ca\u00f1eros y ganaderos tienen el liderazgo - Los pol\u00edticos Veracruz\",\"isPartOf\":{\"@id\":\"https:\\\/\\\/lospoliticosveracruz.com\\\/#website\"},\"datePublished\":\"2020-06-05T03:59:47+00:00\",\"breadcrumb\":{\"@id\":\"https:\\\/\\\/lospoliticosveracruz.com\\\/?p=55822#breadcrumb\"},\"inLanguage\":\"es\",\"potentialAction\":[{\"@type\":\"ReadAction\",\"target\":[\"https:\\\/\\\/lospoliticosveracruz.com\\\/?p=55822\"]}]},{\"@type\":\"BreadcrumbList\",\"@id\":\"https:\\\/\\\/lospoliticosveracruz.com\\\/?p=55822#breadcrumb\",\"itemListElement\":[{\"@type\":\"ListItem\",\"position\":1,\"name\":\"Portada\",\"item\":\"https:\\\/\\\/lospoliticosveracruz.com\\\/\"},{\"@type\":\"ListItem\",\"position\":2,\"name\":\"Ca\u00f1eros y ganaderos tienen el liderazgo\"}]},{\"@type\":\"WebSite\",\"@id\":\"https:\\\/\\\/lospoliticosveracruz.com\\\/#website\",\"url\":\"https:\\\/\\\/lospoliticosveracruz.com\\\/\",\"name\":\"Los pol\u00edticos Veracruz\",\"description\":\"\",\"publisher\":{\"@id\":\"https:\\\/\\\/lospoliticosveracruz.com\\\/#organization\"},\"potentialAction\":[{\"@type\":\"SearchAction\",\"target\":{\"@type\":\"EntryPoint\",\"urlTemplate\":\"https:\\\/\\\/lospoliticosveracruz.com\\\/?s={search_term_string}\"},\"query-input\":{\"@type\":\"PropertyValueSpecification\",\"valueRequired\":true,\"valueName\":\"search_term_string\"}}],\"inLanguage\":\"es\"},{\"@type\":\"Organization\",\"@id\":\"https:\\\/\\\/lospoliticosveracruz.com\\\/#organization\",\"name\":\"Los pol\u00edticos Veracruz\",\"url\":\"https:\\\/\\\/lospoliticosveracruz.com\\\/\",\"logo\":{\"@type\":\"ImageObject\",\"inLanguage\":\"es\",\"@id\":\"https:\\\/\\\/lospoliticosveracruz.com\\\/#\\\/schema\\\/logo\\\/image\\\/\",\"url\":\"https:\\\/\\\/lospoliticosveracruz.com\\\/wp-content\\\/uploads\\\/2025\\\/12\\\/Logo-Nuevo-LOS-POLITICOS-1.jpg\",\"contentUrl\":\"https:\\\/\\\/lospoliticosveracruz.com\\\/wp-content\\\/uploads\\\/2025\\\/12\\\/Logo-Nuevo-LOS-POLITICOS-1.jpg\",\"width\":260,\"height\":70,\"caption\":\"Los pol\u00edticos Veracruz\"},\"image\":{\"@id\":\"https:\\\/\\\/lospoliticosveracruz.com\\\/#\\\/schema\\\/logo\\\/image\\\/\"},\"sameAs\":[\"https:\\\/\\\/www.facebook.com\\\/people\\\/Notimemes-de-los-Polticos\\\/61565672886568\\\/\",\"https:\\\/\\\/x.com\\\/LosPoliticosVer\"]},{\"@type\":\"Person\",\"@id\":\"https:\\\/\\\/lospoliticosveracruz.com\\\/#\\\/schema\\\/person\\\/b8702bb0e538456e6efd07080bf2a4a2\",\"name\":\"Lo viste en Los Pol\u00edticos\",\"image\":{\"@type\":\"ImageObject\",\"inLanguage\":\"es\",\"@id\":\"https:\\\/\\\/secure.gravatar.com\\\/avatar\\\/3a8de04a2656d44082be478bd6c086daa447c4651605818287b9532d3d0bd435?s=96&d=mm&r=g\",\"url\":\"https:\\\/\\\/secure.gravatar.com\\\/avatar\\\/3a8de04a2656d44082be478bd6c086daa447c4651605818287b9532d3d0bd435?s=96&d=mm&r=g\",\"contentUrl\":\"https:\\\/\\\/secure.gravatar.com\\\/avatar\\\/3a8de04a2656d44082be478bd6c086daa447c4651605818287b9532d3d0bd435?s=96&d=mm&r=g\",\"caption\":\"Lo viste en Los Pol\u00edticos\"},\"url\":\"https:\\\/\\\/lospoliticosveracruz.com\\\/?author=2\"}]}<\/script>\n<!-- \/ Yoast SEO plugin. -->","yoast_head_json":{"title":"Ca\u00f1eros y ganaderos tienen el liderazgo - Los pol\u00edticos Veracruz","robots":{"index":"index","follow":"follow","max-snippet":"max-snippet:-1","max-image-preview":"max-image-preview:large","max-video-preview":"max-video-preview:-1"},"canonical":"https:\/\/lospoliticosveracruz.com\/?p=55822","og_locale":"es_ES","og_type":"article","og_title":"Ca\u00f1eros y ganaderos tienen el liderazgo - Los pol\u00edticos Veracruz","og_description":"Eduardo Venegas Naranjo Aqu\u00ed Entre Nos&#8230; Los ca\u00f1eros a nivel nacional tienen el respaldo de Daniel P\u00e9rez Vald\u00e9s, presidente de la Uni\u00f3n Nacional de Productores Ca\u00f1a de Az\u00facar, A.C. quien ha demostrado lealtad y transparencia al gremio. El l\u00edder ca\u00f1ero hace unos d\u00edas lanz\u00f3 un video donde dej\u00f3 en claro que si no se hubieran [&hellip;]","og_url":"https:\/\/lospoliticosveracruz.com\/?p=55822","og_site_name":"Los pol\u00edticos Veracruz","article_publisher":"https:\/\/www.facebook.com\/people\/Notimemes-de-los-Polticos\/61565672886568\/","article_published_time":"2020-06-05T03:59:47+00:00","og_image":[{"width":200,"height":200,"url":"https:\/\/lospoliticosveracruz.com\/wp-content\/uploads\/2016\/07\/Logo-Dor.jpg","type":"image\/jpeg"}],"author":"Lo viste en Los Pol\u00edticos","twitter_card":"summary_large_image","twitter_creator":"@LosPoliticosVer","twitter_site":"@LosPoliticosVer","twitter_misc":{"Escrito por":"Lo viste en Los Pol\u00edticos","Tiempo de lectura":"3 minutos"},"schema":{"@context":"https:\/\/schema.org","@graph":[{"@type":"Article","@id":"https:\/\/lospoliticosveracruz.com\/?p=55822#article","isPartOf":{"@id":"https:\/\/lospoliticosveracruz.com\/?p=55822"},"author":{"name":"Lo viste en Los Pol\u00edticos","@id":"https:\/\/lospoliticosveracruz.com\/#\/schema\/person\/b8702bb0e538456e6efd07080bf2a4a2"},"headline":"Ca\u00f1eros y ganaderos tienen el liderazgo","datePublished":"2020-06-05T03:59:47+00:00","mainEntityOfPage":{"@id":"https:\/\/lospoliticosveracruz.com\/?p=55822"},"wordCount":568,"commentCount":0,"publisher":{"@id":"https:\/\/lospoliticosveracruz.com\/#organization"},"keywords":["Ca\u00f1a de az\u00facar","Daniel P\u00e9rez Vald\u00e9s","Eduardo Venegas Naranjo","Expo Ganadera de Tlacotalpan","Ingenio San Crist\u00f3bal","Jes\u00fas Ortega Couttolenc","Luis Carlos P\u00e9rez Balderas","Luis Medina Aguirre","Organizaciones Ganaderas","Oswaldo Ch\u00e1zaro Montalvo"],"articleSection":["De Opini\u00f3n"],"inLanguage":"es","potentialAction":[{"@type":"CommentAction","name":"Comment","target":["https:\/\/lospoliticosveracruz.com\/?p=55822#respond"]}]},{"@type":"WebPage","@id":"https:\/\/lospoliticosveracruz.com\/?p=55822","url":"https:\/\/lospoliticosveracruz.com\/?p=55822","name":"Ca\u00f1eros y ganaderos tienen el liderazgo - Los pol\u00edticos Veracruz","isPartOf":{"@id":"https:\/\/lospoliticosveracruz.com\/#website"},"datePublished":"2020-06-05T03:59:47+00:00","breadcrumb":{"@id":"https:\/\/lospoliticosveracruz.com\/?p=55822#breadcrumb"},"inLanguage":"es","potentialAction":[{"@type":"ReadAction","target":["https:\/\/lospoliticosveracruz.com\/?p=55822"]}]},{"@type":"BreadcrumbList","@id":"https:\/\/lospoliticosveracruz.com\/?p=55822#breadcrumb","itemListElement":[{"@type":"ListItem","position":1,"name":"Portada","item":"https:\/\/lospoliticosveracruz.com\/"},{"@type":"ListItem","position":2,"name":"Ca\u00f1eros y ganaderos tienen el liderazgo"}]},{"@type":"WebSite","@id":"https:\/\/lospoliticosveracruz.com\/#website","url":"https:\/\/lospoliticosveracruz.com\/","name":"Los pol\u00edticos Veracruz","description":"","publisher":{"@id":"https:\/\/lospoliticosveracruz.com\/#organization"},"potentialAction":[{"@type":"SearchAction","target":{"@type":"EntryPoint","urlTemplate":"https:\/\/lospoliticosveracruz.com\/?s={search_term_string}"},"query-input":{"@type":"PropertyValueSpecification","valueRequired":true,"valueName":"search_term_string"}}],"inLanguage":"es"},{"@type":"Organization","@id":"https:\/\/lospoliticosveracruz.com\/#organization","name":"Los pol\u00edticos Veracruz","url":"https:\/\/lospoliticosveracruz.com\/","logo":{"@type":"ImageObject","inLanguage":"es","@id":"https:\/\/lospoliticosveracruz.com\/#\/schema\/logo\/image\/","url":"https:\/\/lospoliticosveracruz.com\/wp-content\/uploads\/2025\/12\/Logo-Nuevo-LOS-POLITICOS-1.jpg","contentUrl":"https:\/\/lospoliticosveracruz.com\/wp-content\/uploads\/2025\/12\/Logo-Nuevo-LOS-POLITICOS-1.jpg","width":260,"height":70,"caption":"Los pol\u00edticos Veracruz"},"image":{"@id":"https:\/\/lospoliticosveracruz.com\/#\/schema\/logo\/image\/"},"sameAs":["https:\/\/www.facebook.com\/people\/Notimemes-de-los-Polticos\/61565672886568\/","https:\/\/x.com\/LosPoliticosVer"]},{"@type":"Person","@id":"https:\/\/lospoliticosveracruz.com\/#\/schema\/person\/b8702bb0e538456e6efd07080bf2a4a2","name":"Lo viste en Los Pol\u00edticos","image":{"@type":"ImageObject","inLanguage":"es","@id":"https:\/\/secure.gravatar.com\/avatar\/3a8de04a2656d44082be478bd6c086daa447c4651605818287b9532d3d0bd435?s=96&d=mm&r=g","url":"https:\/\/secure.gravatar.com\/avatar\/3a8de04a2656d44082be478bd6c086daa447c4651605818287b9532d3d0bd435?s=96&d=mm&r=g","contentUrl":"https:\/\/secure.gravatar.com\/avatar\/3a8de04a2656d44082be478bd6c086daa447c4651605818287b9532d3d0bd435?s=96&d=mm&r=g","caption":"Lo viste en Los Pol\u00edticos"},"url":"https:\/\/lospoliticosveracruz.com\/?author=2"}]}},"_links":{"self":[{"href":"https:\/\/lospoliticosveracruz.com\/index.php?rest_route=\/wp\/v2\/posts\/55822","targetHints":{"allow":["GET"]}}],"collection":[{"href":"https:\/\/lospoliticosveracruz.com\/index.php?rest_route=\/wp\/v2\/posts"}],"about":[{"href":"https:\/\/lospoliticosveracruz.com\/index.php?rest_route=\/wp\/v2\/types\/post"}],"author":[{"embeddable":true,"href":"https:\/\/lospoliticosveracruz.com\/index.php?rest_route=\/wp\/v2\/users\/2"}],"replies":[{"embeddable":true,"href":"https:\/\/lospoliticosveracruz.com\/index.php?rest_route=%2Fwp%2Fv2%2Fcomments&post=55822"}],"version-history":[{"count":1,"href":"https:\/\/lospoliticosveracruz.com\/index.php?rest_route=\/wp\/v2\/posts\/55822\/revisions"}],"predecessor-version":[{"id":55824,"href":"https:\/\/lospoliticosveracruz.com\/index.php?rest_route=\/wp\/v2\/posts\/55822\/revisions\/55824"}],"wp:attachment":[{"href":"https:\/\/lospoliticosveracruz.com\/index.php?rest_route=%2Fwp%2Fv2%2Fmedia&parent=55822"}],"wp:term":[{"taxonomy":"category","embeddable":true,"href":"https:\/\/lospoliticosveracruz.com\/index.php?rest_route=%2Fwp%2Fv2%2Fcategories&post=55822"},{"taxonomy":"post_tag","embeddable":true,"href":"https:\/\/lospoliticosveracruz.com\/index.php?rest_route=%2Fwp%2Fv2%2Ftags&post=55822"}],"curies":[{"name":"wp","href":"https:\/\/api.w.org\/{rel}","templated":true}]}}