{"id":55847,"date":"2020-06-06T10:00:07","date_gmt":"2020-06-06T15:00:07","guid":{"rendered":"http:\/\/www.lospoliticosveracruz.com.mx\/?p=55847"},"modified":"2020-06-06T10:00:07","modified_gmt":"2020-06-06T15:00:07","slug":"la-urgencia-de-quedar-bien-del-alcalde","status":"publish","type":"post","link":"https:\/\/lospoliticosveracruz.com\/?p=55847","title":{"rendered":"La urgencia de quedar bien del alcalde"},"content":{"rendered":"<p><strong>Ricardo Ch\u00faa<\/strong><\/p>\n<p><em>Sale y Vale<\/em><\/p>\n<p>EL JUICIO POL\u00cdTICO&#8230; El personaje que mand\u00f3 a poner las mantas de \u00abrecibimiento\u00bb por la visita del Presidente, Andr\u00e9s Manuel L\u00f3pez Obrador, en Coatzacoalcos, fue el alcalde de esa ciudad, V\u00edctor Carranza Rosaldo y los funcionarios de MORENA de ese ayuntamiento&#8230; No la ciudadan\u00eda en general, como quieren hacer creer al mandatario, ya que esa ciudad, la segunda con m\u00e1s contagios y muertes por COVID-19&#8230; Tiene temas de m\u00e1s preocupaci\u00f3n que la visita Presidencial&#8230; El virus es lo que los tiene preocupados<\/p>\n<p>Pero se ve que el alcalde sure\u00f1o tiene preocupaciones en su agenda y una de ellas, es quedar bien con el Presidente&#8230; Es una prioridad&#8230; El Coronavirus y que Coatzacoalcos est\u00e1 inundado de contagios, eso puede esperar&#8230; Lo que no puede esperar, es que a Carranza Rosaldo enfrente un Juicio Pol\u00edtico en contra por \u00abelemento gacho\u00bb con su cabildo.. Con un fallo existente de un tribunal federal y del cual, s\u00f3lo lo puede salvar El Presidente de M\u00e9xico, con un RESPALDO al estilo que le da al gobernador, Cuitl\u00e1huac Garc\u00eda&#8230;<\/p>\n<p>En caso de no ser as\u00ed&#8230; V\u00edctor Carranza podr\u00eda ser en las pr\u00f3ximas semanas, el primer alcalde de MORENA que enfrente un juicio de desafuero en el Congreso Local (Si es que no lo protegen los diputados de MORENA) y que de esa manera, pueda ser retirado del cargo a unos meses, que inicien las campa\u00f1as pol\u00edticas en Veracruz para la renovaci\u00f3n de las alcald\u00edas&#8230; Se imaginan el esc\u00e1ndalo para los Morenos en la entidad&#8230; Por eso el \u00abquedar bien\u00bb con AMLO no est\u00e1 de m\u00e1s&#8230; Es una necesidad prioritaria&#8230;<\/p>\n<p>As\u00ed que queriendo parecer que es un \u00abRESPALDO\u00bb ciudadano&#8230; El alcalde quiere congraciarse con L\u00f3pez Obrador&#8230; Luego que el equipo del Presidente del Senado, Ricardo Monreal \u00c1vila, a trav\u00e9s del aspirante a la dirigencia nacional de MORENA, Alejandro Rojas D\u00edaz-Dur\u00e1n exigi\u00f3 una investigaci\u00f3n dentro de su partido en su contra, por ser MIS\u00d3GINO y por ejercer una VIOLENCIA DE G\u00c9NERO contra las mujeres que integran su cabildo, no importando que sean del mismo organismo pol\u00edtico&#8230;<\/p>\n<p>El suplente en el Senado de Monreal \u00c1vila se\u00f1ala que Carranza Rosaldo como mun\u00edcipe de Coatzacoalcos, se ha \u00abpasado de la raya\u00bb con ellas&#8230; Que no las respeta.. Y que ni siquiera tiene el m\u00ednimo decoro para tratar a las damas&#8230; A tal grado, que ha atacado con todo a la s\u00edndica, Yazm\u00edn Mart\u00ednez Irigoyen, y que despu\u00e9s de la denuncia que puso la funcionaria contra el alcalde&#8230; Hay una sentencia para sancionar por el delito de VIOLENCIA POL\u00cdTICA DE G\u00c9NERO a Carranza Rosaldo&#8230; Pa \u00abALIADOS\u00bb de L\u00f3pez Obrador&#8230;<\/p>\n<p>La sentencia est\u00e1 impuesta y es un fallo del propio Tribunal Electoral del Poder Judicial de la Federaci\u00f3n (TEPJF) que ordena a la Fiscal\u00eda General del Estado (FGE) que inicie un procedimiento de JUICIO POL\u00cdTICO contra del alcalde, de esa manera el Congreso del Estado pueda iniciar tambi\u00e9n un procedimiento en contra para que sea desaforado y la FGE pueda abrir una CARPETA DE INVESTIGACI\u00d3N a Carranza Rosaldo y pueda SER PROCESADO por ese delito&#8230; UFFF&#8230;<\/p>\n<p>Un alcalde de MORENA desaforado y procesado&#8230; ZUCUTUM&#8230; Aqu\u00ed lo interesante ser\u00e1 ver si la Fiscal, Ver\u00f3nica Hern\u00e1ndez, abre esta carpeta de investigaci\u00f3n que le orden\u00f3 la Sala Regional del Tribunal Electoral del Poder Judicial de la Federaci\u00f3n con sede en Xalapa o ES OMISA porque es un alcalde de MORENA, cercana a Rocio Nahle, la secretar\u00eda de Energ\u00eda del gobierno federal&#8230; Y se viene un proceso electoral local y se supone que Coatza es un \u00abbasti\u00f3n\u00bb de MORENA.. \u00bf?&#8230;<\/p>\n<p>Adem\u00e1s porque el alcalde se ha sabido mover y mantiene una RELACI\u00d3N CERCANA con Juan Javier G\u00f3mez Cazar\u00edn, l\u00edder del Congreso Local, y presuntamente con familiares del diputado local&#8230; G\u00f3mez Cazar\u00edn tiene residencia en Coatzacoalcos&#8230; As\u00ed que pueden imaginar las ALIANZAS con Carranza Rosaldo&#8230; JUSTICIA U OMISI\u00d3N&#8230; De ellos, como legisladores de MORENA y de un fiscal con manejo \u00abindependiente\u00bb es lo que depende&#8230;<\/p>\n<p>El mismo TEPJF solicit\u00f3 al OPLE que tambi\u00e9n inicie el procedimiento en contra del alcalde&#8230; Para que quede INELIGIBLE y que nunca m\u00e1s MORENA y ning\u00fan partido pol\u00edtico, lo vuelva a postular en otra ocasi\u00f3n a un cargo de elecci\u00f3n popular&#8230; Es decir, en pocas palabras y en castellano, que sea \u00abVETADO\u00bb en Veracruz para que V\u00edctor Carranza no pueda ser candidato a nada y si lo llegaran a postular&#8230; Le nieguen su registro de inscripci\u00f3n como candidato&#8230;<\/p>\n<p>Vaya suerte que pinta para el alcalde&#8230; Su municipio sumido en la contingencia sanitaria del Coronavirus&#8230; \u00c9l atravesando un juicio pol\u00edtico que puede llevarlo a sus \u00faltimos d\u00edas como mun\u00edcipe&#8230; Y todo, por las acciones contra la s\u00edndica \u00danica al transgredir sus derechos pol\u00edticos y aplicar la violencia de g\u00e9nero en su contra&#8230; ALGO MUY CASTIGADO en estos d\u00edas&#8230; Qu\u00e9 nadie le inform\u00f3 de eso&#8230; Y si se suma lo que ha quedado a deber a la ciudadan\u00eda&#8230; Se jodio&#8230; Le est\u00e1 \u00ablloviendo en su milpa\u00bb al compadre de Rocio Nahle&#8230;<\/p>\n<p>A los que tambi\u00e9n les llega \u00abel agua al cuello\u00bb es a los Magistrados del Tribunal Electoral de Veracruz (TEV) porque tuvieron que resolver en primera instancia este caso&#8230; Que no tuvo que haber llegado a tribunales federales&#8230; De ejercer presi\u00f3n&#8230; Estos tambi\u00e9n pueden ser sancionados por un incumplimiento de un deber legal&#8230; UFFFF&#8230; As\u00ed que el \u00abpaisano\u00bb zacatecano de Rocio Nahle, el senador, Ricardo Monreal&#8230; Le dio una \u00absurtidita\u00bb a sus aliados en Veracruz&#8230; Por eso esperen la Reforma Electoral&#8230; \u00bfYa vieron por qu\u00e9 vino AMLO?&#8230;<\/p>\n","protected":false},"excerpt":{"rendered":"<p>Ricardo Ch\u00faa Sale y Vale EL JUICIO POL\u00cdTICO&#8230; El personaje que mand\u00f3 a poner las mantas de \u00abrecibimiento\u00bb por la visita del Presidente, Andr\u00e9s Manuel L\u00f3pez Obrador, en Coatzacoalcos, fue el alcalde de esa ciudad, V\u00edctor Carranza Rosaldo y los funcionarios de MORENA de ese ayuntamiento&#8230; No la ciudadan\u00eda en general, como quieren hacer creer [&hellip;]<\/p>\n","protected":false},"author":2,"featured_media":0,"comment_status":"open","ping_status":"open","sticky":false,"template":"","format":"standard","meta":{"tdm_status":"","tdm_grid_status":"","footnotes":""},"categories":[70],"tags":[618,371,16264,12695,1026,797,13604,2944,3578,711,6753,195,15165,3360,96],"class_list":{"0":"post-55847","1":"post","2":"type-post","3":"status-publish","4":"format-standard","6":"category-de-opinion","7":"tag-andres-manuel-lopez-obrador","8":"tag-coatzacoalcos","9":"tag-coronavirus","10":"tag-juan-javier-gomez-cazarin","11":"tag-morena","12":"tag-presidente","13":"tag-ricardo-chua","14":"tag-ricardo-monreal-avila","15":"tag-rocio-nahle","16":"tag-senado","17":"tag-tribunal-electoral-de-veracruz","18":"tag-veracruz","19":"tag-veronica-hernandez-giadans","20":"tag-violencia-de-genero","21":"tag-xalapa"},"yoast_head":"<!-- This site is optimized with the Yoast SEO plugin v27.4 - https:\/\/yoast.com\/product\/yoast-seo-wordpress\/ -->\n<title>La urgencia de quedar bien del alcalde - Los pol\u00edticos Veracruz<\/title>\n<meta name=\"robots\" content=\"index, follow, max-snippet:-1, max-image-preview:large, max-video-preview:-1\" \/>\n<link rel=\"canonical\" href=\"https:\/\/lospoliticosveracruz.com\/?p=55847\" \/>\n<meta property=\"og:locale\" content=\"es_ES\" \/>\n<meta property=\"og:type\" content=\"article\" \/>\n<meta property=\"og:title\" content=\"La urgencia de quedar bien del alcalde - Los pol\u00edticos Veracruz\" \/>\n<meta property=\"og:description\" content=\"Ricardo Ch\u00faa Sale y Vale EL JUICIO POL\u00cdTICO&#8230; El personaje que mand\u00f3 a poner las mantas de \u00abrecibimiento\u00bb por la visita del Presidente, Andr\u00e9s Manuel L\u00f3pez Obrador, en Coatzacoalcos, fue el alcalde de esa ciudad, V\u00edctor Carranza Rosaldo y los funcionarios de MORENA de ese ayuntamiento&#8230; No la ciudadan\u00eda en general, como quieren hacer creer [&hellip;]\" \/>\n<meta property=\"og:url\" content=\"https:\/\/lospoliticosveracruz.com\/?p=55847\" \/>\n<meta property=\"og:site_name\" content=\"Los pol\u00edticos Veracruz\" \/>\n<meta property=\"article:publisher\" content=\"https:\/\/www.facebook.com\/people\/Notimemes-de-los-Polticos\/61565672886568\/\" \/>\n<meta property=\"article:published_time\" content=\"2020-06-06T15:00:07+00:00\" \/>\n<meta property=\"og:image\" content=\"https:\/\/lospoliticosveracruz.com\/wp-content\/uploads\/2016\/07\/Logo-Dor.jpg\" \/>\n\t<meta property=\"og:image:width\" content=\"200\" \/>\n\t<meta property=\"og:image:height\" content=\"200\" \/>\n\t<meta property=\"og:image:type\" content=\"image\/jpeg\" \/>\n<meta name=\"author\" content=\"Lo viste en Los Pol\u00edticos\" \/>\n<meta name=\"twitter:card\" content=\"summary_large_image\" \/>\n<meta name=\"twitter:creator\" content=\"@LosPoliticosVer\" \/>\n<meta name=\"twitter:site\" content=\"@LosPoliticosVer\" \/>\n<meta name=\"twitter:label1\" content=\"Escrito por\" \/>\n\t<meta name=\"twitter:data1\" content=\"Lo viste en Los Pol\u00edticos\" \/>\n\t<meta name=\"twitter:label2\" content=\"Tiempo de lectura\" \/>\n\t<meta name=\"twitter:data2\" content=\"5 minutos\" \/>\n<script type=\"application\/ld+json\" class=\"yoast-schema-graph\">{\"@context\":\"https:\\\/\\\/schema.org\",\"@graph\":[{\"@type\":\"Article\",\"@id\":\"https:\\\/\\\/lospoliticosveracruz.com\\\/?p=55847#article\",\"isPartOf\":{\"@id\":\"https:\\\/\\\/lospoliticosveracruz.com\\\/?p=55847\"},\"author\":{\"name\":\"Lo viste en Los Pol\u00edticos\",\"@id\":\"https:\\\/\\\/lospoliticosveracruz.com\\\/#\\\/schema\\\/person\\\/b8702bb0e538456e6efd07080bf2a4a2\"},\"headline\":\"La urgencia de quedar bien del alcalde\",\"datePublished\":\"2020-06-06T15:00:07+00:00\",\"mainEntityOfPage\":{\"@id\":\"https:\\\/\\\/lospoliticosveracruz.com\\\/?p=55847\"},\"wordCount\":994,\"commentCount\":0,\"publisher\":{\"@id\":\"https:\\\/\\\/lospoliticosveracruz.com\\\/#organization\"},\"keywords\":[\"Andr\u00e9s Manuel L\u00f3pez Obrador\",\"Coatzacoalcos\",\"coronavirus\",\"Juan Javier G\u00f3mez Cazar\u00edn\",\"Morena\",\"Presidente\",\"Ricardo Ch\u00faa\",\"Ricardo Monreal \u00c1vila\",\"Roc\u00edo Nahle\",\"Senado\",\"Tribunal Electoral de Veracruz\",\"Veracruz\",\"Ver\u00f3nica Hern\u00e1ndez Giad\u00e1ns\",\"violencia de g\u00e9nero\",\"Xalapa\"],\"articleSection\":[\"De Opini\u00f3n\"],\"inLanguage\":\"es\",\"potentialAction\":[{\"@type\":\"CommentAction\",\"name\":\"Comment\",\"target\":[\"https:\\\/\\\/lospoliticosveracruz.com\\\/?p=55847#respond\"]}]},{\"@type\":\"WebPage\",\"@id\":\"https:\\\/\\\/lospoliticosveracruz.com\\\/?p=55847\",\"url\":\"https:\\\/\\\/lospoliticosveracruz.com\\\/?p=55847\",\"name\":\"La urgencia de quedar bien del alcalde - Los pol\u00edticos Veracruz\",\"isPartOf\":{\"@id\":\"https:\\\/\\\/lospoliticosveracruz.com\\\/#website\"},\"datePublished\":\"2020-06-06T15:00:07+00:00\",\"breadcrumb\":{\"@id\":\"https:\\\/\\\/lospoliticosveracruz.com\\\/?p=55847#breadcrumb\"},\"inLanguage\":\"es\",\"potentialAction\":[{\"@type\":\"ReadAction\",\"target\":[\"https:\\\/\\\/lospoliticosveracruz.com\\\/?p=55847\"]}]},{\"@type\":\"BreadcrumbList\",\"@id\":\"https:\\\/\\\/lospoliticosveracruz.com\\\/?p=55847#breadcrumb\",\"itemListElement\":[{\"@type\":\"ListItem\",\"position\":1,\"name\":\"Portada\",\"item\":\"https:\\\/\\\/lospoliticosveracruz.com\\\/\"},{\"@type\":\"ListItem\",\"position\":2,\"name\":\"La urgencia de quedar bien del alcalde\"}]},{\"@type\":\"WebSite\",\"@id\":\"https:\\\/\\\/lospoliticosveracruz.com\\\/#website\",\"url\":\"https:\\\/\\\/lospoliticosveracruz.com\\\/\",\"name\":\"Los pol\u00edticos Veracruz\",\"description\":\"\",\"publisher\":{\"@id\":\"https:\\\/\\\/lospoliticosveracruz.com\\\/#organization\"},\"potentialAction\":[{\"@type\":\"SearchAction\",\"target\":{\"@type\":\"EntryPoint\",\"urlTemplate\":\"https:\\\/\\\/lospoliticosveracruz.com\\\/?s={search_term_string}\"},\"query-input\":{\"@type\":\"PropertyValueSpecification\",\"valueRequired\":true,\"valueName\":\"search_term_string\"}}],\"inLanguage\":\"es\"},{\"@type\":\"Organization\",\"@id\":\"https:\\\/\\\/lospoliticosveracruz.com\\\/#organization\",\"name\":\"Los pol\u00edticos Veracruz\",\"url\":\"https:\\\/\\\/lospoliticosveracruz.com\\\/\",\"logo\":{\"@type\":\"ImageObject\",\"inLanguage\":\"es\",\"@id\":\"https:\\\/\\\/lospoliticosveracruz.com\\\/#\\\/schema\\\/logo\\\/image\\\/\",\"url\":\"https:\\\/\\\/lospoliticosveracruz.com\\\/wp-content\\\/uploads\\\/2025\\\/12\\\/Logo-Nuevo-LOS-POLITICOS-1.jpg\",\"contentUrl\":\"https:\\\/\\\/lospoliticosveracruz.com\\\/wp-content\\\/uploads\\\/2025\\\/12\\\/Logo-Nuevo-LOS-POLITICOS-1.jpg\",\"width\":260,\"height\":70,\"caption\":\"Los pol\u00edticos Veracruz\"},\"image\":{\"@id\":\"https:\\\/\\\/lospoliticosveracruz.com\\\/#\\\/schema\\\/logo\\\/image\\\/\"},\"sameAs\":[\"https:\\\/\\\/www.facebook.com\\\/people\\\/Notimemes-de-los-Polticos\\\/61565672886568\\\/\",\"https:\\\/\\\/x.com\\\/LosPoliticosVer\"]},{\"@type\":\"Person\",\"@id\":\"https:\\\/\\\/lospoliticosveracruz.com\\\/#\\\/schema\\\/person\\\/b8702bb0e538456e6efd07080bf2a4a2\",\"name\":\"Lo viste en Los Pol\u00edticos\",\"image\":{\"@type\":\"ImageObject\",\"inLanguage\":\"es\",\"@id\":\"https:\\\/\\\/secure.gravatar.com\\\/avatar\\\/3a8de04a2656d44082be478bd6c086daa447c4651605818287b9532d3d0bd435?s=96&d=mm&r=g\",\"url\":\"https:\\\/\\\/secure.gravatar.com\\\/avatar\\\/3a8de04a2656d44082be478bd6c086daa447c4651605818287b9532d3d0bd435?s=96&d=mm&r=g\",\"contentUrl\":\"https:\\\/\\\/secure.gravatar.com\\\/avatar\\\/3a8de04a2656d44082be478bd6c086daa447c4651605818287b9532d3d0bd435?s=96&d=mm&r=g\",\"caption\":\"Lo viste en Los Pol\u00edticos\"},\"url\":\"https:\\\/\\\/lospoliticosveracruz.com\\\/?author=2\"}]}<\/script>\n<!-- \/ Yoast SEO plugin. -->","yoast_head_json":{"title":"La urgencia de quedar bien del alcalde - Los pol\u00edticos Veracruz","robots":{"index":"index","follow":"follow","max-snippet":"max-snippet:-1","max-image-preview":"max-image-preview:large","max-video-preview":"max-video-preview:-1"},"canonical":"https:\/\/lospoliticosveracruz.com\/?p=55847","og_locale":"es_ES","og_type":"article","og_title":"La urgencia de quedar bien del alcalde - Los pol\u00edticos Veracruz","og_description":"Ricardo Ch\u00faa Sale y Vale EL JUICIO POL\u00cdTICO&#8230; El personaje que mand\u00f3 a poner las mantas de \u00abrecibimiento\u00bb por la visita del Presidente, Andr\u00e9s Manuel L\u00f3pez Obrador, en Coatzacoalcos, fue el alcalde de esa ciudad, V\u00edctor Carranza Rosaldo y los funcionarios de MORENA de ese ayuntamiento&#8230; No la ciudadan\u00eda en general, como quieren hacer creer [&hellip;]","og_url":"https:\/\/lospoliticosveracruz.com\/?p=55847","og_site_name":"Los pol\u00edticos Veracruz","article_publisher":"https:\/\/www.facebook.com\/people\/Notimemes-de-los-Polticos\/61565672886568\/","article_published_time":"2020-06-06T15:00:07+00:00","og_image":[{"width":200,"height":200,"url":"https:\/\/lospoliticosveracruz.com\/wp-content\/uploads\/2016\/07\/Logo-Dor.jpg","type":"image\/jpeg"}],"author":"Lo viste en Los Pol\u00edticos","twitter_card":"summary_large_image","twitter_creator":"@LosPoliticosVer","twitter_site":"@LosPoliticosVer","twitter_misc":{"Escrito por":"Lo viste en Los Pol\u00edticos","Tiempo de lectura":"5 minutos"},"schema":{"@context":"https:\/\/schema.org","@graph":[{"@type":"Article","@id":"https:\/\/lospoliticosveracruz.com\/?p=55847#article","isPartOf":{"@id":"https:\/\/lospoliticosveracruz.com\/?p=55847"},"author":{"name":"Lo viste en Los Pol\u00edticos","@id":"https:\/\/lospoliticosveracruz.com\/#\/schema\/person\/b8702bb0e538456e6efd07080bf2a4a2"},"headline":"La urgencia de quedar bien del alcalde","datePublished":"2020-06-06T15:00:07+00:00","mainEntityOfPage":{"@id":"https:\/\/lospoliticosveracruz.com\/?p=55847"},"wordCount":994,"commentCount":0,"publisher":{"@id":"https:\/\/lospoliticosveracruz.com\/#organization"},"keywords":["Andr\u00e9s Manuel L\u00f3pez Obrador","Coatzacoalcos","coronavirus","Juan Javier G\u00f3mez Cazar\u00edn","Morena","Presidente","Ricardo Ch\u00faa","Ricardo Monreal \u00c1vila","Roc\u00edo Nahle","Senado","Tribunal Electoral de Veracruz","Veracruz","Ver\u00f3nica Hern\u00e1ndez Giad\u00e1ns","violencia de g\u00e9nero","Xalapa"],"articleSection":["De Opini\u00f3n"],"inLanguage":"es","potentialAction":[{"@type":"CommentAction","name":"Comment","target":["https:\/\/lospoliticosveracruz.com\/?p=55847#respond"]}]},{"@type":"WebPage","@id":"https:\/\/lospoliticosveracruz.com\/?p=55847","url":"https:\/\/lospoliticosveracruz.com\/?p=55847","name":"La urgencia de quedar bien del alcalde - Los pol\u00edticos Veracruz","isPartOf":{"@id":"https:\/\/lospoliticosveracruz.com\/#website"},"datePublished":"2020-06-06T15:00:07+00:00","breadcrumb":{"@id":"https:\/\/lospoliticosveracruz.com\/?p=55847#breadcrumb"},"inLanguage":"es","potentialAction":[{"@type":"ReadAction","target":["https:\/\/lospoliticosveracruz.com\/?p=55847"]}]},{"@type":"BreadcrumbList","@id":"https:\/\/lospoliticosveracruz.com\/?p=55847#breadcrumb","itemListElement":[{"@type":"ListItem","position":1,"name":"Portada","item":"https:\/\/lospoliticosveracruz.com\/"},{"@type":"ListItem","position":2,"name":"La urgencia de quedar bien del alcalde"}]},{"@type":"WebSite","@id":"https:\/\/lospoliticosveracruz.com\/#website","url":"https:\/\/lospoliticosveracruz.com\/","name":"Los pol\u00edticos Veracruz","description":"","publisher":{"@id":"https:\/\/lospoliticosveracruz.com\/#organization"},"potentialAction":[{"@type":"SearchAction","target":{"@type":"EntryPoint","urlTemplate":"https:\/\/lospoliticosveracruz.com\/?s={search_term_string}"},"query-input":{"@type":"PropertyValueSpecification","valueRequired":true,"valueName":"search_term_string"}}],"inLanguage":"es"},{"@type":"Organization","@id":"https:\/\/lospoliticosveracruz.com\/#organization","name":"Los pol\u00edticos Veracruz","url":"https:\/\/lospoliticosveracruz.com\/","logo":{"@type":"ImageObject","inLanguage":"es","@id":"https:\/\/lospoliticosveracruz.com\/#\/schema\/logo\/image\/","url":"https:\/\/lospoliticosveracruz.com\/wp-content\/uploads\/2025\/12\/Logo-Nuevo-LOS-POLITICOS-1.jpg","contentUrl":"https:\/\/lospoliticosveracruz.com\/wp-content\/uploads\/2025\/12\/Logo-Nuevo-LOS-POLITICOS-1.jpg","width":260,"height":70,"caption":"Los pol\u00edticos Veracruz"},"image":{"@id":"https:\/\/lospoliticosveracruz.com\/#\/schema\/logo\/image\/"},"sameAs":["https:\/\/www.facebook.com\/people\/Notimemes-de-los-Polticos\/61565672886568\/","https:\/\/x.com\/LosPoliticosVer"]},{"@type":"Person","@id":"https:\/\/lospoliticosveracruz.com\/#\/schema\/person\/b8702bb0e538456e6efd07080bf2a4a2","name":"Lo viste en Los Pol\u00edticos","image":{"@type":"ImageObject","inLanguage":"es","@id":"https:\/\/secure.gravatar.com\/avatar\/3a8de04a2656d44082be478bd6c086daa447c4651605818287b9532d3d0bd435?s=96&d=mm&r=g","url":"https:\/\/secure.gravatar.com\/avatar\/3a8de04a2656d44082be478bd6c086daa447c4651605818287b9532d3d0bd435?s=96&d=mm&r=g","contentUrl":"https:\/\/secure.gravatar.com\/avatar\/3a8de04a2656d44082be478bd6c086daa447c4651605818287b9532d3d0bd435?s=96&d=mm&r=g","caption":"Lo viste en Los Pol\u00edticos"},"url":"https:\/\/lospoliticosveracruz.com\/?author=2"}]}},"_links":{"self":[{"href":"https:\/\/lospoliticosveracruz.com\/index.php?rest_route=\/wp\/v2\/posts\/55847","targetHints":{"allow":["GET"]}}],"collection":[{"href":"https:\/\/lospoliticosveracruz.com\/index.php?rest_route=\/wp\/v2\/posts"}],"about":[{"href":"https:\/\/lospoliticosveracruz.com\/index.php?rest_route=\/wp\/v2\/types\/post"}],"author":[{"embeddable":true,"href":"https:\/\/lospoliticosveracruz.com\/index.php?rest_route=\/wp\/v2\/users\/2"}],"replies":[{"embeddable":true,"href":"https:\/\/lospoliticosveracruz.com\/index.php?rest_route=%2Fwp%2Fv2%2Fcomments&post=55847"}],"version-history":[{"count":1,"href":"https:\/\/lospoliticosveracruz.com\/index.php?rest_route=\/wp\/v2\/posts\/55847\/revisions"}],"predecessor-version":[{"id":55849,"href":"https:\/\/lospoliticosveracruz.com\/index.php?rest_route=\/wp\/v2\/posts\/55847\/revisions\/55849"}],"wp:attachment":[{"href":"https:\/\/lospoliticosveracruz.com\/index.php?rest_route=%2Fwp%2Fv2%2Fmedia&parent=55847"}],"wp:term":[{"taxonomy":"category","embeddable":true,"href":"https:\/\/lospoliticosveracruz.com\/index.php?rest_route=%2Fwp%2Fv2%2Fcategories&post=55847"},{"taxonomy":"post_tag","embeddable":true,"href":"https:\/\/lospoliticosveracruz.com\/index.php?rest_route=%2Fwp%2Fv2%2Ftags&post=55847"}],"curies":[{"name":"wp","href":"https:\/\/api.w.org\/{rel}","templated":true}]}}