{"id":56092,"date":"2020-06-11T19:15:41","date_gmt":"2020-06-12T00:15:41","guid":{"rendered":"http:\/\/www.lospoliticosveracruz.com.mx\/?p=56092"},"modified":"2020-06-11T19:15:41","modified_gmt":"2020-06-12T00:15:41","slug":"donde-gobierna-el-pri-se-supo-enfrentar-las-crisis-de-salud-economia-y-social","status":"publish","type":"post","link":"https:\/\/lospoliticosveracruz.com\/?p=56092","title":{"rendered":"Donde gobierna el PRI, se supo enfrentar las crisis de salud, econom\u00eda y social"},"content":{"rendered":"<p>&nbsp;<\/p>\n<p>El Partido Revolucionario Institucional (PRI) est\u00e1 preparado para la nueva realidad de hacer pol\u00edtica, recuperar la confianza de los mexicanos y ganar los comicios del 2021, coincidieron Lorena Pi\u00f1\u00f3n Rivera y Javier Casique Z\u00e1rate, Secretaria\u00a0 de Gesti\u00f3n Social, y Secretario de Acci\u00f3n Electoral, respectivamente, del Comit\u00e9 Ejecutivo Nacional.<\/p>\n<p>Destacaron que estas elecciones ser\u00e1n las m\u00e1s votadas de la historia de M\u00e9xico, ya que acudir\u00e1n a las urnas m\u00e1s de 55 millones de electores y ser\u00e1n instaladas 166 mil casillas en el territorio mexicano.<\/p>\n<p>Durante la videoconferencia \u201cLa Construcci\u00f3n de una Nueva Agenda Electoral\u201d, Pi\u00f1\u00f3n Rivera afirm\u00f3 que en estos meses de confinamiento por Covid-19, se demostr\u00f3 que en donde gobierna el PRI, se asumieron las estrategias y acciones adecuadas, adem\u00e1s de que es el partido que ha presentado m\u00e1s propuestas para enfrentar las crisis de salud, econ\u00f3mica y social.<\/p>\n<p>Se\u00f1al\u00f3 que el PRI asume con firmeza su desempe\u00f1o como opositor: \u201cla estructura territorial est\u00e1 activa en todos los frentes, a nivel nacional, estatal y municipal. \u00a0Hemos sido muy cr\u00edticos de las omisiones del gobierno federal, pero tambi\u00e9n se han propuesto alternativas para superar los yerros cometidos\u201d.<\/p>\n<p>Asegur\u00f3 que, \u201ccon el liderazgo de Alejandro Moreno, el PRI adaptar\u00e1 sus estrategias de activismo, anteponiendo la salud de las personas, con un proselitismo en territorio que no ponga en riesgo la integridad de nadie, y potenciando las redes sociales\u201d.<\/p>\n<p>Nuestro objetivo, a\u00f1adi\u00f3, es que los ciudadanos ejerzan un voto informado, en donde el sentido de su sufragio se defina ponderando la calidad de nuestras propuestas y la trayectoria de los hombres y mujeres que sean postulados.<\/p>\n<p>En su oportunidad, Javier Casique inform\u00f3 que debido a la pandemia no hay claridad sobre si la primera semana de septiembre iniciar\u00e1 legalmente el proceso electoral para los comicios del 2021, por lo que el PRI contin\u00faa trabajando en su agenda pol\u00edtica y electoral, con el fin de iniciar fortalecidos y renovados cuando el Instituto Nacional Electoral (INE) determine la fecha de arranque.<\/p>\n<p>El Secretario de Acci\u00f3n Electoral del CEN indic\u00f3 que es necesario concluir con las elecciones 2020 en Coahuila e Hidalgo. \u201cEstamos atentos a la convocatoria de las autoridades electorales para retomar nuestros procedimientos internos y arrancar con las campa\u00f1as. Esperamos que se decida lo mejor para cumplir con las medidas sanitarias que plantea la din\u00e1mica de la pandemia y tambi\u00e9n el mandato constitucional de renovar peri\u00f3dicamente nuestras autoridades\u201d, puntualiz\u00f3.<\/p>\n<p>Enfatiz\u00f3 que \u201clas elecciones del 2021 ser\u00e1n hist\u00f3ricas, pues por primera vez, aunado a las elecciones federales, se sumar\u00e1 un mayor n\u00famero de procesos locales, en donde destaca que los diputados federales y representantes populares locales podr\u00e1n optar por la reelecci\u00f3n. A nivel local, se elegir\u00e1n 15 gubernaturas, 30 Congresos locales -que representan 1,063 diputadas y diputados locales-, m\u00e1s de 1,900 ayuntamientos en 30 estados y las 16 alcald\u00edas en la Ciudad de M\u00e9xico\u201d. Ante este panorama, a\u00f1adi\u00f3, los partidos tendremos que estar muy atentos para defender el mandato ciudadano en las urnas.<\/p>\n<p>Finalmente, destac\u00f3 que permanecer\u00e1 atento a los atropellos y abusos que quieran implementar el gobierno federal y sus representantes en las entidades federativas, pues \u00e9stos han planteado distintas reformas electorales que pretenden debilitar al sistema de partidos o entrometerse en los procesos internos de los mismos.<\/p>\n","protected":false},"excerpt":{"rendered":"<p>&nbsp; El Partido Revolucionario Institucional (PRI) est\u00e1 preparado para la nueva realidad de hacer pol\u00edtica, recuperar la confianza de los mexicanos y ganar los comicios del 2021, coincidieron Lorena Pi\u00f1\u00f3n Rivera y Javier Casique Z\u00e1rate, Secretaria\u00a0 de Gesti\u00f3n Social, y Secretario de Acci\u00f3n Electoral, respectivamente, del Comit\u00e9 Ejecutivo Nacional. Destacaron que estas elecciones ser\u00e1n las [&hellip;]<\/p>\n","protected":false},"author":2,"featured_media":0,"comment_status":"open","ping_status":"open","sticky":false,"template":"","format":"standard","meta":{"tdm_status":"","tdm_grid_status":"","footnotes":""},"categories":[73],"tags":[14170,18572,16673,340,18570,4770,395,251,15362,18571],"class_list":{"0":"post-56092","1":"post","2":"type-post","3":"status-publish","4":"format-standard","6":"category-de-boleto","7":"tag-alejandro-moreno","8":"tag-construccion-de-una-nueva-agenda-electoral","9":"tag-covid-19","10":"tag-instituto-nacional-electoral","11":"tag-javier-casique-zarate","12":"tag-lorena-pinon-rivera","13":"tag-mexico","14":"tag-pri","15":"tag-secretaria-de-gestion-social","16":"tag-secretario-de-accion-electoral"},"yoast_head":"<!-- This site is optimized with the Yoast SEO plugin v27.4 - https:\/\/yoast.com\/product\/yoast-seo-wordpress\/ -->\n<title>Donde gobierna el PRI, se supo enfrentar las crisis de salud, econom\u00eda y social - Los pol\u00edticos Veracruz<\/title>\n<meta name=\"robots\" content=\"index, follow, max-snippet:-1, max-image-preview:large, max-video-preview:-1\" \/>\n<link rel=\"canonical\" href=\"https:\/\/lospoliticosveracruz.com\/?p=56092\" \/>\n<meta property=\"og:locale\" content=\"es_ES\" \/>\n<meta property=\"og:type\" content=\"article\" \/>\n<meta property=\"og:title\" content=\"Donde gobierna el PRI, se supo enfrentar las crisis de salud, econom\u00eda y social - Los pol\u00edticos Veracruz\" \/>\n<meta property=\"og:description\" content=\"&nbsp; El Partido Revolucionario Institucional (PRI) est\u00e1 preparado para la nueva realidad de hacer pol\u00edtica, recuperar la confianza de los mexicanos y ganar los comicios del 2021, coincidieron Lorena Pi\u00f1\u00f3n Rivera y Javier Casique Z\u00e1rate, Secretaria\u00a0 de Gesti\u00f3n Social, y Secretario de Acci\u00f3n Electoral, respectivamente, del Comit\u00e9 Ejecutivo Nacional. Destacaron que estas elecciones ser\u00e1n las [&hellip;]\" \/>\n<meta property=\"og:url\" content=\"https:\/\/lospoliticosveracruz.com\/?p=56092\" \/>\n<meta property=\"og:site_name\" content=\"Los pol\u00edticos Veracruz\" \/>\n<meta property=\"article:publisher\" content=\"https:\/\/www.facebook.com\/people\/Notimemes-de-los-Polticos\/61565672886568\/\" \/>\n<meta property=\"article:published_time\" content=\"2020-06-12T00:15:41+00:00\" \/>\n<meta property=\"og:image\" content=\"https:\/\/lospoliticosveracruz.com\/wp-content\/uploads\/2016\/07\/Logo-Dor.jpg\" \/>\n\t<meta property=\"og:image:width\" content=\"200\" \/>\n\t<meta property=\"og:image:height\" content=\"200\" \/>\n\t<meta property=\"og:image:type\" content=\"image\/jpeg\" \/>\n<meta name=\"author\" content=\"Lo viste en Los Pol\u00edticos\" \/>\n<meta name=\"twitter:card\" content=\"summary_large_image\" \/>\n<meta name=\"twitter:creator\" content=\"@LosPoliticosVer\" \/>\n<meta name=\"twitter:site\" content=\"@LosPoliticosVer\" \/>\n<meta name=\"twitter:label1\" content=\"Escrito por\" \/>\n\t<meta name=\"twitter:data1\" content=\"Lo viste en Los Pol\u00edticos\" \/>\n\t<meta name=\"twitter:label2\" content=\"Tiempo de lectura\" \/>\n\t<meta name=\"twitter:data2\" content=\"3 minutos\" \/>\n<script type=\"application\/ld+json\" class=\"yoast-schema-graph\">{\"@context\":\"https:\\\/\\\/schema.org\",\"@graph\":[{\"@type\":\"Article\",\"@id\":\"https:\\\/\\\/lospoliticosveracruz.com\\\/?p=56092#article\",\"isPartOf\":{\"@id\":\"https:\\\/\\\/lospoliticosveracruz.com\\\/?p=56092\"},\"author\":{\"name\":\"Lo viste en Los Pol\u00edticos\",\"@id\":\"https:\\\/\\\/lospoliticosveracruz.com\\\/#\\\/schema\\\/person\\\/b8702bb0e538456e6efd07080bf2a4a2\"},\"headline\":\"Donde gobierna el PRI, se supo enfrentar las crisis de salud, econom\u00eda y social\",\"datePublished\":\"2020-06-12T00:15:41+00:00\",\"mainEntityOfPage\":{\"@id\":\"https:\\\/\\\/lospoliticosveracruz.com\\\/?p=56092\"},\"wordCount\":576,\"commentCount\":0,\"publisher\":{\"@id\":\"https:\\\/\\\/lospoliticosveracruz.com\\\/#organization\"},\"keywords\":[\"Alejandro Moreno\",\"Construcci\u00f3n de una Nueva Agenda Electoral\",\"Covid 19\",\"Instituto Nacional Electoral\",\"Javier Casique Z\u00e1rate\",\"Lorena Pi\u00f1\u00f3n Rivera\",\"M\u00e9xico\",\"PRI\",\"secretaria de gesti\u00f3n Social\",\"Secretario de Acci\u00f3n Electoral\"],\"articleSection\":[\"De Boleto\"],\"inLanguage\":\"es\",\"potentialAction\":[{\"@type\":\"CommentAction\",\"name\":\"Comment\",\"target\":[\"https:\\\/\\\/lospoliticosveracruz.com\\\/?p=56092#respond\"]}]},{\"@type\":\"WebPage\",\"@id\":\"https:\\\/\\\/lospoliticosveracruz.com\\\/?p=56092\",\"url\":\"https:\\\/\\\/lospoliticosveracruz.com\\\/?p=56092\",\"name\":\"Donde gobierna el PRI, se supo enfrentar las crisis de salud, econom\u00eda y social - Los pol\u00edticos Veracruz\",\"isPartOf\":{\"@id\":\"https:\\\/\\\/lospoliticosveracruz.com\\\/#website\"},\"datePublished\":\"2020-06-12T00:15:41+00:00\",\"breadcrumb\":{\"@id\":\"https:\\\/\\\/lospoliticosveracruz.com\\\/?p=56092#breadcrumb\"},\"inLanguage\":\"es\",\"potentialAction\":[{\"@type\":\"ReadAction\",\"target\":[\"https:\\\/\\\/lospoliticosveracruz.com\\\/?p=56092\"]}]},{\"@type\":\"BreadcrumbList\",\"@id\":\"https:\\\/\\\/lospoliticosveracruz.com\\\/?p=56092#breadcrumb\",\"itemListElement\":[{\"@type\":\"ListItem\",\"position\":1,\"name\":\"Portada\",\"item\":\"https:\\\/\\\/lospoliticosveracruz.com\\\/\"},{\"@type\":\"ListItem\",\"position\":2,\"name\":\"Donde gobierna el PRI, se supo enfrentar las crisis de salud, econom\u00eda y social\"}]},{\"@type\":\"WebSite\",\"@id\":\"https:\\\/\\\/lospoliticosveracruz.com\\\/#website\",\"url\":\"https:\\\/\\\/lospoliticosveracruz.com\\\/\",\"name\":\"Los pol\u00edticos Veracruz\",\"description\":\"\",\"publisher\":{\"@id\":\"https:\\\/\\\/lospoliticosveracruz.com\\\/#organization\"},\"potentialAction\":[{\"@type\":\"SearchAction\",\"target\":{\"@type\":\"EntryPoint\",\"urlTemplate\":\"https:\\\/\\\/lospoliticosveracruz.com\\\/?s={search_term_string}\"},\"query-input\":{\"@type\":\"PropertyValueSpecification\",\"valueRequired\":true,\"valueName\":\"search_term_string\"}}],\"inLanguage\":\"es\"},{\"@type\":\"Organization\",\"@id\":\"https:\\\/\\\/lospoliticosveracruz.com\\\/#organization\",\"name\":\"Los pol\u00edticos Veracruz\",\"url\":\"https:\\\/\\\/lospoliticosveracruz.com\\\/\",\"logo\":{\"@type\":\"ImageObject\",\"inLanguage\":\"es\",\"@id\":\"https:\\\/\\\/lospoliticosveracruz.com\\\/#\\\/schema\\\/logo\\\/image\\\/\",\"url\":\"https:\\\/\\\/lospoliticosveracruz.com\\\/wp-content\\\/uploads\\\/2025\\\/12\\\/Logo-Nuevo-LOS-POLITICOS-1.jpg\",\"contentUrl\":\"https:\\\/\\\/lospoliticosveracruz.com\\\/wp-content\\\/uploads\\\/2025\\\/12\\\/Logo-Nuevo-LOS-POLITICOS-1.jpg\",\"width\":260,\"height\":70,\"caption\":\"Los pol\u00edticos Veracruz\"},\"image\":{\"@id\":\"https:\\\/\\\/lospoliticosveracruz.com\\\/#\\\/schema\\\/logo\\\/image\\\/\"},\"sameAs\":[\"https:\\\/\\\/www.facebook.com\\\/people\\\/Notimemes-de-los-Polticos\\\/61565672886568\\\/\",\"https:\\\/\\\/x.com\\\/LosPoliticosVer\"]},{\"@type\":\"Person\",\"@id\":\"https:\\\/\\\/lospoliticosveracruz.com\\\/#\\\/schema\\\/person\\\/b8702bb0e538456e6efd07080bf2a4a2\",\"name\":\"Lo viste en Los Pol\u00edticos\",\"image\":{\"@type\":\"ImageObject\",\"inLanguage\":\"es\",\"@id\":\"https:\\\/\\\/secure.gravatar.com\\\/avatar\\\/3a8de04a2656d44082be478bd6c086daa447c4651605818287b9532d3d0bd435?s=96&d=mm&r=g\",\"url\":\"https:\\\/\\\/secure.gravatar.com\\\/avatar\\\/3a8de04a2656d44082be478bd6c086daa447c4651605818287b9532d3d0bd435?s=96&d=mm&r=g\",\"contentUrl\":\"https:\\\/\\\/secure.gravatar.com\\\/avatar\\\/3a8de04a2656d44082be478bd6c086daa447c4651605818287b9532d3d0bd435?s=96&d=mm&r=g\",\"caption\":\"Lo viste en Los Pol\u00edticos\"},\"url\":\"https:\\\/\\\/lospoliticosveracruz.com\\\/?author=2\"}]}<\/script>\n<!-- \/ Yoast SEO plugin. -->","yoast_head_json":{"title":"Donde gobierna el PRI, se supo enfrentar las crisis de salud, econom\u00eda y social - Los pol\u00edticos Veracruz","robots":{"index":"index","follow":"follow","max-snippet":"max-snippet:-1","max-image-preview":"max-image-preview:large","max-video-preview":"max-video-preview:-1"},"canonical":"https:\/\/lospoliticosveracruz.com\/?p=56092","og_locale":"es_ES","og_type":"article","og_title":"Donde gobierna el PRI, se supo enfrentar las crisis de salud, econom\u00eda y social - Los pol\u00edticos Veracruz","og_description":"&nbsp; El Partido Revolucionario Institucional (PRI) est\u00e1 preparado para la nueva realidad de hacer pol\u00edtica, recuperar la confianza de los mexicanos y ganar los comicios del 2021, coincidieron Lorena Pi\u00f1\u00f3n Rivera y Javier Casique Z\u00e1rate, Secretaria\u00a0 de Gesti\u00f3n Social, y Secretario de Acci\u00f3n Electoral, respectivamente, del Comit\u00e9 Ejecutivo Nacional. Destacaron que estas elecciones ser\u00e1n las [&hellip;]","og_url":"https:\/\/lospoliticosveracruz.com\/?p=56092","og_site_name":"Los pol\u00edticos Veracruz","article_publisher":"https:\/\/www.facebook.com\/people\/Notimemes-de-los-Polticos\/61565672886568\/","article_published_time":"2020-06-12T00:15:41+00:00","og_image":[{"width":200,"height":200,"url":"https:\/\/lospoliticosveracruz.com\/wp-content\/uploads\/2016\/07\/Logo-Dor.jpg","type":"image\/jpeg"}],"author":"Lo viste en Los Pol\u00edticos","twitter_card":"summary_large_image","twitter_creator":"@LosPoliticosVer","twitter_site":"@LosPoliticosVer","twitter_misc":{"Escrito por":"Lo viste en Los Pol\u00edticos","Tiempo de lectura":"3 minutos"},"schema":{"@context":"https:\/\/schema.org","@graph":[{"@type":"Article","@id":"https:\/\/lospoliticosveracruz.com\/?p=56092#article","isPartOf":{"@id":"https:\/\/lospoliticosveracruz.com\/?p=56092"},"author":{"name":"Lo viste en Los Pol\u00edticos","@id":"https:\/\/lospoliticosveracruz.com\/#\/schema\/person\/b8702bb0e538456e6efd07080bf2a4a2"},"headline":"Donde gobierna el PRI, se supo enfrentar las crisis de salud, econom\u00eda y social","datePublished":"2020-06-12T00:15:41+00:00","mainEntityOfPage":{"@id":"https:\/\/lospoliticosveracruz.com\/?p=56092"},"wordCount":576,"commentCount":0,"publisher":{"@id":"https:\/\/lospoliticosveracruz.com\/#organization"},"keywords":["Alejandro Moreno","Construcci\u00f3n de una Nueva Agenda Electoral","Covid 19","Instituto Nacional Electoral","Javier Casique Z\u00e1rate","Lorena Pi\u00f1\u00f3n Rivera","M\u00e9xico","PRI","secretaria de gesti\u00f3n Social","Secretario de Acci\u00f3n Electoral"],"articleSection":["De Boleto"],"inLanguage":"es","potentialAction":[{"@type":"CommentAction","name":"Comment","target":["https:\/\/lospoliticosveracruz.com\/?p=56092#respond"]}]},{"@type":"WebPage","@id":"https:\/\/lospoliticosveracruz.com\/?p=56092","url":"https:\/\/lospoliticosveracruz.com\/?p=56092","name":"Donde gobierna el PRI, se supo enfrentar las crisis de salud, econom\u00eda y social - Los pol\u00edticos Veracruz","isPartOf":{"@id":"https:\/\/lospoliticosveracruz.com\/#website"},"datePublished":"2020-06-12T00:15:41+00:00","breadcrumb":{"@id":"https:\/\/lospoliticosveracruz.com\/?p=56092#breadcrumb"},"inLanguage":"es","potentialAction":[{"@type":"ReadAction","target":["https:\/\/lospoliticosveracruz.com\/?p=56092"]}]},{"@type":"BreadcrumbList","@id":"https:\/\/lospoliticosveracruz.com\/?p=56092#breadcrumb","itemListElement":[{"@type":"ListItem","position":1,"name":"Portada","item":"https:\/\/lospoliticosveracruz.com\/"},{"@type":"ListItem","position":2,"name":"Donde gobierna el PRI, se supo enfrentar las crisis de salud, econom\u00eda y social"}]},{"@type":"WebSite","@id":"https:\/\/lospoliticosveracruz.com\/#website","url":"https:\/\/lospoliticosveracruz.com\/","name":"Los pol\u00edticos Veracruz","description":"","publisher":{"@id":"https:\/\/lospoliticosveracruz.com\/#organization"},"potentialAction":[{"@type":"SearchAction","target":{"@type":"EntryPoint","urlTemplate":"https:\/\/lospoliticosveracruz.com\/?s={search_term_string}"},"query-input":{"@type":"PropertyValueSpecification","valueRequired":true,"valueName":"search_term_string"}}],"inLanguage":"es"},{"@type":"Organization","@id":"https:\/\/lospoliticosveracruz.com\/#organization","name":"Los pol\u00edticos Veracruz","url":"https:\/\/lospoliticosveracruz.com\/","logo":{"@type":"ImageObject","inLanguage":"es","@id":"https:\/\/lospoliticosveracruz.com\/#\/schema\/logo\/image\/","url":"https:\/\/lospoliticosveracruz.com\/wp-content\/uploads\/2025\/12\/Logo-Nuevo-LOS-POLITICOS-1.jpg","contentUrl":"https:\/\/lospoliticosveracruz.com\/wp-content\/uploads\/2025\/12\/Logo-Nuevo-LOS-POLITICOS-1.jpg","width":260,"height":70,"caption":"Los pol\u00edticos Veracruz"},"image":{"@id":"https:\/\/lospoliticosveracruz.com\/#\/schema\/logo\/image\/"},"sameAs":["https:\/\/www.facebook.com\/people\/Notimemes-de-los-Polticos\/61565672886568\/","https:\/\/x.com\/LosPoliticosVer"]},{"@type":"Person","@id":"https:\/\/lospoliticosveracruz.com\/#\/schema\/person\/b8702bb0e538456e6efd07080bf2a4a2","name":"Lo viste en Los Pol\u00edticos","image":{"@type":"ImageObject","inLanguage":"es","@id":"https:\/\/secure.gravatar.com\/avatar\/3a8de04a2656d44082be478bd6c086daa447c4651605818287b9532d3d0bd435?s=96&d=mm&r=g","url":"https:\/\/secure.gravatar.com\/avatar\/3a8de04a2656d44082be478bd6c086daa447c4651605818287b9532d3d0bd435?s=96&d=mm&r=g","contentUrl":"https:\/\/secure.gravatar.com\/avatar\/3a8de04a2656d44082be478bd6c086daa447c4651605818287b9532d3d0bd435?s=96&d=mm&r=g","caption":"Lo viste en Los Pol\u00edticos"},"url":"https:\/\/lospoliticosveracruz.com\/?author=2"}]}},"_links":{"self":[{"href":"https:\/\/lospoliticosveracruz.com\/index.php?rest_route=\/wp\/v2\/posts\/56092","targetHints":{"allow":["GET"]}}],"collection":[{"href":"https:\/\/lospoliticosveracruz.com\/index.php?rest_route=\/wp\/v2\/posts"}],"about":[{"href":"https:\/\/lospoliticosveracruz.com\/index.php?rest_route=\/wp\/v2\/types\/post"}],"author":[{"embeddable":true,"href":"https:\/\/lospoliticosveracruz.com\/index.php?rest_route=\/wp\/v2\/users\/2"}],"replies":[{"embeddable":true,"href":"https:\/\/lospoliticosveracruz.com\/index.php?rest_route=%2Fwp%2Fv2%2Fcomments&post=56092"}],"version-history":[{"count":1,"href":"https:\/\/lospoliticosveracruz.com\/index.php?rest_route=\/wp\/v2\/posts\/56092\/revisions"}],"predecessor-version":[{"id":56094,"href":"https:\/\/lospoliticosveracruz.com\/index.php?rest_route=\/wp\/v2\/posts\/56092\/revisions\/56094"}],"wp:attachment":[{"href":"https:\/\/lospoliticosveracruz.com\/index.php?rest_route=%2Fwp%2Fv2%2Fmedia&parent=56092"}],"wp:term":[{"taxonomy":"category","embeddable":true,"href":"https:\/\/lospoliticosveracruz.com\/index.php?rest_route=%2Fwp%2Fv2%2Fcategories&post=56092"},{"taxonomy":"post_tag","embeddable":true,"href":"https:\/\/lospoliticosveracruz.com\/index.php?rest_route=%2Fwp%2Fv2%2Ftags&post=56092"}],"curies":[{"name":"wp","href":"https:\/\/api.w.org\/{rel}","templated":true}]}}