{"id":56117,"date":"2020-06-12T13:07:58","date_gmt":"2020-06-12T18:07:58","guid":{"rendered":"http:\/\/www.lospoliticosveracruz.com.mx\/?p=56117"},"modified":"2020-06-12T13:07:58","modified_gmt":"2020-06-12T18:07:58","slug":"justicia-seguridad-y-propiedad-privada","status":"publish","type":"post","link":"https:\/\/lospoliticosveracruz.com\/?p=56117","title":{"rendered":"Justicia, seguridad y propiedad privada"},"content":{"rendered":"<p><strong>Teresa Carbajal<\/strong><\/p>\n<p><em>Debo no niego; pago lo justo<\/em><\/p>\n<p>Un gobierno no puede proteger los derechos humanos de unos violentando los de otros; si sucede, es que desconoce las enormes responsabilidades que le asisten para proteger a los gobernados en su esfera de derechos esenciales como: la seguridad y la propiedad privada.<\/p>\n<p>El pasado lunes 8 de junio pasado el medio d\u00eda, un grupo de encapuchados mediante actos de violencia y vandalismo causaron graves da\u00f1os y destrozos en\u00a0 el primer cuadro de la ciudad de Xalapa, Veracruz y principales Avenidas.<\/p>\n<p>El ataque protagonizado por unas cincuenta personas, que dur\u00f3 poco m\u00e1s de media hora tuvo como blanco no solo comercios, recintos religiosos, sucursales bancarias, o viviendas, sino inmuebles p\u00fablicos, incluso el edificio que alberga seguridad p\u00fablica al que solo divide una calle con el palacio de gobierno en donde despacha el Gobernador.<\/p>\n<p>Todo esto pas\u00f3 ante la mirada de peatones y ciudadanos que corrieron a refugiarse o bajar sus cortinas para evitar ser v\u00edctimas del grupo de delincuentes (as\u00ed debe llamarse a todo aquel que comete delitos), al que no podemos llamar \u201cmarchistas\u201d o \u201cmanifestantes\u201d, pues con tantos a\u00f1os como tengo de participar en la sociedad civil organizada, me queda claro que estos ciudadanos no eran parte de la marcha de quienes a la misma hora llevaban a cabo una protesta pac\u00edfica para exigir justicia por arbitrariedades policiacas que, -refieren- acabaron con la vida de un joven hace escasos d\u00edas en el cuartel de San Jos\u00e9.<\/p>\n<p>No se vale que en medio del confinamiento en el que a\u00fan nos encontramos por la falta de aciertos y el exceso de yerros de quienes han tomado decisiones pol\u00edticas en lugar de cient\u00edficas y de salud p\u00fablica al enfrentar la epidemia, tengamos una raz\u00f3n m\u00e1s para perder la tranquilidad al sentirnos inseguros en nuestra propia casa.<\/p>\n<p>\u00bfQu\u00e9 hay de los afectados?, aquellos comerciantes que tiene que enfrentar el pago de rentas cuando de sus negocios ya no sale ni para ir al d\u00eda, ahora tener que reparar los destrozos sufridos en su patrimonio, o quedarse con el golpe.<\/p>\n<p>Y todo porque el gobierno municipal no supo o no pudo, (rayando en el no quiso) reaccionar a tiempo para evitar que estos delincuentes actuaran con total impunidad a la vista de todos y sin que nadie se los impidiera, argumentando que no caer\u00edan en \u201cprovocaciones\u201d, y que mejor cada uno de los afectados denunciara para entonces investigar, \u00a1\u00bfen qu\u00e9 lugar vivimos?!.<\/p>\n<p>\u00bfPues qu\u00e9 no les dimos permiso para actuar en nuestro nombre, para nuestra protecci\u00f3n, desde que protestaron su cargo todos los que actualmente nos gobiernan, no juraron acaso cumplir y hacer cumplir las leyes y su encargo?<\/p>\n<p>En d\u00f3nde queda el derecho de todos los dem\u00e1s a sentirnos seguros en nuestra ciudad, en d\u00f3nde el respeto a la propiedad privada.<\/p>\n<p>La impunidad abre siempre la puerta a la permisividad, a la agresi\u00f3n, los abusos, la violencia y al atropello a nuestra dignidad, \u00a1No a la impunidad!<\/p>\n<p>Llame 2281148502, Visite\u00a0 <a href=\"http:\/\/www.elbarzonrc.org\/\">www.elbarzonrc.org<\/a> Contacte <a href=\"mailto:elbarzonrc@yahoo.com.mx\">elbarzonrc@yahoo.com.mx<\/a>, O s\u00edgame en @terecarbajal<\/p>\n","protected":false},"excerpt":{"rendered":"<p>Teresa Carbajal Debo no niego; pago lo justo Un gobierno no puede proteger los derechos humanos de unos violentando los de otros; si sucede, es que desconoce las enormes responsabilidades que le asisten para proteger a los gobernados en su esfera de derechos esenciales como: la seguridad y la propiedad privada. El pasado lunes 8 [&hellip;]<\/p>\n","protected":false},"author":2,"featured_media":0,"comment_status":"open","ping_status":"open","sticky":false,"template":"","format":"standard","meta":{"tdm_status":"","tdm_grid_status":"","footnotes":""},"categories":[70],"tags":[18483,18582,360,15570,195,463,96],"class_list":{"0":"post-56117","1":"post","2":"type-post","3":"status-publish","4":"format-standard","6":"category-de-opinion","7":"tag-cuartel-de-san-jose","8":"tag-propiedad-privada","9":"tag-seguridad","10":"tag-teresa-carbajal","11":"tag-veracruz","12":"tag-violencia","13":"tag-xalapa"},"yoast_head":"<!-- This site is optimized with the Yoast SEO plugin v27.4 - https:\/\/yoast.com\/product\/yoast-seo-wordpress\/ -->\n<title>Justicia, seguridad y propiedad privada - Los pol\u00edticos Veracruz<\/title>\n<meta name=\"robots\" content=\"index, follow, max-snippet:-1, max-image-preview:large, max-video-preview:-1\" \/>\n<link rel=\"canonical\" href=\"https:\/\/lospoliticosveracruz.com\/?p=56117\" \/>\n<meta property=\"og:locale\" content=\"es_ES\" \/>\n<meta property=\"og:type\" content=\"article\" \/>\n<meta property=\"og:title\" content=\"Justicia, seguridad y propiedad privada - Los pol\u00edticos Veracruz\" \/>\n<meta property=\"og:description\" content=\"Teresa Carbajal Debo no niego; pago lo justo Un gobierno no puede proteger los derechos humanos de unos violentando los de otros; si sucede, es que desconoce las enormes responsabilidades que le asisten para proteger a los gobernados en su esfera de derechos esenciales como: la seguridad y la propiedad privada. El pasado lunes 8 [&hellip;]\" \/>\n<meta property=\"og:url\" content=\"https:\/\/lospoliticosveracruz.com\/?p=56117\" \/>\n<meta property=\"og:site_name\" content=\"Los pol\u00edticos Veracruz\" \/>\n<meta property=\"article:publisher\" content=\"https:\/\/www.facebook.com\/people\/Notimemes-de-los-Polticos\/61565672886568\/\" \/>\n<meta property=\"article:published_time\" content=\"2020-06-12T18:07:58+00:00\" \/>\n<meta property=\"og:image\" content=\"https:\/\/lospoliticosveracruz.com\/wp-content\/uploads\/2016\/07\/Logo-Dor.jpg\" \/>\n\t<meta property=\"og:image:width\" content=\"200\" \/>\n\t<meta property=\"og:image:height\" content=\"200\" \/>\n\t<meta property=\"og:image:type\" content=\"image\/jpeg\" \/>\n<meta name=\"author\" content=\"Lo viste en Los Pol\u00edticos\" \/>\n<meta name=\"twitter:card\" content=\"summary_large_image\" \/>\n<meta name=\"twitter:creator\" content=\"@LosPoliticosVer\" \/>\n<meta name=\"twitter:site\" content=\"@LosPoliticosVer\" \/>\n<meta name=\"twitter:label1\" content=\"Escrito por\" \/>\n\t<meta name=\"twitter:data1\" content=\"Lo viste en Los Pol\u00edticos\" \/>\n\t<meta name=\"twitter:label2\" content=\"Tiempo de lectura\" \/>\n\t<meta name=\"twitter:data2\" content=\"3 minutos\" \/>\n<script type=\"application\/ld+json\" class=\"yoast-schema-graph\">{\"@context\":\"https:\\\/\\\/schema.org\",\"@graph\":[{\"@type\":\"Article\",\"@id\":\"https:\\\/\\\/lospoliticosveracruz.com\\\/?p=56117#article\",\"isPartOf\":{\"@id\":\"https:\\\/\\\/lospoliticosveracruz.com\\\/?p=56117\"},\"author\":{\"name\":\"Lo viste en Los Pol\u00edticos\",\"@id\":\"https:\\\/\\\/lospoliticosveracruz.com\\\/#\\\/schema\\\/person\\\/b8702bb0e538456e6efd07080bf2a4a2\"},\"headline\":\"Justicia, seguridad y propiedad privada\",\"datePublished\":\"2020-06-12T18:07:58+00:00\",\"mainEntityOfPage\":{\"@id\":\"https:\\\/\\\/lospoliticosveracruz.com\\\/?p=56117\"},\"wordCount\":533,\"commentCount\":0,\"publisher\":{\"@id\":\"https:\\\/\\\/lospoliticosveracruz.com\\\/#organization\"},\"keywords\":[\"cuartel de San Jos\u00e9\",\"propiedad privada\",\"Seguridad\",\"Teresa Carbajal\",\"Veracruz\",\"violencia\",\"Xalapa\"],\"articleSection\":[\"De Opini\u00f3n\"],\"inLanguage\":\"es\",\"potentialAction\":[{\"@type\":\"CommentAction\",\"name\":\"Comment\",\"target\":[\"https:\\\/\\\/lospoliticosveracruz.com\\\/?p=56117#respond\"]}]},{\"@type\":\"WebPage\",\"@id\":\"https:\\\/\\\/lospoliticosveracruz.com\\\/?p=56117\",\"url\":\"https:\\\/\\\/lospoliticosveracruz.com\\\/?p=56117\",\"name\":\"Justicia, seguridad y propiedad privada - Los pol\u00edticos Veracruz\",\"isPartOf\":{\"@id\":\"https:\\\/\\\/lospoliticosveracruz.com\\\/#website\"},\"datePublished\":\"2020-06-12T18:07:58+00:00\",\"breadcrumb\":{\"@id\":\"https:\\\/\\\/lospoliticosveracruz.com\\\/?p=56117#breadcrumb\"},\"inLanguage\":\"es\",\"potentialAction\":[{\"@type\":\"ReadAction\",\"target\":[\"https:\\\/\\\/lospoliticosveracruz.com\\\/?p=56117\"]}]},{\"@type\":\"BreadcrumbList\",\"@id\":\"https:\\\/\\\/lospoliticosveracruz.com\\\/?p=56117#breadcrumb\",\"itemListElement\":[{\"@type\":\"ListItem\",\"position\":1,\"name\":\"Portada\",\"item\":\"https:\\\/\\\/lospoliticosveracruz.com\\\/\"},{\"@type\":\"ListItem\",\"position\":2,\"name\":\"Justicia, seguridad y propiedad privada\"}]},{\"@type\":\"WebSite\",\"@id\":\"https:\\\/\\\/lospoliticosveracruz.com\\\/#website\",\"url\":\"https:\\\/\\\/lospoliticosveracruz.com\\\/\",\"name\":\"Los pol\u00edticos Veracruz\",\"description\":\"\",\"publisher\":{\"@id\":\"https:\\\/\\\/lospoliticosveracruz.com\\\/#organization\"},\"potentialAction\":[{\"@type\":\"SearchAction\",\"target\":{\"@type\":\"EntryPoint\",\"urlTemplate\":\"https:\\\/\\\/lospoliticosveracruz.com\\\/?s={search_term_string}\"},\"query-input\":{\"@type\":\"PropertyValueSpecification\",\"valueRequired\":true,\"valueName\":\"search_term_string\"}}],\"inLanguage\":\"es\"},{\"@type\":\"Organization\",\"@id\":\"https:\\\/\\\/lospoliticosveracruz.com\\\/#organization\",\"name\":\"Los pol\u00edticos Veracruz\",\"url\":\"https:\\\/\\\/lospoliticosveracruz.com\\\/\",\"logo\":{\"@type\":\"ImageObject\",\"inLanguage\":\"es\",\"@id\":\"https:\\\/\\\/lospoliticosveracruz.com\\\/#\\\/schema\\\/logo\\\/image\\\/\",\"url\":\"https:\\\/\\\/lospoliticosveracruz.com\\\/wp-content\\\/uploads\\\/2025\\\/12\\\/Logo-Nuevo-LOS-POLITICOS-1.jpg\",\"contentUrl\":\"https:\\\/\\\/lospoliticosveracruz.com\\\/wp-content\\\/uploads\\\/2025\\\/12\\\/Logo-Nuevo-LOS-POLITICOS-1.jpg\",\"width\":260,\"height\":70,\"caption\":\"Los pol\u00edticos Veracruz\"},\"image\":{\"@id\":\"https:\\\/\\\/lospoliticosveracruz.com\\\/#\\\/schema\\\/logo\\\/image\\\/\"},\"sameAs\":[\"https:\\\/\\\/www.facebook.com\\\/people\\\/Notimemes-de-los-Polticos\\\/61565672886568\\\/\",\"https:\\\/\\\/x.com\\\/LosPoliticosVer\"]},{\"@type\":\"Person\",\"@id\":\"https:\\\/\\\/lospoliticosveracruz.com\\\/#\\\/schema\\\/person\\\/b8702bb0e538456e6efd07080bf2a4a2\",\"name\":\"Lo viste en Los Pol\u00edticos\",\"image\":{\"@type\":\"ImageObject\",\"inLanguage\":\"es\",\"@id\":\"https:\\\/\\\/secure.gravatar.com\\\/avatar\\\/3a8de04a2656d44082be478bd6c086daa447c4651605818287b9532d3d0bd435?s=96&d=mm&r=g\",\"url\":\"https:\\\/\\\/secure.gravatar.com\\\/avatar\\\/3a8de04a2656d44082be478bd6c086daa447c4651605818287b9532d3d0bd435?s=96&d=mm&r=g\",\"contentUrl\":\"https:\\\/\\\/secure.gravatar.com\\\/avatar\\\/3a8de04a2656d44082be478bd6c086daa447c4651605818287b9532d3d0bd435?s=96&d=mm&r=g\",\"caption\":\"Lo viste en Los Pol\u00edticos\"},\"url\":\"https:\\\/\\\/lospoliticosveracruz.com\\\/?author=2\"}]}<\/script>\n<!-- \/ Yoast SEO plugin. -->","yoast_head_json":{"title":"Justicia, seguridad y propiedad privada - Los pol\u00edticos Veracruz","robots":{"index":"index","follow":"follow","max-snippet":"max-snippet:-1","max-image-preview":"max-image-preview:large","max-video-preview":"max-video-preview:-1"},"canonical":"https:\/\/lospoliticosveracruz.com\/?p=56117","og_locale":"es_ES","og_type":"article","og_title":"Justicia, seguridad y propiedad privada - Los pol\u00edticos Veracruz","og_description":"Teresa Carbajal Debo no niego; pago lo justo Un gobierno no puede proteger los derechos humanos de unos violentando los de otros; si sucede, es que desconoce las enormes responsabilidades que le asisten para proteger a los gobernados en su esfera de derechos esenciales como: la seguridad y la propiedad privada. El pasado lunes 8 [&hellip;]","og_url":"https:\/\/lospoliticosveracruz.com\/?p=56117","og_site_name":"Los pol\u00edticos Veracruz","article_publisher":"https:\/\/www.facebook.com\/people\/Notimemes-de-los-Polticos\/61565672886568\/","article_published_time":"2020-06-12T18:07:58+00:00","og_image":[{"width":200,"height":200,"url":"https:\/\/lospoliticosveracruz.com\/wp-content\/uploads\/2016\/07\/Logo-Dor.jpg","type":"image\/jpeg"}],"author":"Lo viste en Los Pol\u00edticos","twitter_card":"summary_large_image","twitter_creator":"@LosPoliticosVer","twitter_site":"@LosPoliticosVer","twitter_misc":{"Escrito por":"Lo viste en Los Pol\u00edticos","Tiempo de lectura":"3 minutos"},"schema":{"@context":"https:\/\/schema.org","@graph":[{"@type":"Article","@id":"https:\/\/lospoliticosveracruz.com\/?p=56117#article","isPartOf":{"@id":"https:\/\/lospoliticosveracruz.com\/?p=56117"},"author":{"name":"Lo viste en Los Pol\u00edticos","@id":"https:\/\/lospoliticosveracruz.com\/#\/schema\/person\/b8702bb0e538456e6efd07080bf2a4a2"},"headline":"Justicia, seguridad y propiedad privada","datePublished":"2020-06-12T18:07:58+00:00","mainEntityOfPage":{"@id":"https:\/\/lospoliticosveracruz.com\/?p=56117"},"wordCount":533,"commentCount":0,"publisher":{"@id":"https:\/\/lospoliticosveracruz.com\/#organization"},"keywords":["cuartel de San Jos\u00e9","propiedad privada","Seguridad","Teresa Carbajal","Veracruz","violencia","Xalapa"],"articleSection":["De Opini\u00f3n"],"inLanguage":"es","potentialAction":[{"@type":"CommentAction","name":"Comment","target":["https:\/\/lospoliticosveracruz.com\/?p=56117#respond"]}]},{"@type":"WebPage","@id":"https:\/\/lospoliticosveracruz.com\/?p=56117","url":"https:\/\/lospoliticosveracruz.com\/?p=56117","name":"Justicia, seguridad y propiedad privada - Los pol\u00edticos Veracruz","isPartOf":{"@id":"https:\/\/lospoliticosveracruz.com\/#website"},"datePublished":"2020-06-12T18:07:58+00:00","breadcrumb":{"@id":"https:\/\/lospoliticosveracruz.com\/?p=56117#breadcrumb"},"inLanguage":"es","potentialAction":[{"@type":"ReadAction","target":["https:\/\/lospoliticosveracruz.com\/?p=56117"]}]},{"@type":"BreadcrumbList","@id":"https:\/\/lospoliticosveracruz.com\/?p=56117#breadcrumb","itemListElement":[{"@type":"ListItem","position":1,"name":"Portada","item":"https:\/\/lospoliticosveracruz.com\/"},{"@type":"ListItem","position":2,"name":"Justicia, seguridad y propiedad privada"}]},{"@type":"WebSite","@id":"https:\/\/lospoliticosveracruz.com\/#website","url":"https:\/\/lospoliticosveracruz.com\/","name":"Los pol\u00edticos Veracruz","description":"","publisher":{"@id":"https:\/\/lospoliticosveracruz.com\/#organization"},"potentialAction":[{"@type":"SearchAction","target":{"@type":"EntryPoint","urlTemplate":"https:\/\/lospoliticosveracruz.com\/?s={search_term_string}"},"query-input":{"@type":"PropertyValueSpecification","valueRequired":true,"valueName":"search_term_string"}}],"inLanguage":"es"},{"@type":"Organization","@id":"https:\/\/lospoliticosveracruz.com\/#organization","name":"Los pol\u00edticos Veracruz","url":"https:\/\/lospoliticosveracruz.com\/","logo":{"@type":"ImageObject","inLanguage":"es","@id":"https:\/\/lospoliticosveracruz.com\/#\/schema\/logo\/image\/","url":"https:\/\/lospoliticosveracruz.com\/wp-content\/uploads\/2025\/12\/Logo-Nuevo-LOS-POLITICOS-1.jpg","contentUrl":"https:\/\/lospoliticosveracruz.com\/wp-content\/uploads\/2025\/12\/Logo-Nuevo-LOS-POLITICOS-1.jpg","width":260,"height":70,"caption":"Los pol\u00edticos Veracruz"},"image":{"@id":"https:\/\/lospoliticosveracruz.com\/#\/schema\/logo\/image\/"},"sameAs":["https:\/\/www.facebook.com\/people\/Notimemes-de-los-Polticos\/61565672886568\/","https:\/\/x.com\/LosPoliticosVer"]},{"@type":"Person","@id":"https:\/\/lospoliticosveracruz.com\/#\/schema\/person\/b8702bb0e538456e6efd07080bf2a4a2","name":"Lo viste en Los Pol\u00edticos","image":{"@type":"ImageObject","inLanguage":"es","@id":"https:\/\/secure.gravatar.com\/avatar\/3a8de04a2656d44082be478bd6c086daa447c4651605818287b9532d3d0bd435?s=96&d=mm&r=g","url":"https:\/\/secure.gravatar.com\/avatar\/3a8de04a2656d44082be478bd6c086daa447c4651605818287b9532d3d0bd435?s=96&d=mm&r=g","contentUrl":"https:\/\/secure.gravatar.com\/avatar\/3a8de04a2656d44082be478bd6c086daa447c4651605818287b9532d3d0bd435?s=96&d=mm&r=g","caption":"Lo viste en Los Pol\u00edticos"},"url":"https:\/\/lospoliticosveracruz.com\/?author=2"}]}},"_links":{"self":[{"href":"https:\/\/lospoliticosveracruz.com\/index.php?rest_route=\/wp\/v2\/posts\/56117","targetHints":{"allow":["GET"]}}],"collection":[{"href":"https:\/\/lospoliticosveracruz.com\/index.php?rest_route=\/wp\/v2\/posts"}],"about":[{"href":"https:\/\/lospoliticosveracruz.com\/index.php?rest_route=\/wp\/v2\/types\/post"}],"author":[{"embeddable":true,"href":"https:\/\/lospoliticosveracruz.com\/index.php?rest_route=\/wp\/v2\/users\/2"}],"replies":[{"embeddable":true,"href":"https:\/\/lospoliticosveracruz.com\/index.php?rest_route=%2Fwp%2Fv2%2Fcomments&post=56117"}],"version-history":[{"count":1,"href":"https:\/\/lospoliticosveracruz.com\/index.php?rest_route=\/wp\/v2\/posts\/56117\/revisions"}],"predecessor-version":[{"id":56118,"href":"https:\/\/lospoliticosveracruz.com\/index.php?rest_route=\/wp\/v2\/posts\/56117\/revisions\/56118"}],"wp:attachment":[{"href":"https:\/\/lospoliticosveracruz.com\/index.php?rest_route=%2Fwp%2Fv2%2Fmedia&parent=56117"}],"wp:term":[{"taxonomy":"category","embeddable":true,"href":"https:\/\/lospoliticosveracruz.com\/index.php?rest_route=%2Fwp%2Fv2%2Fcategories&post=56117"},{"taxonomy":"post_tag","embeddable":true,"href":"https:\/\/lospoliticosveracruz.com\/index.php?rest_route=%2Fwp%2Fv2%2Ftags&post=56117"}],"curies":[{"name":"wp","href":"https:\/\/api.w.org\/{rel}","templated":true}]}}