{"id":56125,"date":"2020-06-12T15:09:57","date_gmt":"2020-06-12T20:09:57","guid":{"rendered":"http:\/\/www.lospoliticosveracruz.com.mx\/?p=56125"},"modified":"2020-06-12T15:09:57","modified_gmt":"2020-06-12T20:09:57","slug":"acta-por-acta-cabildo-por-cabildo","status":"publish","type":"post","link":"https:\/\/lospoliticosveracruz.com\/?p=56125","title":{"rendered":"Acta por Acta, Cabildo por Cabildo"},"content":{"rendered":"<p>&nbsp;<\/p>\n<p>Exigimos transparencia en el proceso y que se confirme la autenticidad y legalidad de las actas de Cabildo de los ayuntamientos para aprobar la Reforma Electoral en Veracruz, manifest\u00f3 el presidente del Comit\u00e9 Directivo Estatal del PRI, Marlon Ram\u00edrez Mar\u00edn.<\/p>\n<p>Este viernes, acompa\u00f1ado de los dirigentes del PAN, Joaqu\u00edn Guzm\u00e1n Avil\u00e9s, del PRD, Jes\u00fas Alberto Vel\u00e1zquez Flores, y del diputado local, Omar Miranda Romero, acudi\u00f3 a las instalaciones del Congreso Local para entregar un documento en el que requieren copias certificadas de la documentaci\u00f3n recibida del 12 de mayo al 12 de junio.<\/p>\n<p>\u201cSe ha solicitado al Congreso Local, que se entreguen las actas certificadas de los cabildos, con el fin de que se acredite que todo el proceso se ha realizado respetando la ley\u201d, explic\u00f3 el dirigente estatal priista.<\/p>\n<p>Destac\u00f3 que el diputado Juan Javier G\u00f3mez Cazar\u00edn, present\u00f3 un informe cuyo origen y autenticidad se desconoce, pues no fue circulado a los diputados de oposici\u00f3n integrantes de la Junta de Coordinaci\u00f3n Pol\u00edtica que \u00e9l preside, y tal pareciera que \u201cMORENA tiene prisa por quedar bien con el presidente Andr\u00e9s Manuel L\u00f3pez Obrador, aunque tambi\u00e9n a \u00e9l lo enga\u00f1en\u201d.<\/p>\n<p>Cabe recordar que luego de la aprobaci\u00f3n de la Reforma Electoral en el Congreso Local el pasado 12 de mayo, se requieren 108 actas de cabildo de ayuntamientos a favor de su aprobaci\u00f3n, y fue precisamente el presidente de la Junta de Coordinaci\u00f3n Pol\u00edtica (JUCOPO), Juan Javier G\u00f3mez Cazar\u00edn, quien dio a conocer que ya se cuenta con 110 actas.<\/p>\n<p>Sin embargo, queda en duda que estas cumplan con la ley, ya que el proceso ha sido irregular, no se cumpli\u00f3 con la notificaci\u00f3n a alcaldes en tiempo y forma, hay actas de Cabildo incompletas, sin las firmas de todos los integrantes y la posibilidad de que se haya aplicado \u201csu propio criterio\u201d con la \u201cjustificaci\u00f3n\u201d de falta de respuesta de alg\u00fan ayuntamiento.<\/p>\n","protected":false},"excerpt":{"rendered":"<p>&nbsp; Exigimos transparencia en el proceso y que se confirme la autenticidad y legalidad de las actas de Cabildo de los ayuntamientos para aprobar la Reforma Electoral en Veracruz, manifest\u00f3 el presidente del Comit\u00e9 Directivo Estatal del PRI, Marlon Ram\u00edrez Mar\u00edn. Este viernes, acompa\u00f1ado de los dirigentes del PAN, Joaqu\u00edn Guzm\u00e1n Avil\u00e9s, del PRD, Jes\u00fas [&hellip;]<\/p>\n","protected":false},"author":2,"featured_media":0,"comment_status":"open","ping_status":"open","sticky":false,"template":"","format":"standard","meta":{"tdm_status":"","tdm_grid_status":"","footnotes":""},"categories":[73],"tags":[6610,3288,12695,9444,2908,1026,1951,266,107,251,1414,195],"class_list":{"0":"post-56125","1":"post","2":"type-post","3":"status-publish","4":"format-standard","6":"category-de-boleto","7":"tag-jesus-alberto-velazquez-flores","8":"tag-joaquin-guzman-aviles","9":"tag-juan-javier-gomez-cazarin","10":"tag-junta-de-coordinacion-politica","11":"tag-marlon-ramirez-marin","12":"tag-morena","13":"tag-omar-miranda-romero","14":"tag-pan","15":"tag-prd","16":"tag-pri","17":"tag-reforma-electoral","18":"tag-veracruz"},"yoast_head":"<!-- This site is optimized with the Yoast SEO plugin v27.4 - https:\/\/yoast.com\/product\/yoast-seo-wordpress\/ -->\n<title>Acta por Acta, Cabildo por Cabildo - Los pol\u00edticos Veracruz<\/title>\n<meta name=\"robots\" content=\"index, follow, max-snippet:-1, max-image-preview:large, max-video-preview:-1\" \/>\n<link rel=\"canonical\" href=\"https:\/\/lospoliticosveracruz.com\/?p=56125\" \/>\n<meta property=\"og:locale\" content=\"es_ES\" \/>\n<meta property=\"og:type\" content=\"article\" \/>\n<meta property=\"og:title\" content=\"Acta por Acta, Cabildo por Cabildo - Los pol\u00edticos Veracruz\" \/>\n<meta property=\"og:description\" content=\"&nbsp; Exigimos transparencia en el proceso y que se confirme la autenticidad y legalidad de las actas de Cabildo de los ayuntamientos para aprobar la Reforma Electoral en Veracruz, manifest\u00f3 el presidente del Comit\u00e9 Directivo Estatal del PRI, Marlon Ram\u00edrez Mar\u00edn. Este viernes, acompa\u00f1ado de los dirigentes del PAN, Joaqu\u00edn Guzm\u00e1n Avil\u00e9s, del PRD, Jes\u00fas [&hellip;]\" \/>\n<meta property=\"og:url\" content=\"https:\/\/lospoliticosveracruz.com\/?p=56125\" \/>\n<meta property=\"og:site_name\" content=\"Los pol\u00edticos Veracruz\" \/>\n<meta property=\"article:publisher\" content=\"https:\/\/www.facebook.com\/people\/Notimemes-de-los-Polticos\/61565672886568\/\" \/>\n<meta property=\"article:published_time\" content=\"2020-06-12T20:09:57+00:00\" \/>\n<meta property=\"og:image\" content=\"https:\/\/lospoliticosveracruz.com\/wp-content\/uploads\/2016\/07\/Logo-Dor.jpg\" \/>\n\t<meta property=\"og:image:width\" content=\"200\" \/>\n\t<meta property=\"og:image:height\" content=\"200\" \/>\n\t<meta property=\"og:image:type\" content=\"image\/jpeg\" \/>\n<meta name=\"author\" content=\"Lo viste en Los Pol\u00edticos\" \/>\n<meta name=\"twitter:card\" content=\"summary_large_image\" \/>\n<meta name=\"twitter:creator\" content=\"@LosPoliticosVer\" \/>\n<meta name=\"twitter:site\" content=\"@LosPoliticosVer\" \/>\n<meta name=\"twitter:label1\" content=\"Escrito por\" \/>\n\t<meta name=\"twitter:data1\" content=\"Lo viste en Los Pol\u00edticos\" \/>\n\t<meta name=\"twitter:label2\" content=\"Tiempo de lectura\" \/>\n\t<meta name=\"twitter:data2\" content=\"2 minutos\" \/>\n<script type=\"application\/ld+json\" class=\"yoast-schema-graph\">{\"@context\":\"https:\\\/\\\/schema.org\",\"@graph\":[{\"@type\":\"Article\",\"@id\":\"https:\\\/\\\/lospoliticosveracruz.com\\\/?p=56125#article\",\"isPartOf\":{\"@id\":\"https:\\\/\\\/lospoliticosveracruz.com\\\/?p=56125\"},\"author\":{\"name\":\"Lo viste en Los Pol\u00edticos\",\"@id\":\"https:\\\/\\\/lospoliticosveracruz.com\\\/#\\\/schema\\\/person\\\/b8702bb0e538456e6efd07080bf2a4a2\"},\"headline\":\"Acta por Acta, Cabildo por Cabildo\",\"datePublished\":\"2020-06-12T20:09:57+00:00\",\"mainEntityOfPage\":{\"@id\":\"https:\\\/\\\/lospoliticosveracruz.com\\\/?p=56125\"},\"wordCount\":341,\"commentCount\":0,\"publisher\":{\"@id\":\"https:\\\/\\\/lospoliticosveracruz.com\\\/#organization\"},\"keywords\":[\"Jes\u00fas Alberto Vel\u00e1zquez Flores\",\"Joaqu\u00edn Guzm\u00e1n Avil\u00e9s\",\"Juan Javier G\u00f3mez Cazar\u00edn\",\"Junta de Coordinaci\u00f3n Pol\u00edtica\",\"Marlon Ram\u00edrez Mar\u00edn\",\"Morena\",\"Omar Miranda Romero\",\"PAN\",\"PRD\",\"PRI\",\"reforma electoral\",\"Veracruz\"],\"articleSection\":[\"De Boleto\"],\"inLanguage\":\"es\",\"potentialAction\":[{\"@type\":\"CommentAction\",\"name\":\"Comment\",\"target\":[\"https:\\\/\\\/lospoliticosveracruz.com\\\/?p=56125#respond\"]}]},{\"@type\":\"WebPage\",\"@id\":\"https:\\\/\\\/lospoliticosveracruz.com\\\/?p=56125\",\"url\":\"https:\\\/\\\/lospoliticosveracruz.com\\\/?p=56125\",\"name\":\"Acta por Acta, Cabildo por Cabildo - Los pol\u00edticos Veracruz\",\"isPartOf\":{\"@id\":\"https:\\\/\\\/lospoliticosveracruz.com\\\/#website\"},\"datePublished\":\"2020-06-12T20:09:57+00:00\",\"breadcrumb\":{\"@id\":\"https:\\\/\\\/lospoliticosveracruz.com\\\/?p=56125#breadcrumb\"},\"inLanguage\":\"es\",\"potentialAction\":[{\"@type\":\"ReadAction\",\"target\":[\"https:\\\/\\\/lospoliticosveracruz.com\\\/?p=56125\"]}]},{\"@type\":\"BreadcrumbList\",\"@id\":\"https:\\\/\\\/lospoliticosveracruz.com\\\/?p=56125#breadcrumb\",\"itemListElement\":[{\"@type\":\"ListItem\",\"position\":1,\"name\":\"Portada\",\"item\":\"https:\\\/\\\/lospoliticosveracruz.com\\\/\"},{\"@type\":\"ListItem\",\"position\":2,\"name\":\"Acta por Acta, Cabildo por Cabildo\"}]},{\"@type\":\"WebSite\",\"@id\":\"https:\\\/\\\/lospoliticosveracruz.com\\\/#website\",\"url\":\"https:\\\/\\\/lospoliticosveracruz.com\\\/\",\"name\":\"Los pol\u00edticos Veracruz\",\"description\":\"\",\"publisher\":{\"@id\":\"https:\\\/\\\/lospoliticosveracruz.com\\\/#organization\"},\"potentialAction\":[{\"@type\":\"SearchAction\",\"target\":{\"@type\":\"EntryPoint\",\"urlTemplate\":\"https:\\\/\\\/lospoliticosveracruz.com\\\/?s={search_term_string}\"},\"query-input\":{\"@type\":\"PropertyValueSpecification\",\"valueRequired\":true,\"valueName\":\"search_term_string\"}}],\"inLanguage\":\"es\"},{\"@type\":\"Organization\",\"@id\":\"https:\\\/\\\/lospoliticosveracruz.com\\\/#organization\",\"name\":\"Los pol\u00edticos Veracruz\",\"url\":\"https:\\\/\\\/lospoliticosveracruz.com\\\/\",\"logo\":{\"@type\":\"ImageObject\",\"inLanguage\":\"es\",\"@id\":\"https:\\\/\\\/lospoliticosveracruz.com\\\/#\\\/schema\\\/logo\\\/image\\\/\",\"url\":\"https:\\\/\\\/lospoliticosveracruz.com\\\/wp-content\\\/uploads\\\/2025\\\/12\\\/Logo-Nuevo-LOS-POLITICOS-1.jpg\",\"contentUrl\":\"https:\\\/\\\/lospoliticosveracruz.com\\\/wp-content\\\/uploads\\\/2025\\\/12\\\/Logo-Nuevo-LOS-POLITICOS-1.jpg\",\"width\":260,\"height\":70,\"caption\":\"Los pol\u00edticos Veracruz\"},\"image\":{\"@id\":\"https:\\\/\\\/lospoliticosveracruz.com\\\/#\\\/schema\\\/logo\\\/image\\\/\"},\"sameAs\":[\"https:\\\/\\\/www.facebook.com\\\/people\\\/Notimemes-de-los-Polticos\\\/61565672886568\\\/\",\"https:\\\/\\\/x.com\\\/LosPoliticosVer\"]},{\"@type\":\"Person\",\"@id\":\"https:\\\/\\\/lospoliticosveracruz.com\\\/#\\\/schema\\\/person\\\/b8702bb0e538456e6efd07080bf2a4a2\",\"name\":\"Lo viste en Los Pol\u00edticos\",\"image\":{\"@type\":\"ImageObject\",\"inLanguage\":\"es\",\"@id\":\"https:\\\/\\\/secure.gravatar.com\\\/avatar\\\/3a8de04a2656d44082be478bd6c086daa447c4651605818287b9532d3d0bd435?s=96&d=mm&r=g\",\"url\":\"https:\\\/\\\/secure.gravatar.com\\\/avatar\\\/3a8de04a2656d44082be478bd6c086daa447c4651605818287b9532d3d0bd435?s=96&d=mm&r=g\",\"contentUrl\":\"https:\\\/\\\/secure.gravatar.com\\\/avatar\\\/3a8de04a2656d44082be478bd6c086daa447c4651605818287b9532d3d0bd435?s=96&d=mm&r=g\",\"caption\":\"Lo viste en Los Pol\u00edticos\"},\"url\":\"https:\\\/\\\/lospoliticosveracruz.com\\\/?author=2\"}]}<\/script>\n<!-- \/ Yoast SEO plugin. -->","yoast_head_json":{"title":"Acta por Acta, Cabildo por Cabildo - Los pol\u00edticos Veracruz","robots":{"index":"index","follow":"follow","max-snippet":"max-snippet:-1","max-image-preview":"max-image-preview:large","max-video-preview":"max-video-preview:-1"},"canonical":"https:\/\/lospoliticosveracruz.com\/?p=56125","og_locale":"es_ES","og_type":"article","og_title":"Acta por Acta, Cabildo por Cabildo - Los pol\u00edticos Veracruz","og_description":"&nbsp; Exigimos transparencia en el proceso y que se confirme la autenticidad y legalidad de las actas de Cabildo de los ayuntamientos para aprobar la Reforma Electoral en Veracruz, manifest\u00f3 el presidente del Comit\u00e9 Directivo Estatal del PRI, Marlon Ram\u00edrez Mar\u00edn. Este viernes, acompa\u00f1ado de los dirigentes del PAN, Joaqu\u00edn Guzm\u00e1n Avil\u00e9s, del PRD, Jes\u00fas [&hellip;]","og_url":"https:\/\/lospoliticosveracruz.com\/?p=56125","og_site_name":"Los pol\u00edticos Veracruz","article_publisher":"https:\/\/www.facebook.com\/people\/Notimemes-de-los-Polticos\/61565672886568\/","article_published_time":"2020-06-12T20:09:57+00:00","og_image":[{"width":200,"height":200,"url":"https:\/\/lospoliticosveracruz.com\/wp-content\/uploads\/2016\/07\/Logo-Dor.jpg","type":"image\/jpeg"}],"author":"Lo viste en Los Pol\u00edticos","twitter_card":"summary_large_image","twitter_creator":"@LosPoliticosVer","twitter_site":"@LosPoliticosVer","twitter_misc":{"Escrito por":"Lo viste en Los Pol\u00edticos","Tiempo de lectura":"2 minutos"},"schema":{"@context":"https:\/\/schema.org","@graph":[{"@type":"Article","@id":"https:\/\/lospoliticosveracruz.com\/?p=56125#article","isPartOf":{"@id":"https:\/\/lospoliticosveracruz.com\/?p=56125"},"author":{"name":"Lo viste en Los Pol\u00edticos","@id":"https:\/\/lospoliticosveracruz.com\/#\/schema\/person\/b8702bb0e538456e6efd07080bf2a4a2"},"headline":"Acta por Acta, Cabildo por Cabildo","datePublished":"2020-06-12T20:09:57+00:00","mainEntityOfPage":{"@id":"https:\/\/lospoliticosveracruz.com\/?p=56125"},"wordCount":341,"commentCount":0,"publisher":{"@id":"https:\/\/lospoliticosveracruz.com\/#organization"},"keywords":["Jes\u00fas Alberto Vel\u00e1zquez Flores","Joaqu\u00edn Guzm\u00e1n Avil\u00e9s","Juan Javier G\u00f3mez Cazar\u00edn","Junta de Coordinaci\u00f3n Pol\u00edtica","Marlon Ram\u00edrez Mar\u00edn","Morena","Omar Miranda Romero","PAN","PRD","PRI","reforma electoral","Veracruz"],"articleSection":["De Boleto"],"inLanguage":"es","potentialAction":[{"@type":"CommentAction","name":"Comment","target":["https:\/\/lospoliticosveracruz.com\/?p=56125#respond"]}]},{"@type":"WebPage","@id":"https:\/\/lospoliticosveracruz.com\/?p=56125","url":"https:\/\/lospoliticosveracruz.com\/?p=56125","name":"Acta por Acta, Cabildo por Cabildo - Los pol\u00edticos Veracruz","isPartOf":{"@id":"https:\/\/lospoliticosveracruz.com\/#website"},"datePublished":"2020-06-12T20:09:57+00:00","breadcrumb":{"@id":"https:\/\/lospoliticosveracruz.com\/?p=56125#breadcrumb"},"inLanguage":"es","potentialAction":[{"@type":"ReadAction","target":["https:\/\/lospoliticosveracruz.com\/?p=56125"]}]},{"@type":"BreadcrumbList","@id":"https:\/\/lospoliticosveracruz.com\/?p=56125#breadcrumb","itemListElement":[{"@type":"ListItem","position":1,"name":"Portada","item":"https:\/\/lospoliticosveracruz.com\/"},{"@type":"ListItem","position":2,"name":"Acta por Acta, Cabildo por Cabildo"}]},{"@type":"WebSite","@id":"https:\/\/lospoliticosveracruz.com\/#website","url":"https:\/\/lospoliticosveracruz.com\/","name":"Los pol\u00edticos Veracruz","description":"","publisher":{"@id":"https:\/\/lospoliticosveracruz.com\/#organization"},"potentialAction":[{"@type":"SearchAction","target":{"@type":"EntryPoint","urlTemplate":"https:\/\/lospoliticosveracruz.com\/?s={search_term_string}"},"query-input":{"@type":"PropertyValueSpecification","valueRequired":true,"valueName":"search_term_string"}}],"inLanguage":"es"},{"@type":"Organization","@id":"https:\/\/lospoliticosveracruz.com\/#organization","name":"Los pol\u00edticos Veracruz","url":"https:\/\/lospoliticosveracruz.com\/","logo":{"@type":"ImageObject","inLanguage":"es","@id":"https:\/\/lospoliticosveracruz.com\/#\/schema\/logo\/image\/","url":"https:\/\/lospoliticosveracruz.com\/wp-content\/uploads\/2025\/12\/Logo-Nuevo-LOS-POLITICOS-1.jpg","contentUrl":"https:\/\/lospoliticosveracruz.com\/wp-content\/uploads\/2025\/12\/Logo-Nuevo-LOS-POLITICOS-1.jpg","width":260,"height":70,"caption":"Los pol\u00edticos Veracruz"},"image":{"@id":"https:\/\/lospoliticosveracruz.com\/#\/schema\/logo\/image\/"},"sameAs":["https:\/\/www.facebook.com\/people\/Notimemes-de-los-Polticos\/61565672886568\/","https:\/\/x.com\/LosPoliticosVer"]},{"@type":"Person","@id":"https:\/\/lospoliticosveracruz.com\/#\/schema\/person\/b8702bb0e538456e6efd07080bf2a4a2","name":"Lo viste en Los Pol\u00edticos","image":{"@type":"ImageObject","inLanguage":"es","@id":"https:\/\/secure.gravatar.com\/avatar\/3a8de04a2656d44082be478bd6c086daa447c4651605818287b9532d3d0bd435?s=96&d=mm&r=g","url":"https:\/\/secure.gravatar.com\/avatar\/3a8de04a2656d44082be478bd6c086daa447c4651605818287b9532d3d0bd435?s=96&d=mm&r=g","contentUrl":"https:\/\/secure.gravatar.com\/avatar\/3a8de04a2656d44082be478bd6c086daa447c4651605818287b9532d3d0bd435?s=96&d=mm&r=g","caption":"Lo viste en Los Pol\u00edticos"},"url":"https:\/\/lospoliticosveracruz.com\/?author=2"}]}},"_links":{"self":[{"href":"https:\/\/lospoliticosveracruz.com\/index.php?rest_route=\/wp\/v2\/posts\/56125","targetHints":{"allow":["GET"]}}],"collection":[{"href":"https:\/\/lospoliticosveracruz.com\/index.php?rest_route=\/wp\/v2\/posts"}],"about":[{"href":"https:\/\/lospoliticosveracruz.com\/index.php?rest_route=\/wp\/v2\/types\/post"}],"author":[{"embeddable":true,"href":"https:\/\/lospoliticosveracruz.com\/index.php?rest_route=\/wp\/v2\/users\/2"}],"replies":[{"embeddable":true,"href":"https:\/\/lospoliticosveracruz.com\/index.php?rest_route=%2Fwp%2Fv2%2Fcomments&post=56125"}],"version-history":[{"count":1,"href":"https:\/\/lospoliticosveracruz.com\/index.php?rest_route=\/wp\/v2\/posts\/56125\/revisions"}],"predecessor-version":[{"id":56127,"href":"https:\/\/lospoliticosveracruz.com\/index.php?rest_route=\/wp\/v2\/posts\/56125\/revisions\/56127"}],"wp:attachment":[{"href":"https:\/\/lospoliticosveracruz.com\/index.php?rest_route=%2Fwp%2Fv2%2Fmedia&parent=56125"}],"wp:term":[{"taxonomy":"category","embeddable":true,"href":"https:\/\/lospoliticosveracruz.com\/index.php?rest_route=%2Fwp%2Fv2%2Fcategories&post=56125"},{"taxonomy":"post_tag","embeddable":true,"href":"https:\/\/lospoliticosveracruz.com\/index.php?rest_route=%2Fwp%2Fv2%2Ftags&post=56125"}],"curies":[{"name":"wp","href":"https:\/\/api.w.org\/{rel}","templated":true}]}}