{"id":56202,"date":"2020-06-15T19:03:11","date_gmt":"2020-06-16T00:03:11","guid":{"rendered":"http:\/\/www.lospoliticosveracruz.com.mx\/?p=56202"},"modified":"2020-06-15T19:03:11","modified_gmt":"2020-06-16T00:03:11","slug":"ivai-reactiva-plazos-para-las-solicitudes-por-covid-19","status":"publish","type":"post","link":"https:\/\/lospoliticosveracruz.com\/?p=56202","title":{"rendered":"IVAI reactiva plazos para las solicitudes por Covid-19"},"content":{"rendered":"<h4>Aprueban sesiones del Pleno virtuales<\/h4>\n<h4>Ampl\u00edan suspensi\u00f3n de t\u00e9rminos para otros procedimientos del Instituto<\/h4>\n<h4>Recomienda a sujetos obligados crear micrositios para difundir informaci\u00f3n proactiva<\/h4>\n<h4><\/h4>\n<p>El Pleno del Instituto Veracruzano de Acceso a la Informaci\u00f3n y Protecci\u00f3n de Datos Personales (IVAI) aprob\u00f3 la ampliaci\u00f3n del plazo de los procedimientos al 30 de junio, con excepci\u00f3n de las solicitudes de informaci\u00f3n relacionadas con la pandemia por COVID-19, adem\u00e1s que se realizar\u00e1n sesiones de manera virtual y un exhorto a los sujetos obligados para crear micrositios con el tema de la emergencia sanitaria.<\/p>\n<p>En sesi\u00f3n del \u00d3rgano de Gobierno del IVAI se aprob\u00f3 por unanimidad el acuerdo ODG\/SE-39\/15\/06\/2020, para recomendar a los sujetos obligados que generen y difundan informaci\u00f3n p\u00fablica derivada de sus funciones relacionadas con el tema de la emergencia sanitaria, atenci\u00f3n a mujeres en situaci\u00f3n de violencia familiar, as\u00ed como a los grupos vulnerable, a trav\u00e9s de micrositios y redes sociales oficiales.<\/p>\n<p>Adem\u00e1s, se exhort\u00f3 a los sujetos obligados para tengan un manejo adecuado de los datos personales y generen los avisos de privacidad necesarios, principalmente en materia de salud p\u00fablica adem\u00e1s de recomendarles que tomen las medidas necesarias, para la publicaci\u00f3n y actualizaci\u00f3n de la informaci\u00f3n derivada de las Obligaciones de Transparencia.<\/p>\n<p>En el caso de la reactivaci\u00f3n de los plazos para la atenci\u00f3n de las solicitudes de acceso a la informaci\u00f3n, quienes integran el Pleno hicieron hincapi\u00e9 en destacar que se deben dar tr\u00e1mite sin que implique situaciones de riesgo para el personal que colabora en los sujetos obligados y atendiendo las recomendaciones emitidas por el Consejo de Salubridad.<\/p>\n<p><strong>Aprueban sesiones virtuales<\/strong><\/p>\n<p>Ante la urgencia y necesidad derivada de la pandemia por COVID-19, las comisionadas y el comisionado del IVAI aprobaron la realizaci\u00f3n de las sesiones del Pleno mismas que se realizar\u00e1n de manera presencial y a distancia, por medios electr\u00f3nicos<\/p>\n<p>As\u00ed se acord\u00f3 que la convocatoria ser\u00e1 difundida a trav\u00e9s del portal institucional y las redes sociales oficiales, adem\u00e1s de que deber\u00e1n publicarse los acuerdos adoptados y las votaciones emitidas por el pleno en la p\u00e1gina del IVAI.<\/p>\n<p>El Instituto Veracruzano de Acceso a la Informaci\u00f3n y Protecci\u00f3n de Datos Personales contin\u00faa con cursos y talleres virtuales dirigidos a servidores p\u00fablicos y ciudadan\u00eda en general, asesor\u00edas a distancia, as\u00ed como con la proyecci\u00f3n de resoluciones de Recursos de Revisi\u00f3n, denuncias en materia de Datos personales y obligaciones de transparencia.<\/p>\n","protected":false},"excerpt":{"rendered":"<p>Aprueban sesiones del Pleno virtuales Ampl\u00edan suspensi\u00f3n de t\u00e9rminos para otros procedimientos del Instituto Recomienda a sujetos obligados crear micrositios para difundir informaci\u00f3n proactiva El Pleno del Instituto Veracruzano de Acceso a la Informaci\u00f3n y Protecci\u00f3n de Datos Personales (IVAI) aprob\u00f3 la ampliaci\u00f3n del plazo de los procedimientos al 30 de junio, con excepci\u00f3n de [&hellip;]<\/p>\n","protected":false},"author":2,"featured_media":0,"comment_status":"open","ping_status":"open","sticky":false,"template":"","format":"standard","meta":{"tdm_status":"","tdm_grid_status":"","footnotes":""},"categories":[73],"tags":[6536,16673,18608,18607,985,18609],"class_list":{"0":"post-56202","1":"post","2":"type-post","3":"status-publish","4":"format-standard","6":"category-de-boleto","7":"tag-consejo-de-salubridad","8":"tag-covid-19","9":"tag-datos-personales","10":"tag-informacion-publica","11":"tag-ivai","12":"tag-sesiones-virtuales"},"yoast_head":"<!-- This site is optimized with the Yoast SEO plugin v27.4 - https:\/\/yoast.com\/product\/yoast-seo-wordpress\/ -->\n<title>IVAI reactiva plazos para las solicitudes por Covid-19 - Los pol\u00edticos Veracruz<\/title>\n<meta name=\"robots\" content=\"index, follow, max-snippet:-1, max-image-preview:large, max-video-preview:-1\" \/>\n<link rel=\"canonical\" href=\"https:\/\/lospoliticosveracruz.com\/?p=56202\" \/>\n<meta property=\"og:locale\" content=\"es_ES\" \/>\n<meta property=\"og:type\" content=\"article\" \/>\n<meta property=\"og:title\" content=\"IVAI reactiva plazos para las solicitudes por Covid-19 - Los pol\u00edticos Veracruz\" \/>\n<meta property=\"og:description\" content=\"Aprueban sesiones del Pleno virtuales Ampl\u00edan suspensi\u00f3n de t\u00e9rminos para otros procedimientos del Instituto Recomienda a sujetos obligados crear micrositios para difundir informaci\u00f3n proactiva El Pleno del Instituto Veracruzano de Acceso a la Informaci\u00f3n y Protecci\u00f3n de Datos Personales (IVAI) aprob\u00f3 la ampliaci\u00f3n del plazo de los procedimientos al 30 de junio, con excepci\u00f3n de [&hellip;]\" \/>\n<meta property=\"og:url\" content=\"https:\/\/lospoliticosveracruz.com\/?p=56202\" \/>\n<meta property=\"og:site_name\" content=\"Los pol\u00edticos Veracruz\" \/>\n<meta property=\"article:publisher\" content=\"https:\/\/www.facebook.com\/people\/Notimemes-de-los-Polticos\/61565672886568\/\" \/>\n<meta property=\"article:published_time\" content=\"2020-06-16T00:03:11+00:00\" \/>\n<meta property=\"og:image\" content=\"https:\/\/lospoliticosveracruz.com\/wp-content\/uploads\/2016\/07\/Logo-Dor.jpg\" \/>\n\t<meta property=\"og:image:width\" content=\"200\" \/>\n\t<meta property=\"og:image:height\" content=\"200\" \/>\n\t<meta property=\"og:image:type\" content=\"image\/jpeg\" \/>\n<meta name=\"author\" content=\"Lo viste en Los Pol\u00edticos\" \/>\n<meta name=\"twitter:card\" content=\"summary_large_image\" \/>\n<meta name=\"twitter:creator\" content=\"@LosPoliticosVer\" \/>\n<meta name=\"twitter:site\" content=\"@LosPoliticosVer\" \/>\n<meta name=\"twitter:label1\" content=\"Escrito por\" \/>\n\t<meta name=\"twitter:data1\" content=\"Lo viste en Los Pol\u00edticos\" \/>\n\t<meta name=\"twitter:label2\" content=\"Tiempo de lectura\" \/>\n\t<meta name=\"twitter:data2\" content=\"2 minutos\" \/>\n<script type=\"application\/ld+json\" class=\"yoast-schema-graph\">{\"@context\":\"https:\\\/\\\/schema.org\",\"@graph\":[{\"@type\":\"Article\",\"@id\":\"https:\\\/\\\/lospoliticosveracruz.com\\\/?p=56202#article\",\"isPartOf\":{\"@id\":\"https:\\\/\\\/lospoliticosveracruz.com\\\/?p=56202\"},\"author\":{\"name\":\"Lo viste en Los Pol\u00edticos\",\"@id\":\"https:\\\/\\\/lospoliticosveracruz.com\\\/#\\\/schema\\\/person\\\/b8702bb0e538456e6efd07080bf2a4a2\"},\"headline\":\"IVAI reactiva plazos para las solicitudes por Covid-19\",\"datePublished\":\"2020-06-16T00:03:11+00:00\",\"mainEntityOfPage\":{\"@id\":\"https:\\\/\\\/lospoliticosveracruz.com\\\/?p=56202\"},\"wordCount\":441,\"commentCount\":0,\"publisher\":{\"@id\":\"https:\\\/\\\/lospoliticosveracruz.com\\\/#organization\"},\"keywords\":[\"Consejo de Salubridad\",\"Covid 19\",\"datos personales\",\"informaci\u00f3n p\u00fablica\",\"IVAI\",\"sesiones virtuales\"],\"articleSection\":[\"De Boleto\"],\"inLanguage\":\"es\",\"potentialAction\":[{\"@type\":\"CommentAction\",\"name\":\"Comment\",\"target\":[\"https:\\\/\\\/lospoliticosveracruz.com\\\/?p=56202#respond\"]}]},{\"@type\":\"WebPage\",\"@id\":\"https:\\\/\\\/lospoliticosveracruz.com\\\/?p=56202\",\"url\":\"https:\\\/\\\/lospoliticosveracruz.com\\\/?p=56202\",\"name\":\"IVAI reactiva plazos para las solicitudes por Covid-19 - Los pol\u00edticos Veracruz\",\"isPartOf\":{\"@id\":\"https:\\\/\\\/lospoliticosveracruz.com\\\/#website\"},\"datePublished\":\"2020-06-16T00:03:11+00:00\",\"breadcrumb\":{\"@id\":\"https:\\\/\\\/lospoliticosveracruz.com\\\/?p=56202#breadcrumb\"},\"inLanguage\":\"es\",\"potentialAction\":[{\"@type\":\"ReadAction\",\"target\":[\"https:\\\/\\\/lospoliticosveracruz.com\\\/?p=56202\"]}]},{\"@type\":\"BreadcrumbList\",\"@id\":\"https:\\\/\\\/lospoliticosveracruz.com\\\/?p=56202#breadcrumb\",\"itemListElement\":[{\"@type\":\"ListItem\",\"position\":1,\"name\":\"Portada\",\"item\":\"https:\\\/\\\/lospoliticosveracruz.com\\\/\"},{\"@type\":\"ListItem\",\"position\":2,\"name\":\"IVAI reactiva plazos para las solicitudes por Covid-19\"}]},{\"@type\":\"WebSite\",\"@id\":\"https:\\\/\\\/lospoliticosveracruz.com\\\/#website\",\"url\":\"https:\\\/\\\/lospoliticosveracruz.com\\\/\",\"name\":\"Los pol\u00edticos Veracruz\",\"description\":\"\",\"publisher\":{\"@id\":\"https:\\\/\\\/lospoliticosveracruz.com\\\/#organization\"},\"potentialAction\":[{\"@type\":\"SearchAction\",\"target\":{\"@type\":\"EntryPoint\",\"urlTemplate\":\"https:\\\/\\\/lospoliticosveracruz.com\\\/?s={search_term_string}\"},\"query-input\":{\"@type\":\"PropertyValueSpecification\",\"valueRequired\":true,\"valueName\":\"search_term_string\"}}],\"inLanguage\":\"es\"},{\"@type\":\"Organization\",\"@id\":\"https:\\\/\\\/lospoliticosveracruz.com\\\/#organization\",\"name\":\"Los pol\u00edticos Veracruz\",\"url\":\"https:\\\/\\\/lospoliticosveracruz.com\\\/\",\"logo\":{\"@type\":\"ImageObject\",\"inLanguage\":\"es\",\"@id\":\"https:\\\/\\\/lospoliticosveracruz.com\\\/#\\\/schema\\\/logo\\\/image\\\/\",\"url\":\"https:\\\/\\\/lospoliticosveracruz.com\\\/wp-content\\\/uploads\\\/2025\\\/12\\\/Logo-Nuevo-LOS-POLITICOS-1.jpg\",\"contentUrl\":\"https:\\\/\\\/lospoliticosveracruz.com\\\/wp-content\\\/uploads\\\/2025\\\/12\\\/Logo-Nuevo-LOS-POLITICOS-1.jpg\",\"width\":260,\"height\":70,\"caption\":\"Los pol\u00edticos Veracruz\"},\"image\":{\"@id\":\"https:\\\/\\\/lospoliticosveracruz.com\\\/#\\\/schema\\\/logo\\\/image\\\/\"},\"sameAs\":[\"https:\\\/\\\/www.facebook.com\\\/people\\\/Notimemes-de-los-Polticos\\\/61565672886568\\\/\",\"https:\\\/\\\/x.com\\\/LosPoliticosVer\"]},{\"@type\":\"Person\",\"@id\":\"https:\\\/\\\/lospoliticosveracruz.com\\\/#\\\/schema\\\/person\\\/b8702bb0e538456e6efd07080bf2a4a2\",\"name\":\"Lo viste en Los Pol\u00edticos\",\"image\":{\"@type\":\"ImageObject\",\"inLanguage\":\"es\",\"@id\":\"https:\\\/\\\/secure.gravatar.com\\\/avatar\\\/3a8de04a2656d44082be478bd6c086daa447c4651605818287b9532d3d0bd435?s=96&d=mm&r=g\",\"url\":\"https:\\\/\\\/secure.gravatar.com\\\/avatar\\\/3a8de04a2656d44082be478bd6c086daa447c4651605818287b9532d3d0bd435?s=96&d=mm&r=g\",\"contentUrl\":\"https:\\\/\\\/secure.gravatar.com\\\/avatar\\\/3a8de04a2656d44082be478bd6c086daa447c4651605818287b9532d3d0bd435?s=96&d=mm&r=g\",\"caption\":\"Lo viste en Los Pol\u00edticos\"},\"url\":\"https:\\\/\\\/lospoliticosveracruz.com\\\/?author=2\"}]}<\/script>\n<!-- \/ Yoast SEO plugin. -->","yoast_head_json":{"title":"IVAI reactiva plazos para las solicitudes por Covid-19 - Los pol\u00edticos Veracruz","robots":{"index":"index","follow":"follow","max-snippet":"max-snippet:-1","max-image-preview":"max-image-preview:large","max-video-preview":"max-video-preview:-1"},"canonical":"https:\/\/lospoliticosveracruz.com\/?p=56202","og_locale":"es_ES","og_type":"article","og_title":"IVAI reactiva plazos para las solicitudes por Covid-19 - Los pol\u00edticos Veracruz","og_description":"Aprueban sesiones del Pleno virtuales Ampl\u00edan suspensi\u00f3n de t\u00e9rminos para otros procedimientos del Instituto Recomienda a sujetos obligados crear micrositios para difundir informaci\u00f3n proactiva El Pleno del Instituto Veracruzano de Acceso a la Informaci\u00f3n y Protecci\u00f3n de Datos Personales (IVAI) aprob\u00f3 la ampliaci\u00f3n del plazo de los procedimientos al 30 de junio, con excepci\u00f3n de [&hellip;]","og_url":"https:\/\/lospoliticosveracruz.com\/?p=56202","og_site_name":"Los pol\u00edticos Veracruz","article_publisher":"https:\/\/www.facebook.com\/people\/Notimemes-de-los-Polticos\/61565672886568\/","article_published_time":"2020-06-16T00:03:11+00:00","og_image":[{"width":200,"height":200,"url":"https:\/\/lospoliticosveracruz.com\/wp-content\/uploads\/2016\/07\/Logo-Dor.jpg","type":"image\/jpeg"}],"author":"Lo viste en Los Pol\u00edticos","twitter_card":"summary_large_image","twitter_creator":"@LosPoliticosVer","twitter_site":"@LosPoliticosVer","twitter_misc":{"Escrito por":"Lo viste en Los Pol\u00edticos","Tiempo de lectura":"2 minutos"},"schema":{"@context":"https:\/\/schema.org","@graph":[{"@type":"Article","@id":"https:\/\/lospoliticosveracruz.com\/?p=56202#article","isPartOf":{"@id":"https:\/\/lospoliticosveracruz.com\/?p=56202"},"author":{"name":"Lo viste en Los Pol\u00edticos","@id":"https:\/\/lospoliticosveracruz.com\/#\/schema\/person\/b8702bb0e538456e6efd07080bf2a4a2"},"headline":"IVAI reactiva plazos para las solicitudes por Covid-19","datePublished":"2020-06-16T00:03:11+00:00","mainEntityOfPage":{"@id":"https:\/\/lospoliticosveracruz.com\/?p=56202"},"wordCount":441,"commentCount":0,"publisher":{"@id":"https:\/\/lospoliticosveracruz.com\/#organization"},"keywords":["Consejo de Salubridad","Covid 19","datos personales","informaci\u00f3n p\u00fablica","IVAI","sesiones virtuales"],"articleSection":["De Boleto"],"inLanguage":"es","potentialAction":[{"@type":"CommentAction","name":"Comment","target":["https:\/\/lospoliticosveracruz.com\/?p=56202#respond"]}]},{"@type":"WebPage","@id":"https:\/\/lospoliticosveracruz.com\/?p=56202","url":"https:\/\/lospoliticosveracruz.com\/?p=56202","name":"IVAI reactiva plazos para las solicitudes por Covid-19 - Los pol\u00edticos Veracruz","isPartOf":{"@id":"https:\/\/lospoliticosveracruz.com\/#website"},"datePublished":"2020-06-16T00:03:11+00:00","breadcrumb":{"@id":"https:\/\/lospoliticosveracruz.com\/?p=56202#breadcrumb"},"inLanguage":"es","potentialAction":[{"@type":"ReadAction","target":["https:\/\/lospoliticosveracruz.com\/?p=56202"]}]},{"@type":"BreadcrumbList","@id":"https:\/\/lospoliticosveracruz.com\/?p=56202#breadcrumb","itemListElement":[{"@type":"ListItem","position":1,"name":"Portada","item":"https:\/\/lospoliticosveracruz.com\/"},{"@type":"ListItem","position":2,"name":"IVAI reactiva plazos para las solicitudes por Covid-19"}]},{"@type":"WebSite","@id":"https:\/\/lospoliticosveracruz.com\/#website","url":"https:\/\/lospoliticosveracruz.com\/","name":"Los pol\u00edticos Veracruz","description":"","publisher":{"@id":"https:\/\/lospoliticosveracruz.com\/#organization"},"potentialAction":[{"@type":"SearchAction","target":{"@type":"EntryPoint","urlTemplate":"https:\/\/lospoliticosveracruz.com\/?s={search_term_string}"},"query-input":{"@type":"PropertyValueSpecification","valueRequired":true,"valueName":"search_term_string"}}],"inLanguage":"es"},{"@type":"Organization","@id":"https:\/\/lospoliticosveracruz.com\/#organization","name":"Los pol\u00edticos Veracruz","url":"https:\/\/lospoliticosveracruz.com\/","logo":{"@type":"ImageObject","inLanguage":"es","@id":"https:\/\/lospoliticosveracruz.com\/#\/schema\/logo\/image\/","url":"https:\/\/lospoliticosveracruz.com\/wp-content\/uploads\/2025\/12\/Logo-Nuevo-LOS-POLITICOS-1.jpg","contentUrl":"https:\/\/lospoliticosveracruz.com\/wp-content\/uploads\/2025\/12\/Logo-Nuevo-LOS-POLITICOS-1.jpg","width":260,"height":70,"caption":"Los pol\u00edticos Veracruz"},"image":{"@id":"https:\/\/lospoliticosveracruz.com\/#\/schema\/logo\/image\/"},"sameAs":["https:\/\/www.facebook.com\/people\/Notimemes-de-los-Polticos\/61565672886568\/","https:\/\/x.com\/LosPoliticosVer"]},{"@type":"Person","@id":"https:\/\/lospoliticosveracruz.com\/#\/schema\/person\/b8702bb0e538456e6efd07080bf2a4a2","name":"Lo viste en Los Pol\u00edticos","image":{"@type":"ImageObject","inLanguage":"es","@id":"https:\/\/secure.gravatar.com\/avatar\/3a8de04a2656d44082be478bd6c086daa447c4651605818287b9532d3d0bd435?s=96&d=mm&r=g","url":"https:\/\/secure.gravatar.com\/avatar\/3a8de04a2656d44082be478bd6c086daa447c4651605818287b9532d3d0bd435?s=96&d=mm&r=g","contentUrl":"https:\/\/secure.gravatar.com\/avatar\/3a8de04a2656d44082be478bd6c086daa447c4651605818287b9532d3d0bd435?s=96&d=mm&r=g","caption":"Lo viste en Los Pol\u00edticos"},"url":"https:\/\/lospoliticosveracruz.com\/?author=2"}]}},"_links":{"self":[{"href":"https:\/\/lospoliticosveracruz.com\/index.php?rest_route=\/wp\/v2\/posts\/56202","targetHints":{"allow":["GET"]}}],"collection":[{"href":"https:\/\/lospoliticosveracruz.com\/index.php?rest_route=\/wp\/v2\/posts"}],"about":[{"href":"https:\/\/lospoliticosveracruz.com\/index.php?rest_route=\/wp\/v2\/types\/post"}],"author":[{"embeddable":true,"href":"https:\/\/lospoliticosveracruz.com\/index.php?rest_route=\/wp\/v2\/users\/2"}],"replies":[{"embeddable":true,"href":"https:\/\/lospoliticosveracruz.com\/index.php?rest_route=%2Fwp%2Fv2%2Fcomments&post=56202"}],"version-history":[{"count":1,"href":"https:\/\/lospoliticosveracruz.com\/index.php?rest_route=\/wp\/v2\/posts\/56202\/revisions"}],"predecessor-version":[{"id":56203,"href":"https:\/\/lospoliticosveracruz.com\/index.php?rest_route=\/wp\/v2\/posts\/56202\/revisions\/56203"}],"wp:attachment":[{"href":"https:\/\/lospoliticosveracruz.com\/index.php?rest_route=%2Fwp%2Fv2%2Fmedia&parent=56202"}],"wp:term":[{"taxonomy":"category","embeddable":true,"href":"https:\/\/lospoliticosveracruz.com\/index.php?rest_route=%2Fwp%2Fv2%2Fcategories&post=56202"},{"taxonomy":"post_tag","embeddable":true,"href":"https:\/\/lospoliticosveracruz.com\/index.php?rest_route=%2Fwp%2Fv2%2Ftags&post=56202"}],"curies":[{"name":"wp","href":"https:\/\/api.w.org\/{rel}","templated":true}]}}