{"id":56207,"date":"2020-06-16T08:03:14","date_gmt":"2020-06-16T13:03:14","guid":{"rendered":"http:\/\/www.lospoliticosveracruz.com.mx\/?p=56207"},"modified":"2020-06-16T08:03:14","modified_gmt":"2020-06-16T13:03:14","slug":"los-manolin-y-shilinsky-de-la-4t","status":"publish","type":"post","link":"https:\/\/lospoliticosveracruz.com\/?p=56207","title":{"rendered":"Los Manol\u00edn y Shilinsky de la 4T"},"content":{"rendered":"<p><strong>Ricardo Ch\u00faa<\/strong><\/p>\n<p><em>Sale y Vale<\/em><\/p>\n<p>AMLO, EL DESAIRE A CUITL\u00c1HUAC&#8230; Vaya forma de EXHIBIR a Cuitl\u00e1huac Garc\u00eda, por parte de Andr\u00e9s Manuel L\u00f3pez Obrador, ayer en su gira Presidencial por Veracruz&#8230; Todo iba bien en su \u00abma\u00f1anera\u00bb, cuando le dan el micr\u00f3fono al veracruzano y \u00e9ste en su af\u00e1n de \u00abRESPALDAR\u00bb al tabasque\u00f1o, acusando a gobernadores del PAN, de \u00abSEPARATISTAS Y GOLPISTAS\u00bb porque no est\u00e1n de acuerdo con su estrategia de apertura por la pandemia del Coronavirus&#8230; El Presidente, no le qued\u00f3 de otra, que DESMENTIRLO&#8230; QUE VERG\u00dcENZA&#8230;<\/p>\n<p>S\u00f3lo hubo que observar en v\u00eddeo, el rostro de L\u00f3pez Obrador cuando escucho decir a Cuitl\u00e1huac, tal barbaridad&#8230; Asombro, enojo y angustia, ser\u00eda la definici\u00f3n&#8230; QUE BARBARO&#8230; El gobernador de Veracruz, se transform\u00f3 en un \u00abJuan Vargas\u00bb de la pel\u00edcula \u00abLa Ley de Herodes\u00bb, al no recordar que cada Estado del pa\u00eds, es libre y soberano para decidir por el bienestar de su comunidad como lo dice la Constituci\u00f3n Mexicana&#8230; Pero si Cuitl\u00e1huac mand\u00f3 a quitar la REVOCACI\u00d3N DE MANDATO y no le dijo al Presidente&#8230; Qu\u00e9 se puede esperar&#8230;<\/p>\n<p>No se sabe si el Presidente despu\u00e9s le llam\u00f3 la atenci\u00f3n o \u00abpec\u00f3\u00bb de omisi\u00f3n&#8230; Pero cuando le toc\u00f3 su turno&#8230; L\u00f3pez Obrador, no tuvo m\u00e1s remedio, que DESCALIFICAR al gobernador, al decir que los gobernadores son \u00abpolitiqueros, grilleros, no golpistas, ni separatistas\u00bb&#8230; All\u00ed le dio un \u00abzape\u00bb a Cuitl\u00e1huac&#8230; Y, este call\u00f3&#8230; Qu\u00e9 pod\u00eda decir o hacer.. Lo dej\u00f3 como un NE\u00d3FITO de la pol\u00edtica, con un \u00abQu\u00e9 me disculpe el gobernador (Cuitl\u00e1huac) pero est\u00e1 mal\u00bb&#8230; Lo dem\u00e1s es historia&#8230; De nuevo, el xalape\u00f1o la volvi\u00f3 a \u00abregar\u00bb&#8230; Esta vez a nivel nacional&#8230;<\/p>\n<p>Es EVIDENTE que el \u00abLocalismo empobrecedor\u00bb del gobernador de Veracruz hace que no vea m\u00e1s all\u00e1 de Pueblo Viejo o de Las Choapas&#8230; No se ha dado cuenta, que pese a los conflictos que tiene el Presidente con mandatarios panistas&#8230; El di\u00e1logo no est\u00e1 roto&#8230; Hay poca comunicaci\u00f3n, pero hay contacto&#8230;. Y con esos se\u00f1alamientos, conociendo a Cuitl\u00e1huac que hace lo que dice AMLO, los gobernadores pensaran que es un \u00abMENSAJE\u00bb del Presidente, no un decir del Gobernador&#8230;<\/p>\n<p>Adem\u00e1s el Presidente est\u00e1 consciente&#8230; Que una disputa en \u00ababierto\u00bb con los gobernadores, le puede afectar m\u00e1s a \u00e9l y a su proyecto de la 4T, que a los panistas, que no tienen nada que perder pol\u00edticamente&#8230; Obrador hace c\u00e1lculos y sabe que son casi la mitad de mandatarios que lo enfrentan&#8230; Hay unos 8 m\u00e1s indefinidos y \u00e9l s\u00f3lo tiene 6&#8230; Si esos 8 jalan con los opositores&#8230; Tendr\u00eda una CONAGO adversa, fuerte y \u00abenvalentonada\u00bb&#8230; Por eso se \u00abech\u00f3 pa atr\u00e1s\u00bb&#8230; Lo que el Tabasque\u00f1o teje&#8230; El veracruzano lo desteje con sus discursos&#8230;<\/p>\n<p>Lo grave del asunto&#8230; Es que la sociedad civil, a trav\u00e9s de las redes sociales.. Est\u00e1 tomando esto como \u00abmofa\u00bb y de todo se burlan del gobernador&#8230; Ya no respetan y menos le tienen temor a su investidura&#8230; Lo comparan como una especie de pel\u00edculas de c\u00f3micos del cine mexicano de los a\u00f1os 40\u00b4s: \u00abManol\u00edn y Shilinsky\u00bb&#8230; En estas historias, siempre que la \u00abregaba\u00bb Manolin&#8230; Shilinsky lo rega\u00f1aba y correg\u00eda&#8230; Y al final, Manol\u00edn remataba con una frase maravillosa: \u00abFIJATE QUE SUAVE\u00bb&#8230; Cualquier parecido con la realidad&#8230; BENDITAS REDES&#8230;<\/p>\n<p>Para el colmo de males&#8230; Cuitl\u00e1huac Garc\u00eda no es un Gobernador de MORENA, digamos, m\u00e1s indicado para defender al Presidente de su disputa con gobernadores panistas, por la apertura a la \u00abnueva modalidad\u00bb por contingencia sanitaria&#8230; Ya que Veracruz, es uno de los Estados, que ocupa de los primeros 4 lugares en M\u00e9xico, en n\u00famero de enfermos, contagiados y fallecidos por COVID-19&#8230; \u00bfCon qu\u00e9 argumento te subes al ring?&#8230; Si has fallado en el combate al Coronavirus, como hace un a\u00f1o, fallaste con el DENGUE.. DIF\u00cdCIL SU CASO&#8230;<\/p>\n<p>Se pone atacar a hom\u00f3logos panistas cuando en sus Estados, han logrado medio controlar la Pandemia y los efectos a su poblaci\u00f3n&#8230; Ninguna de esas entidades, est\u00e1n CUNDIDOS de enfermos y muertos como Veracruz.. Y la curva para Cuitl\u00e1huac no desciende&#8230; Quiz\u00e1s ha sido su PEOR ERROR POL\u00cdTICO con los gobernadores&#8230; Adem\u00e1s el veracruzano NO TIENE NIVEL para enfrentarse con otros mandatarios de amplia TRAYECTORIA pol\u00edtica como Javier Corral, de Chihuahua o Mauricio Vila, de Yucat\u00e1n&#8230; Que han resultado ser m\u00e1s eficaces&#8230;<\/p>\n<p>De esa \u00abma\u00f1anera\u00bb, Cuitl\u00e1huac sali\u00f3 mal parado&#8230; Obrador no pudo o no quiso protegerlo m\u00e1s&#8230; Lo \u00abbarri\u00f3\u00bb y lo expuso en p\u00fablico, sin \u00abredes de protecci\u00f3n\u00bb para \u00abcaer blandito\u00bb y su figura p\u00fablica siguiera desgastandose&#8230; Garc\u00eda Jim\u00e9nez se pas\u00f3 de \u00abgrillo\u00bb y \u00abqueda bien\u00bb con AMLO, repitiendo lo que dice&#8230; Al final de cuentas, Veracruz sigue como uno de los primeros en violencia, crisis econ\u00f3mica y social&#8230; Por eso, al evaluarlo, lo colocan en los \u00faltimos sitios, como uno de los peores gobernadores del pa\u00eds&#8230;SU SUERTE EST\u00c1 ECHADA.. AMEN&#8230;<\/p>\n<p>EL GRAN \u00abOPERADOR\u00bb&#8230; Si MORENA en este momento vive las de \u00abCa\u00edn\u00bb&#8230; Por no tener, siquiera una dirigencia estatal establecida y los grupos al interior est\u00e1n inmersos en una \u00abcarnicer\u00eda\u00bb&#8230; Desde el interior del gobierno estatal, tampoco est\u00e1n ayudando mucho.. Es m\u00e1s, lo est\u00e1n dividiendo.. Tal como sucede en la Secretar\u00eda de Educaci\u00f3n de Veracruz, que tiene a cargo, Zenyazen Escobar&#8230; Al cual, su subsecretario, Jorge Miguel Uscanga Villalba, \u00abEl Joven Maravilla\u00bb, como lo conocen, dice que le est\u00e1 \u00abcomiendo\u00bb el mandado al \u00abPreferiti\u00bb.. UFFF..<\/p>\n<p>Ya que Uscanga Villalba, dicen, prepara una \u00abestructura alterna\u00bb para 2021.. Con su personal, a quienes caracteriza la soberbia.. Ya que en la SEV se\u00f1alan que ser\u00e1n \u201coperadores\u201d electorales de los Morenos&#8230; Lo malo es la agresi\u00f3n a distintos grupos de militantes de MORENA, que con ese pretexto, dan dando de baja para poner a los suyos en la n\u00f3mina.. Les dicen que los tiempos de pagar \u00abfacturas\u00bb se acabaron y que ahora deben de tomar el control de las posiciones para operar&#8230; A que \u00abChiquita\u00bb Junior&#8230;<\/p>\n<p>El problema es que esa militancia de MORENA&#8230; No conoce la \u00abdisciplina\u00bb pol\u00edtica y amenazan con denunciar p\u00fablicamente un PRESUNTO FRAUDE, que cometi\u00f3 a su llegada a la SEV&#8230; A trav\u00e9s de la Direcci\u00f3n de Educaci\u00f3n Tecnol\u00f3gica (DET), que tiene a los 21 tecnol\u00f3gicos y universidades polit\u00e9cnicas del Estado.. Donde la administrativo, Mar\u00eda Luisa Siliceo Rodr\u00edguez, su tambi\u00e9n \u201coperadora\u201d personal, logr\u00f3 OBTENER m\u00e1s de 10 millones de pesos a trav\u00e9s de una modalidad de titulaci\u00f3n de alumnos de tecnol\u00f3gicos&#8230; Los Morenos quieren \u00absangre\u00bb&#8230;<br \/>\n.<br \/>\nHay que recordar que Uscanga Villalba, permiti\u00f3 que Siliceo, representante legal de la asociaci\u00f3n civil: \u201cConsultores Asociados en Ingenier\u00eda Avanzada CASIA A.C.\u201d, que por 8 a\u00f1os realiz\u00f3 certificaciones, no permitidas como opci\u00f3n de titulaci\u00f3n en Tecnol\u00f3gicos para egresados&#8230; Pero en esta administraci\u00f3n, certific\u00f3 a alumnos de institutos como Xalapa y Perote, cobrando PRESUNTAMENTE 5 mil pesos a cada uno&#8230; Qu\u00e9 esc\u00e1ndalo.. Otra vez, en la SEV del \u00abTarzan Boy\u00bb&#8230; Y pensar que ahora fue una \u00abChiquita\u00bb, lo que lo \u00abEMBARC\u00d3\u00bb.. Ja Ja ja&#8230;<\/p>\n","protected":false},"excerpt":{"rendered":"<p>Ricardo Ch\u00faa Sale y Vale AMLO, EL DESAIRE A CUITL\u00c1HUAC&#8230; Vaya forma de EXHIBIR a Cuitl\u00e1huac Garc\u00eda, por parte de Andr\u00e9s Manuel L\u00f3pez Obrador, ayer en su gira Presidencial por Veracruz&#8230; Todo iba bien en su \u00abma\u00f1anera\u00bb, cuando le dan el micr\u00f3fono al veracruzano y \u00e9ste en su af\u00e1n de \u00abRESPALDAR\u00bb al tabasque\u00f1o, acusando a [&hellip;]<\/p>\n","protected":false},"author":2,"featured_media":0,"comment_status":"open","ping_status":"open","sticky":false,"template":"","format":"standard","meta":{"tdm_status":"","tdm_grid_status":"","footnotes":""},"categories":[70],"tags":[16264,1563,18614,18615,1026,13604,18613,18616,195],"class_list":{"0":"post-56207","1":"post","2":"type-post","3":"status-publish","4":"format-standard","6":"category-de-opinion","7":"tag-coronavirus","8":"tag-cuitlahuac-garcia-jimenez","9":"tag-golpistas","10":"tag-manolin","11":"tag-morena","12":"tag-ricardo-chua","13":"tag-separatistas","14":"tag-shilinsky","15":"tag-veracruz"},"yoast_head":"<!-- This site is optimized with the Yoast SEO plugin v27.4 - https:\/\/yoast.com\/product\/yoast-seo-wordpress\/ -->\n<title>Los Manol\u00edn y Shilinsky de la 4T - Los pol\u00edticos Veracruz<\/title>\n<meta name=\"robots\" content=\"index, follow, max-snippet:-1, max-image-preview:large, max-video-preview:-1\" \/>\n<link rel=\"canonical\" href=\"https:\/\/lospoliticosveracruz.com\/?p=56207\" \/>\n<meta property=\"og:locale\" content=\"es_ES\" \/>\n<meta property=\"og:type\" content=\"article\" \/>\n<meta property=\"og:title\" content=\"Los Manol\u00edn y Shilinsky de la 4T - Los pol\u00edticos Veracruz\" \/>\n<meta property=\"og:description\" content=\"Ricardo Ch\u00faa Sale y Vale AMLO, EL DESAIRE A CUITL\u00c1HUAC&#8230; Vaya forma de EXHIBIR a Cuitl\u00e1huac Garc\u00eda, por parte de Andr\u00e9s Manuel L\u00f3pez Obrador, ayer en su gira Presidencial por Veracruz&#8230; Todo iba bien en su \u00abma\u00f1anera\u00bb, cuando le dan el micr\u00f3fono al veracruzano y \u00e9ste en su af\u00e1n de \u00abRESPALDAR\u00bb al tabasque\u00f1o, acusando a [&hellip;]\" \/>\n<meta property=\"og:url\" content=\"https:\/\/lospoliticosveracruz.com\/?p=56207\" \/>\n<meta property=\"og:site_name\" content=\"Los pol\u00edticos Veracruz\" \/>\n<meta property=\"article:publisher\" content=\"https:\/\/www.facebook.com\/people\/Notimemes-de-los-Polticos\/61565672886568\/\" \/>\n<meta property=\"article:published_time\" content=\"2020-06-16T13:03:14+00:00\" \/>\n<meta property=\"og:image\" content=\"https:\/\/lospoliticosveracruz.com\/wp-content\/uploads\/2016\/07\/Logo-Dor.jpg\" \/>\n\t<meta property=\"og:image:width\" content=\"200\" \/>\n\t<meta property=\"og:image:height\" content=\"200\" \/>\n\t<meta property=\"og:image:type\" content=\"image\/jpeg\" \/>\n<meta name=\"author\" content=\"Lo viste en Los Pol\u00edticos\" \/>\n<meta name=\"twitter:card\" content=\"summary_large_image\" \/>\n<meta name=\"twitter:creator\" content=\"@LosPoliticosVer\" \/>\n<meta name=\"twitter:site\" content=\"@LosPoliticosVer\" \/>\n<meta name=\"twitter:label1\" content=\"Escrito por\" \/>\n\t<meta name=\"twitter:data1\" content=\"Lo viste en Los Pol\u00edticos\" \/>\n\t<meta name=\"twitter:label2\" content=\"Tiempo de lectura\" \/>\n\t<meta name=\"twitter:data2\" content=\"6 minutos\" \/>\n<script type=\"application\/ld+json\" class=\"yoast-schema-graph\">{\"@context\":\"https:\\\/\\\/schema.org\",\"@graph\":[{\"@type\":\"Article\",\"@id\":\"https:\\\/\\\/lospoliticosveracruz.com\\\/?p=56207#article\",\"isPartOf\":{\"@id\":\"https:\\\/\\\/lospoliticosveracruz.com\\\/?p=56207\"},\"author\":{\"name\":\"Lo viste en Los Pol\u00edticos\",\"@id\":\"https:\\\/\\\/lospoliticosveracruz.com\\\/#\\\/schema\\\/person\\\/b8702bb0e538456e6efd07080bf2a4a2\"},\"headline\":\"Los Manol\u00edn y Shilinsky de la 4T\",\"datePublished\":\"2020-06-16T13:03:14+00:00\",\"mainEntityOfPage\":{\"@id\":\"https:\\\/\\\/lospoliticosveracruz.com\\\/?p=56207\"},\"wordCount\":1250,\"commentCount\":0,\"publisher\":{\"@id\":\"https:\\\/\\\/lospoliticosveracruz.com\\\/#organization\"},\"keywords\":[\"coronavirus\",\"Cuitl\u00e1huac Garc\u00eda Jim\u00e9nez\",\"Golpistas\",\"Manol\u00edn\",\"Morena\",\"Ricardo Ch\u00faa\",\"Separatistas\",\"Shilinsky\",\"Veracruz\"],\"articleSection\":[\"De Opini\u00f3n\"],\"inLanguage\":\"es\",\"potentialAction\":[{\"@type\":\"CommentAction\",\"name\":\"Comment\",\"target\":[\"https:\\\/\\\/lospoliticosveracruz.com\\\/?p=56207#respond\"]}]},{\"@type\":\"WebPage\",\"@id\":\"https:\\\/\\\/lospoliticosveracruz.com\\\/?p=56207\",\"url\":\"https:\\\/\\\/lospoliticosveracruz.com\\\/?p=56207\",\"name\":\"Los Manol\u00edn y Shilinsky de la 4T - Los pol\u00edticos Veracruz\",\"isPartOf\":{\"@id\":\"https:\\\/\\\/lospoliticosveracruz.com\\\/#website\"},\"datePublished\":\"2020-06-16T13:03:14+00:00\",\"breadcrumb\":{\"@id\":\"https:\\\/\\\/lospoliticosveracruz.com\\\/?p=56207#breadcrumb\"},\"inLanguage\":\"es\",\"potentialAction\":[{\"@type\":\"ReadAction\",\"target\":[\"https:\\\/\\\/lospoliticosveracruz.com\\\/?p=56207\"]}]},{\"@type\":\"BreadcrumbList\",\"@id\":\"https:\\\/\\\/lospoliticosveracruz.com\\\/?p=56207#breadcrumb\",\"itemListElement\":[{\"@type\":\"ListItem\",\"position\":1,\"name\":\"Portada\",\"item\":\"https:\\\/\\\/lospoliticosveracruz.com\\\/\"},{\"@type\":\"ListItem\",\"position\":2,\"name\":\"Los Manol\u00edn y Shilinsky de la 4T\"}]},{\"@type\":\"WebSite\",\"@id\":\"https:\\\/\\\/lospoliticosveracruz.com\\\/#website\",\"url\":\"https:\\\/\\\/lospoliticosveracruz.com\\\/\",\"name\":\"Los pol\u00edticos Veracruz\",\"description\":\"\",\"publisher\":{\"@id\":\"https:\\\/\\\/lospoliticosveracruz.com\\\/#organization\"},\"potentialAction\":[{\"@type\":\"SearchAction\",\"target\":{\"@type\":\"EntryPoint\",\"urlTemplate\":\"https:\\\/\\\/lospoliticosveracruz.com\\\/?s={search_term_string}\"},\"query-input\":{\"@type\":\"PropertyValueSpecification\",\"valueRequired\":true,\"valueName\":\"search_term_string\"}}],\"inLanguage\":\"es\"},{\"@type\":\"Organization\",\"@id\":\"https:\\\/\\\/lospoliticosveracruz.com\\\/#organization\",\"name\":\"Los pol\u00edticos Veracruz\",\"url\":\"https:\\\/\\\/lospoliticosveracruz.com\\\/\",\"logo\":{\"@type\":\"ImageObject\",\"inLanguage\":\"es\",\"@id\":\"https:\\\/\\\/lospoliticosveracruz.com\\\/#\\\/schema\\\/logo\\\/image\\\/\",\"url\":\"https:\\\/\\\/lospoliticosveracruz.com\\\/wp-content\\\/uploads\\\/2025\\\/12\\\/Logo-Nuevo-LOS-POLITICOS-1.jpg\",\"contentUrl\":\"https:\\\/\\\/lospoliticosveracruz.com\\\/wp-content\\\/uploads\\\/2025\\\/12\\\/Logo-Nuevo-LOS-POLITICOS-1.jpg\",\"width\":260,\"height\":70,\"caption\":\"Los pol\u00edticos Veracruz\"},\"image\":{\"@id\":\"https:\\\/\\\/lospoliticosveracruz.com\\\/#\\\/schema\\\/logo\\\/image\\\/\"},\"sameAs\":[\"https:\\\/\\\/www.facebook.com\\\/people\\\/Notimemes-de-los-Polticos\\\/61565672886568\\\/\",\"https:\\\/\\\/x.com\\\/LosPoliticosVer\"]},{\"@type\":\"Person\",\"@id\":\"https:\\\/\\\/lospoliticosveracruz.com\\\/#\\\/schema\\\/person\\\/b8702bb0e538456e6efd07080bf2a4a2\",\"name\":\"Lo viste en Los Pol\u00edticos\",\"image\":{\"@type\":\"ImageObject\",\"inLanguage\":\"es\",\"@id\":\"https:\\\/\\\/secure.gravatar.com\\\/avatar\\\/3a8de04a2656d44082be478bd6c086daa447c4651605818287b9532d3d0bd435?s=96&d=mm&r=g\",\"url\":\"https:\\\/\\\/secure.gravatar.com\\\/avatar\\\/3a8de04a2656d44082be478bd6c086daa447c4651605818287b9532d3d0bd435?s=96&d=mm&r=g\",\"contentUrl\":\"https:\\\/\\\/secure.gravatar.com\\\/avatar\\\/3a8de04a2656d44082be478bd6c086daa447c4651605818287b9532d3d0bd435?s=96&d=mm&r=g\",\"caption\":\"Lo viste en Los Pol\u00edticos\"},\"url\":\"https:\\\/\\\/lospoliticosveracruz.com\\\/?author=2\"}]}<\/script>\n<!-- \/ Yoast SEO plugin. -->","yoast_head_json":{"title":"Los Manol\u00edn y Shilinsky de la 4T - Los pol\u00edticos Veracruz","robots":{"index":"index","follow":"follow","max-snippet":"max-snippet:-1","max-image-preview":"max-image-preview:large","max-video-preview":"max-video-preview:-1"},"canonical":"https:\/\/lospoliticosveracruz.com\/?p=56207","og_locale":"es_ES","og_type":"article","og_title":"Los Manol\u00edn y Shilinsky de la 4T - Los pol\u00edticos Veracruz","og_description":"Ricardo Ch\u00faa Sale y Vale AMLO, EL DESAIRE A CUITL\u00c1HUAC&#8230; Vaya forma de EXHIBIR a Cuitl\u00e1huac Garc\u00eda, por parte de Andr\u00e9s Manuel L\u00f3pez Obrador, ayer en su gira Presidencial por Veracruz&#8230; Todo iba bien en su \u00abma\u00f1anera\u00bb, cuando le dan el micr\u00f3fono al veracruzano y \u00e9ste en su af\u00e1n de \u00abRESPALDAR\u00bb al tabasque\u00f1o, acusando a [&hellip;]","og_url":"https:\/\/lospoliticosveracruz.com\/?p=56207","og_site_name":"Los pol\u00edticos Veracruz","article_publisher":"https:\/\/www.facebook.com\/people\/Notimemes-de-los-Polticos\/61565672886568\/","article_published_time":"2020-06-16T13:03:14+00:00","og_image":[{"width":200,"height":200,"url":"https:\/\/lospoliticosveracruz.com\/wp-content\/uploads\/2016\/07\/Logo-Dor.jpg","type":"image\/jpeg"}],"author":"Lo viste en Los Pol\u00edticos","twitter_card":"summary_large_image","twitter_creator":"@LosPoliticosVer","twitter_site":"@LosPoliticosVer","twitter_misc":{"Escrito por":"Lo viste en Los Pol\u00edticos","Tiempo de lectura":"6 minutos"},"schema":{"@context":"https:\/\/schema.org","@graph":[{"@type":"Article","@id":"https:\/\/lospoliticosveracruz.com\/?p=56207#article","isPartOf":{"@id":"https:\/\/lospoliticosveracruz.com\/?p=56207"},"author":{"name":"Lo viste en Los Pol\u00edticos","@id":"https:\/\/lospoliticosveracruz.com\/#\/schema\/person\/b8702bb0e538456e6efd07080bf2a4a2"},"headline":"Los Manol\u00edn y Shilinsky de la 4T","datePublished":"2020-06-16T13:03:14+00:00","mainEntityOfPage":{"@id":"https:\/\/lospoliticosveracruz.com\/?p=56207"},"wordCount":1250,"commentCount":0,"publisher":{"@id":"https:\/\/lospoliticosveracruz.com\/#organization"},"keywords":["coronavirus","Cuitl\u00e1huac Garc\u00eda Jim\u00e9nez","Golpistas","Manol\u00edn","Morena","Ricardo Ch\u00faa","Separatistas","Shilinsky","Veracruz"],"articleSection":["De Opini\u00f3n"],"inLanguage":"es","potentialAction":[{"@type":"CommentAction","name":"Comment","target":["https:\/\/lospoliticosveracruz.com\/?p=56207#respond"]}]},{"@type":"WebPage","@id":"https:\/\/lospoliticosveracruz.com\/?p=56207","url":"https:\/\/lospoliticosveracruz.com\/?p=56207","name":"Los Manol\u00edn y Shilinsky de la 4T - Los pol\u00edticos Veracruz","isPartOf":{"@id":"https:\/\/lospoliticosveracruz.com\/#website"},"datePublished":"2020-06-16T13:03:14+00:00","breadcrumb":{"@id":"https:\/\/lospoliticosveracruz.com\/?p=56207#breadcrumb"},"inLanguage":"es","potentialAction":[{"@type":"ReadAction","target":["https:\/\/lospoliticosveracruz.com\/?p=56207"]}]},{"@type":"BreadcrumbList","@id":"https:\/\/lospoliticosveracruz.com\/?p=56207#breadcrumb","itemListElement":[{"@type":"ListItem","position":1,"name":"Portada","item":"https:\/\/lospoliticosveracruz.com\/"},{"@type":"ListItem","position":2,"name":"Los Manol\u00edn y Shilinsky de la 4T"}]},{"@type":"WebSite","@id":"https:\/\/lospoliticosveracruz.com\/#website","url":"https:\/\/lospoliticosveracruz.com\/","name":"Los pol\u00edticos Veracruz","description":"","publisher":{"@id":"https:\/\/lospoliticosveracruz.com\/#organization"},"potentialAction":[{"@type":"SearchAction","target":{"@type":"EntryPoint","urlTemplate":"https:\/\/lospoliticosveracruz.com\/?s={search_term_string}"},"query-input":{"@type":"PropertyValueSpecification","valueRequired":true,"valueName":"search_term_string"}}],"inLanguage":"es"},{"@type":"Organization","@id":"https:\/\/lospoliticosveracruz.com\/#organization","name":"Los pol\u00edticos Veracruz","url":"https:\/\/lospoliticosveracruz.com\/","logo":{"@type":"ImageObject","inLanguage":"es","@id":"https:\/\/lospoliticosveracruz.com\/#\/schema\/logo\/image\/","url":"https:\/\/lospoliticosveracruz.com\/wp-content\/uploads\/2025\/12\/Logo-Nuevo-LOS-POLITICOS-1.jpg","contentUrl":"https:\/\/lospoliticosveracruz.com\/wp-content\/uploads\/2025\/12\/Logo-Nuevo-LOS-POLITICOS-1.jpg","width":260,"height":70,"caption":"Los pol\u00edticos Veracruz"},"image":{"@id":"https:\/\/lospoliticosveracruz.com\/#\/schema\/logo\/image\/"},"sameAs":["https:\/\/www.facebook.com\/people\/Notimemes-de-los-Polticos\/61565672886568\/","https:\/\/x.com\/LosPoliticosVer"]},{"@type":"Person","@id":"https:\/\/lospoliticosveracruz.com\/#\/schema\/person\/b8702bb0e538456e6efd07080bf2a4a2","name":"Lo viste en Los Pol\u00edticos","image":{"@type":"ImageObject","inLanguage":"es","@id":"https:\/\/secure.gravatar.com\/avatar\/3a8de04a2656d44082be478bd6c086daa447c4651605818287b9532d3d0bd435?s=96&d=mm&r=g","url":"https:\/\/secure.gravatar.com\/avatar\/3a8de04a2656d44082be478bd6c086daa447c4651605818287b9532d3d0bd435?s=96&d=mm&r=g","contentUrl":"https:\/\/secure.gravatar.com\/avatar\/3a8de04a2656d44082be478bd6c086daa447c4651605818287b9532d3d0bd435?s=96&d=mm&r=g","caption":"Lo viste en Los Pol\u00edticos"},"url":"https:\/\/lospoliticosveracruz.com\/?author=2"}]}},"_links":{"self":[{"href":"https:\/\/lospoliticosveracruz.com\/index.php?rest_route=\/wp\/v2\/posts\/56207","targetHints":{"allow":["GET"]}}],"collection":[{"href":"https:\/\/lospoliticosveracruz.com\/index.php?rest_route=\/wp\/v2\/posts"}],"about":[{"href":"https:\/\/lospoliticosveracruz.com\/index.php?rest_route=\/wp\/v2\/types\/post"}],"author":[{"embeddable":true,"href":"https:\/\/lospoliticosveracruz.com\/index.php?rest_route=\/wp\/v2\/users\/2"}],"replies":[{"embeddable":true,"href":"https:\/\/lospoliticosveracruz.com\/index.php?rest_route=%2Fwp%2Fv2%2Fcomments&post=56207"}],"version-history":[{"count":1,"href":"https:\/\/lospoliticosveracruz.com\/index.php?rest_route=\/wp\/v2\/posts\/56207\/revisions"}],"predecessor-version":[{"id":56209,"href":"https:\/\/lospoliticosveracruz.com\/index.php?rest_route=\/wp\/v2\/posts\/56207\/revisions\/56209"}],"wp:attachment":[{"href":"https:\/\/lospoliticosveracruz.com\/index.php?rest_route=%2Fwp%2Fv2%2Fmedia&parent=56207"}],"wp:term":[{"taxonomy":"category","embeddable":true,"href":"https:\/\/lospoliticosveracruz.com\/index.php?rest_route=%2Fwp%2Fv2%2Fcategories&post=56207"},{"taxonomy":"post_tag","embeddable":true,"href":"https:\/\/lospoliticosveracruz.com\/index.php?rest_route=%2Fwp%2Fv2%2Ftags&post=56207"}],"curies":[{"name":"wp","href":"https:\/\/api.w.org\/{rel}","templated":true}]}}