{"id":56322,"date":"2020-06-19T07:32:34","date_gmt":"2020-06-19T12:32:34","guid":{"rendered":"http:\/\/www.lospoliticosveracruz.com.mx\/?p=56322"},"modified":"2020-06-19T07:32:34","modified_gmt":"2020-06-19T12:32:34","slug":"gobierno-de-mentirotas","status":"publish","type":"post","link":"https:\/\/lospoliticosveracruz.com\/?p=56322","title":{"rendered":"Gobierno de \u201cmentirotas\u201d"},"content":{"rendered":"<p><strong>Felipe de Jes\u00fas Fern\u00e1ndez Basilio<\/strong><\/p>\n<p><em>Desde A Janela<\/em><\/p>\n<p>\u00bfSe han dado cuenta que el actual gobierno mexicano es el m\u00e1s mentiroso de todos los que hemos tenido y de que es dif\u00edcil encontrar un solo gobierno en el mundo que lo iguale?<\/p>\n<p>Y es que salvo por las dictaduras latinoamericanas actuales como Cuba y el gobierno de facto de Venezuela, no encuentro otro gobierno que sea o haya sido tan mentiroso como el de L\u00f3pez y eso que ha habido muchos m\u00e1s nefastos como los comunistas, los nazis, los fascistas, las dictaduras militares de Sudam\u00e9rica o las de Espa\u00f1a y Portugal, entre otros pero en el fondo aunque tambi\u00e9n ment\u00edan, sus mensajes y acciones eran muchas veces directos y sin disimular su ideolog\u00eda ya que la vend\u00edan como la mejor posible y con ello justificaban internamente sus cr\u00edmenes.<\/p>\n<p>Mientras que en M\u00e9xico, quiz\u00e1 el otro gran enga\u00f1o que ha habido fue el gobierno de Benito Ju\u00e1rez, quien se vendi\u00f3 como patriota y liberal cuando en realidad no era ni lo uno ni lo otro, sino que era un megal\u00f3mano sin escr\u00fapulos que quer\u00eda a toda costa el poder y por mantenerlo fue capaz de traicionar a la patria ofreciendo m\u00e1s territorios a Estados Unidos o de saquear todo el dinero que pudo para mantener sus guerras e incluso en los a\u00f1os finales de su vida se pele\u00f3 con sus mejores generales, Jes\u00fas Gonz\u00e1lez y Ortega y Porfirio D\u00edaz por el simple hecho de que lo quer\u00edan suceder siguiendo los lineamientos de la constituci\u00f3n en aquel entonces vigente y que tanto pregonaba Don Benito defender pero que bien val\u00eda la pena violar por conservar la presidencia.<\/p>\n<p>Sin embargo, el actual gobierno rompe todos los records de ser mentiroso, ya que miente en todo, todos los d\u00edas, miente en su ideolog\u00eda, miente en sus acciones y tambi\u00e9n lo hace en sus omisiones, es m\u00e1s miente tanto que hasta cae en contradicciones derivadas de sus propias mentiras.<\/p>\n<p>Miente cuando dice que es un gobierno de izquierda y progresista, aclaro que ese concepto lo utilizan los socialistas moderados para definir su ideolog\u00eda y algunos radicales se lo han querido apropiar, cuando en realidad se trata de un gobierno totalmente conservador que no pretende hacer nada por ning\u00fan sector desfavorecido de la sociedad como lo son las mujeres, las personas de preferencia sexual diversa, los ni\u00f1os y personas que viven en la calle, los pueblos ind\u00edgenas y un sin n\u00famero de causas sociales que necesitan ser atendidas, es m\u00e1s ni siquiera tiene la m\u00e1s m\u00ednima intenci\u00f3n de resolver el tema de la mariguana.<\/p>\n<p>Miente cuando dice que el neoliberalismo se acab\u00f3, tambi\u00e9n debo de aclarar que ese t\u00e9rmino lo acu\u00f1aron los socialistas latinoamericanos para referirse a sus contrarios y que hasta donde yo s\u00e9 el liberalismo como tal es una sola corriente y no ha sufrido mutaci\u00f3n alguna desde que fue acu\u00f1ada, cuando en realidad ante la crisis econ\u00f3mica actual tom\u00f3 la m\u00e1s liberal de las decisiones al sostener que el gobierno no va a apoyar a ning\u00fan empresario y que \u201cquiebren los que tengan que quebrar\u201d, una actitud as\u00ed solo se vio en la administraci\u00f3n norteamericana de\u00a0 Herbert Hoover cuando le estall\u00f3 la gran depresi\u00f3n y los resultados son por todos conocidos.<\/p>\n<p>Miente cuando el presidente jur\u00f3 y perjur\u00f3 que nunca de los nuncas iba a endeudar al pa\u00eds y resulta que recibi\u00f3 un cr\u00e9dito del Banco Mundial y todav\u00eda para colmo el mismo L\u00f3pez lo quiso minimizar diciendo que la solicitud del cr\u00e9dito era una mera operaci\u00f3n rutinaria o sea que una simple operaci\u00f3n de rutina da al traste con lo pregonado hasta el cansancio y eso que no se juzga si el pr\u00e9stamo en s\u00ed mismo es bueno o es malo, lo que se resalta es la mentira en relaci\u00f3n a \u00e9l.<\/p>\n<p>Miente cuando se desga\u00f1it\u00f3 diciendo hasta el cansancio que las fuerzas armadas con \u00e9l iban a regresar a los cuarteles y ante el notorio fracaso de su innecesaria Guardia Nacional, las vuelve a sacar a la calle, aqu\u00ed es necesario precisar que la acci\u00f3n en s\u00ed misma es necesaria pero la virtud que pueda tener se ve opacada por la insistente mentira discursiva.<\/p>\n<p>Miente cuando dice L\u00f3pez que ahora es todo diferente y que no se parece en nada a sus predecesores, cuando en realidad es igual o hasta peor que ellos, ya que los negocios a la sombra del poder se siguen dando, pero solo que ahora sin alguna fiscalizaci\u00f3n para sus amigos y sus parientes, caso Bartlett padre e hijo o Roc\u00edo Nahle y sus compadres.<\/p>\n<p>Mienten cuando dicen que nada por encima de la ley y que la misma va a ser respetada, cuando la ley es precisamente lo primero que violan tanto el gobierno federal como los locales de su partido cuando destruyen o descabezan y llenan de lacayos, lo que para efectos \u00a0pr\u00e1cticos es lo mismo que destruir, a los \u00f3rganos aut\u00f3nomos, conden\u00e1ndolos as\u00ed a ser totalmente ineficaces; ejemplos tenemos en la CNDH, en la Comisi\u00f3n Reguladora de Energ\u00eda, en el Coneval entre otros federales y a nivel local veracruzano en la FGE, en el IVAI entre varios m\u00e1s.<\/p>\n<p>Y sobre todo miente cuando dice que el combate a la corrupci\u00f3n es su principal bandera, cuando en realidad ese combate ha sido m\u00ednimo y en los pocos casos que se ha dado solo es en contra de quienes tiene rencores personales como Rosario Robles o Emilio Lozoya o recientemente la exdirigente de su propio partido, quien se puso un extra\u00f1o nombre pero que no es dif\u00edcil saber a qu\u00e9 persona me refiero; mas los peces gordos de los gobiernos anteriores siguen y seguir\u00e1n en la impunidad absoluta.<\/p>\n<p>Y as\u00ed mismo tambi\u00e9n miente cuando sostiene que con su gobierno la corrupci\u00f3n se acab\u00f3, porque son honestos; cuando en realidad los casos de corrupci\u00f3n empiezan a saltar por todos lados ya sea en ventas millonarias a amigos o a amigos de los amigos y sobre todo utilizando el procedimiento de contrataci\u00f3n m\u00e1s opaco que existe, la adjudicaci\u00f3n directa; y en lo \u00fanico que no miente es que es en decir que es diferente a los anteriores y vaya que lo es, ya que la corrupci\u00f3n ahora es m\u00e1s descarada que nunca.<\/p>\n<p>Ah y una \u00faltima que no se puede dejar pasar, miente L\u00f3pez cuando en su versi\u00f3n peculiar de Mois\u00e9s, ya que no baja del Sina\u00ed porque ese monte no se encuentra en nuestro pa\u00eds y \u00e9l es muy nacionalista pero igual y en su imaginaci\u00f3n lo hace del Popocat\u00e9petl o del Cerro del Chapul\u00edn, aunque en realidad solo baja del segundo piso de Palacio Nacional \u00a0para recetarnos un dec\u00e1logo m\u00e1s y en uno de sus mandamientos nos dice que no tengamos enemigos ni odios clasistas cuando \u00e9l es el principal promotor de unos y otros, ya que solo basta ver cualquiera de sus m\u00faltiples intervenciones en cadena nacional para ver y escuchar c\u00f3mo destila odio y azuza el resentimiento.<\/p>\n<p>Aparte de todas estas, est\u00e1n las mentiras ya muy estudiadas como la del aeropuerto, el tren de di\u00e9sel en la selva, el manejo de Pemex y CFE, la lucha en contra del huachicoleo y tantas otras que ya forman parte de la historia de esta no tan joven administraci\u00f3n, mas ya no las voy a explicar para no cansarlos pero lo que queda claro es que el gobierno L\u00f3pez es el m\u00e1s mentiroso de todos y cada d\u00eda que pasa escucharemos una mentira m\u00e1s pero eso s\u00ed aderezada con un discurso que aviva el resentimiento social y eso es para precisamente ocultar el enga\u00f1o.<\/p>\n<p><strong>D\u00eda del padre<\/strong><\/p>\n<p>El gobierno de Veracruz anunci\u00f3 que se cancela hasta nuevo aviso el d\u00eda del padre; una ocurrencia m\u00e1s de un gobierno que fracas\u00f3 en el control de la pandemia pero que es experto en crear molestias innecesarias a la ciudadan\u00eda con el pretexto de la enfermedad y que como resultado de tantas campa\u00f1as y medidas tienen a la gente pobre, atemorizada y enojada.<\/p>\n<p>Es mejor asumir el fracaso y dejar que la vida siga sin causar molestias y a ustedes lectores queridos, les hago la misma recomendaci\u00f3n de siempre: hay que vivir sin temor y con precauci\u00f3n, ya que nada ganamos con tener paranoia, el virus lleg\u00f3 y se va a quedar y lo mejor para prevenir contagios es tener mucha higiene, no m\u00e1s ni tampoco menos.<\/p>\n<p>As\u00ed que una festividad no se puede eliminar por decreto y por tanto desde este espacio les deseo a todos los padres de familia un feliz d\u00eda.<\/p>\n<p><a href=\"mailto:felfebas@gmail.com\">felfebas@gmail.com<\/a><\/p>\n<p>Twitter: @FelipeFBasilio<\/p>\n","protected":false},"excerpt":{"rendered":"<p>Felipe de Jes\u00fas Fern\u00e1ndez Basilio Desde A Janela \u00bfSe han dado cuenta que el actual gobierno mexicano es el m\u00e1s mentiroso de todos los que hemos tenido y de que es dif\u00edcil encontrar un solo gobierno en el mundo que lo iguale? Y es que salvo por las dictaduras latinoamericanas actuales como Cuba y el [&hellip;]<\/p>\n","protected":false},"author":2,"featured_media":0,"comment_status":"open","ping_status":"open","sticky":false,"template":"","format":"standard","meta":{"tdm_status":"","tdm_grid_status":"","footnotes":""},"categories":[70],"tags":[2149,879,18697,4598,18700,18699,395,18698,2205],"class_list":{"0":"post-56322","1":"post","2":"type-post","3":"status-publish","4":"format-standard","6":"category-de-opinion","7":"tag-benito-juarez","8":"tag-cuba","10":"tag-espana","11":"tag-jesus-gonzalez-y-ortega","12":"tag-liberal","13":"tag-mexico","14":"tag-patriota","15":"tag-porfirio-diaz"},"yoast_head":"<!-- This site is optimized with the Yoast SEO plugin v27.4 - https:\/\/yoast.com\/product\/yoast-seo-wordpress\/ -->\n<title>Gobierno de \u201cmentirotas\u201d - Los pol\u00edticos Veracruz<\/title>\n<meta name=\"robots\" content=\"index, follow, max-snippet:-1, max-image-preview:large, max-video-preview:-1\" \/>\n<link rel=\"canonical\" href=\"https:\/\/lospoliticosveracruz.com\/?p=56322\" \/>\n<meta property=\"og:locale\" content=\"es_ES\" \/>\n<meta property=\"og:type\" content=\"article\" \/>\n<meta property=\"og:title\" content=\"Gobierno de \u201cmentirotas\u201d - Los pol\u00edticos Veracruz\" \/>\n<meta property=\"og:description\" content=\"Felipe de Jes\u00fas Fern\u00e1ndez Basilio Desde A Janela \u00bfSe han dado cuenta que el actual gobierno mexicano es el m\u00e1s mentiroso de todos los que hemos tenido y de que es dif\u00edcil encontrar un solo gobierno en el mundo que lo iguale? Y es que salvo por las dictaduras latinoamericanas actuales como Cuba y el [&hellip;]\" \/>\n<meta property=\"og:url\" content=\"https:\/\/lospoliticosveracruz.com\/?p=56322\" \/>\n<meta property=\"og:site_name\" content=\"Los pol\u00edticos Veracruz\" \/>\n<meta property=\"article:publisher\" content=\"https:\/\/www.facebook.com\/people\/Notimemes-de-los-Polticos\/61565672886568\/\" \/>\n<meta property=\"article:published_time\" content=\"2020-06-19T12:32:34+00:00\" \/>\n<meta property=\"og:image\" content=\"https:\/\/lospoliticosveracruz.com\/wp-content\/uploads\/2016\/07\/Logo-Dor.jpg\" \/>\n\t<meta property=\"og:image:width\" content=\"200\" \/>\n\t<meta property=\"og:image:height\" content=\"200\" \/>\n\t<meta property=\"og:image:type\" content=\"image\/jpeg\" \/>\n<meta name=\"author\" content=\"Lo viste en Los Pol\u00edticos\" \/>\n<meta name=\"twitter:card\" content=\"summary_large_image\" \/>\n<meta name=\"twitter:creator\" content=\"@LosPoliticosVer\" \/>\n<meta name=\"twitter:site\" content=\"@LosPoliticosVer\" \/>\n<meta name=\"twitter:label1\" content=\"Escrito por\" \/>\n\t<meta name=\"twitter:data1\" content=\"Lo viste en Los Pol\u00edticos\" \/>\n\t<meta name=\"twitter:label2\" content=\"Tiempo de lectura\" \/>\n\t<meta name=\"twitter:data2\" content=\"8 minutos\" \/>\n<script type=\"application\/ld+json\" class=\"yoast-schema-graph\">{\"@context\":\"https:\\\/\\\/schema.org\",\"@graph\":[{\"@type\":\"Article\",\"@id\":\"https:\\\/\\\/lospoliticosveracruz.com\\\/?p=56322#article\",\"isPartOf\":{\"@id\":\"https:\\\/\\\/lospoliticosveracruz.com\\\/?p=56322\"},\"author\":{\"name\":\"Lo viste en Los Pol\u00edticos\",\"@id\":\"https:\\\/\\\/lospoliticosveracruz.com\\\/#\\\/schema\\\/person\\\/b8702bb0e538456e6efd07080bf2a4a2\"},\"headline\":\"Gobierno de \u201cmentirotas\u201d\",\"datePublished\":\"2020-06-19T12:32:34+00:00\",\"mainEntityOfPage\":{\"@id\":\"https:\\\/\\\/lospoliticosveracruz.com\\\/?p=56322\"},\"wordCount\":1533,\"commentCount\":0,\"publisher\":{\"@id\":\"https:\\\/\\\/lospoliticosveracruz.com\\\/#organization\"},\"keywords\":[\"Benito Ju\u00e1rez\",\"Cuba\",\"dictaduras\",\"Espa\u00f1a\",\"Jes\u00fas Gonz\u00e1lez y Ortega\",\"liberal\",\"M\u00e9xico\",\"patriota\",\"Porfirio D\u00edaz\"],\"articleSection\":[\"De Opini\u00f3n\"],\"inLanguage\":\"es\",\"potentialAction\":[{\"@type\":\"CommentAction\",\"name\":\"Comment\",\"target\":[\"https:\\\/\\\/lospoliticosveracruz.com\\\/?p=56322#respond\"]}]},{\"@type\":\"WebPage\",\"@id\":\"https:\\\/\\\/lospoliticosveracruz.com\\\/?p=56322\",\"url\":\"https:\\\/\\\/lospoliticosveracruz.com\\\/?p=56322\",\"name\":\"Gobierno de \u201cmentirotas\u201d - Los pol\u00edticos Veracruz\",\"isPartOf\":{\"@id\":\"https:\\\/\\\/lospoliticosveracruz.com\\\/#website\"},\"datePublished\":\"2020-06-19T12:32:34+00:00\",\"breadcrumb\":{\"@id\":\"https:\\\/\\\/lospoliticosveracruz.com\\\/?p=56322#breadcrumb\"},\"inLanguage\":\"es\",\"potentialAction\":[{\"@type\":\"ReadAction\",\"target\":[\"https:\\\/\\\/lospoliticosveracruz.com\\\/?p=56322\"]}]},{\"@type\":\"BreadcrumbList\",\"@id\":\"https:\\\/\\\/lospoliticosveracruz.com\\\/?p=56322#breadcrumb\",\"itemListElement\":[{\"@type\":\"ListItem\",\"position\":1,\"name\":\"Portada\",\"item\":\"https:\\\/\\\/lospoliticosveracruz.com\\\/\"},{\"@type\":\"ListItem\",\"position\":2,\"name\":\"Gobierno de \u201cmentirotas\u201d\"}]},{\"@type\":\"WebSite\",\"@id\":\"https:\\\/\\\/lospoliticosveracruz.com\\\/#website\",\"url\":\"https:\\\/\\\/lospoliticosveracruz.com\\\/\",\"name\":\"Los pol\u00edticos Veracruz\",\"description\":\"\",\"publisher\":{\"@id\":\"https:\\\/\\\/lospoliticosveracruz.com\\\/#organization\"},\"potentialAction\":[{\"@type\":\"SearchAction\",\"target\":{\"@type\":\"EntryPoint\",\"urlTemplate\":\"https:\\\/\\\/lospoliticosveracruz.com\\\/?s={search_term_string}\"},\"query-input\":{\"@type\":\"PropertyValueSpecification\",\"valueRequired\":true,\"valueName\":\"search_term_string\"}}],\"inLanguage\":\"es\"},{\"@type\":\"Organization\",\"@id\":\"https:\\\/\\\/lospoliticosveracruz.com\\\/#organization\",\"name\":\"Los pol\u00edticos Veracruz\",\"url\":\"https:\\\/\\\/lospoliticosveracruz.com\\\/\",\"logo\":{\"@type\":\"ImageObject\",\"inLanguage\":\"es\",\"@id\":\"https:\\\/\\\/lospoliticosveracruz.com\\\/#\\\/schema\\\/logo\\\/image\\\/\",\"url\":\"https:\\\/\\\/lospoliticosveracruz.com\\\/wp-content\\\/uploads\\\/2025\\\/12\\\/Logo-Nuevo-LOS-POLITICOS-1.jpg\",\"contentUrl\":\"https:\\\/\\\/lospoliticosveracruz.com\\\/wp-content\\\/uploads\\\/2025\\\/12\\\/Logo-Nuevo-LOS-POLITICOS-1.jpg\",\"width\":260,\"height\":70,\"caption\":\"Los pol\u00edticos Veracruz\"},\"image\":{\"@id\":\"https:\\\/\\\/lospoliticosveracruz.com\\\/#\\\/schema\\\/logo\\\/image\\\/\"},\"sameAs\":[\"https:\\\/\\\/www.facebook.com\\\/people\\\/Notimemes-de-los-Polticos\\\/61565672886568\\\/\",\"https:\\\/\\\/x.com\\\/LosPoliticosVer\"]},{\"@type\":\"Person\",\"@id\":\"https:\\\/\\\/lospoliticosveracruz.com\\\/#\\\/schema\\\/person\\\/b8702bb0e538456e6efd07080bf2a4a2\",\"name\":\"Lo viste en Los Pol\u00edticos\",\"image\":{\"@type\":\"ImageObject\",\"inLanguage\":\"es\",\"@id\":\"https:\\\/\\\/secure.gravatar.com\\\/avatar\\\/3a8de04a2656d44082be478bd6c086daa447c4651605818287b9532d3d0bd435?s=96&d=mm&r=g\",\"url\":\"https:\\\/\\\/secure.gravatar.com\\\/avatar\\\/3a8de04a2656d44082be478bd6c086daa447c4651605818287b9532d3d0bd435?s=96&d=mm&r=g\",\"contentUrl\":\"https:\\\/\\\/secure.gravatar.com\\\/avatar\\\/3a8de04a2656d44082be478bd6c086daa447c4651605818287b9532d3d0bd435?s=96&d=mm&r=g\",\"caption\":\"Lo viste en Los Pol\u00edticos\"},\"url\":\"https:\\\/\\\/lospoliticosveracruz.com\\\/?author=2\"}]}<\/script>\n<!-- \/ Yoast SEO plugin. -->","yoast_head_json":{"title":"Gobierno de \u201cmentirotas\u201d - Los pol\u00edticos Veracruz","robots":{"index":"index","follow":"follow","max-snippet":"max-snippet:-1","max-image-preview":"max-image-preview:large","max-video-preview":"max-video-preview:-1"},"canonical":"https:\/\/lospoliticosveracruz.com\/?p=56322","og_locale":"es_ES","og_type":"article","og_title":"Gobierno de \u201cmentirotas\u201d - Los pol\u00edticos Veracruz","og_description":"Felipe de Jes\u00fas Fern\u00e1ndez Basilio Desde A Janela \u00bfSe han dado cuenta que el actual gobierno mexicano es el m\u00e1s mentiroso de todos los que hemos tenido y de que es dif\u00edcil encontrar un solo gobierno en el mundo que lo iguale? Y es que salvo por las dictaduras latinoamericanas actuales como Cuba y el [&hellip;]","og_url":"https:\/\/lospoliticosveracruz.com\/?p=56322","og_site_name":"Los pol\u00edticos Veracruz","article_publisher":"https:\/\/www.facebook.com\/people\/Notimemes-de-los-Polticos\/61565672886568\/","article_published_time":"2020-06-19T12:32:34+00:00","og_image":[{"width":200,"height":200,"url":"https:\/\/lospoliticosveracruz.com\/wp-content\/uploads\/2016\/07\/Logo-Dor.jpg","type":"image\/jpeg"}],"author":"Lo viste en Los Pol\u00edticos","twitter_card":"summary_large_image","twitter_creator":"@LosPoliticosVer","twitter_site":"@LosPoliticosVer","twitter_misc":{"Escrito por":"Lo viste en Los Pol\u00edticos","Tiempo de lectura":"8 minutos"},"schema":{"@context":"https:\/\/schema.org","@graph":[{"@type":"Article","@id":"https:\/\/lospoliticosveracruz.com\/?p=56322#article","isPartOf":{"@id":"https:\/\/lospoliticosveracruz.com\/?p=56322"},"author":{"name":"Lo viste en Los Pol\u00edticos","@id":"https:\/\/lospoliticosveracruz.com\/#\/schema\/person\/b8702bb0e538456e6efd07080bf2a4a2"},"headline":"Gobierno de \u201cmentirotas\u201d","datePublished":"2020-06-19T12:32:34+00:00","mainEntityOfPage":{"@id":"https:\/\/lospoliticosveracruz.com\/?p=56322"},"wordCount":1533,"commentCount":0,"publisher":{"@id":"https:\/\/lospoliticosveracruz.com\/#organization"},"keywords":["Benito Ju\u00e1rez","Cuba","dictaduras","Espa\u00f1a","Jes\u00fas Gonz\u00e1lez y Ortega","liberal","M\u00e9xico","patriota","Porfirio D\u00edaz"],"articleSection":["De Opini\u00f3n"],"inLanguage":"es","potentialAction":[{"@type":"CommentAction","name":"Comment","target":["https:\/\/lospoliticosveracruz.com\/?p=56322#respond"]}]},{"@type":"WebPage","@id":"https:\/\/lospoliticosveracruz.com\/?p=56322","url":"https:\/\/lospoliticosveracruz.com\/?p=56322","name":"Gobierno de \u201cmentirotas\u201d - Los pol\u00edticos Veracruz","isPartOf":{"@id":"https:\/\/lospoliticosveracruz.com\/#website"},"datePublished":"2020-06-19T12:32:34+00:00","breadcrumb":{"@id":"https:\/\/lospoliticosveracruz.com\/?p=56322#breadcrumb"},"inLanguage":"es","potentialAction":[{"@type":"ReadAction","target":["https:\/\/lospoliticosveracruz.com\/?p=56322"]}]},{"@type":"BreadcrumbList","@id":"https:\/\/lospoliticosveracruz.com\/?p=56322#breadcrumb","itemListElement":[{"@type":"ListItem","position":1,"name":"Portada","item":"https:\/\/lospoliticosveracruz.com\/"},{"@type":"ListItem","position":2,"name":"Gobierno de \u201cmentirotas\u201d"}]},{"@type":"WebSite","@id":"https:\/\/lospoliticosveracruz.com\/#website","url":"https:\/\/lospoliticosveracruz.com\/","name":"Los pol\u00edticos Veracruz","description":"","publisher":{"@id":"https:\/\/lospoliticosveracruz.com\/#organization"},"potentialAction":[{"@type":"SearchAction","target":{"@type":"EntryPoint","urlTemplate":"https:\/\/lospoliticosveracruz.com\/?s={search_term_string}"},"query-input":{"@type":"PropertyValueSpecification","valueRequired":true,"valueName":"search_term_string"}}],"inLanguage":"es"},{"@type":"Organization","@id":"https:\/\/lospoliticosveracruz.com\/#organization","name":"Los pol\u00edticos Veracruz","url":"https:\/\/lospoliticosveracruz.com\/","logo":{"@type":"ImageObject","inLanguage":"es","@id":"https:\/\/lospoliticosveracruz.com\/#\/schema\/logo\/image\/","url":"https:\/\/lospoliticosveracruz.com\/wp-content\/uploads\/2025\/12\/Logo-Nuevo-LOS-POLITICOS-1.jpg","contentUrl":"https:\/\/lospoliticosveracruz.com\/wp-content\/uploads\/2025\/12\/Logo-Nuevo-LOS-POLITICOS-1.jpg","width":260,"height":70,"caption":"Los pol\u00edticos Veracruz"},"image":{"@id":"https:\/\/lospoliticosveracruz.com\/#\/schema\/logo\/image\/"},"sameAs":["https:\/\/www.facebook.com\/people\/Notimemes-de-los-Polticos\/61565672886568\/","https:\/\/x.com\/LosPoliticosVer"]},{"@type":"Person","@id":"https:\/\/lospoliticosveracruz.com\/#\/schema\/person\/b8702bb0e538456e6efd07080bf2a4a2","name":"Lo viste en Los Pol\u00edticos","image":{"@type":"ImageObject","inLanguage":"es","@id":"https:\/\/secure.gravatar.com\/avatar\/3a8de04a2656d44082be478bd6c086daa447c4651605818287b9532d3d0bd435?s=96&d=mm&r=g","url":"https:\/\/secure.gravatar.com\/avatar\/3a8de04a2656d44082be478bd6c086daa447c4651605818287b9532d3d0bd435?s=96&d=mm&r=g","contentUrl":"https:\/\/secure.gravatar.com\/avatar\/3a8de04a2656d44082be478bd6c086daa447c4651605818287b9532d3d0bd435?s=96&d=mm&r=g","caption":"Lo viste en Los Pol\u00edticos"},"url":"https:\/\/lospoliticosveracruz.com\/?author=2"}]}},"_links":{"self":[{"href":"https:\/\/lospoliticosveracruz.com\/index.php?rest_route=\/wp\/v2\/posts\/56322","targetHints":{"allow":["GET"]}}],"collection":[{"href":"https:\/\/lospoliticosveracruz.com\/index.php?rest_route=\/wp\/v2\/posts"}],"about":[{"href":"https:\/\/lospoliticosveracruz.com\/index.php?rest_route=\/wp\/v2\/types\/post"}],"author":[{"embeddable":true,"href":"https:\/\/lospoliticosveracruz.com\/index.php?rest_route=\/wp\/v2\/users\/2"}],"replies":[{"embeddable":true,"href":"https:\/\/lospoliticosveracruz.com\/index.php?rest_route=%2Fwp%2Fv2%2Fcomments&post=56322"}],"version-history":[{"count":1,"href":"https:\/\/lospoliticosveracruz.com\/index.php?rest_route=\/wp\/v2\/posts\/56322\/revisions"}],"predecessor-version":[{"id":56324,"href":"https:\/\/lospoliticosveracruz.com\/index.php?rest_route=\/wp\/v2\/posts\/56322\/revisions\/56324"}],"wp:attachment":[{"href":"https:\/\/lospoliticosveracruz.com\/index.php?rest_route=%2Fwp%2Fv2%2Fmedia&parent=56322"}],"wp:term":[{"taxonomy":"category","embeddable":true,"href":"https:\/\/lospoliticosveracruz.com\/index.php?rest_route=%2Fwp%2Fv2%2Fcategories&post=56322"},{"taxonomy":"post_tag","embeddable":true,"href":"https:\/\/lospoliticosveracruz.com\/index.php?rest_route=%2Fwp%2Fv2%2Ftags&post=56322"}],"curies":[{"name":"wp","href":"https:\/\/api.w.org\/{rel}","templated":true}]}}