{"id":56365,"date":"2020-06-20T12:58:31","date_gmt":"2020-06-20T17:58:31","guid":{"rendered":"http:\/\/www.lospoliticosveracruz.com.mx\/?p=56365"},"modified":"2020-06-20T12:58:31","modified_gmt":"2020-06-20T17:58:31","slug":"nuevos-partidos-politicos-el-debate","status":"publish","type":"post","link":"https:\/\/lospoliticosveracruz.com\/?p=56365","title":{"rendered":"Nuevos partidos pol\u00edticos: el debate"},"content":{"rendered":"<p><strong>Froyl\u00e1n Ram\u00edrez Lara<\/strong><\/p>\n<p>Debemos empezar por asimilar, que se hace necesario el debate a fondo y sin concesiones como caracter\u00edstica principal en todas las democracias representativas, principalmente para defender el patrimonio com\u00fan de los ciudadanos en la vertiente pol\u00edtica:\u00a0 o sea, las instituciones republicanas, comenzando por el sistema de partidos pol\u00edticos; un sistema que hace posible el derecho a elegir, este derecho y tambi\u00e9n el de contener y equilibrar el poder, han sido ponderados por el te\u00f3rico moderno de la democracia: el italiano\u00a0 Norberto Bobbio, quien afirma \u201cLa legitimidad o legitimaci\u00f3n del poder se basa en la divisi\u00f3n y separaci\u00f3n de poderes a fin de limitar y regular el ejercicio de ese poder\u201d. Y en ese sistema de pesos y contrapesos el papel de los partidos pol\u00edticos es fundamental, sum\u00e1ndole ahora la figura de candidatos independientes.<\/p>\n<p>En este contexto, damos la bienvenida a aquellas organizaciones pol\u00edticas locales o nacionales que hayan cumplido o est\u00e9n por cumplir cabalmente con los requisitos que la ley establece para ser aceptados como partidos pol\u00edticos.<\/p>\n<p>En el mes de septiembre habr\u00e1 de instalarse el Consejo General del Instituto Nacional Electoral y en el mes de noviembre el Consejo General del Ople-Veracruz; con ello se dar\u00e1 inicio al proceso electoral federal y local 2020-2021 en el que habremos de elegir, en el caso de Veracruz, diputados federales, diputados locales y, ediles en los 212 municipios, el primer domingo de junio del a\u00f1o que viene.<\/p>\n<p>En febrero de 2014 se efectu\u00f3 la reforma constitucional en materia electoral que con la Ley General de Instituciones y Procedimientos Electorales y la Ley General de Partidos Pol\u00edticos se establecieron las bases\u00a0 para que atendamos los procesos electorales; la adecuaci\u00f3n\u00a0 de la constituci\u00f3n local y el c\u00f3digo electoral del estado, que se hicieran oportunamente, complementan el basamento jur\u00eddico para que un organismo electoral como el OPLE-Veracruz atienda cumplidamente, desde hace casi cinco a\u00f1os, las actividades electorales, contribuyendo con ello a la gobernabilidad de Veracruz.<\/p>\n<p>Por razones m\u00faltiples, a los partidos pol\u00edticos nacionales y locales se les ha calificado en cr\u00edticas situaciones imaginables con respecto a su valor social; de ah\u00ed, que los partidos pol\u00edticos nos encontremos atrapados en una lucha permanente por ganar credibilidad; de nuestra conducta y aplicaci\u00f3n de principios pol\u00edtico- electorales, depender\u00e1 en gran medida la simpat\u00eda de los ciudadanos a nuestro favor.<\/p>\n<p>Moverse en el filo de la navaja del electorado a costa de afectar o tratar de impedir que la obligaci\u00f3n del estado para con la poblaci\u00f3n en pobreza extrema, se cumpla a cabalidad, no solo es inmoral, si no que devela, que partidos pol\u00edticos y dirigentes act\u00faen para sus propios intereses sin tomar en cuenta la lacerante realidad que en algunos casos, ellos mismos ayudan a construir.<\/p>\n<p>Nos quedan muchos retos por atender y superar.<\/p>\n","protected":false},"excerpt":{"rendered":"<p>Froyl\u00e1n Ram\u00edrez Lara Debemos empezar por asimilar, que se hace necesario el debate a fondo y sin concesiones como caracter\u00edstica principal en todas las democracias representativas, principalmente para defender el patrimonio com\u00fan de los ciudadanos en la vertiente pol\u00edtica:\u00a0 o sea, las instituciones republicanas, comenzando por el sistema de partidos pol\u00edticos; un sistema que hace [&hellip;]<\/p>\n","protected":false},"author":2,"featured_media":0,"comment_status":"open","ping_status":"open","sticky":false,"template":"","format":"standard","meta":{"tdm_status":"","tdm_grid_status":"","footnotes":""},"categories":[70],"tags":[18719,17841,1709,13365,16226,18710,195],"class_list":{"0":"post-56365","1":"post","2":"type-post","3":"status-publish","4":"format-standard","6":"category-de-opinion","7":"tag-froylan-ramirez-lara","8":"tag-norberto-bobbio","9":"tag-partidos-politicos","10":"tag-podemos","11":"tag-todos-por-veracruz","12":"tag-unidad-ciudadana","13":"tag-veracruz"},"yoast_head":"<!-- This site is optimized with the Yoast SEO plugin v27.4 - https:\/\/yoast.com\/product\/yoast-seo-wordpress\/ -->\n<title>Nuevos partidos pol\u00edticos: el debate - Los pol\u00edticos Veracruz<\/title>\n<meta name=\"robots\" content=\"index, follow, max-snippet:-1, max-image-preview:large, max-video-preview:-1\" \/>\n<link rel=\"canonical\" href=\"https:\/\/lospoliticosveracruz.com\/?p=56365\" \/>\n<meta property=\"og:locale\" content=\"es_ES\" \/>\n<meta property=\"og:type\" content=\"article\" \/>\n<meta property=\"og:title\" content=\"Nuevos partidos pol\u00edticos: el debate - Los pol\u00edticos Veracruz\" \/>\n<meta property=\"og:description\" content=\"Froyl\u00e1n Ram\u00edrez Lara Debemos empezar por asimilar, que se hace necesario el debate a fondo y sin concesiones como caracter\u00edstica principal en todas las democracias representativas, principalmente para defender el patrimonio com\u00fan de los ciudadanos en la vertiente pol\u00edtica:\u00a0 o sea, las instituciones republicanas, comenzando por el sistema de partidos pol\u00edticos; un sistema que hace [&hellip;]\" \/>\n<meta property=\"og:url\" content=\"https:\/\/lospoliticosveracruz.com\/?p=56365\" \/>\n<meta property=\"og:site_name\" content=\"Los pol\u00edticos Veracruz\" \/>\n<meta property=\"article:publisher\" content=\"https:\/\/www.facebook.com\/people\/Notimemes-de-los-Polticos\/61565672886568\/\" \/>\n<meta property=\"article:published_time\" content=\"2020-06-20T17:58:31+00:00\" \/>\n<meta property=\"og:image\" content=\"https:\/\/lospoliticosveracruz.com\/wp-content\/uploads\/2016\/07\/Logo-Dor.jpg\" \/>\n\t<meta property=\"og:image:width\" content=\"200\" \/>\n\t<meta property=\"og:image:height\" content=\"200\" \/>\n\t<meta property=\"og:image:type\" content=\"image\/jpeg\" \/>\n<meta name=\"author\" content=\"Lo viste en Los Pol\u00edticos\" \/>\n<meta name=\"twitter:card\" content=\"summary_large_image\" \/>\n<meta name=\"twitter:creator\" content=\"@LosPoliticosVer\" \/>\n<meta name=\"twitter:site\" content=\"@LosPoliticosVer\" \/>\n<meta name=\"twitter:label1\" content=\"Escrito por\" \/>\n\t<meta name=\"twitter:data1\" content=\"Lo viste en Los Pol\u00edticos\" \/>\n\t<meta name=\"twitter:label2\" content=\"Tiempo de lectura\" \/>\n\t<meta name=\"twitter:data2\" content=\"2 minutos\" \/>\n<script type=\"application\/ld+json\" class=\"yoast-schema-graph\">{\"@context\":\"https:\\\/\\\/schema.org\",\"@graph\":[{\"@type\":\"Article\",\"@id\":\"https:\\\/\\\/lospoliticosveracruz.com\\\/?p=56365#article\",\"isPartOf\":{\"@id\":\"https:\\\/\\\/lospoliticosveracruz.com\\\/?p=56365\"},\"author\":{\"name\":\"Lo viste en Los Pol\u00edticos\",\"@id\":\"https:\\\/\\\/lospoliticosveracruz.com\\\/#\\\/schema\\\/person\\\/b8702bb0e538456e6efd07080bf2a4a2\"},\"headline\":\"Nuevos partidos pol\u00edticos: el debate\",\"datePublished\":\"2020-06-20T17:58:31+00:00\",\"mainEntityOfPage\":{\"@id\":\"https:\\\/\\\/lospoliticosveracruz.com\\\/?p=56365\"},\"wordCount\":497,\"commentCount\":0,\"publisher\":{\"@id\":\"https:\\\/\\\/lospoliticosveracruz.com\\\/#organization\"},\"keywords\":[\"Froyl\u00e1n Ram\u00edrez Lara\",\"Norberto Bobbio\",\"partidos pol\u00edticos\",\"Podemos\",\"Todos por Veracruz\",\"Unidad Ciudadana\",\"Veracruz\"],\"articleSection\":[\"De Opini\u00f3n\"],\"inLanguage\":\"es\",\"potentialAction\":[{\"@type\":\"CommentAction\",\"name\":\"Comment\",\"target\":[\"https:\\\/\\\/lospoliticosveracruz.com\\\/?p=56365#respond\"]}]},{\"@type\":\"WebPage\",\"@id\":\"https:\\\/\\\/lospoliticosveracruz.com\\\/?p=56365\",\"url\":\"https:\\\/\\\/lospoliticosveracruz.com\\\/?p=56365\",\"name\":\"Nuevos partidos pol\u00edticos: el debate - Los pol\u00edticos Veracruz\",\"isPartOf\":{\"@id\":\"https:\\\/\\\/lospoliticosveracruz.com\\\/#website\"},\"datePublished\":\"2020-06-20T17:58:31+00:00\",\"breadcrumb\":{\"@id\":\"https:\\\/\\\/lospoliticosveracruz.com\\\/?p=56365#breadcrumb\"},\"inLanguage\":\"es\",\"potentialAction\":[{\"@type\":\"ReadAction\",\"target\":[\"https:\\\/\\\/lospoliticosveracruz.com\\\/?p=56365\"]}]},{\"@type\":\"BreadcrumbList\",\"@id\":\"https:\\\/\\\/lospoliticosveracruz.com\\\/?p=56365#breadcrumb\",\"itemListElement\":[{\"@type\":\"ListItem\",\"position\":1,\"name\":\"Portada\",\"item\":\"https:\\\/\\\/lospoliticosveracruz.com\\\/\"},{\"@type\":\"ListItem\",\"position\":2,\"name\":\"Nuevos partidos pol\u00edticos: el debate\"}]},{\"@type\":\"WebSite\",\"@id\":\"https:\\\/\\\/lospoliticosveracruz.com\\\/#website\",\"url\":\"https:\\\/\\\/lospoliticosveracruz.com\\\/\",\"name\":\"Los pol\u00edticos Veracruz\",\"description\":\"\",\"publisher\":{\"@id\":\"https:\\\/\\\/lospoliticosveracruz.com\\\/#organization\"},\"potentialAction\":[{\"@type\":\"SearchAction\",\"target\":{\"@type\":\"EntryPoint\",\"urlTemplate\":\"https:\\\/\\\/lospoliticosveracruz.com\\\/?s={search_term_string}\"},\"query-input\":{\"@type\":\"PropertyValueSpecification\",\"valueRequired\":true,\"valueName\":\"search_term_string\"}}],\"inLanguage\":\"es\"},{\"@type\":\"Organization\",\"@id\":\"https:\\\/\\\/lospoliticosveracruz.com\\\/#organization\",\"name\":\"Los pol\u00edticos Veracruz\",\"url\":\"https:\\\/\\\/lospoliticosveracruz.com\\\/\",\"logo\":{\"@type\":\"ImageObject\",\"inLanguage\":\"es\",\"@id\":\"https:\\\/\\\/lospoliticosveracruz.com\\\/#\\\/schema\\\/logo\\\/image\\\/\",\"url\":\"https:\\\/\\\/lospoliticosveracruz.com\\\/wp-content\\\/uploads\\\/2025\\\/12\\\/Logo-Nuevo-LOS-POLITICOS-1.jpg\",\"contentUrl\":\"https:\\\/\\\/lospoliticosveracruz.com\\\/wp-content\\\/uploads\\\/2025\\\/12\\\/Logo-Nuevo-LOS-POLITICOS-1.jpg\",\"width\":260,\"height\":70,\"caption\":\"Los pol\u00edticos Veracruz\"},\"image\":{\"@id\":\"https:\\\/\\\/lospoliticosveracruz.com\\\/#\\\/schema\\\/logo\\\/image\\\/\"},\"sameAs\":[\"https:\\\/\\\/www.facebook.com\\\/people\\\/Notimemes-de-los-Polticos\\\/61565672886568\\\/\",\"https:\\\/\\\/x.com\\\/LosPoliticosVer\"]},{\"@type\":\"Person\",\"@id\":\"https:\\\/\\\/lospoliticosveracruz.com\\\/#\\\/schema\\\/person\\\/b8702bb0e538456e6efd07080bf2a4a2\",\"name\":\"Lo viste en Los Pol\u00edticos\",\"image\":{\"@type\":\"ImageObject\",\"inLanguage\":\"es\",\"@id\":\"https:\\\/\\\/secure.gravatar.com\\\/avatar\\\/3a8de04a2656d44082be478bd6c086daa447c4651605818287b9532d3d0bd435?s=96&d=mm&r=g\",\"url\":\"https:\\\/\\\/secure.gravatar.com\\\/avatar\\\/3a8de04a2656d44082be478bd6c086daa447c4651605818287b9532d3d0bd435?s=96&d=mm&r=g\",\"contentUrl\":\"https:\\\/\\\/secure.gravatar.com\\\/avatar\\\/3a8de04a2656d44082be478bd6c086daa447c4651605818287b9532d3d0bd435?s=96&d=mm&r=g\",\"caption\":\"Lo viste en Los Pol\u00edticos\"},\"url\":\"https:\\\/\\\/lospoliticosveracruz.com\\\/?author=2\"}]}<\/script>\n<!-- \/ Yoast SEO plugin. -->","yoast_head_json":{"title":"Nuevos partidos pol\u00edticos: el debate - Los pol\u00edticos Veracruz","robots":{"index":"index","follow":"follow","max-snippet":"max-snippet:-1","max-image-preview":"max-image-preview:large","max-video-preview":"max-video-preview:-1"},"canonical":"https:\/\/lospoliticosveracruz.com\/?p=56365","og_locale":"es_ES","og_type":"article","og_title":"Nuevos partidos pol\u00edticos: el debate - Los pol\u00edticos Veracruz","og_description":"Froyl\u00e1n Ram\u00edrez Lara Debemos empezar por asimilar, que se hace necesario el debate a fondo y sin concesiones como caracter\u00edstica principal en todas las democracias representativas, principalmente para defender el patrimonio com\u00fan de los ciudadanos en la vertiente pol\u00edtica:\u00a0 o sea, las instituciones republicanas, comenzando por el sistema de partidos pol\u00edticos; un sistema que hace [&hellip;]","og_url":"https:\/\/lospoliticosveracruz.com\/?p=56365","og_site_name":"Los pol\u00edticos Veracruz","article_publisher":"https:\/\/www.facebook.com\/people\/Notimemes-de-los-Polticos\/61565672886568\/","article_published_time":"2020-06-20T17:58:31+00:00","og_image":[{"width":200,"height":200,"url":"https:\/\/lospoliticosveracruz.com\/wp-content\/uploads\/2016\/07\/Logo-Dor.jpg","type":"image\/jpeg"}],"author":"Lo viste en Los Pol\u00edticos","twitter_card":"summary_large_image","twitter_creator":"@LosPoliticosVer","twitter_site":"@LosPoliticosVer","twitter_misc":{"Escrito por":"Lo viste en Los Pol\u00edticos","Tiempo de lectura":"2 minutos"},"schema":{"@context":"https:\/\/schema.org","@graph":[{"@type":"Article","@id":"https:\/\/lospoliticosveracruz.com\/?p=56365#article","isPartOf":{"@id":"https:\/\/lospoliticosveracruz.com\/?p=56365"},"author":{"name":"Lo viste en Los Pol\u00edticos","@id":"https:\/\/lospoliticosveracruz.com\/#\/schema\/person\/b8702bb0e538456e6efd07080bf2a4a2"},"headline":"Nuevos partidos pol\u00edticos: el debate","datePublished":"2020-06-20T17:58:31+00:00","mainEntityOfPage":{"@id":"https:\/\/lospoliticosveracruz.com\/?p=56365"},"wordCount":497,"commentCount":0,"publisher":{"@id":"https:\/\/lospoliticosveracruz.com\/#organization"},"keywords":["Froyl\u00e1n Ram\u00edrez Lara","Norberto Bobbio","partidos pol\u00edticos","Podemos","Todos por Veracruz","Unidad Ciudadana","Veracruz"],"articleSection":["De Opini\u00f3n"],"inLanguage":"es","potentialAction":[{"@type":"CommentAction","name":"Comment","target":["https:\/\/lospoliticosveracruz.com\/?p=56365#respond"]}]},{"@type":"WebPage","@id":"https:\/\/lospoliticosveracruz.com\/?p=56365","url":"https:\/\/lospoliticosveracruz.com\/?p=56365","name":"Nuevos partidos pol\u00edticos: el debate - Los pol\u00edticos Veracruz","isPartOf":{"@id":"https:\/\/lospoliticosveracruz.com\/#website"},"datePublished":"2020-06-20T17:58:31+00:00","breadcrumb":{"@id":"https:\/\/lospoliticosveracruz.com\/?p=56365#breadcrumb"},"inLanguage":"es","potentialAction":[{"@type":"ReadAction","target":["https:\/\/lospoliticosveracruz.com\/?p=56365"]}]},{"@type":"BreadcrumbList","@id":"https:\/\/lospoliticosveracruz.com\/?p=56365#breadcrumb","itemListElement":[{"@type":"ListItem","position":1,"name":"Portada","item":"https:\/\/lospoliticosveracruz.com\/"},{"@type":"ListItem","position":2,"name":"Nuevos partidos pol\u00edticos: el debate"}]},{"@type":"WebSite","@id":"https:\/\/lospoliticosveracruz.com\/#website","url":"https:\/\/lospoliticosveracruz.com\/","name":"Los pol\u00edticos Veracruz","description":"","publisher":{"@id":"https:\/\/lospoliticosveracruz.com\/#organization"},"potentialAction":[{"@type":"SearchAction","target":{"@type":"EntryPoint","urlTemplate":"https:\/\/lospoliticosveracruz.com\/?s={search_term_string}"},"query-input":{"@type":"PropertyValueSpecification","valueRequired":true,"valueName":"search_term_string"}}],"inLanguage":"es"},{"@type":"Organization","@id":"https:\/\/lospoliticosveracruz.com\/#organization","name":"Los pol\u00edticos Veracruz","url":"https:\/\/lospoliticosveracruz.com\/","logo":{"@type":"ImageObject","inLanguage":"es","@id":"https:\/\/lospoliticosveracruz.com\/#\/schema\/logo\/image\/","url":"https:\/\/lospoliticosveracruz.com\/wp-content\/uploads\/2025\/12\/Logo-Nuevo-LOS-POLITICOS-1.jpg","contentUrl":"https:\/\/lospoliticosveracruz.com\/wp-content\/uploads\/2025\/12\/Logo-Nuevo-LOS-POLITICOS-1.jpg","width":260,"height":70,"caption":"Los pol\u00edticos Veracruz"},"image":{"@id":"https:\/\/lospoliticosveracruz.com\/#\/schema\/logo\/image\/"},"sameAs":["https:\/\/www.facebook.com\/people\/Notimemes-de-los-Polticos\/61565672886568\/","https:\/\/x.com\/LosPoliticosVer"]},{"@type":"Person","@id":"https:\/\/lospoliticosveracruz.com\/#\/schema\/person\/b8702bb0e538456e6efd07080bf2a4a2","name":"Lo viste en Los Pol\u00edticos","image":{"@type":"ImageObject","inLanguage":"es","@id":"https:\/\/secure.gravatar.com\/avatar\/3a8de04a2656d44082be478bd6c086daa447c4651605818287b9532d3d0bd435?s=96&d=mm&r=g","url":"https:\/\/secure.gravatar.com\/avatar\/3a8de04a2656d44082be478bd6c086daa447c4651605818287b9532d3d0bd435?s=96&d=mm&r=g","contentUrl":"https:\/\/secure.gravatar.com\/avatar\/3a8de04a2656d44082be478bd6c086daa447c4651605818287b9532d3d0bd435?s=96&d=mm&r=g","caption":"Lo viste en Los Pol\u00edticos"},"url":"https:\/\/lospoliticosveracruz.com\/?author=2"}]}},"_links":{"self":[{"href":"https:\/\/lospoliticosveracruz.com\/index.php?rest_route=\/wp\/v2\/posts\/56365","targetHints":{"allow":["GET"]}}],"collection":[{"href":"https:\/\/lospoliticosveracruz.com\/index.php?rest_route=\/wp\/v2\/posts"}],"about":[{"href":"https:\/\/lospoliticosveracruz.com\/index.php?rest_route=\/wp\/v2\/types\/post"}],"author":[{"embeddable":true,"href":"https:\/\/lospoliticosveracruz.com\/index.php?rest_route=\/wp\/v2\/users\/2"}],"replies":[{"embeddable":true,"href":"https:\/\/lospoliticosveracruz.com\/index.php?rest_route=%2Fwp%2Fv2%2Fcomments&post=56365"}],"version-history":[{"count":1,"href":"https:\/\/lospoliticosveracruz.com\/index.php?rest_route=\/wp\/v2\/posts\/56365\/revisions"}],"predecessor-version":[{"id":56367,"href":"https:\/\/lospoliticosveracruz.com\/index.php?rest_route=\/wp\/v2\/posts\/56365\/revisions\/56367"}],"wp:attachment":[{"href":"https:\/\/lospoliticosveracruz.com\/index.php?rest_route=%2Fwp%2Fv2%2Fmedia&parent=56365"}],"wp:term":[{"taxonomy":"category","embeddable":true,"href":"https:\/\/lospoliticosveracruz.com\/index.php?rest_route=%2Fwp%2Fv2%2Fcategories&post=56365"},{"taxonomy":"post_tag","embeddable":true,"href":"https:\/\/lospoliticosveracruz.com\/index.php?rest_route=%2Fwp%2Fv2%2Ftags&post=56365"}],"curies":[{"name":"wp","href":"https:\/\/api.w.org\/{rel}","templated":true}]}}