{"id":56417,"date":"2020-06-22T08:41:54","date_gmt":"2020-06-22T13:41:54","guid":{"rendered":"http:\/\/www.lospoliticosveracruz.com.mx\/?p=56417"},"modified":"2020-06-22T08:41:54","modified_gmt":"2020-06-22T13:41:54","slug":"morena-y-sus-cartas-para-coatepec","status":"publish","type":"post","link":"https:\/\/lospoliticosveracruz.com\/?p=56417","title":{"rendered":"Morena y sus cartas para Coatepec"},"content":{"rendered":"<p><strong>Luis Alberto Romero<\/strong><\/p>\n<p><em>Hora cero<\/em><\/p>\n<p>El proceso electoral para renovar presidencias municipales, diputaciones locales y federales est\u00e1 a la vuelta de la esquina.<\/p>\n<p>Los aspirantes a las candidaturas de sus respectivos partidos ya se mueven y sostienen reuniones de forma discreta para evitar alg\u00fan se\u00f1alamiento por adelantarse a los tiempos establecidos en la ley.<\/p>\n<p>Hay otros personajes pol\u00edticos que se aprovechan de sus actuales cargos para promoverse entre la poblaci\u00f3n en su intenci\u00f3n de brincar a un puesto de elecci\u00f3n popular.<\/p>\n<p>Por ejemplo, en Coatepec hay varios aspirantes de Morena que actualmente ostentan un cargo y quieren otro.<\/p>\n<p>Es el caso del diputado local morenista por ese distrito, Raymundo Andrade Rivera, quien por segunda ocasi\u00f3n busca ser alcalde; en 2017 compiti\u00f3 y perdi\u00f3 contra el actual presidente municipal, Luis Enrique Fern\u00e1ndez Peredo.<\/p>\n<p>Otro caso es el de la diputada federal por ese distrito, Carmen Mora Garc\u00eda, quien tambi\u00e9n aspira a la presidencia municipal. En este lugar, por cierto, se comenta que la legisladora estar\u00eda impulsando a su hijo, ya sea para la alcald\u00eda o para la diputaci\u00f3n local.<\/p>\n<p>Un tercer caso es el del actual delegado regional de Programas de Desarrollo del Gobierno Federal, Adri\u00e1n Gonz\u00e1lez Naveda, quien aspira a ser el candidato a la diputaci\u00f3n federal y relevar en el cargo a Carmen Mora.<\/p>\n<p>As\u00ed como ellos, m\u00e1s pol\u00edticos de otros partidos que son o fueron servidores p\u00fablicos, buscan repetir en el cargo o estrenar otro, pues aplican aquella vieja m\u00e1xima de que vivir fuera del presupuesto es vivir en el error.<\/p>\n<p>Lo cierto es que dado el lamentable papel que realizan las actuales autoridades municipales panistas de Coatepec, Morena tiene todo para ganar la elecci\u00f3n local, independientemente del candidato que decida enviar al proceso.<\/p>\n<p>Habr\u00eda que decir que los tres nombres que se manejan, la diputada local, el legislador federal y el funcionario responsable del manejo de los programas, cuentan con suficiente trabajo en las bases para superar el reto.<\/p>\n<p>Por otro lado, el trabajo del actual alcalde se convertir\u00e1 en un verdadero lastre para Acci\u00f3n Nacional, en el intento por mantener ese ayuntamiento; en Coatepec no hay obra p\u00fablica importante; la autoridad parece ausente y, peor todav\u00eda, el mal servicio de limpia p\u00fabica provoca indignaci\u00f3n entre la gente del lugar.<\/p>\n<p>Si a ese p\u00e9simo trabajo municipal se suma la labor que realizan las principales cartas de Morena, no deber\u00eda extra\u00f1ar que el pr\u00f3ximo candidato panista tenga que remar a contracorriente en una elecci\u00f3n que parecer\u00eda una misi\u00f3n imposible.<\/p>\n<p>La ecuaci\u00f3n parece simple: un alcalde con una buena administraci\u00f3n pavimenta el camino para los candidatos de su partido; en sentido contrario: un gobierno municipal mal evaluado por la poblaci\u00f3n, con mala imagen y cuestionado trabajo \u2013como el caso de Coatepec\u2013, terminar\u00e1 por hundir a quienes aparecer\u00e1n en las boletas electorales de 2021 con sus mismas siglas.<\/p>\n<p>Al final, resulta curioso que el principal impulsor, el involuntario aliado de los posibles abanderados de Morena en Coatepec sea panista y despache actualmente en Palacio Municipal. @luisromero85<\/p>\n","protected":false},"excerpt":{"rendered":"<p>Luis Alberto Romero Hora cero El proceso electoral para renovar presidencias municipales, diputaciones locales y federales est\u00e1 a la vuelta de la esquina. Los aspirantes a las candidaturas de sus respectivos partidos ya se mueven y sostienen reuniones de forma discreta para evitar alg\u00fan se\u00f1alamiento por adelantarse a los tiempos establecidos en la ley. Hay [&hellip;]<\/p>\n","protected":false},"author":2,"featured_media":0,"comment_status":"open","ping_status":"open","sticky":false,"template":"","format":"standard","meta":{"tdm_status":"","tdm_grid_status":"","footnotes":""},"categories":[70],"tags":[18598,12675,277,18757,3681,2669,8207,1026,8016,16229,13203],"class_list":{"0":"post-56417","1":"post","2":"type-post","3":"status-publish","4":"format-standard","6":"category-de-opinion","7":"tag-adrian-gonzalez-naveda","8":"tag-carmen-mora-garcia","9":"tag-coatepec","10":"tag-diputaciones-federales","11":"tag-diputaciones-locales","12":"tag-luis-alberto-romero","13":"tag-luis-enrique-fernandez-peredo","14":"tag-morena","15":"tag-presidencias-municipales","16":"tag-presidente-municipal","17":"tag-raymundo-andrade-rivera"},"yoast_head":"<!-- This site is optimized with the Yoast SEO plugin v27.4 - https:\/\/yoast.com\/product\/yoast-seo-wordpress\/ -->\n<title>Morena y sus cartas para Coatepec - Los pol\u00edticos Veracruz<\/title>\n<meta name=\"robots\" content=\"index, follow, max-snippet:-1, max-image-preview:large, max-video-preview:-1\" \/>\n<link rel=\"canonical\" href=\"https:\/\/lospoliticosveracruz.com\/?p=56417\" \/>\n<meta property=\"og:locale\" content=\"es_ES\" \/>\n<meta property=\"og:type\" content=\"article\" \/>\n<meta property=\"og:title\" content=\"Morena y sus cartas para Coatepec - Los pol\u00edticos Veracruz\" \/>\n<meta property=\"og:description\" content=\"Luis Alberto Romero Hora cero El proceso electoral para renovar presidencias municipales, diputaciones locales y federales est\u00e1 a la vuelta de la esquina. Los aspirantes a las candidaturas de sus respectivos partidos ya se mueven y sostienen reuniones de forma discreta para evitar alg\u00fan se\u00f1alamiento por adelantarse a los tiempos establecidos en la ley. Hay [&hellip;]\" \/>\n<meta property=\"og:url\" content=\"https:\/\/lospoliticosveracruz.com\/?p=56417\" \/>\n<meta property=\"og:site_name\" content=\"Los pol\u00edticos Veracruz\" \/>\n<meta property=\"article:publisher\" content=\"https:\/\/www.facebook.com\/people\/Notimemes-de-los-Polticos\/61565672886568\/\" \/>\n<meta property=\"article:published_time\" content=\"2020-06-22T13:41:54+00:00\" \/>\n<meta property=\"og:image\" content=\"https:\/\/lospoliticosveracruz.com\/wp-content\/uploads\/2016\/07\/Logo-Dor.jpg\" \/>\n\t<meta property=\"og:image:width\" content=\"200\" \/>\n\t<meta property=\"og:image:height\" content=\"200\" \/>\n\t<meta property=\"og:image:type\" content=\"image\/jpeg\" \/>\n<meta name=\"author\" content=\"Lo viste en Los Pol\u00edticos\" \/>\n<meta name=\"twitter:card\" content=\"summary_large_image\" \/>\n<meta name=\"twitter:creator\" content=\"@LosPoliticosVer\" \/>\n<meta name=\"twitter:site\" content=\"@LosPoliticosVer\" \/>\n<meta name=\"twitter:label1\" content=\"Escrito por\" \/>\n\t<meta name=\"twitter:data1\" content=\"Lo viste en Los Pol\u00edticos\" \/>\n\t<meta name=\"twitter:label2\" content=\"Tiempo de lectura\" \/>\n\t<meta name=\"twitter:data2\" content=\"3 minutos\" \/>\n<script type=\"application\/ld+json\" class=\"yoast-schema-graph\">{\"@context\":\"https:\\\/\\\/schema.org\",\"@graph\":[{\"@type\":\"Article\",\"@id\":\"https:\\\/\\\/lospoliticosveracruz.com\\\/?p=56417#article\",\"isPartOf\":{\"@id\":\"https:\\\/\\\/lospoliticosveracruz.com\\\/?p=56417\"},\"author\":{\"name\":\"Lo viste en Los Pol\u00edticos\",\"@id\":\"https:\\\/\\\/lospoliticosveracruz.com\\\/#\\\/schema\\\/person\\\/b8702bb0e538456e6efd07080bf2a4a2\"},\"headline\":\"Morena y sus cartas para Coatepec\",\"datePublished\":\"2020-06-22T13:41:54+00:00\",\"mainEntityOfPage\":{\"@id\":\"https:\\\/\\\/lospoliticosveracruz.com\\\/?p=56417\"},\"wordCount\":538,\"commentCount\":0,\"publisher\":{\"@id\":\"https:\\\/\\\/lospoliticosveracruz.com\\\/#organization\"},\"keywords\":[\"Adri\u00e1n Gonz\u00e1lez Naveda\",\"Carmen Mora Garc\u00eda\",\"Coatepec\",\"diputaciones federales\",\"Diputaciones Locales\",\"Luis Alberto Romero\",\"Luis Enrique Fern\u00e1ndez Peredo\",\"Morena\",\"Presidencias municipales\",\"Presidente municipal\",\"Raymundo Andrade Rivera\"],\"articleSection\":[\"De Opini\u00f3n\"],\"inLanguage\":\"es\",\"potentialAction\":[{\"@type\":\"CommentAction\",\"name\":\"Comment\",\"target\":[\"https:\\\/\\\/lospoliticosveracruz.com\\\/?p=56417#respond\"]}]},{\"@type\":\"WebPage\",\"@id\":\"https:\\\/\\\/lospoliticosveracruz.com\\\/?p=56417\",\"url\":\"https:\\\/\\\/lospoliticosveracruz.com\\\/?p=56417\",\"name\":\"Morena y sus cartas para Coatepec - Los pol\u00edticos Veracruz\",\"isPartOf\":{\"@id\":\"https:\\\/\\\/lospoliticosveracruz.com\\\/#website\"},\"datePublished\":\"2020-06-22T13:41:54+00:00\",\"breadcrumb\":{\"@id\":\"https:\\\/\\\/lospoliticosveracruz.com\\\/?p=56417#breadcrumb\"},\"inLanguage\":\"es\",\"potentialAction\":[{\"@type\":\"ReadAction\",\"target\":[\"https:\\\/\\\/lospoliticosveracruz.com\\\/?p=56417\"]}]},{\"@type\":\"BreadcrumbList\",\"@id\":\"https:\\\/\\\/lospoliticosveracruz.com\\\/?p=56417#breadcrumb\",\"itemListElement\":[{\"@type\":\"ListItem\",\"position\":1,\"name\":\"Portada\",\"item\":\"https:\\\/\\\/lospoliticosveracruz.com\\\/\"},{\"@type\":\"ListItem\",\"position\":2,\"name\":\"Morena y sus cartas para Coatepec\"}]},{\"@type\":\"WebSite\",\"@id\":\"https:\\\/\\\/lospoliticosveracruz.com\\\/#website\",\"url\":\"https:\\\/\\\/lospoliticosveracruz.com\\\/\",\"name\":\"Los pol\u00edticos Veracruz\",\"description\":\"\",\"publisher\":{\"@id\":\"https:\\\/\\\/lospoliticosveracruz.com\\\/#organization\"},\"potentialAction\":[{\"@type\":\"SearchAction\",\"target\":{\"@type\":\"EntryPoint\",\"urlTemplate\":\"https:\\\/\\\/lospoliticosveracruz.com\\\/?s={search_term_string}\"},\"query-input\":{\"@type\":\"PropertyValueSpecification\",\"valueRequired\":true,\"valueName\":\"search_term_string\"}}],\"inLanguage\":\"es\"},{\"@type\":\"Organization\",\"@id\":\"https:\\\/\\\/lospoliticosveracruz.com\\\/#organization\",\"name\":\"Los pol\u00edticos Veracruz\",\"url\":\"https:\\\/\\\/lospoliticosveracruz.com\\\/\",\"logo\":{\"@type\":\"ImageObject\",\"inLanguage\":\"es\",\"@id\":\"https:\\\/\\\/lospoliticosveracruz.com\\\/#\\\/schema\\\/logo\\\/image\\\/\",\"url\":\"https:\\\/\\\/lospoliticosveracruz.com\\\/wp-content\\\/uploads\\\/2025\\\/12\\\/Logo-Nuevo-LOS-POLITICOS-1.jpg\",\"contentUrl\":\"https:\\\/\\\/lospoliticosveracruz.com\\\/wp-content\\\/uploads\\\/2025\\\/12\\\/Logo-Nuevo-LOS-POLITICOS-1.jpg\",\"width\":260,\"height\":70,\"caption\":\"Los pol\u00edticos Veracruz\"},\"image\":{\"@id\":\"https:\\\/\\\/lospoliticosveracruz.com\\\/#\\\/schema\\\/logo\\\/image\\\/\"},\"sameAs\":[\"https:\\\/\\\/www.facebook.com\\\/people\\\/Notimemes-de-los-Polticos\\\/61565672886568\\\/\",\"https:\\\/\\\/x.com\\\/LosPoliticosVer\"]},{\"@type\":\"Person\",\"@id\":\"https:\\\/\\\/lospoliticosveracruz.com\\\/#\\\/schema\\\/person\\\/b8702bb0e538456e6efd07080bf2a4a2\",\"name\":\"Lo viste en Los Pol\u00edticos\",\"image\":{\"@type\":\"ImageObject\",\"inLanguage\":\"es\",\"@id\":\"https:\\\/\\\/secure.gravatar.com\\\/avatar\\\/3a8de04a2656d44082be478bd6c086daa447c4651605818287b9532d3d0bd435?s=96&d=mm&r=g\",\"url\":\"https:\\\/\\\/secure.gravatar.com\\\/avatar\\\/3a8de04a2656d44082be478bd6c086daa447c4651605818287b9532d3d0bd435?s=96&d=mm&r=g\",\"contentUrl\":\"https:\\\/\\\/secure.gravatar.com\\\/avatar\\\/3a8de04a2656d44082be478bd6c086daa447c4651605818287b9532d3d0bd435?s=96&d=mm&r=g\",\"caption\":\"Lo viste en Los Pol\u00edticos\"},\"url\":\"https:\\\/\\\/lospoliticosveracruz.com\\\/?author=2\"}]}<\/script>\n<!-- \/ Yoast SEO plugin. -->","yoast_head_json":{"title":"Morena y sus cartas para Coatepec - Los pol\u00edticos Veracruz","robots":{"index":"index","follow":"follow","max-snippet":"max-snippet:-1","max-image-preview":"max-image-preview:large","max-video-preview":"max-video-preview:-1"},"canonical":"https:\/\/lospoliticosveracruz.com\/?p=56417","og_locale":"es_ES","og_type":"article","og_title":"Morena y sus cartas para Coatepec - Los pol\u00edticos Veracruz","og_description":"Luis Alberto Romero Hora cero El proceso electoral para renovar presidencias municipales, diputaciones locales y federales est\u00e1 a la vuelta de la esquina. Los aspirantes a las candidaturas de sus respectivos partidos ya se mueven y sostienen reuniones de forma discreta para evitar alg\u00fan se\u00f1alamiento por adelantarse a los tiempos establecidos en la ley. Hay [&hellip;]","og_url":"https:\/\/lospoliticosveracruz.com\/?p=56417","og_site_name":"Los pol\u00edticos Veracruz","article_publisher":"https:\/\/www.facebook.com\/people\/Notimemes-de-los-Polticos\/61565672886568\/","article_published_time":"2020-06-22T13:41:54+00:00","og_image":[{"width":200,"height":200,"url":"https:\/\/lospoliticosveracruz.com\/wp-content\/uploads\/2016\/07\/Logo-Dor.jpg","type":"image\/jpeg"}],"author":"Lo viste en Los Pol\u00edticos","twitter_card":"summary_large_image","twitter_creator":"@LosPoliticosVer","twitter_site":"@LosPoliticosVer","twitter_misc":{"Escrito por":"Lo viste en Los Pol\u00edticos","Tiempo de lectura":"3 minutos"},"schema":{"@context":"https:\/\/schema.org","@graph":[{"@type":"Article","@id":"https:\/\/lospoliticosveracruz.com\/?p=56417#article","isPartOf":{"@id":"https:\/\/lospoliticosveracruz.com\/?p=56417"},"author":{"name":"Lo viste en Los Pol\u00edticos","@id":"https:\/\/lospoliticosveracruz.com\/#\/schema\/person\/b8702bb0e538456e6efd07080bf2a4a2"},"headline":"Morena y sus cartas para Coatepec","datePublished":"2020-06-22T13:41:54+00:00","mainEntityOfPage":{"@id":"https:\/\/lospoliticosveracruz.com\/?p=56417"},"wordCount":538,"commentCount":0,"publisher":{"@id":"https:\/\/lospoliticosveracruz.com\/#organization"},"keywords":["Adri\u00e1n Gonz\u00e1lez Naveda","Carmen Mora Garc\u00eda","Coatepec","diputaciones federales","Diputaciones Locales","Luis Alberto Romero","Luis Enrique Fern\u00e1ndez Peredo","Morena","Presidencias municipales","Presidente municipal","Raymundo Andrade Rivera"],"articleSection":["De Opini\u00f3n"],"inLanguage":"es","potentialAction":[{"@type":"CommentAction","name":"Comment","target":["https:\/\/lospoliticosveracruz.com\/?p=56417#respond"]}]},{"@type":"WebPage","@id":"https:\/\/lospoliticosveracruz.com\/?p=56417","url":"https:\/\/lospoliticosveracruz.com\/?p=56417","name":"Morena y sus cartas para Coatepec - Los pol\u00edticos Veracruz","isPartOf":{"@id":"https:\/\/lospoliticosveracruz.com\/#website"},"datePublished":"2020-06-22T13:41:54+00:00","breadcrumb":{"@id":"https:\/\/lospoliticosveracruz.com\/?p=56417#breadcrumb"},"inLanguage":"es","potentialAction":[{"@type":"ReadAction","target":["https:\/\/lospoliticosveracruz.com\/?p=56417"]}]},{"@type":"BreadcrumbList","@id":"https:\/\/lospoliticosveracruz.com\/?p=56417#breadcrumb","itemListElement":[{"@type":"ListItem","position":1,"name":"Portada","item":"https:\/\/lospoliticosveracruz.com\/"},{"@type":"ListItem","position":2,"name":"Morena y sus cartas para Coatepec"}]},{"@type":"WebSite","@id":"https:\/\/lospoliticosveracruz.com\/#website","url":"https:\/\/lospoliticosveracruz.com\/","name":"Los pol\u00edticos Veracruz","description":"","publisher":{"@id":"https:\/\/lospoliticosveracruz.com\/#organization"},"potentialAction":[{"@type":"SearchAction","target":{"@type":"EntryPoint","urlTemplate":"https:\/\/lospoliticosveracruz.com\/?s={search_term_string}"},"query-input":{"@type":"PropertyValueSpecification","valueRequired":true,"valueName":"search_term_string"}}],"inLanguage":"es"},{"@type":"Organization","@id":"https:\/\/lospoliticosveracruz.com\/#organization","name":"Los pol\u00edticos Veracruz","url":"https:\/\/lospoliticosveracruz.com\/","logo":{"@type":"ImageObject","inLanguage":"es","@id":"https:\/\/lospoliticosveracruz.com\/#\/schema\/logo\/image\/","url":"https:\/\/lospoliticosveracruz.com\/wp-content\/uploads\/2025\/12\/Logo-Nuevo-LOS-POLITICOS-1.jpg","contentUrl":"https:\/\/lospoliticosveracruz.com\/wp-content\/uploads\/2025\/12\/Logo-Nuevo-LOS-POLITICOS-1.jpg","width":260,"height":70,"caption":"Los pol\u00edticos Veracruz"},"image":{"@id":"https:\/\/lospoliticosveracruz.com\/#\/schema\/logo\/image\/"},"sameAs":["https:\/\/www.facebook.com\/people\/Notimemes-de-los-Polticos\/61565672886568\/","https:\/\/x.com\/LosPoliticosVer"]},{"@type":"Person","@id":"https:\/\/lospoliticosveracruz.com\/#\/schema\/person\/b8702bb0e538456e6efd07080bf2a4a2","name":"Lo viste en Los Pol\u00edticos","image":{"@type":"ImageObject","inLanguage":"es","@id":"https:\/\/secure.gravatar.com\/avatar\/3a8de04a2656d44082be478bd6c086daa447c4651605818287b9532d3d0bd435?s=96&d=mm&r=g","url":"https:\/\/secure.gravatar.com\/avatar\/3a8de04a2656d44082be478bd6c086daa447c4651605818287b9532d3d0bd435?s=96&d=mm&r=g","contentUrl":"https:\/\/secure.gravatar.com\/avatar\/3a8de04a2656d44082be478bd6c086daa447c4651605818287b9532d3d0bd435?s=96&d=mm&r=g","caption":"Lo viste en Los Pol\u00edticos"},"url":"https:\/\/lospoliticosveracruz.com\/?author=2"}]}},"_links":{"self":[{"href":"https:\/\/lospoliticosveracruz.com\/index.php?rest_route=\/wp\/v2\/posts\/56417","targetHints":{"allow":["GET"]}}],"collection":[{"href":"https:\/\/lospoliticosveracruz.com\/index.php?rest_route=\/wp\/v2\/posts"}],"about":[{"href":"https:\/\/lospoliticosveracruz.com\/index.php?rest_route=\/wp\/v2\/types\/post"}],"author":[{"embeddable":true,"href":"https:\/\/lospoliticosveracruz.com\/index.php?rest_route=\/wp\/v2\/users\/2"}],"replies":[{"embeddable":true,"href":"https:\/\/lospoliticosveracruz.com\/index.php?rest_route=%2Fwp%2Fv2%2Fcomments&post=56417"}],"version-history":[{"count":1,"href":"https:\/\/lospoliticosveracruz.com\/index.php?rest_route=\/wp\/v2\/posts\/56417\/revisions"}],"predecessor-version":[{"id":56419,"href":"https:\/\/lospoliticosveracruz.com\/index.php?rest_route=\/wp\/v2\/posts\/56417\/revisions\/56419"}],"wp:attachment":[{"href":"https:\/\/lospoliticosveracruz.com\/index.php?rest_route=%2Fwp%2Fv2%2Fmedia&parent=56417"}],"wp:term":[{"taxonomy":"category","embeddable":true,"href":"https:\/\/lospoliticosveracruz.com\/index.php?rest_route=%2Fwp%2Fv2%2Fcategories&post=56417"},{"taxonomy":"post_tag","embeddable":true,"href":"https:\/\/lospoliticosveracruz.com\/index.php?rest_route=%2Fwp%2Fv2%2Ftags&post=56417"}],"curies":[{"name":"wp","href":"https:\/\/api.w.org\/{rel}","templated":true}]}}