{"id":56472,"date":"2020-06-23T09:38:24","date_gmt":"2020-06-23T14:38:24","guid":{"rendered":"http:\/\/www.lospoliticosveracruz.com.mx\/?p=56472"},"modified":"2020-06-23T09:38:49","modified_gmt":"2020-06-23T14:38:49","slug":"sin-empleo-salario-y-prestaciones-crece-desastre-economico","status":"publish","type":"post","link":"https:\/\/lospoliticosveracruz.com\/?p=56472","title":{"rendered":"Sin empleo, salario y prestaciones, crece desastre econ\u00f3mico"},"content":{"rendered":"<p><strong>Rafael Arias Hern\u00e1ndez<\/strong><\/p>\n<p>M\u00e1s pobres, inseguros, aislados y aterrorizados. Siguen y aumentan, crisis econ\u00f3mica, financiera e institucional.<\/p>\n<p>Agradezco su tiempo a mis contados y pacientes lectores. De ellos, el estimado y reconocido maestro Jos\u00e9 Pablo Robles, \u00a0quien se\u00f1ala la importancia de la cr\u00edtica constructiva y llama la atenci\u00f3n de aspectos determinantes, que con frecuencia abordo, \u00a0vinculados con las causas de la dif\u00edcil situaci\u00f3n gubernamental y social que se padece, particularmente en el sector salud.<\/p>\n<p>Creo que vale la pena adentrarse al tema, porque literalmente es asunto de vida y muerte.<\/p>\n<p>As\u00ed que, si me lo permiten, en la pr\u00f3xima entrega regresaremos al sector salud.<\/p>\n<p>Fortalecer di\u00e1logo y debate es parte del gran reto en el ejercicio de la comunicaci\u00f3n responsable.<\/p>\n<p>GOBIERNOS DE DESEMLEO, POBREZA E INSEGURIDAD<\/p>\n<p>Ah\u00ed est\u00e1n los hechos, del hoy y aqu\u00ed.<\/p>\n<p>Como parte de la crisis econ\u00f3mica heredada, el Gobierno del Estado de Veracruz, recibi\u00f3\u00a0 752, 659 empleos formales registrados en el IMSS, en diciembre del 2018.<\/p>\n<p>Para abril del 2020, se reportan 744, 520.<\/p>\n<p>Luego entonces, crece tama\u00f1o del da\u00f1o. Se han perdido a esta fecha, 8,139 fuentes de trabajo, lo cual sin duda contribuye al desempleo.<\/p>\n<p>Debe se\u00f1alarse que las variaciones mensuales son diferentes, a veces aumentan y a veces disminuyen, pero en general el esfuerzo ha sido y es insuficiente. Las becas y subsidios oficiales son importantes respuestas, muchas de emergencia o contenci\u00f3n, pero tambi\u00e9n insuficientes. En todo caso, unas y otros, requieren fuentes de sustentaci\u00f3n o financiamiento, de fiscalizaci\u00f3n y evaluaci\u00f3n.<\/p>\n<p>En Veracruz,\u00a0 como en muchas partes del pa\u00eds,\u00a0 desde diciembre de 2018, persisten tanto la insuficiencia en la creaci\u00f3n, como la p\u00e9rdida de fuentes de trabajo existentes. Adem\u00e1s, prevalecen los bajos salarios e ingresos, y la falta de prestaciones sociales.<\/p>\n<p>Habr\u00eda que tener en cuenta que el crecimiento de poblaci\u00f3n, concretamente la de 15 a\u00f1os y m\u00e1s, genera\u00a0 una demanda de empleo de 59, 939 plazas\u00a0 al a\u00f1o, seg\u00fan la encuesta de ocupaci\u00f3n y empleo, ENOE 2019.<\/p>\n<p>As\u00ed que, Veracruz exige casi 60 mil nuevas plazas al a\u00f1o, m\u00e1s las necesarias para \u00a0rezagos acumulados no atendidos.<\/p>\n<p>Oportuno comentar que, \u00a0en la entidad se localizan casi 2 millones 320 mil ocupados informales.<\/p>\n<p>Veracruz de informales, dos de cada tres trabajadores sobreviven como pueden. La tasa de informalidad laboral ya es de 67.6%.<\/p>\n<p>Adem\u00e1s, en cuanto a poblaci\u00f3n ocupada y tama\u00f1o de unidad econ\u00f3mica, por un lado\u00a0 \u00a0720,846 son del agropecuario (20.9%). Y, por el otro, \u00a02, 476,920 son del no-agropecuario, (72.1%), esto es servicios, comercio, industria, gobierno, etc.<\/p>\n<p>As\u00ed, \u00a0estos 2.4 millones no agropecuarios, a su vez, se dividen en:<\/p>\n<p>1,530, 640 microempresarios.<\/p>\n<p>356,318 peque\u00f1os negocios<\/p>\n<p>155,764 medianos.<\/p>\n<p>117,764 grandes.<\/p>\n<p>139,400 gobierno.<\/p>\n<p>Veracruz, \u00a0de \u00a0microempresarios y peque\u00f1os negocios,casi 1.9 millones. Tiene 3\u00a0 de cada 4, en el \u00e1mbito no-agropecuario.<\/p>\n<p>Y adem\u00e1s, el que m\u00e1s crece, en 2020, es el de Gobierno, con 27.5%\u00a0 respecto al 2019, que ten\u00eda 109,181, al mismo mes.<\/p>\n<p>Importante insistir. No se crean suficientes fuentes de trabajo, ni siquiera para reponer las existentes; eso s\u00ed, se pierden m\u00e1s\u00a0 y, lo que es peor,\u00a0 no se entiende ni se atiende y mucho menos prev\u00e9,\u00a0 la Econom\u00eda y las finanzas p\u00fablicas que, por los efectos de la pandemia, sufrir\u00e1n\u00a0 deterioro y trastorno\u00a0 mayores, ocasionando m\u00e1s pobreza, marginaci\u00f3n , inseguridad e inestabilidad.<\/p>\n<p>Veracruz de bajos salarios. El empobrecimiento sigue. Casi\u00a0 2.2 millones, el 64 %, dos de cada tres de poblaci\u00f3n ocupada, solo reciben hasta dos salarios m\u00ednimos.<\/p>\n<p>B\u00e1sicamente porque est\u00e1n aumentando los de un salario. Y a su vez, est\u00e1n disminuyendo los de salarios mayores.<\/p>\n<p>Solo, 502 mil, el 15%, recibe de dos a cinco salarios.<\/p>\n<p>Y solo aproximadamente\u00a0 59 mil, el 1.7 %, recibe m\u00e1s de cinco salarios.<\/p>\n<p>Veracruz trabajador. M\u00e1s de 971 mil, 28%, tienen jornadas de 48 horas o m\u00e1s. 1 de cada 4 trabajadores, a tiempo m\u00e1ximo.<\/p>\n<p>Veracruz, sin acceso a instituciones de servicios de salud, pues \u00a02.4 millones de poblaci\u00f3n ocupada (73%), as\u00ed se reporta. Solo\u00a0 932 mil, se registran con acceso. Casi 3 de cada 4, sobreviven \u00a0sin esta prestaci\u00f3n b\u00e1sica, seg\u00fan la misma ENOE2020.<\/p>\n<p>Veracruz de pobres. Recu\u00e9rdese que para 2018, de acuerdo a CONEVAL, mucho antes de la pandemia, se detecta en pobreza, poco m\u00e1s de 5 millones,\u00a0 el 62%, casi 2 de cada 3 veracruzanos. De ellos, m\u00e1s de 1.4 millones en pobreza extrema, 17%.<\/p>\n<p>Veracruz de bajos ingresos. Y en cuanto al concepto de poblaci\u00f3n con ingreso inferior a la l\u00ednea de pobreza por ingresos, se tienen 5.6 millones, casi el 68%. Y en\u00a0 l\u00ednea de <strong>pobreza extrema<\/strong> por ingresos, se encuentran 2.6 millones, el 32%.<\/p>\n<p>Altamente recomendable el an\u00e1lisis, del Informe de pobreza y evaluaci\u00f3n 2020, del CONEVAL que, sin duda ser\u00e1 actualizado, ante los efectos de la pandemia,\u00a0 que causa y\u00a0 pronostica una pobreza mayor. Regresaremos al tema.<\/p>\n<p><a href=\"https:\/\/www.coneval.org.mx\/coordinacion\/entidades\/Documents\/Informes_de_pobreza_y_evaluacion_2020_Documentos\/Informe_Veracruz_2020.pdf#search=estado%20de%20veracruz%2C%202019%20Y%202020\">https:\/\/www.coneval.org.mx\/coordinacion\/entidades\/Documents\/Informes_de_pobreza_y_evaluacion_2020_Documentos\/Informe_Veracruz_2020.pdf#search=estado%20de%20veracruz%2C%202019%20Y%202020<\/a><\/p>\n<p>En fin. Sin duda, es un enorme y complejo reto, entender y atener la problem\u00e1tica presente. Pero adem\u00e1s, imposible olvidar o minimizar que ante hechos y resultados, se hacen evidentes y en aumento, tanto\u00a0 ineptitud y corrupci\u00f3n, como ineficiencia y delincuencia gubernamentales. Esto es, \u00a0urgente e imprescindible gobernar al gobierno, en los hechos y resultados.<\/p>\n<p>Cambio real y no simulado de h\u00e1bitos, costumbres y pr\u00e1cticas pol\u00edticas, tanto en el gobierno como entre los ciudadanos y la sociedad en general. Eficiencia contra negligencia, responsabilidad frente a complicidad. Organizaci\u00f3n y capacidad de respuesta y previsi\u00f3n, contra desorden, debilidad institucional e improvisaci\u00f3n.<\/p>\n<p>No hacerlo o hacerlo mal, alienta problemas y \u00a0conflictos sociales. \u00a0Participar y evaluar, permite soluciones y m\u00e1s oportunidades.<\/p>\n<p>Hasta hoy, Veracruz y M\u00e9xico, siguen convertidos en destacados exportadores de pobres, que al no encontrar oportunidades, se ven obligados a emigrar, para poder enviar remesas a sus familiares. Ellos, los pobres exportados, sostienen el m\u00e1s importante programa social de ayuda y apoyo a los pobres.<\/p>\n<p>Con m\u00e1s desempleo, y falta de oportunidades crece crisis econ\u00f3mica y financiera: y tambi\u00e9n inseguridad, corrupci\u00f3n e insuficiencia gubernamental.<\/p>\n<p>A diario, en los hechos, el esfuerzo mayor es de las y los veracruzanos.<\/p>\n<p>&nbsp;<\/p>\n<p>-Acad\u00e9mico. IIESESUV \u00a0Twitter@RafaelAriasH, Facebook:Veracruz HoydeRafaelAriasH<\/p>\n","protected":false},"excerpt":{"rendered":"<p>Rafael Arias Hern\u00e1ndez M\u00e1s pobres, inseguros, aislados y aterrorizados. Siguen y aumentan, crisis econ\u00f3mica, financiera e institucional. Agradezco su tiempo a mis contados y pacientes lectores. De ellos, el estimado y reconocido maestro Jos\u00e9 Pablo Robles, \u00a0quien se\u00f1ala la importancia de la cr\u00edtica constructiva y llama la atenci\u00f3n de aspectos determinantes, que con frecuencia abordo, [&hellip;]<\/p>\n","protected":false},"author":2,"featured_media":0,"comment_status":"open","ping_status":"open","sticky":false,"template":"","format":"standard","meta":{"tdm_status":"","tdm_grid_status":"","footnotes":""},"categories":[70],"tags":[4076,18782,14357,1090,195],"class_list":{"0":"post-56472","1":"post","2":"type-post","3":"status-publish","4":"format-standard","6":"category-de-opinion","7":"tag-gobierno-del-estado","8":"tag-jose-pablo-robles","9":"tag-pobres","10":"tag-sector-salud","11":"tag-veracruz"},"yoast_head":"<!-- This site is optimized with the Yoast SEO plugin v27.4 - https:\/\/yoast.com\/product\/yoast-seo-wordpress\/ -->\n<title>Sin empleo, salario y prestaciones, crece desastre econ\u00f3mico - Los pol\u00edticos Veracruz<\/title>\n<meta name=\"robots\" content=\"index, follow, max-snippet:-1, max-image-preview:large, max-video-preview:-1\" \/>\n<link rel=\"canonical\" href=\"https:\/\/lospoliticosveracruz.com\/?p=56472\" \/>\n<meta property=\"og:locale\" content=\"es_ES\" \/>\n<meta property=\"og:type\" content=\"article\" \/>\n<meta property=\"og:title\" content=\"Sin empleo, salario y prestaciones, crece desastre econ\u00f3mico - Los pol\u00edticos Veracruz\" \/>\n<meta property=\"og:description\" content=\"Rafael Arias Hern\u00e1ndez M\u00e1s pobres, inseguros, aislados y aterrorizados. Siguen y aumentan, crisis econ\u00f3mica, financiera e institucional. Agradezco su tiempo a mis contados y pacientes lectores. De ellos, el estimado y reconocido maestro Jos\u00e9 Pablo Robles, \u00a0quien se\u00f1ala la importancia de la cr\u00edtica constructiva y llama la atenci\u00f3n de aspectos determinantes, que con frecuencia abordo, [&hellip;]\" \/>\n<meta property=\"og:url\" content=\"https:\/\/lospoliticosveracruz.com\/?p=56472\" \/>\n<meta property=\"og:site_name\" content=\"Los pol\u00edticos Veracruz\" \/>\n<meta property=\"article:publisher\" content=\"https:\/\/www.facebook.com\/people\/Notimemes-de-los-Polticos\/61565672886568\/\" \/>\n<meta property=\"article:published_time\" content=\"2020-06-23T14:38:24+00:00\" \/>\n<meta property=\"article:modified_time\" content=\"2020-06-23T14:38:49+00:00\" \/>\n<meta property=\"og:image\" content=\"https:\/\/lospoliticosveracruz.com\/wp-content\/uploads\/2016\/07\/Logo-Dor.jpg\" \/>\n\t<meta property=\"og:image:width\" content=\"200\" \/>\n\t<meta property=\"og:image:height\" content=\"200\" \/>\n\t<meta property=\"og:image:type\" content=\"image\/jpeg\" \/>\n<meta name=\"author\" content=\"Lo viste en Los Pol\u00edticos\" \/>\n<meta name=\"twitter:card\" content=\"summary_large_image\" \/>\n<meta name=\"twitter:creator\" content=\"@LosPoliticosVer\" \/>\n<meta name=\"twitter:site\" content=\"@LosPoliticosVer\" \/>\n<meta name=\"twitter:label1\" content=\"Escrito por\" \/>\n\t<meta name=\"twitter:data1\" content=\"Lo viste en Los Pol\u00edticos\" \/>\n\t<meta name=\"twitter:label2\" content=\"Tiempo de lectura\" \/>\n\t<meta name=\"twitter:data2\" content=\"5 minutos\" \/>\n<script type=\"application\/ld+json\" class=\"yoast-schema-graph\">{\"@context\":\"https:\\\/\\\/schema.org\",\"@graph\":[{\"@type\":\"Article\",\"@id\":\"https:\\\/\\\/lospoliticosveracruz.com\\\/?p=56472#article\",\"isPartOf\":{\"@id\":\"https:\\\/\\\/lospoliticosveracruz.com\\\/?p=56472\"},\"author\":{\"name\":\"Lo viste en Los Pol\u00edticos\",\"@id\":\"https:\\\/\\\/lospoliticosveracruz.com\\\/#\\\/schema\\\/person\\\/b8702bb0e538456e6efd07080bf2a4a2\"},\"headline\":\"Sin empleo, salario y prestaciones, crece desastre econ\u00f3mico\",\"datePublished\":\"2020-06-23T14:38:24+00:00\",\"dateModified\":\"2020-06-23T14:38:49+00:00\",\"mainEntityOfPage\":{\"@id\":\"https:\\\/\\\/lospoliticosveracruz.com\\\/?p=56472\"},\"wordCount\":1047,\"commentCount\":0,\"publisher\":{\"@id\":\"https:\\\/\\\/lospoliticosveracruz.com\\\/#organization\"},\"keywords\":[\"Gobierno del Estado\",\"Jos\u00e9 Pablo Robles\",\"pobres\",\"Sector Salud\",\"Veracruz\"],\"articleSection\":[\"De Opini\u00f3n\"],\"inLanguage\":\"es\",\"potentialAction\":[{\"@type\":\"CommentAction\",\"name\":\"Comment\",\"target\":[\"https:\\\/\\\/lospoliticosveracruz.com\\\/?p=56472#respond\"]}]},{\"@type\":\"WebPage\",\"@id\":\"https:\\\/\\\/lospoliticosveracruz.com\\\/?p=56472\",\"url\":\"https:\\\/\\\/lospoliticosveracruz.com\\\/?p=56472\",\"name\":\"Sin empleo, salario y prestaciones, crece desastre econ\u00f3mico - Los pol\u00edticos Veracruz\",\"isPartOf\":{\"@id\":\"https:\\\/\\\/lospoliticosveracruz.com\\\/#website\"},\"datePublished\":\"2020-06-23T14:38:24+00:00\",\"dateModified\":\"2020-06-23T14:38:49+00:00\",\"breadcrumb\":{\"@id\":\"https:\\\/\\\/lospoliticosveracruz.com\\\/?p=56472#breadcrumb\"},\"inLanguage\":\"es\",\"potentialAction\":[{\"@type\":\"ReadAction\",\"target\":[\"https:\\\/\\\/lospoliticosveracruz.com\\\/?p=56472\"]}]},{\"@type\":\"BreadcrumbList\",\"@id\":\"https:\\\/\\\/lospoliticosveracruz.com\\\/?p=56472#breadcrumb\",\"itemListElement\":[{\"@type\":\"ListItem\",\"position\":1,\"name\":\"Portada\",\"item\":\"https:\\\/\\\/lospoliticosveracruz.com\\\/\"},{\"@type\":\"ListItem\",\"position\":2,\"name\":\"Sin empleo, salario y prestaciones, crece desastre econ\u00f3mico\"}]},{\"@type\":\"WebSite\",\"@id\":\"https:\\\/\\\/lospoliticosveracruz.com\\\/#website\",\"url\":\"https:\\\/\\\/lospoliticosveracruz.com\\\/\",\"name\":\"Los pol\u00edticos Veracruz\",\"description\":\"\",\"publisher\":{\"@id\":\"https:\\\/\\\/lospoliticosveracruz.com\\\/#organization\"},\"potentialAction\":[{\"@type\":\"SearchAction\",\"target\":{\"@type\":\"EntryPoint\",\"urlTemplate\":\"https:\\\/\\\/lospoliticosveracruz.com\\\/?s={search_term_string}\"},\"query-input\":{\"@type\":\"PropertyValueSpecification\",\"valueRequired\":true,\"valueName\":\"search_term_string\"}}],\"inLanguage\":\"es\"},{\"@type\":\"Organization\",\"@id\":\"https:\\\/\\\/lospoliticosveracruz.com\\\/#organization\",\"name\":\"Los pol\u00edticos Veracruz\",\"url\":\"https:\\\/\\\/lospoliticosveracruz.com\\\/\",\"logo\":{\"@type\":\"ImageObject\",\"inLanguage\":\"es\",\"@id\":\"https:\\\/\\\/lospoliticosveracruz.com\\\/#\\\/schema\\\/logo\\\/image\\\/\",\"url\":\"https:\\\/\\\/lospoliticosveracruz.com\\\/wp-content\\\/uploads\\\/2025\\\/12\\\/Logo-Nuevo-LOS-POLITICOS-1.jpg\",\"contentUrl\":\"https:\\\/\\\/lospoliticosveracruz.com\\\/wp-content\\\/uploads\\\/2025\\\/12\\\/Logo-Nuevo-LOS-POLITICOS-1.jpg\",\"width\":260,\"height\":70,\"caption\":\"Los pol\u00edticos Veracruz\"},\"image\":{\"@id\":\"https:\\\/\\\/lospoliticosveracruz.com\\\/#\\\/schema\\\/logo\\\/image\\\/\"},\"sameAs\":[\"https:\\\/\\\/www.facebook.com\\\/people\\\/Notimemes-de-los-Polticos\\\/61565672886568\\\/\",\"https:\\\/\\\/x.com\\\/LosPoliticosVer\"]},{\"@type\":\"Person\",\"@id\":\"https:\\\/\\\/lospoliticosveracruz.com\\\/#\\\/schema\\\/person\\\/b8702bb0e538456e6efd07080bf2a4a2\",\"name\":\"Lo viste en Los Pol\u00edticos\",\"image\":{\"@type\":\"ImageObject\",\"inLanguage\":\"es\",\"@id\":\"https:\\\/\\\/secure.gravatar.com\\\/avatar\\\/3a8de04a2656d44082be478bd6c086daa447c4651605818287b9532d3d0bd435?s=96&d=mm&r=g\",\"url\":\"https:\\\/\\\/secure.gravatar.com\\\/avatar\\\/3a8de04a2656d44082be478bd6c086daa447c4651605818287b9532d3d0bd435?s=96&d=mm&r=g\",\"contentUrl\":\"https:\\\/\\\/secure.gravatar.com\\\/avatar\\\/3a8de04a2656d44082be478bd6c086daa447c4651605818287b9532d3d0bd435?s=96&d=mm&r=g\",\"caption\":\"Lo viste en Los Pol\u00edticos\"},\"url\":\"https:\\\/\\\/lospoliticosveracruz.com\\\/?author=2\"}]}<\/script>\n<!-- \/ Yoast SEO plugin. -->","yoast_head_json":{"title":"Sin empleo, salario y prestaciones, crece desastre econ\u00f3mico - Los pol\u00edticos Veracruz","robots":{"index":"index","follow":"follow","max-snippet":"max-snippet:-1","max-image-preview":"max-image-preview:large","max-video-preview":"max-video-preview:-1"},"canonical":"https:\/\/lospoliticosveracruz.com\/?p=56472","og_locale":"es_ES","og_type":"article","og_title":"Sin empleo, salario y prestaciones, crece desastre econ\u00f3mico - Los pol\u00edticos Veracruz","og_description":"Rafael Arias Hern\u00e1ndez M\u00e1s pobres, inseguros, aislados y aterrorizados. Siguen y aumentan, crisis econ\u00f3mica, financiera e institucional. Agradezco su tiempo a mis contados y pacientes lectores. De ellos, el estimado y reconocido maestro Jos\u00e9 Pablo Robles, \u00a0quien se\u00f1ala la importancia de la cr\u00edtica constructiva y llama la atenci\u00f3n de aspectos determinantes, que con frecuencia abordo, [&hellip;]","og_url":"https:\/\/lospoliticosveracruz.com\/?p=56472","og_site_name":"Los pol\u00edticos Veracruz","article_publisher":"https:\/\/www.facebook.com\/people\/Notimemes-de-los-Polticos\/61565672886568\/","article_published_time":"2020-06-23T14:38:24+00:00","article_modified_time":"2020-06-23T14:38:49+00:00","og_image":[{"width":200,"height":200,"url":"https:\/\/lospoliticosveracruz.com\/wp-content\/uploads\/2016\/07\/Logo-Dor.jpg","type":"image\/jpeg"}],"author":"Lo viste en Los Pol\u00edticos","twitter_card":"summary_large_image","twitter_creator":"@LosPoliticosVer","twitter_site":"@LosPoliticosVer","twitter_misc":{"Escrito por":"Lo viste en Los Pol\u00edticos","Tiempo de lectura":"5 minutos"},"schema":{"@context":"https:\/\/schema.org","@graph":[{"@type":"Article","@id":"https:\/\/lospoliticosveracruz.com\/?p=56472#article","isPartOf":{"@id":"https:\/\/lospoliticosveracruz.com\/?p=56472"},"author":{"name":"Lo viste en Los Pol\u00edticos","@id":"https:\/\/lospoliticosveracruz.com\/#\/schema\/person\/b8702bb0e538456e6efd07080bf2a4a2"},"headline":"Sin empleo, salario y prestaciones, crece desastre econ\u00f3mico","datePublished":"2020-06-23T14:38:24+00:00","dateModified":"2020-06-23T14:38:49+00:00","mainEntityOfPage":{"@id":"https:\/\/lospoliticosveracruz.com\/?p=56472"},"wordCount":1047,"commentCount":0,"publisher":{"@id":"https:\/\/lospoliticosveracruz.com\/#organization"},"keywords":["Gobierno del Estado","Jos\u00e9 Pablo Robles","pobres","Sector Salud","Veracruz"],"articleSection":["De Opini\u00f3n"],"inLanguage":"es","potentialAction":[{"@type":"CommentAction","name":"Comment","target":["https:\/\/lospoliticosveracruz.com\/?p=56472#respond"]}]},{"@type":"WebPage","@id":"https:\/\/lospoliticosveracruz.com\/?p=56472","url":"https:\/\/lospoliticosveracruz.com\/?p=56472","name":"Sin empleo, salario y prestaciones, crece desastre econ\u00f3mico - Los pol\u00edticos Veracruz","isPartOf":{"@id":"https:\/\/lospoliticosveracruz.com\/#website"},"datePublished":"2020-06-23T14:38:24+00:00","dateModified":"2020-06-23T14:38:49+00:00","breadcrumb":{"@id":"https:\/\/lospoliticosveracruz.com\/?p=56472#breadcrumb"},"inLanguage":"es","potentialAction":[{"@type":"ReadAction","target":["https:\/\/lospoliticosveracruz.com\/?p=56472"]}]},{"@type":"BreadcrumbList","@id":"https:\/\/lospoliticosveracruz.com\/?p=56472#breadcrumb","itemListElement":[{"@type":"ListItem","position":1,"name":"Portada","item":"https:\/\/lospoliticosveracruz.com\/"},{"@type":"ListItem","position":2,"name":"Sin empleo, salario y prestaciones, crece desastre econ\u00f3mico"}]},{"@type":"WebSite","@id":"https:\/\/lospoliticosveracruz.com\/#website","url":"https:\/\/lospoliticosveracruz.com\/","name":"Los pol\u00edticos Veracruz","description":"","publisher":{"@id":"https:\/\/lospoliticosveracruz.com\/#organization"},"potentialAction":[{"@type":"SearchAction","target":{"@type":"EntryPoint","urlTemplate":"https:\/\/lospoliticosveracruz.com\/?s={search_term_string}"},"query-input":{"@type":"PropertyValueSpecification","valueRequired":true,"valueName":"search_term_string"}}],"inLanguage":"es"},{"@type":"Organization","@id":"https:\/\/lospoliticosveracruz.com\/#organization","name":"Los pol\u00edticos Veracruz","url":"https:\/\/lospoliticosveracruz.com\/","logo":{"@type":"ImageObject","inLanguage":"es","@id":"https:\/\/lospoliticosveracruz.com\/#\/schema\/logo\/image\/","url":"https:\/\/lospoliticosveracruz.com\/wp-content\/uploads\/2025\/12\/Logo-Nuevo-LOS-POLITICOS-1.jpg","contentUrl":"https:\/\/lospoliticosveracruz.com\/wp-content\/uploads\/2025\/12\/Logo-Nuevo-LOS-POLITICOS-1.jpg","width":260,"height":70,"caption":"Los pol\u00edticos Veracruz"},"image":{"@id":"https:\/\/lospoliticosveracruz.com\/#\/schema\/logo\/image\/"},"sameAs":["https:\/\/www.facebook.com\/people\/Notimemes-de-los-Polticos\/61565672886568\/","https:\/\/x.com\/LosPoliticosVer"]},{"@type":"Person","@id":"https:\/\/lospoliticosveracruz.com\/#\/schema\/person\/b8702bb0e538456e6efd07080bf2a4a2","name":"Lo viste en Los Pol\u00edticos","image":{"@type":"ImageObject","inLanguage":"es","@id":"https:\/\/secure.gravatar.com\/avatar\/3a8de04a2656d44082be478bd6c086daa447c4651605818287b9532d3d0bd435?s=96&d=mm&r=g","url":"https:\/\/secure.gravatar.com\/avatar\/3a8de04a2656d44082be478bd6c086daa447c4651605818287b9532d3d0bd435?s=96&d=mm&r=g","contentUrl":"https:\/\/secure.gravatar.com\/avatar\/3a8de04a2656d44082be478bd6c086daa447c4651605818287b9532d3d0bd435?s=96&d=mm&r=g","caption":"Lo viste en Los Pol\u00edticos"},"url":"https:\/\/lospoliticosveracruz.com\/?author=2"}]}},"_links":{"self":[{"href":"https:\/\/lospoliticosveracruz.com\/index.php?rest_route=\/wp\/v2\/posts\/56472","targetHints":{"allow":["GET"]}}],"collection":[{"href":"https:\/\/lospoliticosveracruz.com\/index.php?rest_route=\/wp\/v2\/posts"}],"about":[{"href":"https:\/\/lospoliticosveracruz.com\/index.php?rest_route=\/wp\/v2\/types\/post"}],"author":[{"embeddable":true,"href":"https:\/\/lospoliticosveracruz.com\/index.php?rest_route=\/wp\/v2\/users\/2"}],"replies":[{"embeddable":true,"href":"https:\/\/lospoliticosveracruz.com\/index.php?rest_route=%2Fwp%2Fv2%2Fcomments&post=56472"}],"version-history":[{"count":2,"href":"https:\/\/lospoliticosveracruz.com\/index.php?rest_route=\/wp\/v2\/posts\/56472\/revisions"}],"predecessor-version":[{"id":56475,"href":"https:\/\/lospoliticosveracruz.com\/index.php?rest_route=\/wp\/v2\/posts\/56472\/revisions\/56475"}],"wp:attachment":[{"href":"https:\/\/lospoliticosveracruz.com\/index.php?rest_route=%2Fwp%2Fv2%2Fmedia&parent=56472"}],"wp:term":[{"taxonomy":"category","embeddable":true,"href":"https:\/\/lospoliticosveracruz.com\/index.php?rest_route=%2Fwp%2Fv2%2Fcategories&post=56472"},{"taxonomy":"post_tag","embeddable":true,"href":"https:\/\/lospoliticosveracruz.com\/index.php?rest_route=%2Fwp%2Fv2%2Ftags&post=56472"}],"curies":[{"name":"wp","href":"https:\/\/api.w.org\/{rel}","templated":true}]}}