{"id":56484,"date":"2020-06-23T18:22:22","date_gmt":"2020-06-23T23:22:22","guid":{"rendered":"http:\/\/www.lospoliticosveracruz.com.mx\/?p=56484"},"modified":"2020-06-23T18:22:22","modified_gmt":"2020-06-23T23:22:22","slug":"el-sismo-del-abandonamiento","status":"publish","type":"post","link":"https:\/\/lospoliticosveracruz.com\/?p=56484","title":{"rendered":"El sismo del abandonamiento"},"content":{"rendered":"<p><strong>Jorge Arturo Rodr\u00edguez<\/strong><\/p>\n<p><em>Tierra de Babel<\/em><\/p>\n<p>Aperitivo: \u201cSe puede temblar ante un funcionario que siempre se ha visto en la c\u00faspide del poder, guardado por la altura a que est\u00e1 de nosotros\u201d. (Jorge Cuesta).<\/p>\n<p>Con Covid-19, dengue y dem\u00e1s enfermedades contagiosas o no, aunado ahora al sismo que a alguien le debi\u00f3 caer como anillo al dedo, sin duda alguna muchos esper\u00e1bamos el abrazo fraterno, ese que cada vez se aleja m\u00e1s por la sana distancia y la indiferencia. Otros tantos ni siquiera sienten lo que es la solidaridad y ni piensan en el apoyo desinteresado para con los jodidos. En fin, que no es el fin del mundo \u2013espero-, pero s\u00ed momentos de reflexionar para unirnos y ya no seamos tan culeros, mucho menos mentirosos, mentirosos, mentirosos, simuladores y perversos. Rosario Castellanos escribi\u00f3:<\/p>\n<p>\u201c\u00a1Qu\u00e9 cuidadosamente nos mentimos!<br \/>\n\u00a1Qu\u00e9 cotidianamente planchamos nuestras m\u00e1scaras<br \/>\npara hormiguear un rato bajo el sol!\u201d.<\/p>\n<p>Claro, de que sentimos miedo, ni dudarlo. Sentimos miedo y por ah\u00ed nos agarran. \u00bfQui\u00e9nes? Pensemos tantito. Desde luego que nosotros mismos, pero muchas veces la culpa no la tiene el indio\u2026 Federico Fellini se pregunt\u00f3 alguna vez: \u201c\u00bfEs posible que haya alguien tan inhumano que no tenga miedo de nada?\u201d Creo que hay muchos; ah\u00ed est\u00e1n los casos al d\u00eda, las notas period\u00edsticas, las redes que dan cuenta de ello. Tiemble o no tiemble, nos agarre donde nos agarre el miedo, el temor, es posible que se ensanche m\u00e1s si estamos solos. Marguerite Yourcenar escribi\u00f3: \u201cEn el avi\u00f3n, cerca de ti, yo no le tengo miedo al peligro. Uno s\u00f3lo muere cuando est\u00e1 solo\u201d.<br \/>\nAs\u00ed que mejor, \u00bfpor qu\u00e9 no nos unimos? O cantemos, \u201ctodos juntos ya\u201d:<\/p>\n<p>\u201cAbr\u00e1zame<br \/>\nComo si fuera ahora la primera vez<br \/>\nComo si me quisieras hoy igual que ayer<br \/>\nAbr\u00e1zame\u2026\u201d<\/p>\n<p>\u00bfEs muy dif\u00edcil a estas alturas? Pensemos tantito, hay mil formas de abrazarse y amarse, as\u00ed como la muerte tiene mil formas de llegar. Porque el temor de separaci\u00f3n es todo lo que une, dijera Antonio Porchia. Ustedes dir\u00e1n.<\/p>\n<p><strong>Los d\u00edas y los temas<\/strong><\/p>\n<p>El arquitecto mexicano Enrique Norten, en entrevista para milenio.com (21-06-20), expres\u00f3:<\/p>\n<p>\u201cComo seres humanos, vivimos en comunidad y pertenecemos a una sociedad que va m\u00e1s all\u00e1 de nuestra ciudad y nuestro pa\u00eds. Una de las grandes lecciones es que no estamos aislados. Todos participamos con ciertos objetivos para lograr un barrio, una ciudad, un pa\u00eds y un mundo que est\u00e9n mejor conectados, con mejor entendimiento y mejores relaciones entre los hombres. Entre m\u00e1s entendamos que somos una peque\u00f1a pieza de una gran maquinaria, podremos lograr mayor progreso\u201d. Quien tenga o\u00eddos\u2026<\/p>\n<p><strong>De cinismo y anexas<\/strong><\/p>\n<p>Con eso de \u201cayudar\u201d, les comparto un aforismo de Federico Nietzsche:<br \/>\n\u201cAltruismo: El \u00abpr\u00f3jimo\u00bb alaba el desinter\u00e9s porque \u00abrecoge sus efectos\u00bb. (El eterno retorno). Quien entendi\u00f3, entendi\u00f3.<br \/>\nAh\u00ed se ven.<\/p>\n","protected":false},"excerpt":{"rendered":"<p>Jorge Arturo Rodr\u00edguez Tierra de Babel Aperitivo: \u201cSe puede temblar ante un funcionario que siempre se ha visto en la c\u00faspide del poder, guardado por la altura a que est\u00e1 de nosotros\u201d. (Jorge Cuesta). Con Covid-19, dengue y dem\u00e1s enfermedades contagiosas o no, aunado ahora al sismo que a alguien le debi\u00f3 caer como anillo [&hellip;]<\/p>\n","protected":false},"author":2,"featured_media":0,"comment_status":"open","ping_status":"open","sticky":false,"template":"","format":"standard","meta":{"tdm_status":"","tdm_grid_status":"","footnotes":""},"categories":[70],"tags":[16673,2677,17239,18786],"class_list":{"0":"post-56484","1":"post","2":"type-post","3":"status-publish","4":"format-standard","6":"category-de-opinion","7":"tag-covid-19","8":"tag-jorge-arturo-rodriguez","9":"tag-sana-distancia","10":"tag-temblor"},"yoast_head":"<!-- This site is optimized with the Yoast SEO plugin v27.4 - https:\/\/yoast.com\/product\/yoast-seo-wordpress\/ -->\n<title>El sismo del abandonamiento - Los pol\u00edticos Veracruz<\/title>\n<meta name=\"robots\" content=\"index, follow, max-snippet:-1, max-image-preview:large, max-video-preview:-1\" \/>\n<link rel=\"canonical\" href=\"https:\/\/lospoliticosveracruz.com\/?p=56484\" \/>\n<meta property=\"og:locale\" content=\"es_ES\" \/>\n<meta property=\"og:type\" content=\"article\" \/>\n<meta property=\"og:title\" content=\"El sismo del abandonamiento - Los pol\u00edticos Veracruz\" \/>\n<meta property=\"og:description\" content=\"Jorge Arturo Rodr\u00edguez Tierra de Babel Aperitivo: \u201cSe puede temblar ante un funcionario que siempre se ha visto en la c\u00faspide del poder, guardado por la altura a que est\u00e1 de nosotros\u201d. (Jorge Cuesta). Con Covid-19, dengue y dem\u00e1s enfermedades contagiosas o no, aunado ahora al sismo que a alguien le debi\u00f3 caer como anillo [&hellip;]\" \/>\n<meta property=\"og:url\" content=\"https:\/\/lospoliticosveracruz.com\/?p=56484\" \/>\n<meta property=\"og:site_name\" content=\"Los pol\u00edticos Veracruz\" \/>\n<meta property=\"article:publisher\" content=\"https:\/\/www.facebook.com\/people\/Notimemes-de-los-Polticos\/61565672886568\/\" \/>\n<meta property=\"article:published_time\" content=\"2020-06-23T23:22:22+00:00\" \/>\n<meta property=\"og:image\" content=\"https:\/\/lospoliticosveracruz.com\/wp-content\/uploads\/2016\/07\/Logo-Dor.jpg\" \/>\n\t<meta property=\"og:image:width\" content=\"200\" \/>\n\t<meta property=\"og:image:height\" content=\"200\" \/>\n\t<meta property=\"og:image:type\" content=\"image\/jpeg\" \/>\n<meta name=\"author\" content=\"Lo viste en Los Pol\u00edticos\" \/>\n<meta name=\"twitter:card\" content=\"summary_large_image\" \/>\n<meta name=\"twitter:creator\" content=\"@LosPoliticosVer\" \/>\n<meta name=\"twitter:site\" content=\"@LosPoliticosVer\" \/>\n<meta name=\"twitter:label1\" content=\"Escrito por\" \/>\n\t<meta name=\"twitter:data1\" content=\"Lo viste en Los Pol\u00edticos\" \/>\n\t<meta name=\"twitter:label2\" content=\"Tiempo de lectura\" \/>\n\t<meta name=\"twitter:data2\" content=\"2 minutos\" \/>\n<script type=\"application\/ld+json\" class=\"yoast-schema-graph\">{\"@context\":\"https:\\\/\\\/schema.org\",\"@graph\":[{\"@type\":\"Article\",\"@id\":\"https:\\\/\\\/lospoliticosveracruz.com\\\/?p=56484#article\",\"isPartOf\":{\"@id\":\"https:\\\/\\\/lospoliticosveracruz.com\\\/?p=56484\"},\"author\":{\"name\":\"Lo viste en Los Pol\u00edticos\",\"@id\":\"https:\\\/\\\/lospoliticosveracruz.com\\\/#\\\/schema\\\/person\\\/b8702bb0e538456e6efd07080bf2a4a2\"},\"headline\":\"El sismo del abandonamiento\",\"datePublished\":\"2020-06-23T23:22:22+00:00\",\"mainEntityOfPage\":{\"@id\":\"https:\\\/\\\/lospoliticosveracruz.com\\\/?p=56484\"},\"wordCount\":497,\"commentCount\":0,\"publisher\":{\"@id\":\"https:\\\/\\\/lospoliticosveracruz.com\\\/#organization\"},\"keywords\":[\"Covid 19\",\"Jorge Arturo Rodr\u00edguez\",\"sana distancia\",\"temblor\"],\"articleSection\":[\"De Opini\u00f3n\"],\"inLanguage\":\"es\",\"potentialAction\":[{\"@type\":\"CommentAction\",\"name\":\"Comment\",\"target\":[\"https:\\\/\\\/lospoliticosveracruz.com\\\/?p=56484#respond\"]}]},{\"@type\":\"WebPage\",\"@id\":\"https:\\\/\\\/lospoliticosveracruz.com\\\/?p=56484\",\"url\":\"https:\\\/\\\/lospoliticosveracruz.com\\\/?p=56484\",\"name\":\"El sismo del abandonamiento - Los pol\u00edticos Veracruz\",\"isPartOf\":{\"@id\":\"https:\\\/\\\/lospoliticosveracruz.com\\\/#website\"},\"datePublished\":\"2020-06-23T23:22:22+00:00\",\"breadcrumb\":{\"@id\":\"https:\\\/\\\/lospoliticosveracruz.com\\\/?p=56484#breadcrumb\"},\"inLanguage\":\"es\",\"potentialAction\":[{\"@type\":\"ReadAction\",\"target\":[\"https:\\\/\\\/lospoliticosveracruz.com\\\/?p=56484\"]}]},{\"@type\":\"BreadcrumbList\",\"@id\":\"https:\\\/\\\/lospoliticosveracruz.com\\\/?p=56484#breadcrumb\",\"itemListElement\":[{\"@type\":\"ListItem\",\"position\":1,\"name\":\"Portada\",\"item\":\"https:\\\/\\\/lospoliticosveracruz.com\\\/\"},{\"@type\":\"ListItem\",\"position\":2,\"name\":\"El sismo del abandonamiento\"}]},{\"@type\":\"WebSite\",\"@id\":\"https:\\\/\\\/lospoliticosveracruz.com\\\/#website\",\"url\":\"https:\\\/\\\/lospoliticosveracruz.com\\\/\",\"name\":\"Los pol\u00edticos Veracruz\",\"description\":\"\",\"publisher\":{\"@id\":\"https:\\\/\\\/lospoliticosveracruz.com\\\/#organization\"},\"potentialAction\":[{\"@type\":\"SearchAction\",\"target\":{\"@type\":\"EntryPoint\",\"urlTemplate\":\"https:\\\/\\\/lospoliticosveracruz.com\\\/?s={search_term_string}\"},\"query-input\":{\"@type\":\"PropertyValueSpecification\",\"valueRequired\":true,\"valueName\":\"search_term_string\"}}],\"inLanguage\":\"es\"},{\"@type\":\"Organization\",\"@id\":\"https:\\\/\\\/lospoliticosveracruz.com\\\/#organization\",\"name\":\"Los pol\u00edticos Veracruz\",\"url\":\"https:\\\/\\\/lospoliticosveracruz.com\\\/\",\"logo\":{\"@type\":\"ImageObject\",\"inLanguage\":\"es\",\"@id\":\"https:\\\/\\\/lospoliticosveracruz.com\\\/#\\\/schema\\\/logo\\\/image\\\/\",\"url\":\"https:\\\/\\\/lospoliticosveracruz.com\\\/wp-content\\\/uploads\\\/2025\\\/12\\\/Logo-Nuevo-LOS-POLITICOS-1.jpg\",\"contentUrl\":\"https:\\\/\\\/lospoliticosveracruz.com\\\/wp-content\\\/uploads\\\/2025\\\/12\\\/Logo-Nuevo-LOS-POLITICOS-1.jpg\",\"width\":260,\"height\":70,\"caption\":\"Los pol\u00edticos Veracruz\"},\"image\":{\"@id\":\"https:\\\/\\\/lospoliticosveracruz.com\\\/#\\\/schema\\\/logo\\\/image\\\/\"},\"sameAs\":[\"https:\\\/\\\/www.facebook.com\\\/people\\\/Notimemes-de-los-Polticos\\\/61565672886568\\\/\",\"https:\\\/\\\/x.com\\\/LosPoliticosVer\"]},{\"@type\":\"Person\",\"@id\":\"https:\\\/\\\/lospoliticosveracruz.com\\\/#\\\/schema\\\/person\\\/b8702bb0e538456e6efd07080bf2a4a2\",\"name\":\"Lo viste en Los Pol\u00edticos\",\"image\":{\"@type\":\"ImageObject\",\"inLanguage\":\"es\",\"@id\":\"https:\\\/\\\/secure.gravatar.com\\\/avatar\\\/3a8de04a2656d44082be478bd6c086daa447c4651605818287b9532d3d0bd435?s=96&d=mm&r=g\",\"url\":\"https:\\\/\\\/secure.gravatar.com\\\/avatar\\\/3a8de04a2656d44082be478bd6c086daa447c4651605818287b9532d3d0bd435?s=96&d=mm&r=g\",\"contentUrl\":\"https:\\\/\\\/secure.gravatar.com\\\/avatar\\\/3a8de04a2656d44082be478bd6c086daa447c4651605818287b9532d3d0bd435?s=96&d=mm&r=g\",\"caption\":\"Lo viste en Los Pol\u00edticos\"},\"url\":\"https:\\\/\\\/lospoliticosveracruz.com\\\/?author=2\"}]}<\/script>\n<!-- \/ Yoast SEO plugin. -->","yoast_head_json":{"title":"El sismo del abandonamiento - Los pol\u00edticos Veracruz","robots":{"index":"index","follow":"follow","max-snippet":"max-snippet:-1","max-image-preview":"max-image-preview:large","max-video-preview":"max-video-preview:-1"},"canonical":"https:\/\/lospoliticosveracruz.com\/?p=56484","og_locale":"es_ES","og_type":"article","og_title":"El sismo del abandonamiento - Los pol\u00edticos Veracruz","og_description":"Jorge Arturo Rodr\u00edguez Tierra de Babel Aperitivo: \u201cSe puede temblar ante un funcionario que siempre se ha visto en la c\u00faspide del poder, guardado por la altura a que est\u00e1 de nosotros\u201d. (Jorge Cuesta). Con Covid-19, dengue y dem\u00e1s enfermedades contagiosas o no, aunado ahora al sismo que a alguien le debi\u00f3 caer como anillo [&hellip;]","og_url":"https:\/\/lospoliticosveracruz.com\/?p=56484","og_site_name":"Los pol\u00edticos Veracruz","article_publisher":"https:\/\/www.facebook.com\/people\/Notimemes-de-los-Polticos\/61565672886568\/","article_published_time":"2020-06-23T23:22:22+00:00","og_image":[{"width":200,"height":200,"url":"https:\/\/lospoliticosveracruz.com\/wp-content\/uploads\/2016\/07\/Logo-Dor.jpg","type":"image\/jpeg"}],"author":"Lo viste en Los Pol\u00edticos","twitter_card":"summary_large_image","twitter_creator":"@LosPoliticosVer","twitter_site":"@LosPoliticosVer","twitter_misc":{"Escrito por":"Lo viste en Los Pol\u00edticos","Tiempo de lectura":"2 minutos"},"schema":{"@context":"https:\/\/schema.org","@graph":[{"@type":"Article","@id":"https:\/\/lospoliticosveracruz.com\/?p=56484#article","isPartOf":{"@id":"https:\/\/lospoliticosveracruz.com\/?p=56484"},"author":{"name":"Lo viste en Los Pol\u00edticos","@id":"https:\/\/lospoliticosveracruz.com\/#\/schema\/person\/b8702bb0e538456e6efd07080bf2a4a2"},"headline":"El sismo del abandonamiento","datePublished":"2020-06-23T23:22:22+00:00","mainEntityOfPage":{"@id":"https:\/\/lospoliticosveracruz.com\/?p=56484"},"wordCount":497,"commentCount":0,"publisher":{"@id":"https:\/\/lospoliticosveracruz.com\/#organization"},"keywords":["Covid 19","Jorge Arturo Rodr\u00edguez","sana distancia","temblor"],"articleSection":["De Opini\u00f3n"],"inLanguage":"es","potentialAction":[{"@type":"CommentAction","name":"Comment","target":["https:\/\/lospoliticosveracruz.com\/?p=56484#respond"]}]},{"@type":"WebPage","@id":"https:\/\/lospoliticosveracruz.com\/?p=56484","url":"https:\/\/lospoliticosveracruz.com\/?p=56484","name":"El sismo del abandonamiento - Los pol\u00edticos Veracruz","isPartOf":{"@id":"https:\/\/lospoliticosveracruz.com\/#website"},"datePublished":"2020-06-23T23:22:22+00:00","breadcrumb":{"@id":"https:\/\/lospoliticosveracruz.com\/?p=56484#breadcrumb"},"inLanguage":"es","potentialAction":[{"@type":"ReadAction","target":["https:\/\/lospoliticosveracruz.com\/?p=56484"]}]},{"@type":"BreadcrumbList","@id":"https:\/\/lospoliticosveracruz.com\/?p=56484#breadcrumb","itemListElement":[{"@type":"ListItem","position":1,"name":"Portada","item":"https:\/\/lospoliticosveracruz.com\/"},{"@type":"ListItem","position":2,"name":"El sismo del abandonamiento"}]},{"@type":"WebSite","@id":"https:\/\/lospoliticosveracruz.com\/#website","url":"https:\/\/lospoliticosveracruz.com\/","name":"Los pol\u00edticos Veracruz","description":"","publisher":{"@id":"https:\/\/lospoliticosveracruz.com\/#organization"},"potentialAction":[{"@type":"SearchAction","target":{"@type":"EntryPoint","urlTemplate":"https:\/\/lospoliticosveracruz.com\/?s={search_term_string}"},"query-input":{"@type":"PropertyValueSpecification","valueRequired":true,"valueName":"search_term_string"}}],"inLanguage":"es"},{"@type":"Organization","@id":"https:\/\/lospoliticosveracruz.com\/#organization","name":"Los pol\u00edticos Veracruz","url":"https:\/\/lospoliticosveracruz.com\/","logo":{"@type":"ImageObject","inLanguage":"es","@id":"https:\/\/lospoliticosveracruz.com\/#\/schema\/logo\/image\/","url":"https:\/\/lospoliticosveracruz.com\/wp-content\/uploads\/2025\/12\/Logo-Nuevo-LOS-POLITICOS-1.jpg","contentUrl":"https:\/\/lospoliticosveracruz.com\/wp-content\/uploads\/2025\/12\/Logo-Nuevo-LOS-POLITICOS-1.jpg","width":260,"height":70,"caption":"Los pol\u00edticos Veracruz"},"image":{"@id":"https:\/\/lospoliticosveracruz.com\/#\/schema\/logo\/image\/"},"sameAs":["https:\/\/www.facebook.com\/people\/Notimemes-de-los-Polticos\/61565672886568\/","https:\/\/x.com\/LosPoliticosVer"]},{"@type":"Person","@id":"https:\/\/lospoliticosveracruz.com\/#\/schema\/person\/b8702bb0e538456e6efd07080bf2a4a2","name":"Lo viste en Los Pol\u00edticos","image":{"@type":"ImageObject","inLanguage":"es","@id":"https:\/\/secure.gravatar.com\/avatar\/3a8de04a2656d44082be478bd6c086daa447c4651605818287b9532d3d0bd435?s=96&d=mm&r=g","url":"https:\/\/secure.gravatar.com\/avatar\/3a8de04a2656d44082be478bd6c086daa447c4651605818287b9532d3d0bd435?s=96&d=mm&r=g","contentUrl":"https:\/\/secure.gravatar.com\/avatar\/3a8de04a2656d44082be478bd6c086daa447c4651605818287b9532d3d0bd435?s=96&d=mm&r=g","caption":"Lo viste en Los Pol\u00edticos"},"url":"https:\/\/lospoliticosveracruz.com\/?author=2"}]}},"_links":{"self":[{"href":"https:\/\/lospoliticosveracruz.com\/index.php?rest_route=\/wp\/v2\/posts\/56484","targetHints":{"allow":["GET"]}}],"collection":[{"href":"https:\/\/lospoliticosveracruz.com\/index.php?rest_route=\/wp\/v2\/posts"}],"about":[{"href":"https:\/\/lospoliticosveracruz.com\/index.php?rest_route=\/wp\/v2\/types\/post"}],"author":[{"embeddable":true,"href":"https:\/\/lospoliticosveracruz.com\/index.php?rest_route=\/wp\/v2\/users\/2"}],"replies":[{"embeddable":true,"href":"https:\/\/lospoliticosveracruz.com\/index.php?rest_route=%2Fwp%2Fv2%2Fcomments&post=56484"}],"version-history":[{"count":1,"href":"https:\/\/lospoliticosveracruz.com\/index.php?rest_route=\/wp\/v2\/posts\/56484\/revisions"}],"predecessor-version":[{"id":56486,"href":"https:\/\/lospoliticosveracruz.com\/index.php?rest_route=\/wp\/v2\/posts\/56484\/revisions\/56486"}],"wp:attachment":[{"href":"https:\/\/lospoliticosveracruz.com\/index.php?rest_route=%2Fwp%2Fv2%2Fmedia&parent=56484"}],"wp:term":[{"taxonomy":"category","embeddable":true,"href":"https:\/\/lospoliticosveracruz.com\/index.php?rest_route=%2Fwp%2Fv2%2Fcategories&post=56484"},{"taxonomy":"post_tag","embeddable":true,"href":"https:\/\/lospoliticosveracruz.com\/index.php?rest_route=%2Fwp%2Fv2%2Ftags&post=56484"}],"curies":[{"name":"wp","href":"https:\/\/api.w.org\/{rel}","templated":true}]}}