{"id":56539,"date":"2020-06-24T15:11:46","date_gmt":"2020-06-24T20:11:46","guid":{"rendered":"http:\/\/www.lospoliticosveracruz.com.mx\/?p=56539"},"modified":"2020-06-24T15:11:46","modified_gmt":"2020-06-24T20:11:46","slug":"apuntense-para-cobrar-sus-becas-bj","status":"publish","type":"post","link":"https:\/\/lospoliticosveracruz.com\/?p=56539","title":{"rendered":"\u00a1Ap\u00fantense para cobrar sus becas BJ!"},"content":{"rendered":"<p>La subdelegada de Programas Federales en el Estado de Veracruz, Rosa Mar\u00eda Hern\u00e1ndez Espejo, anunci\u00f3 que a partir de este martes 24 de junio y hasta el 28 de junio de 2020, todos los estudiantes del nivel medio superior podr\u00e1n iniciar su registro en l\u00ednea, a trav\u00e9s de la p\u00e1gina: <a href=\"http:\/\/www.bienestarazteca.com.mx\/\">www.bienestarazteca.com.mx<\/a> y as\u00ed poder cobrar el apoyo de las becas Benito Ju\u00e1rez.<\/p>\n<p>Hern\u00e1ndez Espejo explic\u00f3 que debido a la pandemia del Covid-19, la Secretar\u00eda del Bienestar determin\u00f3 realizar el pago de las becas correspondientes a los bimestres de mayo-junio y julio-agosto, seg\u00fan corresponda a cada estudiante, por medio de una plataforma digital.<\/p>\n<p>\u201cA partir de este martes inici\u00f3 en Veracruz el registro para solicitar las becas Benito Ju\u00e1rez, las cuales brindan una ayuda econ\u00f3mica a los estudiantes de educaci\u00f3n media superior en todo el estado y en el pa\u00eds, para lo cual es necesario ingresar a la p\u00e1gina en l\u00ednea su CURP, correo electr\u00f3nico y n\u00famero de celular, para posteriormente recibir su aviso de cobro y un c\u00f3digo QR con el que podr\u00e1n cobrar\u201d, explic\u00f3 la funcionaria.<\/p>\n<p>Al detallar que en la regi\u00f3n de Veracruz se beneficiar\u00e1 a 18 mil 911 estudiantes de todos los grados del bachillerato, Hern\u00e1ndez Espejo record\u00f3 el compromiso de la dependencia a su cargo para hacer llegar los apoyos a todos los rincones de la entidad. \u201cHay zonas a las que iremos a pagar en forma directa, convocando en d\u00edas y horarios espec\u00edficos a los estudiantes, ya que no podemos hacer reuniones de m\u00e1s de 25 personas\u201d, indic\u00f3.<\/p>\n<p>Record\u00f3 que para eficientizar el pago de las becas se prev\u00e9 entregar tarjetas a los alumnos, sin embargo, en esta ocasi\u00f3n y para no retrasar la ayuda econ\u00f3mica a quienes m\u00e1s la necesitan, \u201cse va a realizar de esta manera, es muy importante que ingresen todos los datos que se le pide, incluyendo una fotograf\u00eda que le solicitar\u00e1 la aplicaci\u00f3n, para que puedan recibir su c\u00f3digo QR en su celular a partir del 20 de junio y acudir al Banco Azteca o tienda departamental\u201d, abund\u00f3.<\/p>\n<p>Puntualiz\u00f3 que el apoyo que recibir\u00e1n corresponde al bimestre julio-agosto, aunque existe un 10 por ciento de estudiantes que tienen rezago en sus pagos y recibir\u00e1n el monto que se les adeuda; de esta forma, ser\u00edan mil 600 o tres mil 200 pesos, seg\u00fan sea el caso.<\/p>\n<p>En el estado de Veracruz, existen l\u00edneas telef\u00f3nicas de atenci\u00f3n ciudadana para aclarar dudas sobre el ingreso a la plataforma: en la Coordinaci\u00f3n Estatal de Becas, en el n\u00famero 85005050; en la Secretar\u00eda del Bienestar, en los n\u00fameros, 2288137859 y 135494; as\u00ed como en un n\u00famero directo de Banco Azteca que es el 5576006440.<\/p>\n<p>\u201cEn estos n\u00fameros telef\u00f3nicos pueden obtener ayuda de las instituciones para que puedan registrarse sin contratiempos y cobrar; adem\u00e1s en cada escuela hay enlaces que deben mantener a los alumnos informados\u201d, destac\u00f3 Hern\u00e1ndez Espejo.<\/p>\n","protected":false},"excerpt":{"rendered":"<p>La subdelegada de Programas Federales en el Estado de Veracruz, Rosa Mar\u00eda Hern\u00e1ndez Espejo, anunci\u00f3 que a partir de este martes 24 de junio y hasta el 28 de junio de 2020, todos los estudiantes del nivel medio superior podr\u00e1n iniciar su registro en l\u00ednea, a trav\u00e9s de la p\u00e1gina: www.bienestarazteca.com.mx y as\u00ed poder cobrar [&hellip;]<\/p>\n","protected":false},"author":2,"featured_media":0,"comment_status":"open","ping_status":"open","sticky":false,"template":"","format":"standard","meta":{"tdm_status":"","tdm_grid_status":"","footnotes":""},"categories":[73],"tags":[17916,16673,18669,16929,18578,11900,16814,195],"class_list":{"0":"post-56539","1":"post","2":"type-post","3":"status-publish","4":"format-standard","6":"category-de-boleto","7":"tag-becas-benito-juarez","8":"tag-covid-19","9":"tag-medio-superior","10":"tag-pandemia","11":"tag-programas-federales","12":"tag-rosa-maria-hernandez-espejo","13":"tag-secretaria-del-bienestar","14":"tag-veracruz"},"yoast_head":"<!-- This site is optimized with the Yoast SEO plugin v27.4 - https:\/\/yoast.com\/product\/yoast-seo-wordpress\/ -->\n<title>\u00a1Ap\u00fantense para cobrar sus becas BJ! - Los pol\u00edticos Veracruz<\/title>\n<meta name=\"robots\" content=\"index, follow, max-snippet:-1, max-image-preview:large, max-video-preview:-1\" \/>\n<link rel=\"canonical\" href=\"https:\/\/lospoliticosveracruz.com\/?p=56539\" \/>\n<meta property=\"og:locale\" content=\"es_ES\" \/>\n<meta property=\"og:type\" content=\"article\" \/>\n<meta property=\"og:title\" content=\"\u00a1Ap\u00fantense para cobrar sus becas BJ! - Los pol\u00edticos Veracruz\" \/>\n<meta property=\"og:description\" content=\"La subdelegada de Programas Federales en el Estado de Veracruz, Rosa Mar\u00eda Hern\u00e1ndez Espejo, anunci\u00f3 que a partir de este martes 24 de junio y hasta el 28 de junio de 2020, todos los estudiantes del nivel medio superior podr\u00e1n iniciar su registro en l\u00ednea, a trav\u00e9s de la p\u00e1gina: www.bienestarazteca.com.mx y as\u00ed poder cobrar [&hellip;]\" \/>\n<meta property=\"og:url\" content=\"https:\/\/lospoliticosveracruz.com\/?p=56539\" \/>\n<meta property=\"og:site_name\" content=\"Los pol\u00edticos Veracruz\" \/>\n<meta property=\"article:publisher\" content=\"https:\/\/www.facebook.com\/people\/Notimemes-de-los-Polticos\/61565672886568\/\" \/>\n<meta property=\"article:published_time\" content=\"2020-06-24T20:11:46+00:00\" \/>\n<meta property=\"og:image\" content=\"https:\/\/lospoliticosveracruz.com\/wp-content\/uploads\/2016\/07\/Logo-Dor.jpg\" \/>\n\t<meta property=\"og:image:width\" content=\"200\" \/>\n\t<meta property=\"og:image:height\" content=\"200\" \/>\n\t<meta property=\"og:image:type\" content=\"image\/jpeg\" \/>\n<meta name=\"author\" content=\"Lo viste en Los Pol\u00edticos\" \/>\n<meta name=\"twitter:card\" content=\"summary_large_image\" \/>\n<meta name=\"twitter:creator\" content=\"@LosPoliticosVer\" \/>\n<meta name=\"twitter:site\" content=\"@LosPoliticosVer\" \/>\n<meta name=\"twitter:label1\" content=\"Escrito por\" \/>\n\t<meta name=\"twitter:data1\" content=\"Lo viste en Los Pol\u00edticos\" \/>\n\t<meta name=\"twitter:label2\" content=\"Tiempo de lectura\" \/>\n\t<meta name=\"twitter:data2\" content=\"3 minutos\" \/>\n<script type=\"application\/ld+json\" class=\"yoast-schema-graph\">{\"@context\":\"https:\\\/\\\/schema.org\",\"@graph\":[{\"@type\":\"Article\",\"@id\":\"https:\\\/\\\/lospoliticosveracruz.com\\\/?p=56539#article\",\"isPartOf\":{\"@id\":\"https:\\\/\\\/lospoliticosveracruz.com\\\/?p=56539\"},\"author\":{\"name\":\"Lo viste en Los Pol\u00edticos\",\"@id\":\"https:\\\/\\\/lospoliticosveracruz.com\\\/#\\\/schema\\\/person\\\/b8702bb0e538456e6efd07080bf2a4a2\"},\"headline\":\"\u00a1Ap\u00fantense para cobrar sus becas BJ!\",\"datePublished\":\"2020-06-24T20:11:46+00:00\",\"mainEntityOfPage\":{\"@id\":\"https:\\\/\\\/lospoliticosveracruz.com\\\/?p=56539\"},\"wordCount\":516,\"commentCount\":0,\"publisher\":{\"@id\":\"https:\\\/\\\/lospoliticosveracruz.com\\\/#organization\"},\"keywords\":[\"becas Benito Ju\u00e1rez\",\"Covid 19\",\"Medio Superior\",\"pandemia\",\"Programas Federales\",\"Rosa Mar\u00eda Hern\u00e1ndez Espejo\",\"secretar\u00eda del Bienestar\",\"Veracruz\"],\"articleSection\":[\"De Boleto\"],\"inLanguage\":\"es\",\"potentialAction\":[{\"@type\":\"CommentAction\",\"name\":\"Comment\",\"target\":[\"https:\\\/\\\/lospoliticosveracruz.com\\\/?p=56539#respond\"]}]},{\"@type\":\"WebPage\",\"@id\":\"https:\\\/\\\/lospoliticosveracruz.com\\\/?p=56539\",\"url\":\"https:\\\/\\\/lospoliticosveracruz.com\\\/?p=56539\",\"name\":\"\u00a1Ap\u00fantense para cobrar sus becas BJ! - Los pol\u00edticos Veracruz\",\"isPartOf\":{\"@id\":\"https:\\\/\\\/lospoliticosveracruz.com\\\/#website\"},\"datePublished\":\"2020-06-24T20:11:46+00:00\",\"breadcrumb\":{\"@id\":\"https:\\\/\\\/lospoliticosveracruz.com\\\/?p=56539#breadcrumb\"},\"inLanguage\":\"es\",\"potentialAction\":[{\"@type\":\"ReadAction\",\"target\":[\"https:\\\/\\\/lospoliticosveracruz.com\\\/?p=56539\"]}]},{\"@type\":\"BreadcrumbList\",\"@id\":\"https:\\\/\\\/lospoliticosveracruz.com\\\/?p=56539#breadcrumb\",\"itemListElement\":[{\"@type\":\"ListItem\",\"position\":1,\"name\":\"Portada\",\"item\":\"https:\\\/\\\/lospoliticosveracruz.com\\\/\"},{\"@type\":\"ListItem\",\"position\":2,\"name\":\"\u00a1Ap\u00fantense para cobrar sus becas BJ!\"}]},{\"@type\":\"WebSite\",\"@id\":\"https:\\\/\\\/lospoliticosveracruz.com\\\/#website\",\"url\":\"https:\\\/\\\/lospoliticosveracruz.com\\\/\",\"name\":\"Los pol\u00edticos Veracruz\",\"description\":\"\",\"publisher\":{\"@id\":\"https:\\\/\\\/lospoliticosveracruz.com\\\/#organization\"},\"potentialAction\":[{\"@type\":\"SearchAction\",\"target\":{\"@type\":\"EntryPoint\",\"urlTemplate\":\"https:\\\/\\\/lospoliticosveracruz.com\\\/?s={search_term_string}\"},\"query-input\":{\"@type\":\"PropertyValueSpecification\",\"valueRequired\":true,\"valueName\":\"search_term_string\"}}],\"inLanguage\":\"es\"},{\"@type\":\"Organization\",\"@id\":\"https:\\\/\\\/lospoliticosveracruz.com\\\/#organization\",\"name\":\"Los pol\u00edticos Veracruz\",\"url\":\"https:\\\/\\\/lospoliticosveracruz.com\\\/\",\"logo\":{\"@type\":\"ImageObject\",\"inLanguage\":\"es\",\"@id\":\"https:\\\/\\\/lospoliticosveracruz.com\\\/#\\\/schema\\\/logo\\\/image\\\/\",\"url\":\"https:\\\/\\\/lospoliticosveracruz.com\\\/wp-content\\\/uploads\\\/2025\\\/12\\\/Logo-Nuevo-LOS-POLITICOS-1.jpg\",\"contentUrl\":\"https:\\\/\\\/lospoliticosveracruz.com\\\/wp-content\\\/uploads\\\/2025\\\/12\\\/Logo-Nuevo-LOS-POLITICOS-1.jpg\",\"width\":260,\"height\":70,\"caption\":\"Los pol\u00edticos Veracruz\"},\"image\":{\"@id\":\"https:\\\/\\\/lospoliticosveracruz.com\\\/#\\\/schema\\\/logo\\\/image\\\/\"},\"sameAs\":[\"https:\\\/\\\/www.facebook.com\\\/people\\\/Notimemes-de-los-Polticos\\\/61565672886568\\\/\",\"https:\\\/\\\/x.com\\\/LosPoliticosVer\"]},{\"@type\":\"Person\",\"@id\":\"https:\\\/\\\/lospoliticosveracruz.com\\\/#\\\/schema\\\/person\\\/b8702bb0e538456e6efd07080bf2a4a2\",\"name\":\"Lo viste en Los Pol\u00edticos\",\"image\":{\"@type\":\"ImageObject\",\"inLanguage\":\"es\",\"@id\":\"https:\\\/\\\/secure.gravatar.com\\\/avatar\\\/3a8de04a2656d44082be478bd6c086daa447c4651605818287b9532d3d0bd435?s=96&d=mm&r=g\",\"url\":\"https:\\\/\\\/secure.gravatar.com\\\/avatar\\\/3a8de04a2656d44082be478bd6c086daa447c4651605818287b9532d3d0bd435?s=96&d=mm&r=g\",\"contentUrl\":\"https:\\\/\\\/secure.gravatar.com\\\/avatar\\\/3a8de04a2656d44082be478bd6c086daa447c4651605818287b9532d3d0bd435?s=96&d=mm&r=g\",\"caption\":\"Lo viste en Los Pol\u00edticos\"},\"url\":\"https:\\\/\\\/lospoliticosveracruz.com\\\/?author=2\"}]}<\/script>\n<!-- \/ Yoast SEO plugin. -->","yoast_head_json":{"title":"\u00a1Ap\u00fantense para cobrar sus becas BJ! - Los pol\u00edticos Veracruz","robots":{"index":"index","follow":"follow","max-snippet":"max-snippet:-1","max-image-preview":"max-image-preview:large","max-video-preview":"max-video-preview:-1"},"canonical":"https:\/\/lospoliticosveracruz.com\/?p=56539","og_locale":"es_ES","og_type":"article","og_title":"\u00a1Ap\u00fantense para cobrar sus becas BJ! - Los pol\u00edticos Veracruz","og_description":"La subdelegada de Programas Federales en el Estado de Veracruz, Rosa Mar\u00eda Hern\u00e1ndez Espejo, anunci\u00f3 que a partir de este martes 24 de junio y hasta el 28 de junio de 2020, todos los estudiantes del nivel medio superior podr\u00e1n iniciar su registro en l\u00ednea, a trav\u00e9s de la p\u00e1gina: www.bienestarazteca.com.mx y as\u00ed poder cobrar [&hellip;]","og_url":"https:\/\/lospoliticosveracruz.com\/?p=56539","og_site_name":"Los pol\u00edticos Veracruz","article_publisher":"https:\/\/www.facebook.com\/people\/Notimemes-de-los-Polticos\/61565672886568\/","article_published_time":"2020-06-24T20:11:46+00:00","og_image":[{"width":200,"height":200,"url":"https:\/\/lospoliticosveracruz.com\/wp-content\/uploads\/2016\/07\/Logo-Dor.jpg","type":"image\/jpeg"}],"author":"Lo viste en Los Pol\u00edticos","twitter_card":"summary_large_image","twitter_creator":"@LosPoliticosVer","twitter_site":"@LosPoliticosVer","twitter_misc":{"Escrito por":"Lo viste en Los Pol\u00edticos","Tiempo de lectura":"3 minutos"},"schema":{"@context":"https:\/\/schema.org","@graph":[{"@type":"Article","@id":"https:\/\/lospoliticosveracruz.com\/?p=56539#article","isPartOf":{"@id":"https:\/\/lospoliticosveracruz.com\/?p=56539"},"author":{"name":"Lo viste en Los Pol\u00edticos","@id":"https:\/\/lospoliticosveracruz.com\/#\/schema\/person\/b8702bb0e538456e6efd07080bf2a4a2"},"headline":"\u00a1Ap\u00fantense para cobrar sus becas BJ!","datePublished":"2020-06-24T20:11:46+00:00","mainEntityOfPage":{"@id":"https:\/\/lospoliticosveracruz.com\/?p=56539"},"wordCount":516,"commentCount":0,"publisher":{"@id":"https:\/\/lospoliticosveracruz.com\/#organization"},"keywords":["becas Benito Ju\u00e1rez","Covid 19","Medio Superior","pandemia","Programas Federales","Rosa Mar\u00eda Hern\u00e1ndez Espejo","secretar\u00eda del Bienestar","Veracruz"],"articleSection":["De Boleto"],"inLanguage":"es","potentialAction":[{"@type":"CommentAction","name":"Comment","target":["https:\/\/lospoliticosveracruz.com\/?p=56539#respond"]}]},{"@type":"WebPage","@id":"https:\/\/lospoliticosveracruz.com\/?p=56539","url":"https:\/\/lospoliticosveracruz.com\/?p=56539","name":"\u00a1Ap\u00fantense para cobrar sus becas BJ! - Los pol\u00edticos Veracruz","isPartOf":{"@id":"https:\/\/lospoliticosveracruz.com\/#website"},"datePublished":"2020-06-24T20:11:46+00:00","breadcrumb":{"@id":"https:\/\/lospoliticosveracruz.com\/?p=56539#breadcrumb"},"inLanguage":"es","potentialAction":[{"@type":"ReadAction","target":["https:\/\/lospoliticosveracruz.com\/?p=56539"]}]},{"@type":"BreadcrumbList","@id":"https:\/\/lospoliticosveracruz.com\/?p=56539#breadcrumb","itemListElement":[{"@type":"ListItem","position":1,"name":"Portada","item":"https:\/\/lospoliticosveracruz.com\/"},{"@type":"ListItem","position":2,"name":"\u00a1Ap\u00fantense para cobrar sus becas BJ!"}]},{"@type":"WebSite","@id":"https:\/\/lospoliticosveracruz.com\/#website","url":"https:\/\/lospoliticosveracruz.com\/","name":"Los pol\u00edticos Veracruz","description":"","publisher":{"@id":"https:\/\/lospoliticosveracruz.com\/#organization"},"potentialAction":[{"@type":"SearchAction","target":{"@type":"EntryPoint","urlTemplate":"https:\/\/lospoliticosveracruz.com\/?s={search_term_string}"},"query-input":{"@type":"PropertyValueSpecification","valueRequired":true,"valueName":"search_term_string"}}],"inLanguage":"es"},{"@type":"Organization","@id":"https:\/\/lospoliticosveracruz.com\/#organization","name":"Los pol\u00edticos Veracruz","url":"https:\/\/lospoliticosveracruz.com\/","logo":{"@type":"ImageObject","inLanguage":"es","@id":"https:\/\/lospoliticosveracruz.com\/#\/schema\/logo\/image\/","url":"https:\/\/lospoliticosveracruz.com\/wp-content\/uploads\/2025\/12\/Logo-Nuevo-LOS-POLITICOS-1.jpg","contentUrl":"https:\/\/lospoliticosveracruz.com\/wp-content\/uploads\/2025\/12\/Logo-Nuevo-LOS-POLITICOS-1.jpg","width":260,"height":70,"caption":"Los pol\u00edticos Veracruz"},"image":{"@id":"https:\/\/lospoliticosveracruz.com\/#\/schema\/logo\/image\/"},"sameAs":["https:\/\/www.facebook.com\/people\/Notimemes-de-los-Polticos\/61565672886568\/","https:\/\/x.com\/LosPoliticosVer"]},{"@type":"Person","@id":"https:\/\/lospoliticosveracruz.com\/#\/schema\/person\/b8702bb0e538456e6efd07080bf2a4a2","name":"Lo viste en Los Pol\u00edticos","image":{"@type":"ImageObject","inLanguage":"es","@id":"https:\/\/secure.gravatar.com\/avatar\/3a8de04a2656d44082be478bd6c086daa447c4651605818287b9532d3d0bd435?s=96&d=mm&r=g","url":"https:\/\/secure.gravatar.com\/avatar\/3a8de04a2656d44082be478bd6c086daa447c4651605818287b9532d3d0bd435?s=96&d=mm&r=g","contentUrl":"https:\/\/secure.gravatar.com\/avatar\/3a8de04a2656d44082be478bd6c086daa447c4651605818287b9532d3d0bd435?s=96&d=mm&r=g","caption":"Lo viste en Los Pol\u00edticos"},"url":"https:\/\/lospoliticosveracruz.com\/?author=2"}]}},"_links":{"self":[{"href":"https:\/\/lospoliticosveracruz.com\/index.php?rest_route=\/wp\/v2\/posts\/56539","targetHints":{"allow":["GET"]}}],"collection":[{"href":"https:\/\/lospoliticosveracruz.com\/index.php?rest_route=\/wp\/v2\/posts"}],"about":[{"href":"https:\/\/lospoliticosveracruz.com\/index.php?rest_route=\/wp\/v2\/types\/post"}],"author":[{"embeddable":true,"href":"https:\/\/lospoliticosveracruz.com\/index.php?rest_route=\/wp\/v2\/users\/2"}],"replies":[{"embeddable":true,"href":"https:\/\/lospoliticosveracruz.com\/index.php?rest_route=%2Fwp%2Fv2%2Fcomments&post=56539"}],"version-history":[{"count":1,"href":"https:\/\/lospoliticosveracruz.com\/index.php?rest_route=\/wp\/v2\/posts\/56539\/revisions"}],"predecessor-version":[{"id":56541,"href":"https:\/\/lospoliticosveracruz.com\/index.php?rest_route=\/wp\/v2\/posts\/56539\/revisions\/56541"}],"wp:attachment":[{"href":"https:\/\/lospoliticosveracruz.com\/index.php?rest_route=%2Fwp%2Fv2%2Fmedia&parent=56539"}],"wp:term":[{"taxonomy":"category","embeddable":true,"href":"https:\/\/lospoliticosveracruz.com\/index.php?rest_route=%2Fwp%2Fv2%2Fcategories&post=56539"},{"taxonomy":"post_tag","embeddable":true,"href":"https:\/\/lospoliticosveracruz.com\/index.php?rest_route=%2Fwp%2Fv2%2Ftags&post=56539"}],"curies":[{"name":"wp","href":"https:\/\/api.w.org\/{rel}","templated":true}]}}