{"id":56556,"date":"2020-06-25T09:16:15","date_gmt":"2020-06-25T14:16:15","guid":{"rendered":"http:\/\/www.lospoliticosveracruz.com.mx\/?p=56556"},"modified":"2020-06-25T09:16:15","modified_gmt":"2020-06-25T14:16:15","slug":"sedarpa-se-hace-guaje-con-pago-de-seguro-chuy-martinez","status":"publish","type":"post","link":"https:\/\/lospoliticosveracruz.com\/?p=56556","title":{"rendered":"Sedarpa se hace guaje con pago de seguro: Chuy Mart\u00ednez"},"content":{"rendered":"<p>El gobierno estatal no solo mantiene en un lamentable rezago al campo veracruzano, sino que la Secretar\u00eda de Desarrollo Agropecuario, Rural y Pesca (SEDARPA), lleva casi siete meses incumpliendo el pago del Seguro Agr\u00edcola Catastr\u00f3fico a m\u00e1s de 1000 productores de c\u00edtricos en Mart\u00ednez de la Torre, denunci\u00f3 la diputada local Mar\u00eda de Jes\u00fas Mart\u00ednez D\u00edaz.<\/p>\n<p>La legisladora del PAN record\u00f3 que el pasado 29 de noviembre de 2019, durante la comparecencia del titular de la SEDARPA, Eduardo Cadena, lo cuestion\u00f3 respecto al pago del Seguro Catastr\u00f3fico a los Productores citr\u00edcolas de la regi\u00f3n, debido a las sequ\u00edas que afectaron su producci\u00f3n.<\/p>\n<p>\u201cEn noviembre le extern\u00e9 el reclamo de los productores que desde entonces esperaban el pago y p\u00fablicamente dijo que en esas fechas se har\u00eda efectivo. Pero a casi siete meses no se ha pagado y parece que el secretario tiene m\u00e1s inter\u00e9s en cuidar a la aseguradora que a las familias de los productores, pues han dilatado la entrega y no hay una respuesta oficial para saber con seguridad cu\u00e1ndo se har\u00e1 efectiva la ayuda\u201d.<\/p>\n<p>Mar\u00eda de Jes\u00fas Mart\u00ednez dijo que en pl\u00e1ticas con los productores, \u00e9stos le han externado que la comunicaci\u00f3n con la SEDARPA es irregular y sin una l\u00ednea de acci\u00f3n certera, ya que a principios de a\u00f1o les avisaron que el pago se har\u00eda mediante cheques y tras la declaraci\u00f3n de la contingencia sanitaria, les comunicaron que ser\u00eda mediante una transferencia bancaria, sin que a la fecha tengan una respuesta oficial y concreta para saber si el apoyo llegar\u00e1 o no.<\/p>\n<p>Por esta raz\u00f3n la diputada panista hizo un exhorto al Secretario de la SEDARPA, Eduardo Cadena, para que haga valer su palabra y cumpla con la entrega del Seguro Agrario Catastr\u00f3fico a los productores de Mart\u00ednez de la Torre, como lo ofreci\u00f3 durante su comparecencia el a\u00f1o pasado o, que en caso contrario, haga p\u00fablica la negativa del gobierno estatal para apoyar a los naranjeros que siguen esperando una respuesta para llevar acabo sus actividades citr\u00edcolas.<\/p>\n","protected":false},"excerpt":{"rendered":"<p>El gobierno estatal no solo mantiene en un lamentable rezago al campo veracruzano, sino que la Secretar\u00eda de Desarrollo Agropecuario, Rural y Pesca (SEDARPA), lleva casi siete meses incumpliendo el pago del Seguro Agr\u00edcola Catastr\u00f3fico a m\u00e1s de 1000 productores de c\u00edtricos en Mart\u00ednez de la Torre, denunci\u00f3 la diputada local Mar\u00eda de Jes\u00fas Mart\u00ednez [&hellip;]<\/p>\n","protected":false},"author":2,"featured_media":0,"comment_status":"open","ping_status":"open","sticky":false,"template":"","format":"standard","meta":{"tdm_status":"","tdm_grid_status":"","footnotes":""},"categories":[1],"tags":[904,18815,10989,963,9208,1189,18814,18816],"class_list":{"0":"post-56556","1":"post","2":"type-post","3":"status-publish","4":"format-standard","6":"category-sin-categoria","7":"tag-campo-veracruzano","8":"tag-eduardo-cadena","9":"tag-maria-de-jesus-martinez-diaz","10":"tag-martinez-de-la-torre","11":"tag-rezago","12":"tag-sedarpa","13":"tag-seguro-agricola-catastrofico","14":"tag-sequias"},"yoast_head":"<!-- This site is optimized with the Yoast SEO plugin v27.4 - https:\/\/yoast.com\/product\/yoast-seo-wordpress\/ -->\n<title>Sedarpa se hace guaje con pago de seguro: Chuy Mart\u00ednez - Los pol\u00edticos Veracruz<\/title>\n<meta name=\"robots\" content=\"index, follow, max-snippet:-1, max-image-preview:large, max-video-preview:-1\" \/>\n<link rel=\"canonical\" href=\"https:\/\/lospoliticosveracruz.com\/?p=56556\" \/>\n<meta property=\"og:locale\" content=\"es_ES\" \/>\n<meta property=\"og:type\" content=\"article\" \/>\n<meta property=\"og:title\" content=\"Sedarpa se hace guaje con pago de seguro: Chuy Mart\u00ednez - Los pol\u00edticos Veracruz\" \/>\n<meta property=\"og:description\" content=\"El gobierno estatal no solo mantiene en un lamentable rezago al campo veracruzano, sino que la Secretar\u00eda de Desarrollo Agropecuario, Rural y Pesca (SEDARPA), lleva casi siete meses incumpliendo el pago del Seguro Agr\u00edcola Catastr\u00f3fico a m\u00e1s de 1000 productores de c\u00edtricos en Mart\u00ednez de la Torre, denunci\u00f3 la diputada local Mar\u00eda de Jes\u00fas Mart\u00ednez [&hellip;]\" \/>\n<meta property=\"og:url\" content=\"https:\/\/lospoliticosveracruz.com\/?p=56556\" \/>\n<meta property=\"og:site_name\" content=\"Los pol\u00edticos Veracruz\" \/>\n<meta property=\"article:publisher\" content=\"https:\/\/www.facebook.com\/people\/Notimemes-de-los-Polticos\/61565672886568\/\" \/>\n<meta property=\"article:published_time\" content=\"2020-06-25T14:16:15+00:00\" \/>\n<meta property=\"og:image\" content=\"https:\/\/lospoliticosveracruz.com\/wp-content\/uploads\/2016\/07\/Logo-Dor.jpg\" \/>\n\t<meta property=\"og:image:width\" content=\"200\" \/>\n\t<meta property=\"og:image:height\" content=\"200\" \/>\n\t<meta property=\"og:image:type\" content=\"image\/jpeg\" \/>\n<meta name=\"author\" content=\"Lo viste en Los Pol\u00edticos\" \/>\n<meta name=\"twitter:card\" content=\"summary_large_image\" \/>\n<meta name=\"twitter:creator\" content=\"@LosPoliticosVer\" \/>\n<meta name=\"twitter:site\" content=\"@LosPoliticosVer\" \/>\n<meta name=\"twitter:label1\" content=\"Escrito por\" \/>\n\t<meta name=\"twitter:data1\" content=\"Lo viste en Los Pol\u00edticos\" \/>\n\t<meta name=\"twitter:label2\" content=\"Tiempo de lectura\" \/>\n\t<meta name=\"twitter:data2\" content=\"2 minutos\" \/>\n<script type=\"application\/ld+json\" class=\"yoast-schema-graph\">{\"@context\":\"https:\\\/\\\/schema.org\",\"@graph\":[{\"@type\":\"Article\",\"@id\":\"https:\\\/\\\/lospoliticosveracruz.com\\\/?p=56556#article\",\"isPartOf\":{\"@id\":\"https:\\\/\\\/lospoliticosveracruz.com\\\/?p=56556\"},\"author\":{\"name\":\"Lo viste en Los Pol\u00edticos\",\"@id\":\"https:\\\/\\\/lospoliticosveracruz.com\\\/#\\\/schema\\\/person\\\/b8702bb0e538456e6efd07080bf2a4a2\"},\"headline\":\"Sedarpa se hace guaje con pago de seguro: Chuy Mart\u00ednez\",\"datePublished\":\"2020-06-25T14:16:15+00:00\",\"mainEntityOfPage\":{\"@id\":\"https:\\\/\\\/lospoliticosveracruz.com\\\/?p=56556\"},\"wordCount\":378,\"commentCount\":0,\"publisher\":{\"@id\":\"https:\\\/\\\/lospoliticosveracruz.com\\\/#organization\"},\"keywords\":[\"campo veracruzano\",\"Eduardo Cadena\",\"Mar\u00eda de Jes\u00fas Mart\u00ednez D\u00edaz\",\"Mart\u00ednez de la Torre\",\"Rezago\",\"Sedarpa\",\"Seguro Agr\u00edcola Catastr\u00f3fico\",\"sequ\u00edas\"],\"inLanguage\":\"es\",\"potentialAction\":[{\"@type\":\"CommentAction\",\"name\":\"Comment\",\"target\":[\"https:\\\/\\\/lospoliticosveracruz.com\\\/?p=56556#respond\"]}]},{\"@type\":\"WebPage\",\"@id\":\"https:\\\/\\\/lospoliticosveracruz.com\\\/?p=56556\",\"url\":\"https:\\\/\\\/lospoliticosveracruz.com\\\/?p=56556\",\"name\":\"Sedarpa se hace guaje con pago de seguro: Chuy Mart\u00ednez - Los pol\u00edticos Veracruz\",\"isPartOf\":{\"@id\":\"https:\\\/\\\/lospoliticosveracruz.com\\\/#website\"},\"datePublished\":\"2020-06-25T14:16:15+00:00\",\"breadcrumb\":{\"@id\":\"https:\\\/\\\/lospoliticosveracruz.com\\\/?p=56556#breadcrumb\"},\"inLanguage\":\"es\",\"potentialAction\":[{\"@type\":\"ReadAction\",\"target\":[\"https:\\\/\\\/lospoliticosveracruz.com\\\/?p=56556\"]}]},{\"@type\":\"BreadcrumbList\",\"@id\":\"https:\\\/\\\/lospoliticosveracruz.com\\\/?p=56556#breadcrumb\",\"itemListElement\":[{\"@type\":\"ListItem\",\"position\":1,\"name\":\"Portada\",\"item\":\"https:\\\/\\\/lospoliticosveracruz.com\\\/\"},{\"@type\":\"ListItem\",\"position\":2,\"name\":\"Sedarpa se hace guaje con pago de seguro: Chuy Mart\u00ednez\"}]},{\"@type\":\"WebSite\",\"@id\":\"https:\\\/\\\/lospoliticosveracruz.com\\\/#website\",\"url\":\"https:\\\/\\\/lospoliticosveracruz.com\\\/\",\"name\":\"Los pol\u00edticos Veracruz\",\"description\":\"\",\"publisher\":{\"@id\":\"https:\\\/\\\/lospoliticosveracruz.com\\\/#organization\"},\"potentialAction\":[{\"@type\":\"SearchAction\",\"target\":{\"@type\":\"EntryPoint\",\"urlTemplate\":\"https:\\\/\\\/lospoliticosveracruz.com\\\/?s={search_term_string}\"},\"query-input\":{\"@type\":\"PropertyValueSpecification\",\"valueRequired\":true,\"valueName\":\"search_term_string\"}}],\"inLanguage\":\"es\"},{\"@type\":\"Organization\",\"@id\":\"https:\\\/\\\/lospoliticosveracruz.com\\\/#organization\",\"name\":\"Los pol\u00edticos Veracruz\",\"url\":\"https:\\\/\\\/lospoliticosveracruz.com\\\/\",\"logo\":{\"@type\":\"ImageObject\",\"inLanguage\":\"es\",\"@id\":\"https:\\\/\\\/lospoliticosveracruz.com\\\/#\\\/schema\\\/logo\\\/image\\\/\",\"url\":\"https:\\\/\\\/lospoliticosveracruz.com\\\/wp-content\\\/uploads\\\/2025\\\/12\\\/Logo-Nuevo-LOS-POLITICOS-1.jpg\",\"contentUrl\":\"https:\\\/\\\/lospoliticosveracruz.com\\\/wp-content\\\/uploads\\\/2025\\\/12\\\/Logo-Nuevo-LOS-POLITICOS-1.jpg\",\"width\":260,\"height\":70,\"caption\":\"Los pol\u00edticos Veracruz\"},\"image\":{\"@id\":\"https:\\\/\\\/lospoliticosveracruz.com\\\/#\\\/schema\\\/logo\\\/image\\\/\"},\"sameAs\":[\"https:\\\/\\\/www.facebook.com\\\/people\\\/Notimemes-de-los-Polticos\\\/61565672886568\\\/\",\"https:\\\/\\\/x.com\\\/LosPoliticosVer\"]},{\"@type\":\"Person\",\"@id\":\"https:\\\/\\\/lospoliticosveracruz.com\\\/#\\\/schema\\\/person\\\/b8702bb0e538456e6efd07080bf2a4a2\",\"name\":\"Lo viste en Los Pol\u00edticos\",\"image\":{\"@type\":\"ImageObject\",\"inLanguage\":\"es\",\"@id\":\"https:\\\/\\\/secure.gravatar.com\\\/avatar\\\/3a8de04a2656d44082be478bd6c086daa447c4651605818287b9532d3d0bd435?s=96&d=mm&r=g\",\"url\":\"https:\\\/\\\/secure.gravatar.com\\\/avatar\\\/3a8de04a2656d44082be478bd6c086daa447c4651605818287b9532d3d0bd435?s=96&d=mm&r=g\",\"contentUrl\":\"https:\\\/\\\/secure.gravatar.com\\\/avatar\\\/3a8de04a2656d44082be478bd6c086daa447c4651605818287b9532d3d0bd435?s=96&d=mm&r=g\",\"caption\":\"Lo viste en Los Pol\u00edticos\"},\"url\":\"https:\\\/\\\/lospoliticosveracruz.com\\\/?author=2\"}]}<\/script>\n<!-- \/ Yoast SEO plugin. -->","yoast_head_json":{"title":"Sedarpa se hace guaje con pago de seguro: Chuy Mart\u00ednez - Los pol\u00edticos Veracruz","robots":{"index":"index","follow":"follow","max-snippet":"max-snippet:-1","max-image-preview":"max-image-preview:large","max-video-preview":"max-video-preview:-1"},"canonical":"https:\/\/lospoliticosveracruz.com\/?p=56556","og_locale":"es_ES","og_type":"article","og_title":"Sedarpa se hace guaje con pago de seguro: Chuy Mart\u00ednez - Los pol\u00edticos Veracruz","og_description":"El gobierno estatal no solo mantiene en un lamentable rezago al campo veracruzano, sino que la Secretar\u00eda de Desarrollo Agropecuario, Rural y Pesca (SEDARPA), lleva casi siete meses incumpliendo el pago del Seguro Agr\u00edcola Catastr\u00f3fico a m\u00e1s de 1000 productores de c\u00edtricos en Mart\u00ednez de la Torre, denunci\u00f3 la diputada local Mar\u00eda de Jes\u00fas Mart\u00ednez [&hellip;]","og_url":"https:\/\/lospoliticosveracruz.com\/?p=56556","og_site_name":"Los pol\u00edticos Veracruz","article_publisher":"https:\/\/www.facebook.com\/people\/Notimemes-de-los-Polticos\/61565672886568\/","article_published_time":"2020-06-25T14:16:15+00:00","og_image":[{"width":200,"height":200,"url":"https:\/\/lospoliticosveracruz.com\/wp-content\/uploads\/2016\/07\/Logo-Dor.jpg","type":"image\/jpeg"}],"author":"Lo viste en Los Pol\u00edticos","twitter_card":"summary_large_image","twitter_creator":"@LosPoliticosVer","twitter_site":"@LosPoliticosVer","twitter_misc":{"Escrito por":"Lo viste en Los Pol\u00edticos","Tiempo de lectura":"2 minutos"},"schema":{"@context":"https:\/\/schema.org","@graph":[{"@type":"Article","@id":"https:\/\/lospoliticosveracruz.com\/?p=56556#article","isPartOf":{"@id":"https:\/\/lospoliticosveracruz.com\/?p=56556"},"author":{"name":"Lo viste en Los Pol\u00edticos","@id":"https:\/\/lospoliticosveracruz.com\/#\/schema\/person\/b8702bb0e538456e6efd07080bf2a4a2"},"headline":"Sedarpa se hace guaje con pago de seguro: Chuy Mart\u00ednez","datePublished":"2020-06-25T14:16:15+00:00","mainEntityOfPage":{"@id":"https:\/\/lospoliticosveracruz.com\/?p=56556"},"wordCount":378,"commentCount":0,"publisher":{"@id":"https:\/\/lospoliticosveracruz.com\/#organization"},"keywords":["campo veracruzano","Eduardo Cadena","Mar\u00eda de Jes\u00fas Mart\u00ednez D\u00edaz","Mart\u00ednez de la Torre","Rezago","Sedarpa","Seguro Agr\u00edcola Catastr\u00f3fico","sequ\u00edas"],"inLanguage":"es","potentialAction":[{"@type":"CommentAction","name":"Comment","target":["https:\/\/lospoliticosveracruz.com\/?p=56556#respond"]}]},{"@type":"WebPage","@id":"https:\/\/lospoliticosveracruz.com\/?p=56556","url":"https:\/\/lospoliticosveracruz.com\/?p=56556","name":"Sedarpa se hace guaje con pago de seguro: Chuy Mart\u00ednez - Los pol\u00edticos Veracruz","isPartOf":{"@id":"https:\/\/lospoliticosveracruz.com\/#website"},"datePublished":"2020-06-25T14:16:15+00:00","breadcrumb":{"@id":"https:\/\/lospoliticosveracruz.com\/?p=56556#breadcrumb"},"inLanguage":"es","potentialAction":[{"@type":"ReadAction","target":["https:\/\/lospoliticosveracruz.com\/?p=56556"]}]},{"@type":"BreadcrumbList","@id":"https:\/\/lospoliticosveracruz.com\/?p=56556#breadcrumb","itemListElement":[{"@type":"ListItem","position":1,"name":"Portada","item":"https:\/\/lospoliticosveracruz.com\/"},{"@type":"ListItem","position":2,"name":"Sedarpa se hace guaje con pago de seguro: Chuy Mart\u00ednez"}]},{"@type":"WebSite","@id":"https:\/\/lospoliticosveracruz.com\/#website","url":"https:\/\/lospoliticosveracruz.com\/","name":"Los pol\u00edticos Veracruz","description":"","publisher":{"@id":"https:\/\/lospoliticosveracruz.com\/#organization"},"potentialAction":[{"@type":"SearchAction","target":{"@type":"EntryPoint","urlTemplate":"https:\/\/lospoliticosveracruz.com\/?s={search_term_string}"},"query-input":{"@type":"PropertyValueSpecification","valueRequired":true,"valueName":"search_term_string"}}],"inLanguage":"es"},{"@type":"Organization","@id":"https:\/\/lospoliticosveracruz.com\/#organization","name":"Los pol\u00edticos Veracruz","url":"https:\/\/lospoliticosveracruz.com\/","logo":{"@type":"ImageObject","inLanguage":"es","@id":"https:\/\/lospoliticosveracruz.com\/#\/schema\/logo\/image\/","url":"https:\/\/lospoliticosveracruz.com\/wp-content\/uploads\/2025\/12\/Logo-Nuevo-LOS-POLITICOS-1.jpg","contentUrl":"https:\/\/lospoliticosveracruz.com\/wp-content\/uploads\/2025\/12\/Logo-Nuevo-LOS-POLITICOS-1.jpg","width":260,"height":70,"caption":"Los pol\u00edticos Veracruz"},"image":{"@id":"https:\/\/lospoliticosveracruz.com\/#\/schema\/logo\/image\/"},"sameAs":["https:\/\/www.facebook.com\/people\/Notimemes-de-los-Polticos\/61565672886568\/","https:\/\/x.com\/LosPoliticosVer"]},{"@type":"Person","@id":"https:\/\/lospoliticosveracruz.com\/#\/schema\/person\/b8702bb0e538456e6efd07080bf2a4a2","name":"Lo viste en Los Pol\u00edticos","image":{"@type":"ImageObject","inLanguage":"es","@id":"https:\/\/secure.gravatar.com\/avatar\/3a8de04a2656d44082be478bd6c086daa447c4651605818287b9532d3d0bd435?s=96&d=mm&r=g","url":"https:\/\/secure.gravatar.com\/avatar\/3a8de04a2656d44082be478bd6c086daa447c4651605818287b9532d3d0bd435?s=96&d=mm&r=g","contentUrl":"https:\/\/secure.gravatar.com\/avatar\/3a8de04a2656d44082be478bd6c086daa447c4651605818287b9532d3d0bd435?s=96&d=mm&r=g","caption":"Lo viste en Los Pol\u00edticos"},"url":"https:\/\/lospoliticosveracruz.com\/?author=2"}]}},"_links":{"self":[{"href":"https:\/\/lospoliticosveracruz.com\/index.php?rest_route=\/wp\/v2\/posts\/56556","targetHints":{"allow":["GET"]}}],"collection":[{"href":"https:\/\/lospoliticosveracruz.com\/index.php?rest_route=\/wp\/v2\/posts"}],"about":[{"href":"https:\/\/lospoliticosveracruz.com\/index.php?rest_route=\/wp\/v2\/types\/post"}],"author":[{"embeddable":true,"href":"https:\/\/lospoliticosveracruz.com\/index.php?rest_route=\/wp\/v2\/users\/2"}],"replies":[{"embeddable":true,"href":"https:\/\/lospoliticosveracruz.com\/index.php?rest_route=%2Fwp%2Fv2%2Fcomments&post=56556"}],"version-history":[{"count":1,"href":"https:\/\/lospoliticosveracruz.com\/index.php?rest_route=\/wp\/v2\/posts\/56556\/revisions"}],"predecessor-version":[{"id":56558,"href":"https:\/\/lospoliticosveracruz.com\/index.php?rest_route=\/wp\/v2\/posts\/56556\/revisions\/56558"}],"wp:attachment":[{"href":"https:\/\/lospoliticosveracruz.com\/index.php?rest_route=%2Fwp%2Fv2%2Fmedia&parent=56556"}],"wp:term":[{"taxonomy":"category","embeddable":true,"href":"https:\/\/lospoliticosveracruz.com\/index.php?rest_route=%2Fwp%2Fv2%2Fcategories&post=56556"},{"taxonomy":"post_tag","embeddable":true,"href":"https:\/\/lospoliticosveracruz.com\/index.php?rest_route=%2Fwp%2Fv2%2Ftags&post=56556"}],"curies":[{"name":"wp","href":"https:\/\/api.w.org\/{rel}","templated":true}]}}