{"id":56609,"date":"2020-06-26T09:20:17","date_gmt":"2020-06-26T14:20:17","guid":{"rendered":"http:\/\/www.lospoliticosveracruz.com.mx\/?p=56609"},"modified":"2020-06-26T09:20:17","modified_gmt":"2020-06-26T14:20:17","slug":"la-metida-de-pata-en-tuxpan","status":"publish","type":"post","link":"https:\/\/lospoliticosveracruz.com\/?p=56609","title":{"rendered":"La metida de pata en Tuxpan"},"content":{"rendered":"<p><strong>Ricardo Ch\u00faa<\/strong><\/p>\n<p><em>Sale y Vale<\/em><\/p>\n<p>IBERDROLA, LA GRAN MENTIRA&#8230; Podr\u00e1 el gobierno federal de Andr\u00e9s Manuel L\u00f3pez Obrador decir \u00abmisa\u00bb.. Se\u00f1alando que la ahora famosa empresa \u00abIberdrola\u00bb no retira su inversi\u00f3n millonaria en Tuxpan&#8230; Pero OJO a nadie le ha quedado claro&#8230; EL SILENCIO de los empresarios que manejan esta compa\u00f1\u00eda de origen Espa\u00f1ol&#8230;. Despu\u00e9s de que el alcalde panista, Juan Antonio Aguilar Mancha, ha reiterado que los abogados de esta trasnacional, le dijeron: \u00abnos vamos de Veracruz y de M\u00e9xico\u00bb&#8230; \u00bfQui\u00e9n miente ahora?&#8230;<\/p>\n<p>Hay una versi\u00f3n de una fuente muy cercana a Palacio Nacional y que anda en Veracruz.. Se\u00f1ala que a L\u00f3pez Obrador le dieron a \u00abbeber agua de su propio chocolate\u00bb&#8230;. Y le aplicaron \u00abmanita de puerco\u00bb, tal como \u00e9l lo hace con sus opositores&#8230; Los de \u00abIberdrola\u00bb se quedan callados para \u00abacalambrar\u00bb a AMLO&#8230; Se cansaron de se\u00f1alamientos y bueno ahora est\u00e1n en su postura&#8230; Misma que provoc\u00f3 que el embajador de EEUU, Christopher Landau, s\u00f3lo comentara que \u00abno es momento oportuno para invertir en M\u00e9xico\u00bb&#8230; Para que el Presidente reculara&#8230;<\/p>\n<p>L\u00f3pez Obrador, sabe bien que lo sucedido en Tuxpan, le puede costar caro a su gobierno de la 4T&#8230; El Embajador no es un \u00abneoliberal\u00bb o \u00abfif\u00ed\u00bb al que pueda descalificar&#8230; Es el amigo de Trump que vino a M\u00e9xico a cuidar los intereses de EU&#8230; Ah\u00ed est\u00e1 el \u00abmeollo\u00bb del asunto&#8230; Un alcalde panista jarocho y su declaraci\u00f3n, aunado al SILENCIO de \u00abIberdrola\u00bb, tiene metido al gobierno en un conflicto internacional en materia de inversi\u00f3n p\u00fablica&#8230; \u00bfD\u00f3nde est\u00e1n los empresarios veracruzanos que iban a licitar la obra?&#8230; Pobre Cuitlahuac&#8230; Pobre Nahle&#8230;<\/p>\n<p>Por eso, despu\u00e9s de que el pasado mi\u00e9rcoles, el gobernador, Cuitl\u00e1huac Garc\u00eda anunciaba con \u00abbombos y platillos\u00bb que CFE, por intervenci\u00f3n de su \u00abamiga\u00bb, Rocio Nahle, secretaria de Energ\u00eda del gobierno federal, licitar\u00e1 una nueva Central El\u00e9ctrica en Tuxpan&#8230; Y que la salida de la empresa espa\u00f1ola, NO TEN\u00cdA IMPORTANCIA porque empresarios veracruzanos, le entrar\u00edan al proceso de licitaci\u00f3n&#8230; Qu\u00e9 verg\u00fcenza&#8230; L\u00f3pez Obrador, los exhibi\u00f3 y les dijo: \u00abQuietas fieras\u00bb&#8230;<\/p>\n<p>L\u00f3pez Obrador tuvo que \u00abcorregir la plana\u00bb a Cuitl\u00e1huac Garc\u00eda y de paso darle un \u00abrasp\u00f3n\u00bb por \u00abacelerada\u00bb a Rocio Nahle&#8230; Conociendo como opera L\u00f3pez Obrador, si por esta \u00abacci\u00f3n\u00bb del gobernador, no pasa nada, ni tampoco sucede nada con la titular de SENER&#8230; Quiere decir, que desde Palacio Nacional \u00abarmaron\u00bb toda la estrategia para \u00abfregar\u00bb a \u00abIberdrola\u00bb, pero la \u00abjugada\u00bb sali\u00f3 mal&#8230; Y con la \u00abpuntilla\u00bb hecha por el embajador de EEUU&#8230; No qued\u00f3 m\u00e1s que recular y echarle la culpa&#8230; Al m\u00e1s \u00abculpable por hablador\u00bb: Cuitl\u00e1huac Garc\u00eda..<\/p>\n<p>Por lo pronto, lo que inici\u00f3 como un \u00abERROR\u00bb m\u00e1s del gobernador de Veracruz, al asegurar que la empresa \u00abIberdrola\u00bb ser\u00eda substituida por la CFE&#8230; Y que escal\u00f3 un comentario de Landau&#8230; Ha provocado que todas las miradas est\u00e9n sobre Tuxpan&#8230; Un alcalde panista, sin querer, los \u00abgrillo\u00bb&#8230; Se llev\u00f3 a Nahle \u00aben la marea\u00bb y, quiz\u00e1s, hizo \u00abtrizas\u00bb la estrategia de AMLO&#8230; Ya que ahora dice que la compa\u00f1\u00eda espa\u00f1ola no se ha retirado, esta se queda sin desmentir al alcalde, y en M\u00e9xico, se practica: \u00abEl que calla, otorga\u00bb&#8230;<\/p>\n<p>El punto aqu\u00ed ser\u00eda: \u00bfEs culpa de Cuitl\u00e1huac por haber hecho el anuncio de la sustituci\u00f3n?&#8230; \u00bfEs culpa de Nahle por no desmentir a Cuitl\u00e1huac? o \u00bfEs culpa de Andr\u00e9s Manuel por confiar en la titular de SENER y el gobernador de Veracruz?&#8230; \u00bfPor qu\u00e9 Iberdrola calla?&#8230; Ninguna empresa deja ir de la nada mil 200 millones de d\u00f3lares en inversi\u00f3n&#8230; Obvio, aqu\u00ed hay m\u00e1s que un \u00abgato encerrado\u00bb&#8230; \u00bfQui\u00e9n la reg\u00f3 o qui\u00e9n miente?&#8230;<\/p>\n<p>OJO&#8230; En espacios anteriores&#8230;Se ha comentado la an\u00e9cdota que le dijo el Ex Presidente, Luis Echeverr\u00eda, a ilustre veracruzano del gobierno alemanista: \u00ab\u00bfPara que le sirve a un Presidente, un gobernador?&#8230; Echeverr\u00eda contest\u00f3: \u00abS\u00f3lo para dos cosas, para no crearle problemas al Presidente y para ganar elecciones en su Estado\u00bb&#8230; Si este tema pas\u00f3, como se sospecha, ahora entienden el por qu\u00e9 AMLO mantiene a Cuitl\u00e1huac en la gubernatura&#8230; El gobernador no le crea problemas&#8230; Simplemente le echan la culpa y ya&#8230; AMEN&#8230;<\/p>\n<p>EL \u00abAYOTZINAPAN\u00bb DE CUITL\u00c1HUAC Y NAHLE&#8230; Con todo y anuncio del tema \u00abIberdrola\u00bb&#8230; Si la cancelaci\u00f3n de la construcci\u00f3n de la central el\u00e9ctrica en Tuxpan, por parte de la empresa, se confirma y se cae la inversi\u00f3n de mil 200 millones de d\u00f3lares y que generar\u00eda 2 mil empleos directos&#8230; Esta ser\u00e1 el \u00abAyotzinapan\u00bb de Cuitl\u00e1huac Garc\u00eda y Rocio Nahle, en Veracruz, en materia econ\u00f3mica&#8230; De este \u00abmameyazo\u00bb internacional la zacatecana y el xalape\u00f1o, no se recuperan&#8230; La pinches y \u00abmalditas\u00bb redes sociales que todo informan&#8230;<\/p>\n<p>Lo grave del asunto&#8230; Es que al gobernador de Veracruz s\u00f3lo le qued\u00f3 decir que CFE continuar\u00eda el proyecto, y que era un acuerdo tomado con Rocio Nahle, secretar\u00eda de Energ\u00eda&#8230; Pero AMLO ya detuvo eso&#8230; Pero la pregunta era: Con qu\u00e9 empresas veracruzanas lo van hacer&#8230; Si nadie quiere invertir en Veracruz&#8230; En 2019 corporativos veracruzanos, se fueron a Quer\u00e9taro y Yucat\u00e1n con su dinero que ten\u00edan pensado destinar en Xalapa en una serie de proyectos&#8230; Ya que Cuitl\u00e1huac no les dio confianza para arriesgarlo en la entidad&#8230;<\/p>\n<p>Veracruz no lo ven como destino de inversi\u00f3n&#8230; El gobierno estatal tiene crisis de gobernabilidad, inseguridad y sanitaria&#8230; Que digan que consorcio le va a \u00abentra a Belen cantando\u00bb, esta dificil&#8230; Rocio Nahle, es conocida por \u00abechar a perder\u00bb inversiones a nivel internacional&#8230; Qui\u00e9n carajos tendr\u00e1 la confianza para participar&#8230; Si los empresarios veracruzanos est\u00e1n quebrados o no tienen esa capacidad econ\u00f3mica.. Y las 4 o 5 familias que la tienen, no quieren a MORENA y se fueron a Yucat\u00e1n o Quer\u00e9taro&#8230;<\/p>\n<p>Al menos, que se hiciera una licitaci\u00f3n \u00abama\u00f1ada\u00bb y por \u00abarte de magia\u00bb (as\u00ed como aparecen mansiones por \u00abherencias\u00bb o \u00abdonaciones\u00bb de papis fifis), de pronto haya empresas \u00abveracruzanas\u00bb que ganen esos concursos&#8230; Y Manuel Bartlett, d\u00e9 el \u00abvisto bueno\u00bb y se pongan a construir la Termoel\u00e9ctrica&#8230; Qui\u00e9n lo iba impedir&#8230; S\u00f3lo una declaraci\u00f3n del embajador de EU&#8230; Tan directo fue que no sea que a Bartlett, le guste una residencia, ah\u00ed en Santiago de la Pe\u00f1a, al pie del r\u00edo Tuxpan&#8230; Y ah\u00ed se quede a \u00abvigilar\u00bb la inversi\u00f3n&#8230; \u00bfA poco no?&#8230;<\/p>\n","protected":false},"excerpt":{"rendered":"<p>Ricardo Ch\u00faa Sale y Vale IBERDROLA, LA GRAN MENTIRA&#8230; Podr\u00e1 el gobierno federal de Andr\u00e9s Manuel L\u00f3pez Obrador decir \u00abmisa\u00bb.. Se\u00f1alando que la ahora famosa empresa \u00abIberdrola\u00bb no retira su inversi\u00f3n millonaria en Tuxpan&#8230; Pero OJO a nadie le ha quedado claro&#8230; EL SILENCIO de los empresarios que manejan esta compa\u00f1\u00eda de origen Espa\u00f1ol&#8230;. Despu\u00e9s [&hellip;]<\/p>\n","protected":false},"author":2,"featured_media":0,"comment_status":"open","ping_status":"open","sticky":false,"template":"","format":"standard","meta":{"tdm_status":"","tdm_grid_status":"","footnotes":""},"categories":[70],"tags":[618,4973,15701,18813,16134,395,13604,3578,9087,203,195],"class_list":{"0":"post-56609","1":"post","2":"type-post","3":"status-publish","4":"format-standard","6":"category-de-opinion","7":"tag-andres-manuel-lopez-obrador","8":"tag-cfe","9":"tag-christopher-landau","10":"tag-iberdrola","11":"tag-juan-antonio-aguilar-mancha","12":"tag-mexico","13":"tag-ricardo-chua","14":"tag-rocio-nahle","15":"tag-secretaria-de-energia","16":"tag-tuxpan","17":"tag-veracruz"},"yoast_head":"<!-- This site is optimized with the Yoast SEO plugin v27.4 - https:\/\/yoast.com\/product\/yoast-seo-wordpress\/ -->\n<title>La metida de pata en Tuxpan - Los pol\u00edticos Veracruz<\/title>\n<meta name=\"robots\" content=\"index, follow, max-snippet:-1, max-image-preview:large, max-video-preview:-1\" \/>\n<link rel=\"canonical\" href=\"https:\/\/lospoliticosveracruz.com\/?p=56609\" \/>\n<meta property=\"og:locale\" content=\"es_ES\" \/>\n<meta property=\"og:type\" content=\"article\" \/>\n<meta property=\"og:title\" content=\"La metida de pata en Tuxpan - Los pol\u00edticos Veracruz\" \/>\n<meta property=\"og:description\" content=\"Ricardo Ch\u00faa Sale y Vale IBERDROLA, LA GRAN MENTIRA&#8230; Podr\u00e1 el gobierno federal de Andr\u00e9s Manuel L\u00f3pez Obrador decir \u00abmisa\u00bb.. Se\u00f1alando que la ahora famosa empresa \u00abIberdrola\u00bb no retira su inversi\u00f3n millonaria en Tuxpan&#8230; Pero OJO a nadie le ha quedado claro&#8230; EL SILENCIO de los empresarios que manejan esta compa\u00f1\u00eda de origen Espa\u00f1ol&#8230;. Despu\u00e9s [&hellip;]\" \/>\n<meta property=\"og:url\" content=\"https:\/\/lospoliticosveracruz.com\/?p=56609\" \/>\n<meta property=\"og:site_name\" content=\"Los pol\u00edticos Veracruz\" \/>\n<meta property=\"article:publisher\" content=\"https:\/\/www.facebook.com\/people\/Notimemes-de-los-Polticos\/61565672886568\/\" \/>\n<meta property=\"article:published_time\" content=\"2020-06-26T14:20:17+00:00\" \/>\n<meta property=\"og:image\" content=\"https:\/\/lospoliticosveracruz.com\/wp-content\/uploads\/2016\/07\/Logo-Dor.jpg\" \/>\n\t<meta property=\"og:image:width\" content=\"200\" \/>\n\t<meta property=\"og:image:height\" content=\"200\" \/>\n\t<meta property=\"og:image:type\" content=\"image\/jpeg\" \/>\n<meta name=\"author\" content=\"Lo viste en Los Pol\u00edticos\" \/>\n<meta name=\"twitter:card\" content=\"summary_large_image\" \/>\n<meta name=\"twitter:creator\" content=\"@LosPoliticosVer\" \/>\n<meta name=\"twitter:site\" content=\"@LosPoliticosVer\" \/>\n<meta name=\"twitter:label1\" content=\"Escrito por\" \/>\n\t<meta name=\"twitter:data1\" content=\"Lo viste en Los Pol\u00edticos\" \/>\n\t<meta name=\"twitter:label2\" content=\"Tiempo de lectura\" \/>\n\t<meta name=\"twitter:data2\" content=\"6 minutos\" \/>\n<script type=\"application\/ld+json\" class=\"yoast-schema-graph\">{\"@context\":\"https:\\\/\\\/schema.org\",\"@graph\":[{\"@type\":\"Article\",\"@id\":\"https:\\\/\\\/lospoliticosveracruz.com\\\/?p=56609#article\",\"isPartOf\":{\"@id\":\"https:\\\/\\\/lospoliticosveracruz.com\\\/?p=56609\"},\"author\":{\"name\":\"Lo viste en Los Pol\u00edticos\",\"@id\":\"https:\\\/\\\/lospoliticosveracruz.com\\\/#\\\/schema\\\/person\\\/b8702bb0e538456e6efd07080bf2a4a2\"},\"headline\":\"La metida de pata en Tuxpan\",\"datePublished\":\"2020-06-26T14:20:17+00:00\",\"mainEntityOfPage\":{\"@id\":\"https:\\\/\\\/lospoliticosveracruz.com\\\/?p=56609\"},\"wordCount\":1129,\"commentCount\":0,\"publisher\":{\"@id\":\"https:\\\/\\\/lospoliticosveracruz.com\\\/#organization\"},\"keywords\":[\"Andr\u00e9s Manuel L\u00f3pez Obrador\",\"CFE\",\"Christopher Landau\",\"Iberdrola\",\"Juan Antonio Aguilar Mancha\",\"M\u00e9xico\",\"Ricardo Ch\u00faa\",\"Roc\u00edo Nahle\",\"Secretar\u00eda de Energ\u00eda\",\"Tuxpan\",\"Veracruz\"],\"articleSection\":[\"De Opini\u00f3n\"],\"inLanguage\":\"es\",\"potentialAction\":[{\"@type\":\"CommentAction\",\"name\":\"Comment\",\"target\":[\"https:\\\/\\\/lospoliticosveracruz.com\\\/?p=56609#respond\"]}]},{\"@type\":\"WebPage\",\"@id\":\"https:\\\/\\\/lospoliticosveracruz.com\\\/?p=56609\",\"url\":\"https:\\\/\\\/lospoliticosveracruz.com\\\/?p=56609\",\"name\":\"La metida de pata en Tuxpan - Los pol\u00edticos Veracruz\",\"isPartOf\":{\"@id\":\"https:\\\/\\\/lospoliticosveracruz.com\\\/#website\"},\"datePublished\":\"2020-06-26T14:20:17+00:00\",\"breadcrumb\":{\"@id\":\"https:\\\/\\\/lospoliticosveracruz.com\\\/?p=56609#breadcrumb\"},\"inLanguage\":\"es\",\"potentialAction\":[{\"@type\":\"ReadAction\",\"target\":[\"https:\\\/\\\/lospoliticosveracruz.com\\\/?p=56609\"]}]},{\"@type\":\"BreadcrumbList\",\"@id\":\"https:\\\/\\\/lospoliticosveracruz.com\\\/?p=56609#breadcrumb\",\"itemListElement\":[{\"@type\":\"ListItem\",\"position\":1,\"name\":\"Portada\",\"item\":\"https:\\\/\\\/lospoliticosveracruz.com\\\/\"},{\"@type\":\"ListItem\",\"position\":2,\"name\":\"La metida de pata en Tuxpan\"}]},{\"@type\":\"WebSite\",\"@id\":\"https:\\\/\\\/lospoliticosveracruz.com\\\/#website\",\"url\":\"https:\\\/\\\/lospoliticosveracruz.com\\\/\",\"name\":\"Los pol\u00edticos Veracruz\",\"description\":\"\",\"publisher\":{\"@id\":\"https:\\\/\\\/lospoliticosveracruz.com\\\/#organization\"},\"potentialAction\":[{\"@type\":\"SearchAction\",\"target\":{\"@type\":\"EntryPoint\",\"urlTemplate\":\"https:\\\/\\\/lospoliticosveracruz.com\\\/?s={search_term_string}\"},\"query-input\":{\"@type\":\"PropertyValueSpecification\",\"valueRequired\":true,\"valueName\":\"search_term_string\"}}],\"inLanguage\":\"es\"},{\"@type\":\"Organization\",\"@id\":\"https:\\\/\\\/lospoliticosveracruz.com\\\/#organization\",\"name\":\"Los pol\u00edticos Veracruz\",\"url\":\"https:\\\/\\\/lospoliticosveracruz.com\\\/\",\"logo\":{\"@type\":\"ImageObject\",\"inLanguage\":\"es\",\"@id\":\"https:\\\/\\\/lospoliticosveracruz.com\\\/#\\\/schema\\\/logo\\\/image\\\/\",\"url\":\"https:\\\/\\\/lospoliticosveracruz.com\\\/wp-content\\\/uploads\\\/2025\\\/12\\\/Logo-Nuevo-LOS-POLITICOS-1.jpg\",\"contentUrl\":\"https:\\\/\\\/lospoliticosveracruz.com\\\/wp-content\\\/uploads\\\/2025\\\/12\\\/Logo-Nuevo-LOS-POLITICOS-1.jpg\",\"width\":260,\"height\":70,\"caption\":\"Los pol\u00edticos Veracruz\"},\"image\":{\"@id\":\"https:\\\/\\\/lospoliticosveracruz.com\\\/#\\\/schema\\\/logo\\\/image\\\/\"},\"sameAs\":[\"https:\\\/\\\/www.facebook.com\\\/people\\\/Notimemes-de-los-Polticos\\\/61565672886568\\\/\",\"https:\\\/\\\/x.com\\\/LosPoliticosVer\"]},{\"@type\":\"Person\",\"@id\":\"https:\\\/\\\/lospoliticosveracruz.com\\\/#\\\/schema\\\/person\\\/b8702bb0e538456e6efd07080bf2a4a2\",\"name\":\"Lo viste en Los Pol\u00edticos\",\"image\":{\"@type\":\"ImageObject\",\"inLanguage\":\"es\",\"@id\":\"https:\\\/\\\/secure.gravatar.com\\\/avatar\\\/3a8de04a2656d44082be478bd6c086daa447c4651605818287b9532d3d0bd435?s=96&d=mm&r=g\",\"url\":\"https:\\\/\\\/secure.gravatar.com\\\/avatar\\\/3a8de04a2656d44082be478bd6c086daa447c4651605818287b9532d3d0bd435?s=96&d=mm&r=g\",\"contentUrl\":\"https:\\\/\\\/secure.gravatar.com\\\/avatar\\\/3a8de04a2656d44082be478bd6c086daa447c4651605818287b9532d3d0bd435?s=96&d=mm&r=g\",\"caption\":\"Lo viste en Los Pol\u00edticos\"},\"url\":\"https:\\\/\\\/lospoliticosveracruz.com\\\/?author=2\"}]}<\/script>\n<!-- \/ Yoast SEO plugin. -->","yoast_head_json":{"title":"La metida de pata en Tuxpan - Los pol\u00edticos Veracruz","robots":{"index":"index","follow":"follow","max-snippet":"max-snippet:-1","max-image-preview":"max-image-preview:large","max-video-preview":"max-video-preview:-1"},"canonical":"https:\/\/lospoliticosveracruz.com\/?p=56609","og_locale":"es_ES","og_type":"article","og_title":"La metida de pata en Tuxpan - Los pol\u00edticos Veracruz","og_description":"Ricardo Ch\u00faa Sale y Vale IBERDROLA, LA GRAN MENTIRA&#8230; Podr\u00e1 el gobierno federal de Andr\u00e9s Manuel L\u00f3pez Obrador decir \u00abmisa\u00bb.. Se\u00f1alando que la ahora famosa empresa \u00abIberdrola\u00bb no retira su inversi\u00f3n millonaria en Tuxpan&#8230; Pero OJO a nadie le ha quedado claro&#8230; EL SILENCIO de los empresarios que manejan esta compa\u00f1\u00eda de origen Espa\u00f1ol&#8230;. Despu\u00e9s [&hellip;]","og_url":"https:\/\/lospoliticosveracruz.com\/?p=56609","og_site_name":"Los pol\u00edticos Veracruz","article_publisher":"https:\/\/www.facebook.com\/people\/Notimemes-de-los-Polticos\/61565672886568\/","article_published_time":"2020-06-26T14:20:17+00:00","og_image":[{"width":200,"height":200,"url":"https:\/\/lospoliticosveracruz.com\/wp-content\/uploads\/2016\/07\/Logo-Dor.jpg","type":"image\/jpeg"}],"author":"Lo viste en Los Pol\u00edticos","twitter_card":"summary_large_image","twitter_creator":"@LosPoliticosVer","twitter_site":"@LosPoliticosVer","twitter_misc":{"Escrito por":"Lo viste en Los Pol\u00edticos","Tiempo de lectura":"6 minutos"},"schema":{"@context":"https:\/\/schema.org","@graph":[{"@type":"Article","@id":"https:\/\/lospoliticosveracruz.com\/?p=56609#article","isPartOf":{"@id":"https:\/\/lospoliticosveracruz.com\/?p=56609"},"author":{"name":"Lo viste en Los Pol\u00edticos","@id":"https:\/\/lospoliticosveracruz.com\/#\/schema\/person\/b8702bb0e538456e6efd07080bf2a4a2"},"headline":"La metida de pata en Tuxpan","datePublished":"2020-06-26T14:20:17+00:00","mainEntityOfPage":{"@id":"https:\/\/lospoliticosveracruz.com\/?p=56609"},"wordCount":1129,"commentCount":0,"publisher":{"@id":"https:\/\/lospoliticosveracruz.com\/#organization"},"keywords":["Andr\u00e9s Manuel L\u00f3pez Obrador","CFE","Christopher Landau","Iberdrola","Juan Antonio Aguilar Mancha","M\u00e9xico","Ricardo Ch\u00faa","Roc\u00edo Nahle","Secretar\u00eda de Energ\u00eda","Tuxpan","Veracruz"],"articleSection":["De Opini\u00f3n"],"inLanguage":"es","potentialAction":[{"@type":"CommentAction","name":"Comment","target":["https:\/\/lospoliticosveracruz.com\/?p=56609#respond"]}]},{"@type":"WebPage","@id":"https:\/\/lospoliticosveracruz.com\/?p=56609","url":"https:\/\/lospoliticosveracruz.com\/?p=56609","name":"La metida de pata en Tuxpan - Los pol\u00edticos Veracruz","isPartOf":{"@id":"https:\/\/lospoliticosveracruz.com\/#website"},"datePublished":"2020-06-26T14:20:17+00:00","breadcrumb":{"@id":"https:\/\/lospoliticosveracruz.com\/?p=56609#breadcrumb"},"inLanguage":"es","potentialAction":[{"@type":"ReadAction","target":["https:\/\/lospoliticosveracruz.com\/?p=56609"]}]},{"@type":"BreadcrumbList","@id":"https:\/\/lospoliticosveracruz.com\/?p=56609#breadcrumb","itemListElement":[{"@type":"ListItem","position":1,"name":"Portada","item":"https:\/\/lospoliticosveracruz.com\/"},{"@type":"ListItem","position":2,"name":"La metida de pata en Tuxpan"}]},{"@type":"WebSite","@id":"https:\/\/lospoliticosveracruz.com\/#website","url":"https:\/\/lospoliticosveracruz.com\/","name":"Los pol\u00edticos Veracruz","description":"","publisher":{"@id":"https:\/\/lospoliticosveracruz.com\/#organization"},"potentialAction":[{"@type":"SearchAction","target":{"@type":"EntryPoint","urlTemplate":"https:\/\/lospoliticosveracruz.com\/?s={search_term_string}"},"query-input":{"@type":"PropertyValueSpecification","valueRequired":true,"valueName":"search_term_string"}}],"inLanguage":"es"},{"@type":"Organization","@id":"https:\/\/lospoliticosveracruz.com\/#organization","name":"Los pol\u00edticos Veracruz","url":"https:\/\/lospoliticosveracruz.com\/","logo":{"@type":"ImageObject","inLanguage":"es","@id":"https:\/\/lospoliticosveracruz.com\/#\/schema\/logo\/image\/","url":"https:\/\/lospoliticosveracruz.com\/wp-content\/uploads\/2025\/12\/Logo-Nuevo-LOS-POLITICOS-1.jpg","contentUrl":"https:\/\/lospoliticosveracruz.com\/wp-content\/uploads\/2025\/12\/Logo-Nuevo-LOS-POLITICOS-1.jpg","width":260,"height":70,"caption":"Los pol\u00edticos Veracruz"},"image":{"@id":"https:\/\/lospoliticosveracruz.com\/#\/schema\/logo\/image\/"},"sameAs":["https:\/\/www.facebook.com\/people\/Notimemes-de-los-Polticos\/61565672886568\/","https:\/\/x.com\/LosPoliticosVer"]},{"@type":"Person","@id":"https:\/\/lospoliticosveracruz.com\/#\/schema\/person\/b8702bb0e538456e6efd07080bf2a4a2","name":"Lo viste en Los Pol\u00edticos","image":{"@type":"ImageObject","inLanguage":"es","@id":"https:\/\/secure.gravatar.com\/avatar\/3a8de04a2656d44082be478bd6c086daa447c4651605818287b9532d3d0bd435?s=96&d=mm&r=g","url":"https:\/\/secure.gravatar.com\/avatar\/3a8de04a2656d44082be478bd6c086daa447c4651605818287b9532d3d0bd435?s=96&d=mm&r=g","contentUrl":"https:\/\/secure.gravatar.com\/avatar\/3a8de04a2656d44082be478bd6c086daa447c4651605818287b9532d3d0bd435?s=96&d=mm&r=g","caption":"Lo viste en Los Pol\u00edticos"},"url":"https:\/\/lospoliticosveracruz.com\/?author=2"}]}},"_links":{"self":[{"href":"https:\/\/lospoliticosveracruz.com\/index.php?rest_route=\/wp\/v2\/posts\/56609","targetHints":{"allow":["GET"]}}],"collection":[{"href":"https:\/\/lospoliticosveracruz.com\/index.php?rest_route=\/wp\/v2\/posts"}],"about":[{"href":"https:\/\/lospoliticosveracruz.com\/index.php?rest_route=\/wp\/v2\/types\/post"}],"author":[{"embeddable":true,"href":"https:\/\/lospoliticosveracruz.com\/index.php?rest_route=\/wp\/v2\/users\/2"}],"replies":[{"embeddable":true,"href":"https:\/\/lospoliticosveracruz.com\/index.php?rest_route=%2Fwp%2Fv2%2Fcomments&post=56609"}],"version-history":[{"count":1,"href":"https:\/\/lospoliticosveracruz.com\/index.php?rest_route=\/wp\/v2\/posts\/56609\/revisions"}],"predecessor-version":[{"id":56611,"href":"https:\/\/lospoliticosveracruz.com\/index.php?rest_route=\/wp\/v2\/posts\/56609\/revisions\/56611"}],"wp:attachment":[{"href":"https:\/\/lospoliticosveracruz.com\/index.php?rest_route=%2Fwp%2Fv2%2Fmedia&parent=56609"}],"wp:term":[{"taxonomy":"category","embeddable":true,"href":"https:\/\/lospoliticosveracruz.com\/index.php?rest_route=%2Fwp%2Fv2%2Fcategories&post=56609"},{"taxonomy":"post_tag","embeddable":true,"href":"https:\/\/lospoliticosveracruz.com\/index.php?rest_route=%2Fwp%2Fv2%2Ftags&post=56609"}],"curies":[{"name":"wp","href":"https:\/\/api.w.org\/{rel}","templated":true}]}}