{"id":56662,"date":"2020-06-28T14:34:37","date_gmt":"2020-06-28T19:34:37","guid":{"rendered":"http:\/\/www.lospoliticosveracruz.com.mx\/?p=56662"},"modified":"2020-06-28T14:35:52","modified_gmt":"2020-06-28T19:35:52","slug":"imss-y-sntss-acciones-en-beneficio-de-sus-trabajadores","status":"publish","type":"post","link":"https:\/\/lospoliticosveracruz.com\/?p=56662","title":{"rendered":"IMSS y Sntss: Acciones en beneficio de sus trabajadores"},"content":{"rendered":"<p>El Instituto Mexicano del Seguro Social (IMSS) y el Sindicato Nacional de Trabajadores del Seguro Social (SNTSS) informaron los avances y resultados de 11 acciones anunciadas el pasado 13 de abril en apoyo a los trabajadores de la salud que enfrentan la emergencia sanitaria por COVID-19.<\/p>\n<p>A trav\u00e9s de una videoconferencia estuvieron presentes el director general del IMSS, Zo\u00e9 Robledo; el secretario general del SNTSS, Arturo Olivares Cerda; los titulares de las oficinas de representaci\u00f3n estatales, directores de Unidades M\u00e9dicas de Alta Especialidad (UMAE), l\u00edderes seccionales, representantes sindicales y los directores normativos de Prestaciones M\u00e9dicas, V\u00edctor Hugo Borja Aburto; de Vinculaci\u00f3n Institucional y Evaluaci\u00f3n de Delegaciones, David Raz\u00fa Aznar; y de Administraci\u00f3n, Humberto Pedrero Moreno.<\/p>\n<p>En su mensaje, el director general del IMSS, Zo\u00e9 Robledo, record\u00f3 que el personal del Instituto enfrenta el reto profesional m\u00e1s grande de toda su historia en atenci\u00f3n m\u00e9dica, ya que es una \u00e9poca de largas jornadas laborales e intensa actividad.<\/p>\n<p><strong>\u00a0<\/strong>\u201cSiempre hemos cre\u00eddo que una manera de proteger al personal es, s\u00ed su reconocimiento, pero tambi\u00e9n su retribuci\u00f3n; si se trabaja m\u00e1s, si se tiene m\u00e1s riesgo, es justo recibir m\u00e1s\u201d, indic\u00f3.<\/p>\n<p><strong>\u00a0<\/strong>Ante ello, coment\u00f3 que el 13 de abril se anunciaron medidas importantes para la protecci\u00f3n, capacitaci\u00f3n y seguridad del personal institucional, as\u00ed como el reconocimiento social y econ\u00f3mico a su trascendental labor.<\/p>\n<p>Respecto a la declaraci\u00f3n del COVID-19 como riesgo de trabajo, indic\u00f3 que el 24 de junio present\u00f3 ante el Consejo T\u00e9cnico un procedimiento que permitir\u00e1\u0301 que los casos sospechosos o confirmados de trabajadores del IMSS que laboran en unidades m\u00e9dicas, se les reconozca de manera \u00e1gil la incapacidad temporal por enfermedad de trabajo.<\/p>\n<p>En lo que se refiere al Bono COVID, inform\u00f3 que se han emitido 13 n\u00f3minas extraordinarias por un monto de 87 millones de pesos. Inform\u00f3 que se puso en operaci\u00f3n el correo electr\u00f3nico: <a href=\"mailto:bonocovid@imss.gob.mx\">bonocovid@imss.gob.mx<\/a> para atender inquietudes respecto al tema.<\/p>\n<p>Por otra parte, mencion\u00f3 que el 29 abril se suscribi\u00f3 un acuerdo para otorgar de manera extraordinaria Notas de M\u00e9rito al personal de las categor\u00edas m\u00e9dicas de enfermer\u00eda, base, interinos y sustitutos que integren los equipos de respuesta a la atenci\u00f3n de pacientes con COVID-19.<\/p>\n<p>En este sentido, Zo\u00e9 Robledo anunci\u00f3 que el lunes 29 de junio se realizar\u00e1 la transferencia del pago correspondiente al periodo del 16 de abril al 15 de mayo de 2020. El segundo pago se va a hacer el 15 de julio.<\/p>\n<p>El titular del Seguro Social coment\u00f3 que mediante una alianza con la Iniciativa Privada se lanz\u00f3 la convocatoria \u201cH\u00e9roes por la Salud\u201d, con la cual se otorgan becas a hijos de estos trabajadores con un ingreso igual o menor a cuatro salarios m\u00ednimos mensuales.<\/p>\n<p>En otro tema, el titular del IMSS destac\u00f3 el papel de la Asociaci\u00f3n Mexicana de Instituciones de Seguros (AMIS), que ofreci\u00f3\u0301 de manera solidaria apoyo econ\u00f3mico para los familiares de trabajadores de la salud que lleguen a perder la vida en cumplimiento de su deber.<\/p>\n<p>En cuanto a la adquisici\u00f3n de Equipos de Protecci\u00f3n Personal (EPP), destac\u00f3 que \u00e9sta ha sido la tarea m\u00e1s importante del Seguro Social para proteger a los trabajadores. \u201cTenemos garantizadas cerca de seis semanas de protectores respiratorios, cinco semanas de cubrebocas quir\u00fargicos y ocho semanas de goggles y tres semanas de guantes\u201d.<\/p>\n<p>Zo\u00e9 Robledo detall\u00f3 que para reducir el riesgo que implica llegar con ropa civil a las unidades m\u00e9dicas, el Instituto solicit\u00f3 el apoyo de la Secretar\u00eda de la Defensa Nacional para la confecci\u00f3n de 75 mil 680 uniformes quir\u00fargicos, los cuales estar\u00e1n listos entre el 10 y el 15 de julio.<\/p>\n<p>Sobre el Programa de Hospedaje para personal de salud, inform\u00f3 que en ocho ciudades se cuenta con 179 habitaciones y pago de vi\u00e1ticos en 17 delegaciones, adem\u00e1s del Programa de Alojamiento con Airbnb y el Gobierno de la Ciudad de M\u00e9xico, y el apoyo coordinado con la Secretar\u00eda de Cultura para disponer del Complejo Cultura Los Pinos, donde se han hospedado cerca de 700 personas.<\/p>\n<p>Respecto a las agresiones al personal de salud, el director general del Instituto reiter\u00f3 que en el IMSS \u201cno dejaremos de exigir justicia hasta que se concluyan todas las investigaciones del personal agredido y se sancione a los responsables, no podemos permitir que alguien atente contra lo m\u00e1s valioso que tiene el Seguro Social: sus trabajadoras y trabajadores\u201d.<\/p>\n<p>Con la finalidad de enfrentar la emergencia sanitaria por COVID-19, Zo\u00e9 Robledo se\u00f1al\u00f3 que la Direcci\u00f3n de Prestaciones M\u00e9dicas hizo un requerimiento por 30 mil 513 personas entre m\u00e9dicos, enfermeras, intensivistas, anestesi\u00f3logos. Refiri\u00f3 que para el 25 de junio se han realizado 29 mil 313 contrataciones y hoy el IMSS patr\u00f3n es el mayor empleador del pa\u00eds.<\/p>\n<p>Dijo que en situaciones de emergencia como la que vivimos, se ha capacitado a 85 psic\u00f3logos y a trav\u00e9s de la l\u00ednea de orientaci\u00f3n telef\u00f3nica en salud se han recibido alrededor de dos mil llamadas para atender temas relacionados con ansiedad, depresi\u00f3n, miedo, estr\u00e9s o ataques de p\u00e1nico.<\/p>\n<p>Por su parte, Arturo Olivares Cerda, Secretario General del Sindicato Nacional de Trabajadores del Seguro Social dijo que el gremio ha impulsado el trabajo bilateral con el Instituto Mexicano del Seguro Social para alcanzar beneficios para los trabajadores que atienden pacientes con COVID-19.<\/p>\n<p>\u201cEsta pandemia ha puesto a prueba esta relaci\u00f3n de trabajo. A trav\u00e9s de un di\u00e1logo respetuoso hemos priorizado los acuerdos para proteger y reconocer el trabajo de la base trabajadora en esta pandemia\u201d, destac\u00f3.<\/p>\n<p>Olivares Cerda dijo que desde la perspectiva sindical los hechos hablan del compromiso que se tiene con los agremiados. Record\u00f3 que desde que inici\u00f3 la contingencia sanitaria se promovi\u00f3 la protecci\u00f3n de trabajadores vulnerables y la protecci\u00f3n de la integridad del personal de la salud.<\/p>\n<p>Se solicit\u00f3 la dotaci\u00f3n de insumos y equipo de protecci\u00f3n personal. Y no solamente eso, el propio sindicato compr\u00f3 insumos que fueron entregados por las secciones sindicales a las unidades m\u00e9dicas correspondientes, se\u00f1al\u00f3.<\/p>\n<p>El l\u00edder de los trabajadores del IMSS asegur\u00f3 que se empuj\u00f3 la contrataci\u00f3n de nuevo personal, as\u00ed como la negociaci\u00f3n de un bono especial denominado Bono COVID-19 y Notas de M\u00e9rito, que son incentivos econ\u00f3micos que reconocen la valent\u00eda y la entrega de la base trabajadora que atiende directamente a pacientes con coronavirus.<\/p>\n<p>\u201cDejamos claro que los casos de contagio por COVID-19 en jornada laboral, deben considerarse riesgos de trabajo, lo que implica gozar con un sueldo \u00edntegro y prestaciones completas\u201d, apunt\u00f3.<\/p>\n<p>Olivares Cerda asegur\u00f3 que en una batalla como la que se libra, se requiere de firmeza en las acciones.<\/p>\n<p>La Oficina de Representaci\u00f3n Regional en Veracruz Norte, del Instituto Mexicano del Seguro Social (IMSS), y la Secci\u00f3n IX del Sindicato Nacional de Trabajadores del Seguro Social (SNTSS) trabajan conjuntamente en beneficio de los derechohabientes y trabajadores, durante la emergencia sanitaria por COVID-19.<\/p>\n<p>\u2018\u2018El IMSS est\u00e1 comprometido con en el equipamiento m\u00e9dico necesario, como ventiladores, monitores y ox\u00edmetros, as\u00ed como el incremento de camas y camillas para brindar atenci\u00f3n m\u00e9dica a los derechohabientes\u2019\u2019, expres\u00f3 la titular de la Oficina de Representaci\u00f3n, Mar\u00eda de Lourdes Carranza Bernal.<\/p>\n<p>En sinergia, el IMSS y el SNTSS eval\u00faan la calidad de los insumos, su distribuci\u00f3n y el manejo de Equipos de Protecci\u00f3n Personal (EPP); se han distribuido m\u00e1s de 30 mil respiradores N y KN 95, y m\u00e1s de 50 mil cubrebocas quir\u00fargicos, adem\u00e1s de otros insumos.<\/p>\n<p>Aunado a las estrategias, y en reconocimiento al alto riesgo que el personal de salud tiene al atender a pacientes COVID-19, se les ha otorgado un bono del 20 por ciento de su sueldo, y se les otorg\u00f3 hospedaje seguro a quienes laboran en \u00e1reas de riesgo, a fin de proteger a sus familias.<\/p>\n<p>Asimismo, se han implementado tres mil 614 cursos de capacitaci\u00f3n a 12 mil 074 trabajadores; adem\u00e1s de actividades b\u00e1sicas de educaci\u00f3n continua a dos mil 074 participantes.<\/p>\n<p>Cabe destacar que las unidades m\u00e9dicas de Segundo Nivel han atendido a seis mil 977 pacientes con sintomatolog\u00eda respiratoria, de los cu\u00e1les se han confirmado dos mil 850 casos positivos, mil 381 negativos, dos mil 503 se encuentran sospechosos; y de los casos positivos, se tienen dos mil 318 pacientes recuperados de COVID-19.<\/p>\n","protected":false},"excerpt":{"rendered":"<p>El Instituto Mexicano del Seguro Social (IMSS) y el Sindicato Nacional de Trabajadores del Seguro Social (SNTSS) informaron los avances y resultados de 11 acciones anunciadas el pasado 13 de abril en apoyo a los trabajadores de la salud que enfrentan la emergencia sanitaria por COVID-19. A trav\u00e9s de una videoconferencia estuvieron presentes el director [&hellip;]<\/p>\n","protected":false},"author":2,"featured_media":0,"comment_status":"open","ping_status":"open","sticky":false,"template":"","format":"standard","meta":{"tdm_status":"","tdm_grid_status":"","footnotes":""},"categories":[73],"tags":[16673,18889,18890,1208,17280,14000,18887,14678],"class_list":{"0":"post-56662","1":"post","2":"type-post","3":"status-publish","4":"format-standard","6":"category-de-boleto","7":"tag-covid-19","8":"tag-david-razu-aznar","9":"tag-humberto-pedrero-moreno","10":"tag-imss","11":"tag-prestaciones-medicas","12":"tag-sntss","13":"tag-unidades-medicas-de-alta-especialidad","14":"tag-zoe-robledo"},"yoast_head":"<!-- This site is optimized with the Yoast SEO plugin v27.4 - https:\/\/yoast.com\/product\/yoast-seo-wordpress\/ -->\n<title>IMSS y Sntss: Acciones en beneficio de sus trabajadores - Los pol\u00edticos Veracruz<\/title>\n<meta name=\"robots\" content=\"index, follow, max-snippet:-1, max-image-preview:large, max-video-preview:-1\" \/>\n<link rel=\"canonical\" href=\"https:\/\/lospoliticosveracruz.com\/?p=56662\" \/>\n<meta property=\"og:locale\" content=\"es_ES\" \/>\n<meta property=\"og:type\" content=\"article\" \/>\n<meta property=\"og:title\" content=\"IMSS y Sntss: Acciones en beneficio de sus trabajadores - Los pol\u00edticos Veracruz\" \/>\n<meta property=\"og:description\" content=\"El Instituto Mexicano del Seguro Social (IMSS) y el Sindicato Nacional de Trabajadores del Seguro Social (SNTSS) informaron los avances y resultados de 11 acciones anunciadas el pasado 13 de abril en apoyo a los trabajadores de la salud que enfrentan la emergencia sanitaria por COVID-19. A trav\u00e9s de una videoconferencia estuvieron presentes el director [&hellip;]\" \/>\n<meta property=\"og:url\" content=\"https:\/\/lospoliticosveracruz.com\/?p=56662\" \/>\n<meta property=\"og:site_name\" content=\"Los pol\u00edticos Veracruz\" \/>\n<meta property=\"article:publisher\" content=\"https:\/\/www.facebook.com\/people\/Notimemes-de-los-Polticos\/61565672886568\/\" \/>\n<meta property=\"article:published_time\" content=\"2020-06-28T19:34:37+00:00\" \/>\n<meta property=\"article:modified_time\" content=\"2020-06-28T19:35:52+00:00\" \/>\n<meta property=\"og:image\" content=\"https:\/\/lospoliticosveracruz.com\/wp-content\/uploads\/2016\/07\/Logo-Dor.jpg\" \/>\n\t<meta property=\"og:image:width\" content=\"200\" \/>\n\t<meta property=\"og:image:height\" content=\"200\" \/>\n\t<meta property=\"og:image:type\" content=\"image\/jpeg\" \/>\n<meta name=\"author\" content=\"Lo viste en Los Pol\u00edticos\" \/>\n<meta name=\"twitter:card\" content=\"summary_large_image\" \/>\n<meta name=\"twitter:creator\" content=\"@LosPoliticosVer\" \/>\n<meta name=\"twitter:site\" content=\"@LosPoliticosVer\" \/>\n<meta name=\"twitter:label1\" content=\"Escrito por\" \/>\n\t<meta name=\"twitter:data1\" content=\"Lo viste en Los Pol\u00edticos\" \/>\n\t<meta name=\"twitter:label2\" content=\"Tiempo de lectura\" \/>\n\t<meta name=\"twitter:data2\" content=\"7 minutos\" \/>\n<script type=\"application\/ld+json\" class=\"yoast-schema-graph\">{\"@context\":\"https:\\\/\\\/schema.org\",\"@graph\":[{\"@type\":\"Article\",\"@id\":\"https:\\\/\\\/lospoliticosveracruz.com\\\/?p=56662#article\",\"isPartOf\":{\"@id\":\"https:\\\/\\\/lospoliticosveracruz.com\\\/?p=56662\"},\"author\":{\"name\":\"Lo viste en Los Pol\u00edticos\",\"@id\":\"https:\\\/\\\/lospoliticosveracruz.com\\\/#\\\/schema\\\/person\\\/b8702bb0e538456e6efd07080bf2a4a2\"},\"headline\":\"IMSS y Sntss: Acciones en beneficio de sus trabajadores\",\"datePublished\":\"2020-06-28T19:34:37+00:00\",\"dateModified\":\"2020-06-28T19:35:52+00:00\",\"mainEntityOfPage\":{\"@id\":\"https:\\\/\\\/lospoliticosveracruz.com\\\/?p=56662\"},\"wordCount\":1419,\"commentCount\":0,\"publisher\":{\"@id\":\"https:\\\/\\\/lospoliticosveracruz.com\\\/#organization\"},\"keywords\":[\"Covid 19\",\"David Raz\u00fa Aznar\",\"Humberto Pedrero Moreno\",\"IMSS\",\"Prestaciones M\u00e9dicas\",\"SNTSS\",\"Unidades M\u00e9dicas de Alta Especialidad\",\"Zo\u00e9 Robledo\"],\"articleSection\":[\"De Boleto\"],\"inLanguage\":\"es\",\"potentialAction\":[{\"@type\":\"CommentAction\",\"name\":\"Comment\",\"target\":[\"https:\\\/\\\/lospoliticosveracruz.com\\\/?p=56662#respond\"]}]},{\"@type\":\"WebPage\",\"@id\":\"https:\\\/\\\/lospoliticosveracruz.com\\\/?p=56662\",\"url\":\"https:\\\/\\\/lospoliticosveracruz.com\\\/?p=56662\",\"name\":\"IMSS y Sntss: Acciones en beneficio de sus trabajadores - Los pol\u00edticos Veracruz\",\"isPartOf\":{\"@id\":\"https:\\\/\\\/lospoliticosveracruz.com\\\/#website\"},\"datePublished\":\"2020-06-28T19:34:37+00:00\",\"dateModified\":\"2020-06-28T19:35:52+00:00\",\"breadcrumb\":{\"@id\":\"https:\\\/\\\/lospoliticosveracruz.com\\\/?p=56662#breadcrumb\"},\"inLanguage\":\"es\",\"potentialAction\":[{\"@type\":\"ReadAction\",\"target\":[\"https:\\\/\\\/lospoliticosveracruz.com\\\/?p=56662\"]}]},{\"@type\":\"BreadcrumbList\",\"@id\":\"https:\\\/\\\/lospoliticosveracruz.com\\\/?p=56662#breadcrumb\",\"itemListElement\":[{\"@type\":\"ListItem\",\"position\":1,\"name\":\"Portada\",\"item\":\"https:\\\/\\\/lospoliticosveracruz.com\\\/\"},{\"@type\":\"ListItem\",\"position\":2,\"name\":\"IMSS y Sntss: Acciones en beneficio de sus trabajadores\"}]},{\"@type\":\"WebSite\",\"@id\":\"https:\\\/\\\/lospoliticosveracruz.com\\\/#website\",\"url\":\"https:\\\/\\\/lospoliticosveracruz.com\\\/\",\"name\":\"Los pol\u00edticos Veracruz\",\"description\":\"\",\"publisher\":{\"@id\":\"https:\\\/\\\/lospoliticosveracruz.com\\\/#organization\"},\"potentialAction\":[{\"@type\":\"SearchAction\",\"target\":{\"@type\":\"EntryPoint\",\"urlTemplate\":\"https:\\\/\\\/lospoliticosveracruz.com\\\/?s={search_term_string}\"},\"query-input\":{\"@type\":\"PropertyValueSpecification\",\"valueRequired\":true,\"valueName\":\"search_term_string\"}}],\"inLanguage\":\"es\"},{\"@type\":\"Organization\",\"@id\":\"https:\\\/\\\/lospoliticosveracruz.com\\\/#organization\",\"name\":\"Los pol\u00edticos Veracruz\",\"url\":\"https:\\\/\\\/lospoliticosveracruz.com\\\/\",\"logo\":{\"@type\":\"ImageObject\",\"inLanguage\":\"es\",\"@id\":\"https:\\\/\\\/lospoliticosveracruz.com\\\/#\\\/schema\\\/logo\\\/image\\\/\",\"url\":\"https:\\\/\\\/lospoliticosveracruz.com\\\/wp-content\\\/uploads\\\/2025\\\/12\\\/Logo-Nuevo-LOS-POLITICOS-1.jpg\",\"contentUrl\":\"https:\\\/\\\/lospoliticosveracruz.com\\\/wp-content\\\/uploads\\\/2025\\\/12\\\/Logo-Nuevo-LOS-POLITICOS-1.jpg\",\"width\":260,\"height\":70,\"caption\":\"Los pol\u00edticos Veracruz\"},\"image\":{\"@id\":\"https:\\\/\\\/lospoliticosveracruz.com\\\/#\\\/schema\\\/logo\\\/image\\\/\"},\"sameAs\":[\"https:\\\/\\\/www.facebook.com\\\/people\\\/Notimemes-de-los-Polticos\\\/61565672886568\\\/\",\"https:\\\/\\\/x.com\\\/LosPoliticosVer\"]},{\"@type\":\"Person\",\"@id\":\"https:\\\/\\\/lospoliticosveracruz.com\\\/#\\\/schema\\\/person\\\/b8702bb0e538456e6efd07080bf2a4a2\",\"name\":\"Lo viste en Los Pol\u00edticos\",\"image\":{\"@type\":\"ImageObject\",\"inLanguage\":\"es\",\"@id\":\"https:\\\/\\\/secure.gravatar.com\\\/avatar\\\/3a8de04a2656d44082be478bd6c086daa447c4651605818287b9532d3d0bd435?s=96&d=mm&r=g\",\"url\":\"https:\\\/\\\/secure.gravatar.com\\\/avatar\\\/3a8de04a2656d44082be478bd6c086daa447c4651605818287b9532d3d0bd435?s=96&d=mm&r=g\",\"contentUrl\":\"https:\\\/\\\/secure.gravatar.com\\\/avatar\\\/3a8de04a2656d44082be478bd6c086daa447c4651605818287b9532d3d0bd435?s=96&d=mm&r=g\",\"caption\":\"Lo viste en Los Pol\u00edticos\"},\"url\":\"https:\\\/\\\/lospoliticosveracruz.com\\\/?author=2\"}]}<\/script>\n<!-- \/ Yoast SEO plugin. -->","yoast_head_json":{"title":"IMSS y Sntss: Acciones en beneficio de sus trabajadores - Los pol\u00edticos Veracruz","robots":{"index":"index","follow":"follow","max-snippet":"max-snippet:-1","max-image-preview":"max-image-preview:large","max-video-preview":"max-video-preview:-1"},"canonical":"https:\/\/lospoliticosveracruz.com\/?p=56662","og_locale":"es_ES","og_type":"article","og_title":"IMSS y Sntss: Acciones en beneficio de sus trabajadores - Los pol\u00edticos Veracruz","og_description":"El Instituto Mexicano del Seguro Social (IMSS) y el Sindicato Nacional de Trabajadores del Seguro Social (SNTSS) informaron los avances y resultados de 11 acciones anunciadas el pasado 13 de abril en apoyo a los trabajadores de la salud que enfrentan la emergencia sanitaria por COVID-19. A trav\u00e9s de una videoconferencia estuvieron presentes el director [&hellip;]","og_url":"https:\/\/lospoliticosveracruz.com\/?p=56662","og_site_name":"Los pol\u00edticos Veracruz","article_publisher":"https:\/\/www.facebook.com\/people\/Notimemes-de-los-Polticos\/61565672886568\/","article_published_time":"2020-06-28T19:34:37+00:00","article_modified_time":"2020-06-28T19:35:52+00:00","og_image":[{"width":200,"height":200,"url":"https:\/\/lospoliticosveracruz.com\/wp-content\/uploads\/2016\/07\/Logo-Dor.jpg","type":"image\/jpeg"}],"author":"Lo viste en Los Pol\u00edticos","twitter_card":"summary_large_image","twitter_creator":"@LosPoliticosVer","twitter_site":"@LosPoliticosVer","twitter_misc":{"Escrito por":"Lo viste en Los Pol\u00edticos","Tiempo de lectura":"7 minutos"},"schema":{"@context":"https:\/\/schema.org","@graph":[{"@type":"Article","@id":"https:\/\/lospoliticosveracruz.com\/?p=56662#article","isPartOf":{"@id":"https:\/\/lospoliticosveracruz.com\/?p=56662"},"author":{"name":"Lo viste en Los Pol\u00edticos","@id":"https:\/\/lospoliticosveracruz.com\/#\/schema\/person\/b8702bb0e538456e6efd07080bf2a4a2"},"headline":"IMSS y Sntss: Acciones en beneficio de sus trabajadores","datePublished":"2020-06-28T19:34:37+00:00","dateModified":"2020-06-28T19:35:52+00:00","mainEntityOfPage":{"@id":"https:\/\/lospoliticosveracruz.com\/?p=56662"},"wordCount":1419,"commentCount":0,"publisher":{"@id":"https:\/\/lospoliticosveracruz.com\/#organization"},"keywords":["Covid 19","David Raz\u00fa Aznar","Humberto Pedrero Moreno","IMSS","Prestaciones M\u00e9dicas","SNTSS","Unidades M\u00e9dicas de Alta Especialidad","Zo\u00e9 Robledo"],"articleSection":["De Boleto"],"inLanguage":"es","potentialAction":[{"@type":"CommentAction","name":"Comment","target":["https:\/\/lospoliticosveracruz.com\/?p=56662#respond"]}]},{"@type":"WebPage","@id":"https:\/\/lospoliticosveracruz.com\/?p=56662","url":"https:\/\/lospoliticosveracruz.com\/?p=56662","name":"IMSS y Sntss: Acciones en beneficio de sus trabajadores - Los pol\u00edticos Veracruz","isPartOf":{"@id":"https:\/\/lospoliticosveracruz.com\/#website"},"datePublished":"2020-06-28T19:34:37+00:00","dateModified":"2020-06-28T19:35:52+00:00","breadcrumb":{"@id":"https:\/\/lospoliticosveracruz.com\/?p=56662#breadcrumb"},"inLanguage":"es","potentialAction":[{"@type":"ReadAction","target":["https:\/\/lospoliticosveracruz.com\/?p=56662"]}]},{"@type":"BreadcrumbList","@id":"https:\/\/lospoliticosveracruz.com\/?p=56662#breadcrumb","itemListElement":[{"@type":"ListItem","position":1,"name":"Portada","item":"https:\/\/lospoliticosveracruz.com\/"},{"@type":"ListItem","position":2,"name":"IMSS y Sntss: Acciones en beneficio de sus trabajadores"}]},{"@type":"WebSite","@id":"https:\/\/lospoliticosveracruz.com\/#website","url":"https:\/\/lospoliticosveracruz.com\/","name":"Los pol\u00edticos Veracruz","description":"","publisher":{"@id":"https:\/\/lospoliticosveracruz.com\/#organization"},"potentialAction":[{"@type":"SearchAction","target":{"@type":"EntryPoint","urlTemplate":"https:\/\/lospoliticosveracruz.com\/?s={search_term_string}"},"query-input":{"@type":"PropertyValueSpecification","valueRequired":true,"valueName":"search_term_string"}}],"inLanguage":"es"},{"@type":"Organization","@id":"https:\/\/lospoliticosveracruz.com\/#organization","name":"Los pol\u00edticos Veracruz","url":"https:\/\/lospoliticosveracruz.com\/","logo":{"@type":"ImageObject","inLanguage":"es","@id":"https:\/\/lospoliticosveracruz.com\/#\/schema\/logo\/image\/","url":"https:\/\/lospoliticosveracruz.com\/wp-content\/uploads\/2025\/12\/Logo-Nuevo-LOS-POLITICOS-1.jpg","contentUrl":"https:\/\/lospoliticosveracruz.com\/wp-content\/uploads\/2025\/12\/Logo-Nuevo-LOS-POLITICOS-1.jpg","width":260,"height":70,"caption":"Los pol\u00edticos Veracruz"},"image":{"@id":"https:\/\/lospoliticosveracruz.com\/#\/schema\/logo\/image\/"},"sameAs":["https:\/\/www.facebook.com\/people\/Notimemes-de-los-Polticos\/61565672886568\/","https:\/\/x.com\/LosPoliticosVer"]},{"@type":"Person","@id":"https:\/\/lospoliticosveracruz.com\/#\/schema\/person\/b8702bb0e538456e6efd07080bf2a4a2","name":"Lo viste en Los Pol\u00edticos","image":{"@type":"ImageObject","inLanguage":"es","@id":"https:\/\/secure.gravatar.com\/avatar\/3a8de04a2656d44082be478bd6c086daa447c4651605818287b9532d3d0bd435?s=96&d=mm&r=g","url":"https:\/\/secure.gravatar.com\/avatar\/3a8de04a2656d44082be478bd6c086daa447c4651605818287b9532d3d0bd435?s=96&d=mm&r=g","contentUrl":"https:\/\/secure.gravatar.com\/avatar\/3a8de04a2656d44082be478bd6c086daa447c4651605818287b9532d3d0bd435?s=96&d=mm&r=g","caption":"Lo viste en Los Pol\u00edticos"},"url":"https:\/\/lospoliticosveracruz.com\/?author=2"}]}},"_links":{"self":[{"href":"https:\/\/lospoliticosveracruz.com\/index.php?rest_route=\/wp\/v2\/posts\/56662","targetHints":{"allow":["GET"]}}],"collection":[{"href":"https:\/\/lospoliticosveracruz.com\/index.php?rest_route=\/wp\/v2\/posts"}],"about":[{"href":"https:\/\/lospoliticosveracruz.com\/index.php?rest_route=\/wp\/v2\/types\/post"}],"author":[{"embeddable":true,"href":"https:\/\/lospoliticosveracruz.com\/index.php?rest_route=\/wp\/v2\/users\/2"}],"replies":[{"embeddable":true,"href":"https:\/\/lospoliticosveracruz.com\/index.php?rest_route=%2Fwp%2Fv2%2Fcomments&post=56662"}],"version-history":[{"count":1,"href":"https:\/\/lospoliticosveracruz.com\/index.php?rest_route=\/wp\/v2\/posts\/56662\/revisions"}],"predecessor-version":[{"id":56664,"href":"https:\/\/lospoliticosveracruz.com\/index.php?rest_route=\/wp\/v2\/posts\/56662\/revisions\/56664"}],"wp:attachment":[{"href":"https:\/\/lospoliticosveracruz.com\/index.php?rest_route=%2Fwp%2Fv2%2Fmedia&parent=56662"}],"wp:term":[{"taxonomy":"category","embeddable":true,"href":"https:\/\/lospoliticosveracruz.com\/index.php?rest_route=%2Fwp%2Fv2%2Fcategories&post=56662"},{"taxonomy":"post_tag","embeddable":true,"href":"https:\/\/lospoliticosveracruz.com\/index.php?rest_route=%2Fwp%2Fv2%2Ftags&post=56662"}],"curies":[{"name":"wp","href":"https:\/\/api.w.org\/{rel}","templated":true}]}}