{"id":56690,"date":"2020-06-29T09:54:38","date_gmt":"2020-06-29T14:54:38","guid":{"rendered":"http:\/\/www.lospoliticosveracruz.com.mx\/?p=56690"},"modified":"2020-06-29T09:54:38","modified_gmt":"2020-06-29T14:54:38","slug":"los-vacios-de-morena","status":"publish","type":"post","link":"https:\/\/lospoliticosveracruz.com\/?p=56690","title":{"rendered":"Los vac\u00edos de Morena"},"content":{"rendered":"<p><strong>Ricardo Ch\u00faa<\/strong><\/p>\n<p><em>Sale y Vale<\/em><\/p>\n<p>ESTEBAN, EL INEXPERTO&#8230; Vaya situaci\u00f3n \u00abinc\u00f3moda\u00bb que le toc\u00f3 vivir al \u00abDelf\u00edn\u00bb de Cuitl\u00e1huac Garc\u00eda, que quiere para quedarse en la dirigencia estatal de MORENA, Esteban Ram\u00edrez Zepeta, que en una gira en el norte de la entidad&#8230; Se le ocurri\u00f3 criticar a la CATEM (la central obrera creada por MORENA que aglutina a sus sindicatos aliados) diciendo que ah\u00ed hab\u00eda \u00abl\u00edderes -charros-\u00ab&#8230; Obvio la respuesta, le vino en redes sociales y que lo exhiben.. Lo llamaron \u00abinexperto\u00bb y de \u00abfalta de oficio\u00bb pol\u00edtico&#8230; Y as\u00ed quiere dirigir a este partido&#8230;<\/p>\n<p>En pocas palabras, le recordaron que debe moderar su \u00ablenguaje\u00bb contra el CATEM y sus l\u00edderes&#8230; Que adem\u00e1s \u00abinvestigue\u00bb antes de juzgarlos&#8230; Que ellos no son enemigos de MORENA sino aliados&#8230; Que se informe han apoyado a AMLO y Cuitl\u00e1huac&#8230;Le dicen al gobernador que en vez de ayudarlo, lo perjudica&#8230; Si no conoce la CATEM para que la cr\u00edtica.. Y lo peor, quiere ser el l\u00edder de MORENA y el gremio, ni lo conocen&#8230; \u00abMameyazo\u00bb al \u00abdelf\u00edn\u00bb de Cuitl\u00e1huac&#8230; No se conect\u00f3 la lengua al cerebro y miren lo que le pas\u00f3&#8230; LO VAPULEARON&#8230;<\/p>\n<p>MORENA, LA OTRA MARCHA&#8230; Despu\u00e9s de las marchas y protestas de parte del grupo \u00abFRENA\u00bb, quienes piden la renuncia de Andr\u00e9s Manuel L\u00f3pez Obrador como Presidente de M\u00e9xico, y que por la pandemia del COVID-19, los reclamos son recorriendo en autos las avenidas&#8230; Sin duda, con el af\u00e1n de \u00abopacarlas\u00bb y como parte de los festejos a 2 a\u00f1os de la victoria de AMLO en las urnas en 2018&#8230; El 1 de julio har\u00e1n tambi\u00e9n sus \u00abCaravanas Motorizadas\u00bb para celebrarlo&#8230; La presi\u00f3n est\u00e1 con todo en el pa\u00eds&#8230;<\/p>\n<p>La orden es una instrucci\u00f3n, que viene de Palacio Nacional y que lo hace el CEN de MORENA, a trav\u00e9s de Alfonso Ram\u00edrez Cuellar, para que en todos los estados del pa\u00eds, se haga&#8230; Y con ello, contrarresten la \u00abCaravana Fifi\u00bb de FRENA&#8230; La instrucci\u00f3n es para todos los Estados, que hagan lo mismo aunque sean de oposici\u00f3n&#8230; Por ello, lo deben de organizar los comit\u00e9s estatales de MORENA (Donde haya dirigencias porque muchos Estados a\u00fan no tienen formalmente comit\u00e9 estatal) como Veracruz&#8230;<\/p>\n<p>Sin duda, MORENA ver\u00e1 a mitad de semana su \u00absuerte\u00bb como partido&#8230; Al menos, en Veracruz y en muchas partes del pa\u00eds&#8230; Ya que lo hace en mal momento pol\u00edtico&#8230; Cuando su aprobaci\u00f3n ciudadana en las encuestas, es de las m\u00e1s bajas, como organismo, con alrededor del 30 por ciento&#8230; En un mal c\u00e1lculo, en el quehacer pol\u00edtico, del partido&#8230; Ya que el gobierno federal de AMLO no est\u00e1 bien calificado en la atenci\u00f3n de la pandemia y ante el trato que dio a la poblaci\u00f3n \u00e9l y los gobernadores, al tema del temblor de la semana pasada..<\/p>\n<p>Adem\u00e1s este \u00abfestejo\u00bb puede dejar muy mal parados a comit\u00e9s estatales y nacional&#8230; Pero motivados, en una \u00abcortina de humo\u00bb de la lucha interna que hay al interior del MORENA entre los grupos llamados \u00abLos Radicales\u00bb y \u00abModerados\u00bb&#8230; Ya que el primero desean perpetuarse en el poder&#8230; Para hacer un acto demostrando que ellos mandan en el partido&#8230; Y est\u00e1n queriendo quedar bien con L\u00f3pez Obrador.. Y de paso \u00abopacar\u00bb las marcha de ayer domingo del grupo \u00abFRENA\u00bb.. Lo har\u00e1n pero desorganizadamente&#8230;<\/p>\n<p>El peligro que corren los de MORENA en Veracruz.. Es que si no hacen participar a la burocracia del Estado&#8230;. Les puede salir el \u00abtiro por la culata\u00bb porque no hay operaci\u00f3n pol\u00edtica&#8230; No hay partido en forma y con dirigencia estatal&#8230; Cuitl\u00e1huac Garc\u00eda, como gobernador, quiere IMPONER en el comit\u00e9 a su \u00abDelf\u00edn\u00bb improvisado (Esteban Ram\u00edrez)&#8230; Que adem\u00e1s no puede ser dirigente porque no es consejero estatal, ni re\u00fane los requisitos, ni tiene el tiempo de militancia&#8230; As\u00ed que la marcha, se les puede \u00abcaer\u00bb&#8230;<\/p>\n<p>Adem\u00e1s que el delegado del comit\u00e9 estatal de MORENA, que impuso el CEN, es Hugo Alberto Mart\u00ednez Lino&#8230; Cercano a Manuel Huerta y no a Cuitl\u00e1huac Garc\u00eda&#8230; Que tiene el control \u00absupremo\u00bb de este partido&#8230;Y que por el otro lado, tiene al secretario General de este organismo, Gonzalo Vicencio, que tiene control de la bases&#8230; Pero distanciado de Huerta y Cuitl\u00e1huac&#8230; Ese \u00abvac\u00edo de poder\u00bb del gobierno estatal, impacta en el \u00abvac\u00edo de poder\u00bb del partido, que no existe y est\u00e1 a la deriva por falta de dirigencia estatal&#8230;<\/p>\n<p>OJO&#8230; Hay que recordar que por la falta de liderazgo en MORENA por parte de actores pol\u00edticos, incluidos el Gobernador&#8230; Es que este partido no est\u00e1 organizado&#8230; Con una gran posibilidad de ser DERROTADO en 2021 en elecciones locales y en 20 distritos federales que se juegan en Veracruz&#8230; El propio senador, Ricardo Monreal lo dio a entender, cuando explica en una entrevista a Carlos Loret&#8230; Que Veracruz les preocupa por la mala administraci\u00f3n del gobierno estatal actual&#8230; En pocas palabras: \u00abDerecha la flecha\u00bb a Cuitl\u00e1huac..<\/p>\n<p>EN RESUMEN&#8230; Mientras en MORENA siguen en la \u00ablocura\u00bb gubernamental&#8230; Pensando que en Veracruz, todo es un \u00abcarnaval\u00bb de \u00abalegr\u00eda y prosperidad\u00bb&#8230; El Pueblo \u00abbueno\u00bb se \u00abdesangra\u00bb&#8230; Est\u00e1 a la deriva, no hay gobernabilidad&#8230; No se la logrado abatir a la inseguridad, y Cuitl\u00e1huac debe recordar, que ya se van a cumplir los DOS A\u00d1OS que pidi\u00f3 de plazo a la sociedad para abatirla y esta no cede, al estilo del Coronavirus, no encuentra su \u00abcurva descendente\u00bb , al contrario, crece en demas\u00eda todos los d\u00edas&#8230;<\/p>\n<p>Esto a pesar, de que por m\u00e1s que en el gobierno estatal quieran manipular las cifras&#8230; Que les ayude la federaci\u00f3n y Fiscal\u00eda de Veracruz&#8230; Una cosa es lo que ellos quieran presentar como \u00edndices de violencia en la entidad (obvio \u00abmaquillada\u00bb) y otra la realidad&#8230; Ya que, el mismo Gobernador debe recordar y muy bien, de que la seguridad p\u00fablica, se mide en dos cosas: Los n\u00fameros y la percepci\u00f3n ciudadana&#8230; Y esa \u00faltima, la tiene toda en contra&#8230; DIOS LOS BENDIGA CON SU MARCHA \u00abANTI FIFI\u00bb&#8230; JA JA JA&#8230;<\/p>\n<p>Al final, la propia sociedad se\u00f1ala que no hay nada que \u00abfestejar\u00bb, al menos en Veracruz&#8230; La entidad sigue ocupando los primeros lugares de la incidencia delictiva del pa\u00eds&#8230; Secuestro, feminicidios, robo de autos&#8230; En materia de salud, el primer lugar en M\u00e9xico con enfermos de dengue, por segundo a\u00f1o consecutivo&#8230; Esc\u00e1ndalos de corrupci\u00f3n en dependencias estatales&#8230; As\u00ed qu\u00e9 hay qu\u00e9 festejar&#8230; NADA&#8230; AMEN&#8230;<\/p>\n","protected":false},"excerpt":{"rendered":"<p>Ricardo Ch\u00faa Sale y Vale ESTEBAN, EL INEXPERTO&#8230; Vaya situaci\u00f3n \u00abinc\u00f3moda\u00bb que le toc\u00f3 vivir al \u00abDelf\u00edn\u00bb de Cuitl\u00e1huac Garc\u00eda, que quiere para quedarse en la dirigencia estatal de MORENA, Esteban Ram\u00edrez Zepeta, que en una gira en el norte de la entidad&#8230; Se le ocurri\u00f3 criticar a la CATEM (la central obrera creada por [&hellip;]<\/p>\n","protected":false},"author":2,"featured_media":0,"comment_status":"open","ping_status":"open","sticky":false,"template":"","format":"standard","meta":{"tdm_status":"","tdm_grid_status":"","footnotes":""},"categories":[70],"tags":[618,8440,18681,16673,17053,18909,1026,13604],"class_list":{"0":"post-56690","1":"post","2":"type-post","3":"status-publish","4":"format-standard","6":"category-de-opinion","7":"tag-andres-manuel-lopez-obrador","8":"tag-caravana","9":"tag-catem","10":"tag-covid-19","11":"tag-esteban-ramirez-zepeta","12":"tag-frena","13":"tag-morena","14":"tag-ricardo-chua"},"yoast_head":"<!-- This site is optimized with the Yoast SEO plugin v27.4 - https:\/\/yoast.com\/product\/yoast-seo-wordpress\/ -->\n<title>Los vac\u00edos de Morena - Los pol\u00edticos Veracruz<\/title>\n<meta name=\"robots\" content=\"index, follow, max-snippet:-1, max-image-preview:large, max-video-preview:-1\" \/>\n<link rel=\"canonical\" href=\"https:\/\/lospoliticosveracruz.com\/?p=56690\" \/>\n<meta property=\"og:locale\" content=\"es_ES\" \/>\n<meta property=\"og:type\" content=\"article\" \/>\n<meta property=\"og:title\" content=\"Los vac\u00edos de Morena - Los pol\u00edticos Veracruz\" \/>\n<meta property=\"og:description\" content=\"Ricardo Ch\u00faa Sale y Vale ESTEBAN, EL INEXPERTO&#8230; Vaya situaci\u00f3n \u00abinc\u00f3moda\u00bb que le toc\u00f3 vivir al \u00abDelf\u00edn\u00bb de Cuitl\u00e1huac Garc\u00eda, que quiere para quedarse en la dirigencia estatal de MORENA, Esteban Ram\u00edrez Zepeta, que en una gira en el norte de la entidad&#8230; Se le ocurri\u00f3 criticar a la CATEM (la central obrera creada por [&hellip;]\" \/>\n<meta property=\"og:url\" content=\"https:\/\/lospoliticosveracruz.com\/?p=56690\" \/>\n<meta property=\"og:site_name\" content=\"Los pol\u00edticos Veracruz\" \/>\n<meta property=\"article:publisher\" content=\"https:\/\/www.facebook.com\/people\/Notimemes-de-los-Polticos\/61565672886568\/\" \/>\n<meta property=\"article:published_time\" content=\"2020-06-29T14:54:38+00:00\" \/>\n<meta property=\"og:image\" content=\"https:\/\/lospoliticosveracruz.com\/wp-content\/uploads\/2016\/07\/Logo-Dor.jpg\" \/>\n\t<meta property=\"og:image:width\" content=\"200\" \/>\n\t<meta property=\"og:image:height\" content=\"200\" \/>\n\t<meta property=\"og:image:type\" content=\"image\/jpeg\" \/>\n<meta name=\"author\" content=\"Lo viste en Los Pol\u00edticos\" \/>\n<meta name=\"twitter:card\" content=\"summary_large_image\" \/>\n<meta name=\"twitter:creator\" content=\"@LosPoliticosVer\" \/>\n<meta name=\"twitter:site\" content=\"@LosPoliticosVer\" \/>\n<meta name=\"twitter:label1\" content=\"Escrito por\" \/>\n\t<meta name=\"twitter:data1\" content=\"Lo viste en Los Pol\u00edticos\" \/>\n\t<meta name=\"twitter:label2\" content=\"Tiempo de lectura\" \/>\n\t<meta name=\"twitter:data2\" content=\"6 minutos\" \/>\n<script type=\"application\/ld+json\" class=\"yoast-schema-graph\">{\"@context\":\"https:\\\/\\\/schema.org\",\"@graph\":[{\"@type\":\"Article\",\"@id\":\"https:\\\/\\\/lospoliticosveracruz.com\\\/?p=56690#article\",\"isPartOf\":{\"@id\":\"https:\\\/\\\/lospoliticosveracruz.com\\\/?p=56690\"},\"author\":{\"name\":\"Lo viste en Los Pol\u00edticos\",\"@id\":\"https:\\\/\\\/lospoliticosveracruz.com\\\/#\\\/schema\\\/person\\\/b8702bb0e538456e6efd07080bf2a4a2\"},\"headline\":\"Los vac\u00edos de Morena\",\"datePublished\":\"2020-06-29T14:54:38+00:00\",\"mainEntityOfPage\":{\"@id\":\"https:\\\/\\\/lospoliticosveracruz.com\\\/?p=56690\"},\"wordCount\":1126,\"commentCount\":0,\"publisher\":{\"@id\":\"https:\\\/\\\/lospoliticosveracruz.com\\\/#organization\"},\"keywords\":[\"Andr\u00e9s Manuel L\u00f3pez Obrador\",\"Caravana\",\"Catem\",\"Covid 19\",\"Esteban Ram\u00edrez Zepeta\",\"Frena\",\"Morena\",\"Ricardo Ch\u00faa\"],\"articleSection\":[\"De Opini\u00f3n\"],\"inLanguage\":\"es\",\"potentialAction\":[{\"@type\":\"CommentAction\",\"name\":\"Comment\",\"target\":[\"https:\\\/\\\/lospoliticosveracruz.com\\\/?p=56690#respond\"]}]},{\"@type\":\"WebPage\",\"@id\":\"https:\\\/\\\/lospoliticosveracruz.com\\\/?p=56690\",\"url\":\"https:\\\/\\\/lospoliticosveracruz.com\\\/?p=56690\",\"name\":\"Los vac\u00edos de Morena - Los pol\u00edticos Veracruz\",\"isPartOf\":{\"@id\":\"https:\\\/\\\/lospoliticosveracruz.com\\\/#website\"},\"datePublished\":\"2020-06-29T14:54:38+00:00\",\"breadcrumb\":{\"@id\":\"https:\\\/\\\/lospoliticosveracruz.com\\\/?p=56690#breadcrumb\"},\"inLanguage\":\"es\",\"potentialAction\":[{\"@type\":\"ReadAction\",\"target\":[\"https:\\\/\\\/lospoliticosveracruz.com\\\/?p=56690\"]}]},{\"@type\":\"BreadcrumbList\",\"@id\":\"https:\\\/\\\/lospoliticosveracruz.com\\\/?p=56690#breadcrumb\",\"itemListElement\":[{\"@type\":\"ListItem\",\"position\":1,\"name\":\"Portada\",\"item\":\"https:\\\/\\\/lospoliticosveracruz.com\\\/\"},{\"@type\":\"ListItem\",\"position\":2,\"name\":\"Los vac\u00edos de Morena\"}]},{\"@type\":\"WebSite\",\"@id\":\"https:\\\/\\\/lospoliticosveracruz.com\\\/#website\",\"url\":\"https:\\\/\\\/lospoliticosveracruz.com\\\/\",\"name\":\"Los pol\u00edticos Veracruz\",\"description\":\"\",\"publisher\":{\"@id\":\"https:\\\/\\\/lospoliticosveracruz.com\\\/#organization\"},\"potentialAction\":[{\"@type\":\"SearchAction\",\"target\":{\"@type\":\"EntryPoint\",\"urlTemplate\":\"https:\\\/\\\/lospoliticosveracruz.com\\\/?s={search_term_string}\"},\"query-input\":{\"@type\":\"PropertyValueSpecification\",\"valueRequired\":true,\"valueName\":\"search_term_string\"}}],\"inLanguage\":\"es\"},{\"@type\":\"Organization\",\"@id\":\"https:\\\/\\\/lospoliticosveracruz.com\\\/#organization\",\"name\":\"Los pol\u00edticos Veracruz\",\"url\":\"https:\\\/\\\/lospoliticosveracruz.com\\\/\",\"logo\":{\"@type\":\"ImageObject\",\"inLanguage\":\"es\",\"@id\":\"https:\\\/\\\/lospoliticosveracruz.com\\\/#\\\/schema\\\/logo\\\/image\\\/\",\"url\":\"https:\\\/\\\/lospoliticosveracruz.com\\\/wp-content\\\/uploads\\\/2025\\\/12\\\/Logo-Nuevo-LOS-POLITICOS-1.jpg\",\"contentUrl\":\"https:\\\/\\\/lospoliticosveracruz.com\\\/wp-content\\\/uploads\\\/2025\\\/12\\\/Logo-Nuevo-LOS-POLITICOS-1.jpg\",\"width\":260,\"height\":70,\"caption\":\"Los pol\u00edticos Veracruz\"},\"image\":{\"@id\":\"https:\\\/\\\/lospoliticosveracruz.com\\\/#\\\/schema\\\/logo\\\/image\\\/\"},\"sameAs\":[\"https:\\\/\\\/www.facebook.com\\\/people\\\/Notimemes-de-los-Polticos\\\/61565672886568\\\/\",\"https:\\\/\\\/x.com\\\/LosPoliticosVer\"]},{\"@type\":\"Person\",\"@id\":\"https:\\\/\\\/lospoliticosveracruz.com\\\/#\\\/schema\\\/person\\\/b8702bb0e538456e6efd07080bf2a4a2\",\"name\":\"Lo viste en Los Pol\u00edticos\",\"image\":{\"@type\":\"ImageObject\",\"inLanguage\":\"es\",\"@id\":\"https:\\\/\\\/secure.gravatar.com\\\/avatar\\\/3a8de04a2656d44082be478bd6c086daa447c4651605818287b9532d3d0bd435?s=96&d=mm&r=g\",\"url\":\"https:\\\/\\\/secure.gravatar.com\\\/avatar\\\/3a8de04a2656d44082be478bd6c086daa447c4651605818287b9532d3d0bd435?s=96&d=mm&r=g\",\"contentUrl\":\"https:\\\/\\\/secure.gravatar.com\\\/avatar\\\/3a8de04a2656d44082be478bd6c086daa447c4651605818287b9532d3d0bd435?s=96&d=mm&r=g\",\"caption\":\"Lo viste en Los Pol\u00edticos\"},\"url\":\"https:\\\/\\\/lospoliticosveracruz.com\\\/?author=2\"}]}<\/script>\n<!-- \/ Yoast SEO plugin. -->","yoast_head_json":{"title":"Los vac\u00edos de Morena - Los pol\u00edticos Veracruz","robots":{"index":"index","follow":"follow","max-snippet":"max-snippet:-1","max-image-preview":"max-image-preview:large","max-video-preview":"max-video-preview:-1"},"canonical":"https:\/\/lospoliticosveracruz.com\/?p=56690","og_locale":"es_ES","og_type":"article","og_title":"Los vac\u00edos de Morena - Los pol\u00edticos Veracruz","og_description":"Ricardo Ch\u00faa Sale y Vale ESTEBAN, EL INEXPERTO&#8230; Vaya situaci\u00f3n \u00abinc\u00f3moda\u00bb que le toc\u00f3 vivir al \u00abDelf\u00edn\u00bb de Cuitl\u00e1huac Garc\u00eda, que quiere para quedarse en la dirigencia estatal de MORENA, Esteban Ram\u00edrez Zepeta, que en una gira en el norte de la entidad&#8230; Se le ocurri\u00f3 criticar a la CATEM (la central obrera creada por [&hellip;]","og_url":"https:\/\/lospoliticosveracruz.com\/?p=56690","og_site_name":"Los pol\u00edticos Veracruz","article_publisher":"https:\/\/www.facebook.com\/people\/Notimemes-de-los-Polticos\/61565672886568\/","article_published_time":"2020-06-29T14:54:38+00:00","og_image":[{"width":200,"height":200,"url":"https:\/\/lospoliticosveracruz.com\/wp-content\/uploads\/2016\/07\/Logo-Dor.jpg","type":"image\/jpeg"}],"author":"Lo viste en Los Pol\u00edticos","twitter_card":"summary_large_image","twitter_creator":"@LosPoliticosVer","twitter_site":"@LosPoliticosVer","twitter_misc":{"Escrito por":"Lo viste en Los Pol\u00edticos","Tiempo de lectura":"6 minutos"},"schema":{"@context":"https:\/\/schema.org","@graph":[{"@type":"Article","@id":"https:\/\/lospoliticosveracruz.com\/?p=56690#article","isPartOf":{"@id":"https:\/\/lospoliticosveracruz.com\/?p=56690"},"author":{"name":"Lo viste en Los Pol\u00edticos","@id":"https:\/\/lospoliticosveracruz.com\/#\/schema\/person\/b8702bb0e538456e6efd07080bf2a4a2"},"headline":"Los vac\u00edos de Morena","datePublished":"2020-06-29T14:54:38+00:00","mainEntityOfPage":{"@id":"https:\/\/lospoliticosveracruz.com\/?p=56690"},"wordCount":1126,"commentCount":0,"publisher":{"@id":"https:\/\/lospoliticosveracruz.com\/#organization"},"keywords":["Andr\u00e9s Manuel L\u00f3pez Obrador","Caravana","Catem","Covid 19","Esteban Ram\u00edrez Zepeta","Frena","Morena","Ricardo Ch\u00faa"],"articleSection":["De Opini\u00f3n"],"inLanguage":"es","potentialAction":[{"@type":"CommentAction","name":"Comment","target":["https:\/\/lospoliticosveracruz.com\/?p=56690#respond"]}]},{"@type":"WebPage","@id":"https:\/\/lospoliticosveracruz.com\/?p=56690","url":"https:\/\/lospoliticosveracruz.com\/?p=56690","name":"Los vac\u00edos de Morena - Los pol\u00edticos Veracruz","isPartOf":{"@id":"https:\/\/lospoliticosveracruz.com\/#website"},"datePublished":"2020-06-29T14:54:38+00:00","breadcrumb":{"@id":"https:\/\/lospoliticosveracruz.com\/?p=56690#breadcrumb"},"inLanguage":"es","potentialAction":[{"@type":"ReadAction","target":["https:\/\/lospoliticosveracruz.com\/?p=56690"]}]},{"@type":"BreadcrumbList","@id":"https:\/\/lospoliticosveracruz.com\/?p=56690#breadcrumb","itemListElement":[{"@type":"ListItem","position":1,"name":"Portada","item":"https:\/\/lospoliticosveracruz.com\/"},{"@type":"ListItem","position":2,"name":"Los vac\u00edos de Morena"}]},{"@type":"WebSite","@id":"https:\/\/lospoliticosveracruz.com\/#website","url":"https:\/\/lospoliticosveracruz.com\/","name":"Los pol\u00edticos Veracruz","description":"","publisher":{"@id":"https:\/\/lospoliticosveracruz.com\/#organization"},"potentialAction":[{"@type":"SearchAction","target":{"@type":"EntryPoint","urlTemplate":"https:\/\/lospoliticosveracruz.com\/?s={search_term_string}"},"query-input":{"@type":"PropertyValueSpecification","valueRequired":true,"valueName":"search_term_string"}}],"inLanguage":"es"},{"@type":"Organization","@id":"https:\/\/lospoliticosveracruz.com\/#organization","name":"Los pol\u00edticos Veracruz","url":"https:\/\/lospoliticosveracruz.com\/","logo":{"@type":"ImageObject","inLanguage":"es","@id":"https:\/\/lospoliticosveracruz.com\/#\/schema\/logo\/image\/","url":"https:\/\/lospoliticosveracruz.com\/wp-content\/uploads\/2025\/12\/Logo-Nuevo-LOS-POLITICOS-1.jpg","contentUrl":"https:\/\/lospoliticosveracruz.com\/wp-content\/uploads\/2025\/12\/Logo-Nuevo-LOS-POLITICOS-1.jpg","width":260,"height":70,"caption":"Los pol\u00edticos Veracruz"},"image":{"@id":"https:\/\/lospoliticosveracruz.com\/#\/schema\/logo\/image\/"},"sameAs":["https:\/\/www.facebook.com\/people\/Notimemes-de-los-Polticos\/61565672886568\/","https:\/\/x.com\/LosPoliticosVer"]},{"@type":"Person","@id":"https:\/\/lospoliticosveracruz.com\/#\/schema\/person\/b8702bb0e538456e6efd07080bf2a4a2","name":"Lo viste en Los Pol\u00edticos","image":{"@type":"ImageObject","inLanguage":"es","@id":"https:\/\/secure.gravatar.com\/avatar\/3a8de04a2656d44082be478bd6c086daa447c4651605818287b9532d3d0bd435?s=96&d=mm&r=g","url":"https:\/\/secure.gravatar.com\/avatar\/3a8de04a2656d44082be478bd6c086daa447c4651605818287b9532d3d0bd435?s=96&d=mm&r=g","contentUrl":"https:\/\/secure.gravatar.com\/avatar\/3a8de04a2656d44082be478bd6c086daa447c4651605818287b9532d3d0bd435?s=96&d=mm&r=g","caption":"Lo viste en Los Pol\u00edticos"},"url":"https:\/\/lospoliticosveracruz.com\/?author=2"}]}},"_links":{"self":[{"href":"https:\/\/lospoliticosveracruz.com\/index.php?rest_route=\/wp\/v2\/posts\/56690","targetHints":{"allow":["GET"]}}],"collection":[{"href":"https:\/\/lospoliticosveracruz.com\/index.php?rest_route=\/wp\/v2\/posts"}],"about":[{"href":"https:\/\/lospoliticosveracruz.com\/index.php?rest_route=\/wp\/v2\/types\/post"}],"author":[{"embeddable":true,"href":"https:\/\/lospoliticosveracruz.com\/index.php?rest_route=\/wp\/v2\/users\/2"}],"replies":[{"embeddable":true,"href":"https:\/\/lospoliticosveracruz.com\/index.php?rest_route=%2Fwp%2Fv2%2Fcomments&post=56690"}],"version-history":[{"count":1,"href":"https:\/\/lospoliticosveracruz.com\/index.php?rest_route=\/wp\/v2\/posts\/56690\/revisions"}],"predecessor-version":[{"id":56691,"href":"https:\/\/lospoliticosveracruz.com\/index.php?rest_route=\/wp\/v2\/posts\/56690\/revisions\/56691"}],"wp:attachment":[{"href":"https:\/\/lospoliticosveracruz.com\/index.php?rest_route=%2Fwp%2Fv2%2Fmedia&parent=56690"}],"wp:term":[{"taxonomy":"category","embeddable":true,"href":"https:\/\/lospoliticosveracruz.com\/index.php?rest_route=%2Fwp%2Fv2%2Fcategories&post=56690"},{"taxonomy":"post_tag","embeddable":true,"href":"https:\/\/lospoliticosveracruz.com\/index.php?rest_route=%2Fwp%2Fv2%2Ftags&post=56690"}],"curies":[{"name":"wp","href":"https:\/\/api.w.org\/{rel}","templated":true}]}}