{"id":56886,"date":"2020-07-03T10:37:02","date_gmt":"2020-07-03T15:37:02","guid":{"rendered":"http:\/\/www.lospoliticosveracruz.com.mx\/?p=56886"},"modified":"2020-07-03T10:37:02","modified_gmt":"2020-07-03T15:37:02","slug":"el-mensaje-presidencial-2","status":"publish","type":"post","link":"https:\/\/lospoliticosveracruz.com\/?p=56886","title":{"rendered":"El mensaje presidencial"},"content":{"rendered":"<p class=\"s3\"><b>Sergio Gonz\u00e1lez Levet<\/b><\/p>\n<p class=\"s3\">Sin tacto<\/p>\n<p class=\"s3\">\u200b<span class=\"s6\"><span class=\"bumpedFont15\">\u201cHay una conspiraci\u00f3n para sembrar el desorden, la confusi\u00f3n y el encono\u201d.<\/span><\/span><\/p>\n<p class=\"s3\">\u200b<span class=\"s6\"><span class=\"bumpedFont15\">\u201cHemos sido tolerantes hasta excesos criticados; pero todo tiene su l\u00edmite\u201d.<\/span><\/span><\/p>\n<p class=\"s3\">\u200b<span class=\"s6\"><span class=\"bumpedFont15\">\u201cAgotados los medios que aconsejen el buen juicio y la experiencia, ejercer\u00e9, siempre que sea estrictamente necesario, la facultad contenida en el art\u00edculo 89, fracci\u00f3n VI, de la Constituci\u00f3n que, textualmente, dice: \u2018Las facultades y obligaciones del Presidente son las siguientes: Disponer de la totalidad de la fuerza armada permanente o sea del ej\u00e9rcito terrestre, de la marina de guerra y de la fuerza a\u00e9rea para la seguridad interior y defensa exterior de la Federaci\u00f3n\u2019\u201d.<\/span><\/span><\/p>\n<p class=\"s3\">\u200b<span class=\"s6\"><span class=\"bumpedFont15\">\u201cNo quisi\u00e9ramos vernos en el caso de tomar medidas que no deseamos, pero que tomaremos si es necesario; lo que sea nuestro deber hacer, lo haremos; hasta donde estemos obligados a llegar, llegaremos\u201d.<\/span><\/span><\/p>\n<p class=\"s3\">\u200b<span class=\"s6\"><span class=\"bumpedFont15\">\u201cInvit\u00e9 a ver con objetividad los hechos y de afrontarlos con serena ecuanimidad, convocando al di\u00e1logo\u201d.<\/span><\/span><\/p>\n<p class=\"s3\"><span class=\"s6\"><span class=\"bumpedFont15\">\u201cUna mano est\u00e1 tendida: es la mano de un hombre que a trav\u00e9s de la peque\u00f1a historia de su vida ha demostrado que sabe ser leal al pueblo de M\u00e9xico\u201d.<\/span><\/span><\/p>\n<p class=\"s3\">\u200b<span class=\"s6\"><span class=\"bumpedFont15\">\u201cAlgunos, que no advirtieron que nada ped\u00eda para m\u00ed y que tomaron el gesto amistoso hacia ellos como signo de debilidad, respondieron con calumnias, no con hechos; con insultos, no con razones; con mezquindades, no con pasi\u00f3n generosa.<\/span><\/span><\/p>\n<p class=\"s3\"><span class=\"s6\"><span class=\"bumpedFont15\">La injuria no me ofende; la calumnia no me llega; el odio no ha nacido en m\u00ed\u201d.<\/span><\/span><\/p>\n<p class=\"s3\">\u200b<span class=\"s6\"><span class=\"bumpedFont15\">\u201cHay evidentes y reiterados prop\u00f3sitos de crear un clima de intranquilidad social, propicio para disturbios callejeros o para acciones de mayor envergadura, de las m\u00e1s encontradas y enconadas tendencias pol\u00edticas e ideolog\u00edas y de los m\u00e1s variados intereses<\/span><\/span><span class=\"s6\"><span class=\"bumpedFont15\">\u201d<\/span><\/span><span class=\"s6\"><span class=\"bumpedFont15\">.<\/span><\/span><\/p>\n<p class=\"s3\">\u200b<span class=\"s6\"><span class=\"bumpedFont15\">\u201c<\/span><\/span><span class=\"s6\"><span class=\"bumpedFont15\">Es notoria la presencia de quienes se propusieron sembrar el desorden, la confusi\u00f3n y el encono, para impedir la atenci\u00f3n y la soluci\u00f3n de los problemas<\/span><\/span><span class=\"s6\"><span class=\"bumpedFont15\">\u201d<\/span><\/span><span class=\"s6\"><span class=\"bumpedFont15\">.<\/span><\/span><\/p>\n<p class=\"s3\">\u200b<span class=\"s6\"><span class=\"bumpedFont15\">\u201c<\/span><\/span><span class=\"s6\"><span class=\"bumpedFont15\">Si se me hace saber el nombre de alguien que est\u00e9 preso sin proceso judicial en el que se hayan cumplido o se est\u00e9n cumpliendo las formalidades esenciales del procedimiento, acusados de ideas, no de actos ejecutados, se girar\u00e1n las \u00f3rdenes de inmediata e incondicional libertad<\/span><\/span><span class=\"s6\"><span class=\"bumpedFont15\">\u201d<\/span><\/span><span class=\"s6\"><span class=\"bumpedFont15\">.<\/span><\/span><\/p>\n<p class=\"s3\">\u200b<span class=\"s6\"><span class=\"bumpedFont15\">\u201c<\/span><\/span><span class=\"s6\"><span class=\"bumpedFont15\">Se ha llegado al libertinaje en el uso de todos los medios de expresi\u00f3n y difusi\u00f3n; se ha disfrutado de ampl\u00edsimas libertades y garant\u00edas para hacer manifestaciones, ordenadas en ciertos aspectos, pero contrarias al texto expreso del art\u00edculo 9 constitucional<\/span><\/span><span class=\"s6\"><span class=\"bumpedFont15\">\u201d<\/span><\/span><span class=\"s6\"><span class=\"bumpedFont15\">.<\/span><\/span><\/p>\n<p class=\"s3\">\u200b<span class=\"s6\"><span class=\"bumpedFont15\">\u201c<\/span><\/span><span class=\"s6\"><span class=\"bumpedFont15\">S\u00e9 que tendr\u00e9 que enfrentarme a quienes tienen una gran capacidad de propaganda, de difusi\u00f3n, de fals\u00eda, de injuria, de perversidad. S\u00e9 que, en cambio, millones de compatriotas est\u00e1n decididamente en favor del orden y en contra de la anarqu\u00eda<\/span><\/span><span class=\"s6\"><span class=\"bumpedFont15\">\u201d<\/span><\/span><span class=\"s6\"><span class=\"bumpedFont15\">.<\/span><\/span><\/p>\n<p class=\"s3\">\u200b<span class=\"s6\"><span class=\"bumpedFont15\">Gustavo D\u00edaz Ordaz. Cuarto Informe de Gobierno. 1\u00ba de septiembre de 1968.<\/span><\/span><\/p>\n<p><a href=\"mailto:sglevet@gmail.com\"><span class=\"s7\"><span class=\"bumpedFont15\">sglevet@gmail.com<\/span><\/span><\/a><\/p>\n","protected":false},"excerpt":{"rendered":"<p>Sergio Gonz\u00e1lez Levet Sin tacto \u200b\u201cHay una conspiraci\u00f3n para sembrar el desorden, la confusi\u00f3n y el encono\u201d. \u200b\u201cHemos sido tolerantes hasta excesos criticados; pero todo tiene su l\u00edmite\u201d. \u200b\u201cAgotados los medios que aconsejen el buen juicio y la experiencia, ejercer\u00e9, siempre que sea estrictamente necesario, la facultad contenida en el art\u00edculo 89, fracci\u00f3n VI, de [&hellip;]<\/p>\n","protected":false},"author":2,"featured_media":0,"comment_status":"open","ping_status":"open","sticky":false,"template":"","format":"standard","meta":{"tdm_status":"","tdm_grid_status":"","footnotes":""},"categories":[1],"tags":[2906,19024],"class_list":{"0":"post-56886","1":"post","2":"type-post","3":"status-publish","4":"format-standard","6":"category-sin-categoria","7":"tag-gustavo-diaz-ordaz","8":"tag-mensaje-presidencial"},"yoast_head":"<!-- This site is optimized with the Yoast SEO plugin v27.4 - https:\/\/yoast.com\/product\/yoast-seo-wordpress\/ -->\n<title>El mensaje presidencial - Los pol\u00edticos Veracruz<\/title>\n<meta name=\"robots\" content=\"index, follow, max-snippet:-1, max-image-preview:large, max-video-preview:-1\" \/>\n<link rel=\"canonical\" href=\"https:\/\/lospoliticosveracruz.com\/?p=56886\" \/>\n<meta property=\"og:locale\" content=\"es_ES\" \/>\n<meta property=\"og:type\" content=\"article\" \/>\n<meta property=\"og:title\" content=\"El mensaje presidencial - Los pol\u00edticos Veracruz\" \/>\n<meta property=\"og:description\" content=\"Sergio Gonz\u00e1lez Levet Sin tacto \u200b\u201cHay una conspiraci\u00f3n para sembrar el desorden, la confusi\u00f3n y el encono\u201d. \u200b\u201cHemos sido tolerantes hasta excesos criticados; pero todo tiene su l\u00edmite\u201d. \u200b\u201cAgotados los medios que aconsejen el buen juicio y la experiencia, ejercer\u00e9, siempre que sea estrictamente necesario, la facultad contenida en el art\u00edculo 89, fracci\u00f3n VI, de [&hellip;]\" \/>\n<meta property=\"og:url\" content=\"https:\/\/lospoliticosveracruz.com\/?p=56886\" \/>\n<meta property=\"og:site_name\" content=\"Los pol\u00edticos Veracruz\" \/>\n<meta property=\"article:publisher\" content=\"https:\/\/www.facebook.com\/people\/Notimemes-de-los-Polticos\/61565672886568\/\" \/>\n<meta property=\"article:published_time\" content=\"2020-07-03T15:37:02+00:00\" \/>\n<meta property=\"og:image\" content=\"https:\/\/lospoliticosveracruz.com\/wp-content\/uploads\/2016\/07\/Logo-Dor.jpg\" \/>\n\t<meta property=\"og:image:width\" content=\"200\" \/>\n\t<meta property=\"og:image:height\" content=\"200\" \/>\n\t<meta property=\"og:image:type\" content=\"image\/jpeg\" \/>\n<meta name=\"author\" content=\"Lo viste en Los Pol\u00edticos\" \/>\n<meta name=\"twitter:card\" content=\"summary_large_image\" \/>\n<meta name=\"twitter:creator\" content=\"@LosPoliticosVer\" \/>\n<meta name=\"twitter:site\" content=\"@LosPoliticosVer\" \/>\n<meta name=\"twitter:label1\" content=\"Escrito por\" \/>\n\t<meta name=\"twitter:data1\" content=\"Lo viste en Los Pol\u00edticos\" \/>\n\t<meta name=\"twitter:label2\" content=\"Tiempo de lectura\" \/>\n\t<meta name=\"twitter:data2\" content=\"2 minutos\" \/>\n<script type=\"application\/ld+json\" class=\"yoast-schema-graph\">{\"@context\":\"https:\\\/\\\/schema.org\",\"@graph\":[{\"@type\":\"Article\",\"@id\":\"https:\\\/\\\/lospoliticosveracruz.com\\\/?p=56886#article\",\"isPartOf\":{\"@id\":\"https:\\\/\\\/lospoliticosveracruz.com\\\/?p=56886\"},\"author\":{\"name\":\"Lo viste en Los Pol\u00edticos\",\"@id\":\"https:\\\/\\\/lospoliticosveracruz.com\\\/#\\\/schema\\\/person\\\/b8702bb0e538456e6efd07080bf2a4a2\"},\"headline\":\"El mensaje presidencial\",\"datePublished\":\"2020-07-03T15:37:02+00:00\",\"mainEntityOfPage\":{\"@id\":\"https:\\\/\\\/lospoliticosveracruz.com\\\/?p=56886\"},\"wordCount\":478,\"commentCount\":0,\"publisher\":{\"@id\":\"https:\\\/\\\/lospoliticosveracruz.com\\\/#organization\"},\"keywords\":[\"Gustavo D\u00edaz Ordaz\",\"Mensaje presidencial\"],\"inLanguage\":\"es\",\"potentialAction\":[{\"@type\":\"CommentAction\",\"name\":\"Comment\",\"target\":[\"https:\\\/\\\/lospoliticosveracruz.com\\\/?p=56886#respond\"]}]},{\"@type\":\"WebPage\",\"@id\":\"https:\\\/\\\/lospoliticosveracruz.com\\\/?p=56886\",\"url\":\"https:\\\/\\\/lospoliticosveracruz.com\\\/?p=56886\",\"name\":\"El mensaje presidencial - Los pol\u00edticos Veracruz\",\"isPartOf\":{\"@id\":\"https:\\\/\\\/lospoliticosveracruz.com\\\/#website\"},\"datePublished\":\"2020-07-03T15:37:02+00:00\",\"breadcrumb\":{\"@id\":\"https:\\\/\\\/lospoliticosveracruz.com\\\/?p=56886#breadcrumb\"},\"inLanguage\":\"es\",\"potentialAction\":[{\"@type\":\"ReadAction\",\"target\":[\"https:\\\/\\\/lospoliticosveracruz.com\\\/?p=56886\"]}]},{\"@type\":\"BreadcrumbList\",\"@id\":\"https:\\\/\\\/lospoliticosveracruz.com\\\/?p=56886#breadcrumb\",\"itemListElement\":[{\"@type\":\"ListItem\",\"position\":1,\"name\":\"Portada\",\"item\":\"https:\\\/\\\/lospoliticosveracruz.com\\\/\"},{\"@type\":\"ListItem\",\"position\":2,\"name\":\"El mensaje presidencial\"}]},{\"@type\":\"WebSite\",\"@id\":\"https:\\\/\\\/lospoliticosveracruz.com\\\/#website\",\"url\":\"https:\\\/\\\/lospoliticosveracruz.com\\\/\",\"name\":\"Los pol\u00edticos Veracruz\",\"description\":\"\",\"publisher\":{\"@id\":\"https:\\\/\\\/lospoliticosveracruz.com\\\/#organization\"},\"potentialAction\":[{\"@type\":\"SearchAction\",\"target\":{\"@type\":\"EntryPoint\",\"urlTemplate\":\"https:\\\/\\\/lospoliticosveracruz.com\\\/?s={search_term_string}\"},\"query-input\":{\"@type\":\"PropertyValueSpecification\",\"valueRequired\":true,\"valueName\":\"search_term_string\"}}],\"inLanguage\":\"es\"},{\"@type\":\"Organization\",\"@id\":\"https:\\\/\\\/lospoliticosveracruz.com\\\/#organization\",\"name\":\"Los pol\u00edticos Veracruz\",\"url\":\"https:\\\/\\\/lospoliticosveracruz.com\\\/\",\"logo\":{\"@type\":\"ImageObject\",\"inLanguage\":\"es\",\"@id\":\"https:\\\/\\\/lospoliticosveracruz.com\\\/#\\\/schema\\\/logo\\\/image\\\/\",\"url\":\"https:\\\/\\\/lospoliticosveracruz.com\\\/wp-content\\\/uploads\\\/2025\\\/12\\\/Logo-Nuevo-LOS-POLITICOS-1.jpg\",\"contentUrl\":\"https:\\\/\\\/lospoliticosveracruz.com\\\/wp-content\\\/uploads\\\/2025\\\/12\\\/Logo-Nuevo-LOS-POLITICOS-1.jpg\",\"width\":260,\"height\":70,\"caption\":\"Los pol\u00edticos Veracruz\"},\"image\":{\"@id\":\"https:\\\/\\\/lospoliticosveracruz.com\\\/#\\\/schema\\\/logo\\\/image\\\/\"},\"sameAs\":[\"https:\\\/\\\/www.facebook.com\\\/people\\\/Notimemes-de-los-Polticos\\\/61565672886568\\\/\",\"https:\\\/\\\/x.com\\\/LosPoliticosVer\"]},{\"@type\":\"Person\",\"@id\":\"https:\\\/\\\/lospoliticosveracruz.com\\\/#\\\/schema\\\/person\\\/b8702bb0e538456e6efd07080bf2a4a2\",\"name\":\"Lo viste en Los Pol\u00edticos\",\"image\":{\"@type\":\"ImageObject\",\"inLanguage\":\"es\",\"@id\":\"https:\\\/\\\/secure.gravatar.com\\\/avatar\\\/3a8de04a2656d44082be478bd6c086daa447c4651605818287b9532d3d0bd435?s=96&d=mm&r=g\",\"url\":\"https:\\\/\\\/secure.gravatar.com\\\/avatar\\\/3a8de04a2656d44082be478bd6c086daa447c4651605818287b9532d3d0bd435?s=96&d=mm&r=g\",\"contentUrl\":\"https:\\\/\\\/secure.gravatar.com\\\/avatar\\\/3a8de04a2656d44082be478bd6c086daa447c4651605818287b9532d3d0bd435?s=96&d=mm&r=g\",\"caption\":\"Lo viste en Los Pol\u00edticos\"},\"url\":\"https:\\\/\\\/lospoliticosveracruz.com\\\/?author=2\"}]}<\/script>\n<!-- \/ Yoast SEO plugin. -->","yoast_head_json":{"title":"El mensaje presidencial - Los pol\u00edticos Veracruz","robots":{"index":"index","follow":"follow","max-snippet":"max-snippet:-1","max-image-preview":"max-image-preview:large","max-video-preview":"max-video-preview:-1"},"canonical":"https:\/\/lospoliticosveracruz.com\/?p=56886","og_locale":"es_ES","og_type":"article","og_title":"El mensaje presidencial - Los pol\u00edticos Veracruz","og_description":"Sergio Gonz\u00e1lez Levet Sin tacto \u200b\u201cHay una conspiraci\u00f3n para sembrar el desorden, la confusi\u00f3n y el encono\u201d. \u200b\u201cHemos sido tolerantes hasta excesos criticados; pero todo tiene su l\u00edmite\u201d. \u200b\u201cAgotados los medios que aconsejen el buen juicio y la experiencia, ejercer\u00e9, siempre que sea estrictamente necesario, la facultad contenida en el art\u00edculo 89, fracci\u00f3n VI, de [&hellip;]","og_url":"https:\/\/lospoliticosveracruz.com\/?p=56886","og_site_name":"Los pol\u00edticos Veracruz","article_publisher":"https:\/\/www.facebook.com\/people\/Notimemes-de-los-Polticos\/61565672886568\/","article_published_time":"2020-07-03T15:37:02+00:00","og_image":[{"width":200,"height":200,"url":"https:\/\/lospoliticosveracruz.com\/wp-content\/uploads\/2016\/07\/Logo-Dor.jpg","type":"image\/jpeg"}],"author":"Lo viste en Los Pol\u00edticos","twitter_card":"summary_large_image","twitter_creator":"@LosPoliticosVer","twitter_site":"@LosPoliticosVer","twitter_misc":{"Escrito por":"Lo viste en Los Pol\u00edticos","Tiempo de lectura":"2 minutos"},"schema":{"@context":"https:\/\/schema.org","@graph":[{"@type":"Article","@id":"https:\/\/lospoliticosveracruz.com\/?p=56886#article","isPartOf":{"@id":"https:\/\/lospoliticosveracruz.com\/?p=56886"},"author":{"name":"Lo viste en Los Pol\u00edticos","@id":"https:\/\/lospoliticosveracruz.com\/#\/schema\/person\/b8702bb0e538456e6efd07080bf2a4a2"},"headline":"El mensaje presidencial","datePublished":"2020-07-03T15:37:02+00:00","mainEntityOfPage":{"@id":"https:\/\/lospoliticosveracruz.com\/?p=56886"},"wordCount":478,"commentCount":0,"publisher":{"@id":"https:\/\/lospoliticosveracruz.com\/#organization"},"keywords":["Gustavo D\u00edaz Ordaz","Mensaje presidencial"],"inLanguage":"es","potentialAction":[{"@type":"CommentAction","name":"Comment","target":["https:\/\/lospoliticosveracruz.com\/?p=56886#respond"]}]},{"@type":"WebPage","@id":"https:\/\/lospoliticosveracruz.com\/?p=56886","url":"https:\/\/lospoliticosveracruz.com\/?p=56886","name":"El mensaje presidencial - Los pol\u00edticos Veracruz","isPartOf":{"@id":"https:\/\/lospoliticosveracruz.com\/#website"},"datePublished":"2020-07-03T15:37:02+00:00","breadcrumb":{"@id":"https:\/\/lospoliticosveracruz.com\/?p=56886#breadcrumb"},"inLanguage":"es","potentialAction":[{"@type":"ReadAction","target":["https:\/\/lospoliticosveracruz.com\/?p=56886"]}]},{"@type":"BreadcrumbList","@id":"https:\/\/lospoliticosveracruz.com\/?p=56886#breadcrumb","itemListElement":[{"@type":"ListItem","position":1,"name":"Portada","item":"https:\/\/lospoliticosveracruz.com\/"},{"@type":"ListItem","position":2,"name":"El mensaje presidencial"}]},{"@type":"WebSite","@id":"https:\/\/lospoliticosveracruz.com\/#website","url":"https:\/\/lospoliticosveracruz.com\/","name":"Los pol\u00edticos Veracruz","description":"","publisher":{"@id":"https:\/\/lospoliticosveracruz.com\/#organization"},"potentialAction":[{"@type":"SearchAction","target":{"@type":"EntryPoint","urlTemplate":"https:\/\/lospoliticosveracruz.com\/?s={search_term_string}"},"query-input":{"@type":"PropertyValueSpecification","valueRequired":true,"valueName":"search_term_string"}}],"inLanguage":"es"},{"@type":"Organization","@id":"https:\/\/lospoliticosveracruz.com\/#organization","name":"Los pol\u00edticos Veracruz","url":"https:\/\/lospoliticosveracruz.com\/","logo":{"@type":"ImageObject","inLanguage":"es","@id":"https:\/\/lospoliticosveracruz.com\/#\/schema\/logo\/image\/","url":"https:\/\/lospoliticosveracruz.com\/wp-content\/uploads\/2025\/12\/Logo-Nuevo-LOS-POLITICOS-1.jpg","contentUrl":"https:\/\/lospoliticosveracruz.com\/wp-content\/uploads\/2025\/12\/Logo-Nuevo-LOS-POLITICOS-1.jpg","width":260,"height":70,"caption":"Los pol\u00edticos Veracruz"},"image":{"@id":"https:\/\/lospoliticosveracruz.com\/#\/schema\/logo\/image\/"},"sameAs":["https:\/\/www.facebook.com\/people\/Notimemes-de-los-Polticos\/61565672886568\/","https:\/\/x.com\/LosPoliticosVer"]},{"@type":"Person","@id":"https:\/\/lospoliticosveracruz.com\/#\/schema\/person\/b8702bb0e538456e6efd07080bf2a4a2","name":"Lo viste en Los Pol\u00edticos","image":{"@type":"ImageObject","inLanguage":"es","@id":"https:\/\/secure.gravatar.com\/avatar\/3a8de04a2656d44082be478bd6c086daa447c4651605818287b9532d3d0bd435?s=96&d=mm&r=g","url":"https:\/\/secure.gravatar.com\/avatar\/3a8de04a2656d44082be478bd6c086daa447c4651605818287b9532d3d0bd435?s=96&d=mm&r=g","contentUrl":"https:\/\/secure.gravatar.com\/avatar\/3a8de04a2656d44082be478bd6c086daa447c4651605818287b9532d3d0bd435?s=96&d=mm&r=g","caption":"Lo viste en Los Pol\u00edticos"},"url":"https:\/\/lospoliticosveracruz.com\/?author=2"}]}},"_links":{"self":[{"href":"https:\/\/lospoliticosveracruz.com\/index.php?rest_route=\/wp\/v2\/posts\/56886","targetHints":{"allow":["GET"]}}],"collection":[{"href":"https:\/\/lospoliticosveracruz.com\/index.php?rest_route=\/wp\/v2\/posts"}],"about":[{"href":"https:\/\/lospoliticosveracruz.com\/index.php?rest_route=\/wp\/v2\/types\/post"}],"author":[{"embeddable":true,"href":"https:\/\/lospoliticosveracruz.com\/index.php?rest_route=\/wp\/v2\/users\/2"}],"replies":[{"embeddable":true,"href":"https:\/\/lospoliticosveracruz.com\/index.php?rest_route=%2Fwp%2Fv2%2Fcomments&post=56886"}],"version-history":[{"count":2,"href":"https:\/\/lospoliticosveracruz.com\/index.php?rest_route=\/wp\/v2\/posts\/56886\/revisions"}],"predecessor-version":[{"id":56889,"href":"https:\/\/lospoliticosveracruz.com\/index.php?rest_route=\/wp\/v2\/posts\/56886\/revisions\/56889"}],"wp:attachment":[{"href":"https:\/\/lospoliticosveracruz.com\/index.php?rest_route=%2Fwp%2Fv2%2Fmedia&parent=56886"}],"wp:term":[{"taxonomy":"category","embeddable":true,"href":"https:\/\/lospoliticosveracruz.com\/index.php?rest_route=%2Fwp%2Fv2%2Fcategories&post=56886"},{"taxonomy":"post_tag","embeddable":true,"href":"https:\/\/lospoliticosveracruz.com\/index.php?rest_route=%2Fwp%2Fv2%2Ftags&post=56886"}],"curies":[{"name":"wp","href":"https:\/\/api.w.org\/{rel}","templated":true}]}}